{"id":4684,"date":"2022-05-01T14:15:00","date_gmt":"2022-05-01T14:15:00","guid":{"rendered":"http:\/\/rafalk-elblag.pl\/?p=4684"},"modified":"2022-05-02T14:47:37","modified_gmt":"2022-05-02T14:47:37","slug":"biuletyn-01-05-2022-iii-niedziela-wielkanocy","status":"publish","type":"post","link":"https:\/\/rafalk-elblag.pl\/?p=4684","title":{"rendered":"Biuletyn 01.05.2022, III Niedziela Wielkanocy"},"content":{"rendered":"\n<div class=\"wp-block-image\"><figure class=\"alignleft size-large is-resized\"><img loading=\"lazy\" decoding=\"async\" src=\"http:\/\/rafalk-elblag.pl\/wp-content\/uploads\/2022\/05\/maryja.jpg\" alt=\"\" class=\"wp-image-4689\" width=\"534\" height=\"758\" srcset=\"https:\/\/rafalk-elblag.pl\/wp-content\/uploads\/2022\/05\/maryja.jpg 712w, https:\/\/rafalk-elblag.pl\/wp-content\/uploads\/2022\/05\/maryja-211x300.jpg 211w\" sizes=\"auto, (max-width: 534px) 100vw, 534px\" \/><\/figure><\/div>\n\n\n\n<h1 class=\"wp-block-heading\"> Ewangelia (J 21, 1-14) S\u0142owa Ewangelii wed\u0142ug \u015awi\u0119tego Jana<\/h1>\n\n\n\n<p>Jezus znowu ukaza\u0142 si\u0119 nad Jeziorem Tyberiadzkim. A ukaza\u0142 si\u0119 w ten spos\u00f3b: Byli razem Szymon Piotr, Tomasz, zwany Didymos, Natanael z Kany Galilejskiej, synowie Zebedeusza oraz dwaj inni z Jego uczni\u00f3w. Szymon Piotr powiedzia\u0142 do nich: \u00abId\u0119 \u0142owi\u0107 ryby\u00bb. <\/p>\n\n\n\n<p>Odpowiedzieli mu: \u00abIdziemy i my z tob\u0105\u00bb. Wyszli wi\u0119c i wsiedli do \u0142odzi, ale tej nocy nic nie u\u0142owili. A gdy ranek za\u015bwita\u0142, Jezus stan\u0105\u0142 na brzegu. Jednak\u017ce uczniowie nie wiedzieli, \u017ce to by\u0142 Jezus. A Jezus rzek\u0142 do nich: \u00abDzieci, macie co\u015b do jedzenia?\u00bb Odpowiedzieli Mu: \u00abNie\u00bb. On rzek\u0142 do nich: \u00abZarzu\u0107cie sie\u0107 po prawej stronie \u0142odzi, a znajdziecie\u00bb. Zarzucili wi\u0119c i z powodu mn\u00f3stwa ryb nie mogli jej wyci\u0105gn\u0105\u0107. <\/p>\n\n\n\n<p>Powiedzia\u0142 wi\u0119c do Piotra \u00f3w ucze\u0144, kt\u00f3rego Jezus mi\u0142owa\u0142: \u00abTo jest Pan!\u00bb Szymon Piotr, us\u0142yszawszy, \u017ce to jest Pan, przywdzia\u0142 na siebie wierzchni\u0105 szat\u0119 \u2013 by\u0142 bowiem prawie nagi \u2013 i rzuci\u0142 si\u0119 wp\u0142aw do jeziora. Pozostali uczniowie przyp\u0142yn\u0119li \u0142\u00f3dk\u0105, ci\u0105gn\u0105c za sob\u0105 sie\u0107 z rybami. Od brzegu bowiem nie by\u0142o daleko \u2013 tylko oko\u0142o dwustu \u0142okci. A kiedy zeszli na l\u0105d, ujrzeli roz\u0142o\u017cone ognisko, a na nim u\u0142o\u017con\u0105 ryb\u0119 oraz chleb. <\/p>\n\n\n\n<p>Rzek\u0142 do nich Jezus: \u00abPrzynie\u015bcie jeszcze ryb, kt\u00f3re teraz z\u0142owili\u015bcie\u00bb. Poszed\u0142 Szymon Piotr i wyci\u0105gn\u0105\u0142 na brzeg sie\u0107 pe\u0142n\u0105 wielkich ryb w liczbie stu pi\u0119\u0107dziesi\u0119ciu trzech. A pomimo tak wielkiej ilo\u015bci sie\u0107 nie rozerwa\u0142a si\u0119. Rzek\u0142 do nich Jezus: \u00abChod\u017acie, posilcie si\u0119!\u00bb \u017baden z uczni\u00f3w nie odwa\u017cy\u0142 si\u0119 zada\u0107 Mu pytania: \u00abKto Ty jeste\u015b?\u00bb, bo wiedzieli, \u017ce to jest Pan. A Jezus przyszed\u0142, wzi\u0105\u0142 chleb i poda\u0142 im \u2013 podobnie i ryb\u0119. To ju\u017c trzeci raz Jezus ukaza\u0142 si\u0119 uczniom od chwili, gdy zmartwychwsta\u0142.<\/p>\n\n\n\n<p><\/p>\n\n\n\n<h1 class=\"wp-block-heading\">MAJ \u2013 MIESI\u0104CEM MARYI<\/h1>\n\n\n\n<p><strong>S\u0142owo &#8222;maj&#8221; stanowi nie tylko nazw\u0119 miesi\u0105ca, lecz okre\u015blenie m\u0142odej zieleni. &#8222;Chwalcie \u0142\u0105ki umajone, g\u00f3ry, doliny zielone. Chwalcie cieniste gaiki, \u017ar\u00f3d\u0142a i kr\u0119te strumyki&#8221; m\u00f3wi pie\u015b\u0144 s\u0142awi\u0105ca Maryj\u0119. W ko\u015bcio\u0142ach mai si\u0119 o\u0142tarze, przybiera si\u0119 te\u017c kwiatami przydro\u017cne kapliczki i krzy\u017ce. W maju wszystko budzi si\u0119 do \u017cycia. Miesi\u0105c maj jest w szczeg\u00f3lny spos\u00f3b po\u015bwi\u0119cony Maryi &#8211; Matce Boga i naszej Matce. Niemal w ka\u017cdym ko\u015bciele i w ka\u017cdej kaplicy w Polsce przez ca\u0142y ten miesi\u0105c gromadzi si\u0119 lud wierny, by wsp\u00f3lnie z kap\u0142anami modli\u0107 si\u0119 do Boga za wstawiennictwem Matki Naj\u015bwi\u0119tszej od\u015bpiewuj\u0105c Litani\u0119 Loreta\u0144sk\u0105. <\/strong><\/p>\n\n\n\n<p>W\u0142a\u015bciwie ca\u0142y ten miesi\u0105c jest \u015bwi\u0119tem wspomnie\u0144. Ju\u017c pierwszego maja jest \u015bwi\u0119to robotnicze, kt\u00f3remu patronuje \u015bw. J\u00f3zef &#8211; pracowity cie\u015bla i opiekun \u015awi\u0119tej Rodziny. Trzeciego maja obchodzimy uroczysto\u015b\u0107 Naj\u015bwi\u0119tszej Maryi Panny Kr\u00f3lowej Polski, g\u0142\u00f3wnej Patronki naszej Ojczyzny. W tym dniu obchodzimy tak\u017ce rocznic\u0119 uchwalenia Konstytucji. Czwartego maja \u015bwi\u0119tuj\u0105 stra\u017cacy, gdy\u017c obchodzimy w tym dniu wspomnienie \u015bwi\u0119tego Floriana M\u0119czennika, kt\u00f3ry jest patronem m.in. stra\u017cak\u00f3w. \u00d3smego maja Ko\u015bci\u00f3\u0142 obchodzi uroczysto\u015b\u0107 \u015bwi\u0119tego Stanis\u0142awa. Jak da si\u0119 zauwa\u017cy\u0107, ca\u0142y maj jest przeplatany \u015bwi\u0119tami maryjnymi i nie bez powodu m\u00f3wi si\u0119, \u017ce jest on miesi\u0105cem Jej po\u015bwi\u0119conym. <\/p>\n\n\n\n<p>Jak Polska d\u0142uga i szeroka, w domach, wsiach, osadach, miastach ludzie schodz\u0105 si\u0119 wieczorami na wsp\u00f3lne modlitwy, zwane nabo\u017ce\u0144stwem majowym. Oddawanie czci Maryi znane jest ju\u017c od IV w. Przez szereg wiek\u00f3w powstawa\u0142y \u015bwi\u0119ta i uroczysto\u015bci ku czci Matki Naj\u015bwi\u0119tszej. W 431 r. na Soborze Efeskim og\u0142oszono dogmat o Bo\u017cym Rodzicielstwie Naj\u015bwi\u0119tszej Maryi Panny (Theotokos). <\/p>\n\n\n\n<p>W czasach przed Soborem Efeskim lud wierny wielbi\u0142 Maryj\u0119 najstarsz\u0105, jak si\u0119 wielu wydaje, modlitw\u0105 na Wschodzie i Zachodzie: Pod Twoj\u0105 obron\u0119 uciekamy si\u0119&#8230; Tekst tej modlitwy odnaleziono ko\u0142o Aleksandrii w manuskrypcie z III w. Ten cenny skarb nazwano Papirusem nr 470. Odczyta\u0142 go i opublikowa\u0142 benedyktyn F. Mersenier. Napisany po grecku tekst umieszczony jest na jednej stronicy i zajmuje tylko 10 wierszy. Ko\u015bci\u00f3\u0142 czci Naj\u015bwi\u0119tsz\u0105 Maryj\u0119 Pann\u0119. Wyra\u017cenie &#8222;oddaj\u0105c cze\u015b\u0107&#8221; powtarza si\u0119 w Mszale bardzo cz\u0119sto. Ko\u015bci\u00f3\u0142 odwo\u0142uje si\u0119 do wstawiennictwa Bogurodzicy, widzi w Niej Or\u0119downiczk\u0119 u Boga, Wspomo\u017cycielk\u0119, Pomocnic\u0119, Po\u015bredniczk\u0119. <\/p>\n\n\n\n<p>Panno \u015bwi\u0119ta, co Jasnej bronisz Cz\u0119stochowy\u00a0 <br>I w Ostrej \u015bwiecisz Bramie! <br>Ty, co gr\u00f3d zamkowy\u00a0 Nowogr\u00f3dzki ochraniasz z jego wiernym ludem!\u00a0 <br>Jak mnie dziecko do zdrowia powr\u00f3ci\u0142a\u015b cudem&#8230;\u00a0 <br>Tak nas powr\u00f3cisz cudem na Ojczyzny \u0142ono.\u00a0 <br>Tymczasem przeno\u015b moj\u0105 dusze ut\u0119sknion\u0105\u00a0 <br>Do tych pag\u00f3rk\u00f3w le\u015bnych, do tych \u0142\u0105k zielonych,\u00a0 <br>Szeroko nad b\u0142\u0119kitnym Niemnem rozci\u0105gnionych;\u00a0 <br>Do tych p\u00f3l malowanych zbo\u017cem rozmaitem,\u00a0 <br>Wyz\u0142acanych pszenic\u0105, posrebrzanych \u017cytem&#8230;\u00a0                                                                 (Adam Mickiewicz &#8211; Pan Tadeusz)<\/p>\n\n\n\n<p><\/p>\n\n\n\n<p><\/p>\n\n\n\n<figure class=\"wp-block-image\"><a href=\"http:\/\/rafalk-elblag.pl\/wp-content\/uploads\/2021\/08\/ogloszenia-parafialne-baner-01a.jpg\"><img loading=\"lazy\" decoding=\"async\" width=\"720\" height=\"232\" src=\"http:\/\/rafalk-elblag.pl\/wp-content\/uploads\/2021\/08\/ogloszenia-parafialne-baner-01a.jpg\" alt=\"\" class=\"wp-image-4410\" srcset=\"https:\/\/rafalk-elblag.pl\/wp-content\/uploads\/2021\/08\/ogloszenia-parafialne-baner-01a.jpg 720w, https:\/\/rafalk-elblag.pl\/wp-content\/uploads\/2021\/08\/ogloszenia-parafialne-baner-01a-300x97.jpg 300w\" sizes=\"auto, (max-width: 720px) 100vw, 720px\" \/><\/a><\/figure>\n\n\n\n<h1 class=\"wp-block-heading\">Og\u0142oszenia parafialne 01.05.2022r<\/h1>\n\n\n\n<p><strong>1. W dniu dzisiejszym zapraszamy na ADORACJ\u0118 NAJ\u015aWI\u0118TSZEGO SAKRAMENTU<\/strong> od godz. 15:00 do godz. 18:00. Adoracja rozpocznie si\u0119 Koronk\u0105 do Bo\u017cego Mi\u0142osierdzia.    <\/p>\n\n\n\n<p><strong> 2. W pierwsze niedziele miesi\u0105ca zbierana taca<\/strong> przeznaczona jest na inwestycje w naszej parafii. B\u00f3g zap\u0142a\u0107 za sk\u0142adane ofiary.     <\/p>\n\n\n\n<p>3. NAJPI\u0118KNIEJSZY MIESI\u0104C MAJ &#8211; zapraszamy na nabo\u017ce\u0144stwa ku czci Naj\u015bwi\u0119tszej Maryi Panny, tzw. <strong>\u201eMAJOWE\u201d: doros\u0142ych i m\u0142odzie\u017c codziennie o godz. 17:30, a dzieci w \u015brody i w czwartki o godz. 16:30.     <\/strong><\/p>\n\n\n\n<p><strong>4. DZISIAJ rozpoczynamy XIV Tydzie\u0144 Biblijny. Swoim has\u0142em jak i wybranymi tekstami z ewangelii wed\u0142ug \u015bw. \u0141ukasza<\/strong> nawi\u0105zuje on do programu duszpasterskiego, kt\u00f3ry wprowadza nas w tajemnic\u0119 Eucharystii jako pos\u0142ania i chrze\u015bcija\u0144skiego \u015bwiadectwa. Ko\u015bci\u00f3\u0142 w Polsce skupia sw\u0105 tegoroczn\u0105 medytacj\u0119 eucharystyczn\u0105 na trzech darach zmartwychwsta\u0142ego Chrystusa, kt\u00f3rymi s\u0105: pok\u00f3j, pos\u0142annictwo i \u015bwiadectwo.     <\/p>\n\n\n\n<p><strong>5. We wtorek (3.05.) przypada Uroczysto\u015b\u0107 Naj\u015bwi\u0119tszej Maryi Panny Kr\u00f3lowej Polski. <\/strong>W tym dniu zapraszamy na Msze \u015bw. o godz.: 8:00, 11:00 i 18:00. B\u0119dziemy wsp\u00f3lnie dzi\u0119kowa\u0107 za wolno\u015b\u0107 naszej Ojczyzny i prosi\u0107 Boga o m\u0105dro\u015b\u0107 i odpowiedzialno\u015b\u0107 dla narodu polskiego.    <\/p>\n\n\n\n<p> 6. W tym tygodniu przypada pierwszy czwartek, pi\u0105tek i sobota miesi\u0105ca maja:      <\/p>\n\n\n\n<ul class=\"wp-block-list\"><li><strong>w pierwszy czwartek (5.05.) b\u0119dziemy modli\u0107 si\u0119 o \u015bwi\u0119to\u015b\u0107 dla kap\u0142an\u00f3w oraz o liczne i \u015bwi\u0119te powo\u0142ania kap\u0142a\u0144skie<\/strong>, zakonne i misyjne z naszej parafii. Zapraszamy od godz. 17:00 na ,,Godzin\u0119 \u015awi\u0119t\u0105\u201d, czyli Adoracj\u0119 przed Naj\u015bwi\u0119tszym Sakramentem a po Niej na Msz\u0119 \u015bwi\u0119t\u0105 w powy\u017cszych intencjach.    <\/li><li><strong>w pierwszy pi\u0105tek miesi\u0105ca (6.05.) zapraszamy do spowiedzi dzieci z klas IV<\/strong> w tygodniu, wed\u0142ug ustalonego porz\u0105dku tj.: <br><strong>poniedzia\u0142ek <\/strong>od godz. 17:30 klasa IVA, <br><strong>wtorek <\/strong>od godz. 17:30 klasa IVB <br><strong>\u015broda<\/strong> od godz. 17:30 klasa IVC, <br><strong>czwartek<\/strong> od godz. 17:30 klasa IVD <br><strong>w pi\u0105tek<\/strong> od godz. 16:00 <br>pozosta\u0142e dzieci z innych klas. Msza \u015bw. dla wszystkich dzieci w pierwszy pi\u0105tek 6 maja o godz. 16:30. Natomiast spowied\u017a dla doros\u0142ych i m\u0142odzie\u017cy od godz. 17:30. Msza \u015bw. Wotywna o Naj\u015bwi\u0119tszym Sercu Jezusa o godz. 18:00    <\/li><li> <strong>w pierwsz\u0105 sobot\u0119 (7.05.) przed Msz\u0105 \u015bw. o godz. 17:00 zapraszamy na nabo\u017ce\u0144stwo wynagradzaj\u0105ce Niepokalanemu Sercu Maryi za zniewagi grzesznik\u00f3w.  Tego dnia zmiana tajemnic dla \u017bywego R\u00f3\u017ca\u0144ca.<\/strong>      <\/li><\/ul>\n\n\n\n<p><strong>7. W pierwszy pi\u0105tek miesi\u0105ca (6.05.) z Panem Jezusem ks. Proboszcz i ks. Marcin <\/strong>udadz\u0105 si\u0119 do chorych od godz. 9:30. Prosimy zg\u0142asza\u0107 do kap\u0142an\u00f3w chorych.     <\/p>\n\n\n\n<p>8. Wszystkim Jubilatom i Solenizantom tego tygodnia \u017cyczymy wszelkiego dobra w \u017cyciu i b\u0142ogos\u0142awie\u0144stwa Bo\u017cego.     <\/p>\n\n\n\n<p><strong>9. Rozpoczyna si\u0119 \u201eostatnia prosta\u201d przygotowa\u0144 do przyj\u0119cia Sakramentu Bierzmowania dla m\u0142odzie\u017cy z roku II.<\/strong> Warunkiem dopuszczenia do tego sakramentu jest udzia\u0142 w dniu skupienia, kt\u00f3ry dla kandydat\u00f3w do bierzmowania odb\u0119dzie si\u0119 w naszej parafii. W zwi\u0105zku z tym ks. Marcin prosi o mobilizacj\u0119 wszystkich kandydat\u00f3w i ich rodzic\u00f3w. W najbli\u017cszym czasie odb\u0119d\u0105 si\u0119 spotkania dla kandydat\u00f3w do bierzmowania w ka\u017cd\u0105 niedziel\u0119 maja i czerwca po Mszy \u015bw. o godz. 19:00 w ko\u015bciele. Obecno\u015b\u0107 kandydat\u00f3w na powy\u017cszych spotkaniach jest obowi\u0105zkowa. SAKRAMENT BIERZMOWANIA m\u0142odzie\u017c naszej parafii przyjmie 12 czerwca br. podczas Mszy \u015bw. o godz. 18:00.   <\/p>\n\n\n\n<figure class=\"wp-block-image\"><img decoding=\"async\" src=\"http:\/\/rafalk-elblag.pl\/wp-content\/uploads\/2020\/04\/baner-intencje-mszy.jpg\" alt=\"\"\/><\/figure>\n\n\n\n<h1 class=\"wp-block-heading\">Intencje mszalne 02.05.2022r<\/h1>\n\n\n\n<p><strong>PONIEDZIA\u0141EK \/ 2 maja 2022 r. \/ \u015bw. Atanazego<\/strong><br>8.00 Dzi\u0119kczynna w 18 rocznic\u0119 \u015blubu Urszuli i Henryka z pro\u015bb\u0105 o Bo\u017ce b\u0142ogos\u0142awie\u0144stwo i potrzebne \u0142aski<br>18.00 \u2020 W\u0142adys\u0142aw CZUPAJ\u0141O w 30 dzie\u0144 po pogrzebie<br>18.00 \u2020 Irena MAJERSKA (2 greg.)<br><\/p>\n\n\n\n<p><strong>WTOREK \/ 3 maja 2022 r.<\/strong><br><strong>Uroczysto\u015b\u0107 Matki Bo\u017cej Kr\u00f3lowej Polski<\/strong><br>8.00 \u2020 Irena MAJERSKA (3 greg.)<br>11.00 W intencji Ojczyzny o wszelkie potrzebne \u0142aski i opiek\u0119 Kr\u00f3lowej Polski nad naszym narodem<br>18.00 \u2020 rodzic\u00f3w RYBICKICH Kazimier\u0119 (k) Antoniego, siostr\u0119 Bogumi\u0142\u0119, Jana i Benedykta oraz zmar\u0142ych z rodzin RYBICKICH, KU\u0141AKOWSKICH, MIKO\u0141AJEWSKICH<br><\/p>\n\n\n\n<p><strong>\u015aRODA \/ 4 maja 2022 r. \/ \u015bw. Floriana<\/strong><br>8.00 \u2020 Irena MAJERSKA (4 greg.)<br>18.00 \u2020 El\u017cbieta \u017bACZEK w I rocznic\u0119 \u015bmierci<br><\/p>\n\n\n\n<p><strong>CZWARTEK \/ 5 maja 2022 r. \/ I &#8211; czwartek<\/strong><br>8.00 \u2020 Irena MAJERSKA (5 greg.)<br>17.00 GODZINA \u015aWI\u0118TA \u2013 ADORACJA &#8211; ZAPRASZAMY<br>18.00 O nowe, liczne, \u015bwi\u0119te powo\u0142ania kap\u0142a\u0144skie, zakonne i misyjne<br>18.00 Za wsp\u00f3lnot\u0119 \u201ePrzemienienie\u201d<br><\/p>\n\n\n\n<p><strong>PI\u0104TEK \/ 6 maja 2022 r. \/ I \u2013 pi\u0105tek \/ \u015bw. Aposto\u0142a Filipa i Jakuba<\/strong><br>8.00 \u2020 Irena MAJERSKA (6 greg.)<br>16.30 W intencji czcicieli Naj\u015bwi\u0119tszego Serca Pana Jezusa i dzieci, kt\u00f3re podj\u0119\u0142y praktyk\u0119 9 pierwszych pi\u0105tk\u00f3w miesi\u0105ca<br>18.00 \u2020 Henryk, Jan, Jan, Maria JU\u015aKO, Stanis\u0142awa, Jan CIE\u015aLAK<br><\/p>\n\n\n\n<p><strong>SOBOTA \/ 7 maja 2022 r. \/ I &#8211; sobota<\/strong><br>8.00 \u2020 Irena MAJERSKA (7 greg.)<br>18.00 W intencji \u017bywego R\u00f3\u017ca\u0144ca<br><\/p>\n\n\n\n<p><strong>IV Niedziela Wielkanocna \/ 8 maja 2022 r. \/ Niedziela Dobrego Pasterza<\/strong><br>8.00 \u2020 Stanis\u0142aw (m) KIEZA<br>10.00 Dzi\u0119kczynna z okazji urodzin Tobiasza, z pro\u015bb\u0105 o potrzebne \u0142aski wiary nadziei i mi\u0142o\u015bci i opiek\u0119 Matki Bo\u017cej Szkaplerznej<br>10.00 O Bo\u017ce b\u0142ogos\u0142awie\u0144stwo dla Nikodema i ca\u0142ej Jego rodziny, Agnieszki i ca\u0142ej rodziny zakonnej oraz dla Magdaleny i ca\u0142ej Jej rodziny<br>12.00 W intencji Parafian<br>15.00 \u2020 Zofia Grabowska w 20 rocznic\u0119 \u015bmierci<br>18.00 \u2020 Irena MAJERSKA (8 greg.)<\/p>\n","protected":false},"excerpt":{"rendered":"<p>Ewangelia (J 21, 1-14) S\u0142owa Ewangelii wed\u0142ug \u015awi\u0119tego Jana Jezus znowu ukaza\u0142 si\u0119 nad Jeziorem Tyberiadzkim. A ukaza\u0142 si\u0119 w ten spos\u00f3b: Byli razem Szymon Piotr, Tomasz, zwany Didymos, Natanael z Kany Galilejskiej, synowie Zebedeusza oraz dwaj inni z Jego uczni\u00f3w. Szymon Piotr powiedzia\u0142 do nich: \u00abId\u0119 \u0142owi\u0107 ryby\u00bb. Odpowiedzieli mu: \u00abIdziemy i my z [&hellip;]<\/p>\n","protected":false},"author":1,"featured_media":4688,"comment_status":"closed","ping_status":"closed","sticky":false,"template":"","format":"standard","meta":{"ngg_post_thumbnail":0,"footnotes":""},"categories":[11,8,4,3],"tags":[],"class_list":["post-4684","post","type-post","status-publish","format-standard","has-post-thumbnail","hentry","category-aktualnosci","category-blog","category-intencje","category-ogloszenia"],"_links":{"self":[{"href":"https:\/\/rafalk-elblag.pl\/index.php?rest_route=\/wp\/v2\/posts\/4684","targetHints":{"allow":["GET"]}}],"collection":[{"href":"https:\/\/rafalk-elblag.pl\/index.php?rest_route=\/wp\/v2\/posts"}],"about":[{"href":"https:\/\/rafalk-elblag.pl\/index.php?rest_route=\/wp\/v2\/types\/post"}],"author":[{"embeddable":true,"href":"https:\/\/rafalk-elblag.pl\/index.php?rest_route=\/wp\/v2\/users\/1"}],"replies":[{"embeddable":true,"href":"https:\/\/rafalk-elblag.pl\/index.php?rest_route=%2Fwp%2Fv2%2Fcomments&post=4684"}],"version-history":[{"count":3,"href":"https:\/\/rafalk-elblag.pl\/index.php?rest_route=\/wp\/v2\/posts\/4684\/revisions"}],"predecessor-version":[{"id":4692,"href":"https:\/\/rafalk-elblag.pl\/index.php?rest_route=\/wp\/v2\/posts\/4684\/revisions\/4692"}],"wp:featuredmedia":[{"embeddable":true,"href":"https:\/\/rafalk-elblag.pl\/index.php?rest_route=\/wp\/v2\/media\/4688"}],"wp:attachment":[{"href":"https:\/\/rafalk-elblag.pl\/index.php?rest_route=%2Fwp%2Fv2%2Fmedia&parent=4684"}],"wp:term":[{"taxonomy":"category","embeddable":true,"href":"https:\/\/rafalk-elblag.pl\/index.php?rest_route=%2Fwp%2Fv2%2Fcategories&post=4684"},{"taxonomy":"post_tag","embeddable":true,"href":"https:\/\/rafalk-elblag.pl\/index.php?rest_route=%2Fwp%2Fv2%2Ftags&post=4684"}],"curies":[{"name":"wp","href":"https:\/\/api.w.org\/{rel}","templated":true}]}}