{"id":4674,"date":"2022-04-24T17:47:00","date_gmt":"2022-04-24T17:47:00","guid":{"rendered":"http:\/\/rafalk-elblag.pl\/?p=4674"},"modified":"2022-04-24T17:49:08","modified_gmt":"2022-04-24T17:49:08","slug":"biuletyn-24-04-2022-niedziela-milosierdzia-bozego","status":"publish","type":"post","link":"https:\/\/rafalk-elblag.pl\/?p=4674","title":{"rendered":"Biuletyn 24.04.2022, Niedziela Mi\u0142osierdzia Bo\u017cego"},"content":{"rendered":"\n<div class=\"wp-block-image\"><figure class=\"alignleft size-full\"><img loading=\"lazy\" decoding=\"async\" width=\"420\" height=\"700\" src=\"https:\/\/rafalk-elblag.pl\/wp-content\/uploads\/2022\/04\/jezu-ufam-tobie-1.jpg\" alt=\"\" class=\"wp-image-4677\" srcset=\"https:\/\/rafalk-elblag.pl\/wp-content\/uploads\/2022\/04\/jezu-ufam-tobie-1.jpg 420w, https:\/\/rafalk-elblag.pl\/wp-content\/uploads\/2022\/04\/jezu-ufam-tobie-1-180x300.jpg 180w\" sizes=\"auto, (max-width: 420px) 100vw, 420px\" \/><\/figure><\/div>\n\n\n\n<h1 class=\"wp-block-heading\"> Ewangelia<br> (J 20, 19-31) B\u0142ogos\u0142awieni, kt\u00f3rzy nie widzieli, a uwierzyli<\/h1>\n\n\n\n<p> S\u0142owa Ewangelii wed\u0142ug \u015awi\u0119tego Jana Wieczorem w dniu zmartwychwstania, tam gdzie przebywali uczniowie, cho\u0107 drzwi by\u0142y zamkni\u0119te z obawy przed \u017bydami, przyszed\u0142 Jezus, stan\u0105\u0142 po\u015brodku i rzek\u0142 do nich: \u00abPok\u00f3j wam!\u00bb A to powiedziawszy, pokaza\u0142 im r\u0119ce i bok. Uradowali si\u0119 zatem uczniowie, ujrzawszy Pana.<\/p>\n\n\n\n<p> A Jezus znowu rzek\u0142 do nich: \u00abPok\u00f3j wam! Jak Ojciec Mnie pos\u0142a\u0142, tak i Ja was posy\u0142am\u00bb. Po tych s\u0142owach tchn\u0105\u0142 na nich i powiedzia\u0142 im: \u00abWe\u017amijcie Ducha \u015awi\u0119tego! Kt\u00f3rym odpu\u015bcicie grzechy, s\u0105 im odpuszczone, a kt\u00f3rym zatrzymacie, s\u0105 im zatrzymane\u00bb. Ale Tomasz, jeden z Dwunastu, zwany Didymos, nie by\u0142 razem z nimi, kiedy przyszed\u0142 Jezus. Inni wi\u0119c uczniowie m\u00f3wili do niego: \u00abWidzieli\u015bmy Pana!\u00bb Ale on rzek\u0142 do nich: \u00abJe\u017celi na r\u0119kach Jego nie zobacz\u0119 \u015bladu gwo\u017adzi i nie w\u0142o\u017c\u0119 palca mego w miejsce gwo\u017adzi, i r\u0119ki mojej nie w\u0142o\u017c\u0119 w bok Jego, nie uwierz\u0119\u00bb. <\/p>\n\n\n\n<p>A po o\u015bmiu dniach, kiedy uczniowie Jego byli znowu wewn\u0105trz domu i Tomasz z nimi, Jezus przyszed\u0142, cho\u0107 drzwi by\u0142y zamkni\u0119te, stan\u0105\u0142 po\u015brodku i rzek\u0142: \u00abPok\u00f3j wam!\u00bb Nast\u0119pnie rzek\u0142 do Tomasza: \u00abPodnie\u015b tutaj sw\u00f3j palec i zobacz moje r\u0119ce. Podnie\u015b r\u0119k\u0119 i w\u0142\u00f3\u017c w m\u00f3j bok, i nie b\u0105d\u017a niedowiarkiem, lecz wierz\u0105cym\u00bb. Tomasz w odpowiedzi rzek\u0142 do Niego: \u00abPan m\u00f3j i B\u00f3g m\u00f3j!\u00bb <\/p>\n\n\n\n<p>Powiedzia\u0142 mu Jezus: \u00abUwierzy\u0142e\u015b dlatego, \u017ce Mnie ujrza\u0142e\u015b? B\u0142ogos\u0142awieni, kt\u00f3rzy nie widzieli, a uwierzyli\u00bb. I wiele innych znak\u00f3w, kt\u00f3rych nie zapisano w tej ksi\u0119dze, uczyni\u0142 Jezus wobec uczni\u00f3w. Te za\u015b zapisano, aby\u015bcie wierzyli, \u017ce Jezus jest Mesjaszem, Synem Bo\u017cym, i aby\u015bcie wierz\u0105c, mieli \u017cycie w imi\u0119 Jego.<\/p>\n\n\n\n<p><\/p>\n\n\n\n<h1 class=\"wp-block-heading\">MI\u0141OSIERDZIE BO\u017bE I DZIE\u0143 DOBRA<\/h1>\n\n\n\n<p><strong>Przypadaj\u0105ca w dniu dzisiejszym Niedziela Mi\u0142osierdzia Bo\u017cego to \u015bwi\u0119to patronalne Caritas, kt\u00f3re w tym roku obchodzone jest jako Dzie\u0144 Dobra. Tego dnia w ca\u0142ym kraju odbywaj\u0105 si\u0119 koncerty, pikniki, warsztaty, pokazy i imprezy sportowe pokazuj\u0105ce jak wiele dobra dzieje si\u0119 dzi\u0119ki zaanga\u017cowaniu w wolontariat. Wojna w Ukrainie nada\u0142a przygotowaniom do tego \u015bwi\u0119ta nowy kontekst \u2013 przeprowadzone w Dniu Dobra kwesty pomog\u0105 m.in. w utrzymaniu plac\u00f3wek daj\u0105cych schronienie uchod\u017acom. <\/strong><\/p>\n\n\n\n<p>Niedziela Mi\u0142osierdzia Bo\u017cego ustanowiona przez \u015bw. Jana Paw\u0142a II, przypada zawsze w pierwsz\u0105 niedziel\u0119 po Wielkanocy. Jest to jednocze\u015bnie patronalne \u015bwi\u0119to Caritas i dzie\u0144 otwieraj\u0105cy Tydzie\u0144 Mi\u0142osierdzia, czas uwa\u017cnego ws\u0142uchiwania si\u0119 w potrzeby ludzi najbiedniejszych, bezdomnych, chorych i samotnych oraz uciekaj\u0105cych przed wojn\u0105. Caritas postanowi\u0142a uczyni\u0107 z tego dnia \u015bwi\u0119to dobroczynno\u015bci, kt\u00f3re przyj\u0119\u0142o nazw\u0119 Dzie\u0144 Dobra. Do jego \u015bwi\u0119towania zaproszono Caritas diecezjalne. \u2013 Jest wiele og\u00f3lnopolskich projekt\u00f3w, w kt\u00f3re anga\u017cuj\u0105 si\u0119 tak\u017ce poszczeg\u00f3lne lokalne Caritas, ale brakowa\u0142o jednego, kt\u00f3re je po\u0142\u0105czy. W tym roku jest to mo\u017cliwe. <\/p>\n\n\n\n<p>Prac\u0119 nad Dniem Dobra rozpocz\u0119to rok temu. 24 kwietnia w ca\u0142ej Polsce odb\u0119dzie si\u0119 kilkaset r\u00f3\u017cnych wydarze\u0144 \u2013 piknik\u00f3w, koncert\u00f3w, kiermasz\u00f3w i innych atrakcji. Ten dzie\u0144 pozwoli nam dostrzec jak wa\u017cna jest pomoc, jak\u0105 Caritas niesie ka\u017cdego dnia. Dzie\u0144 Dobra jest po\u0142\u0105czony z og\u00f3lnopolsk\u0105 zbi\u00f3rk\u0105 finansowa pod has\u0142em \u201eMiejsca, kt\u00f3re s\u0105 domem\u201d.  Takie miejsca Caritas tworzy w ca\u0142ej Polsce. S\u0105 to m.in. 23 Domy Samotnej Matki, dziewi\u0119\u0107 o\u015brodk\u00f3w interwencyjnych \u015bwiadcz\u0105cych pomoc kobietom w kryzysie, 98 \u015bwietlic terapeutycznych, 22 hospicja, 61 Okien \u017bycia, a tak\u017ce Centra Migrant\u00f3w i Uchod\u017ac\u00f3w, kt\u00f3rych funkcjonowanie jest obecnie mocno rozwijane. \u2013 Ka\u017cde z tych miejsc staje si\u0119 domem. Niekt\u00f3re na chwil\u0119, inne na tydzie\u0144, jeszcze inne na d\u0142ugie lata. <\/p>\n\n\n\n<p>Dzi\u015b wiele z nich sta\u0142o si\u0119 domem dla naszych przyjaci\u00f3\u0142 z Ukrainy Dodatkowym motywem \u015bwi\u0119towania Dnia Dobra w duchu wsparcia obywatelom Ukrainy jest to, \u017ce 24 kwietnia wierni Ko\u015bcio\u0142\u00f3w wschodnich obchodz\u0105 Wielkanoc. Organizatorzy Dnia Dobra dok\u0142adaj\u0105 stara\u0144, aby zaplanowane na 24 kwietnia wydarzenia by\u0142y jak najbardziej atrakcyjne. \u2013 Podobnie jak wsp\u00f3lnie dzia\u0142amy na co dzie\u0144, chcemy te\u017c wsp\u00f3lnie celebrowa\u0107 wielkie \u015bwi\u0119to pomagania, jakim b\u0119dzie Dzie\u0144 Dobra. <\/p>\n\n\n\n<p>Ponad 700 zespo\u0142\u00f3w wolontariuszy z ca\u0142ej Polski zg\u0142osi\u0142o si\u0119 do udzia\u0142u w tym przedsi\u0119wzi\u0119ciu. B\u0119dziemy pokazywa\u0107, co robimy, zach\u0119ca\u0107 do w\u0142\u0105czania si\u0119 w nasze akcje, a tak\u017ce cieszy\u0107 si\u0119 tym, \u017ce mo\u017cemy dzia\u0142a\u0107 razem \u2013 opowiada br. Cordian Szwarc OFM, zast\u0119pca dyrektora Caritas Polska, odpowiedzialny w organizacji m.in. za rozw\u00f3j wolontariatu. W Polsce Ko\u015bci\u00f3\u0142 katolicki jest najwi\u0119ksz\u0105 po pa\u0144stwie instytucj\u0105 pomocy potrzebuj\u0105cym. Pos\u0142uga charytatywna (caritas) stanowi wa\u017cn\u0105 cz\u0119\u015b\u0107 jego misji. W ramach Ko\u015bcio\u0142a katolickiego w Polsce wykonuje j\u0105 835 organizacji, prowadz\u0105c ok. 5 tys. dzie\u0142 charytatywnych. <\/p>\n\n\n\n<p>Wsparcie instytucji ko\u015bcielnych dociera do ok. 3 mln beneficjent\u00f3w, nie licz\u0105c tych, kt\u00f3rym pomagaj\u0105 organizacje parafialne.<\/p>\n\n\n\n<p><\/p>\n\n\n\n<p><\/p>\n\n\n\n<figure class=\"wp-block-image\"><a href=\"http:\/\/rafalk-elblag.pl\/wp-content\/uploads\/2021\/08\/ogloszenia-parafialne-baner-01a.jpg\"><img loading=\"lazy\" decoding=\"async\" width=\"720\" height=\"232\" src=\"http:\/\/rafalk-elblag.pl\/wp-content\/uploads\/2021\/08\/ogloszenia-parafialne-baner-01a.jpg\" alt=\"\" class=\"wp-image-4410\" srcset=\"https:\/\/rafalk-elblag.pl\/wp-content\/uploads\/2021\/08\/ogloszenia-parafialne-baner-01a.jpg 720w, https:\/\/rafalk-elblag.pl\/wp-content\/uploads\/2021\/08\/ogloszenia-parafialne-baner-01a-300x97.jpg 300w\" sizes=\"auto, (max-width: 720px) 100vw, 720px\" \/><\/a><\/figure>\n\n\n\n<h1 class=\"wp-block-heading\">Og\u0142oszenia parafialne 24.04.2022r<\/h1>\n\n\n\n<p>NIEDZIELA ZMARTWYCHWSTANIA PA\u0143SKIEGO<\/p>\n\n\n\n<p><strong>1. Dzisiaj w NIEDZIEL\u0118 MI\u0141OSIERDZIA BO\u017bEGO przynosimy do ko\u015bcio\u0142a Skarbonki z Ja\u0142mu\u017cn\u0105 Wielkopostn\u0105 2022<\/strong>. Skarbonki zostawiamy pod o\u0142tarzem. B\u00f3g zap\u0142a\u0107 za podj\u0119ty trud i z\u0142o\u017con\u0105 ofiar\u0119.<\/p>\n\n\n\n<p><strong>2. W naszej parafii prze\u017cywamy dzisiaj DZIE\u0143 DOBRA. <\/strong>To radosne \u015bwi\u0119towanie Niedzieli Bo\u017cego Mi\u0142osierdzia.\u00a0Jest to tak\u017ce \u015bwi\u0119to patronalne Caritas, najwi\u0119kszej organizacji charytatywnej w Polsce.\u00a0<strong>W DNIU DOBRA wspieramy MIEJSCA, KT\u00d3RE S\u0104 DOMEM, czyli te plac\u00f3wki Caritas, kt\u00f3re zajmuj\u0105 si\u0119 opiek\u0105 nad dzie\u0107mi i rodzinami. <\/strong>Ze wzgl\u0119du na dramatyczn\u0105 sytuacj\u0119 na Ukrainie i wielk\u0105 liczb\u0119 uchod\u017ac\u00f3w, kt\u00f3r\u0105 przyj\u0119li\u015bmy pod sw\u00f3j dach, wesprzemy tak\u017ce\u00a0miejsca, kt\u00f3re sta\u0142y si\u0119 dla nich domem. Wi\u0119cej o podj\u0119tej akcji w dzisiejszym biuletynie.<br>W DNIU DOBRA M\u0141ODZIE\u017b ZBIERA \u015aRODKI NA TE MIEJSCA.<\/p>\n\n\n\n<p><strong>3. Prze\u017cywamy wyj\u0105tkow\u0105 \u201eNiedziel\u0119 Mi\u0142osierdzia Bo\u017cego\u201d. Uroczysta Msza \u015bw. z odnowieniem Aktu Zawierzenia Parafii Mi\u0142osierdziu Bo\u017cemu odb\u0119dzie si\u0119 o godz. 15:00. Serdecznie zapraszamy do osobistego i duchowego \u0142\u0105czenia si\u0119 z nami.<\/strong> Zach\u0119cam by\u015bmy w tej godzinie zjednoczyli si\u0119 we wsp\u00f3lnej modlitwie Koronk\u0105 do Bo\u017cego Mi\u0142osierdzia w intencji zako\u0144czenie wojny na UKRAINIE.<br><strong>UWAGA: <\/strong>Jest jeszcze mo\u017cliwo\u015b\u0107 zakupienia obrazu Jezusa Mi\u0142osiernego w cenie 50 z\u0142., ( wielko\u015b\u0107 20 x45). Zapisy w zakrystii.<\/p>\n\n\n\n<p><strong>4. Spotkania dla kandydat\u00f3w do Sakramentu Bierzmowania<\/strong> w tym tygodniu: poniedzia\u0142ek, wtorek i czwartek na plebanii o godz. 19:00 z ks. Marcinem wed\u0142ug ustalonego grafiku.<\/p>\n\n\n\n<p><strong>5. Spotkanie dla rodzic\u00f3w dzieci klas III przygotowuj\u0105cych si\u0119 do I KOMUNII \u015aWI\u0118TEJ <\/strong>odb\u0119dzie si\u0119 w salce na plebanii o godz. 19:00:<br>\u2022 25 kwietnia (poniedzia\u0142ek) dla rodzic\u00f3w dla klas III B i III D<br>\u2022 26 kwietnia (wtorek) dla rodzic\u00f3w klas III A i III C i spoza naszej szko\u0142y.<br>Obecno\u015b\u0107 rodzic\u00f3w na tym spotkaniu obowi\u0105zkowa.<\/p>\n\n\n\n<p><strong>6. Zapraszamy na DZIE\u0143 OTWARTY Publicznego Liceum Og\u00f3lnokszta\u0142c\u0105cego Zakonu Pijar\u00f3w<\/strong> w Elbl\u0105gu ul. Saper\u00f3w w \u015brod\u0119 27 kwietnia 2022 r. od godz. 16:00 do godz. 19:00. To najlepszy czas \u017ceby si\u0119 spotka\u0107, porozmawia\u0107 i pozna\u0107 pijarskie liceum. Otwieramy drzwi nowych mo\u017cliwo\u015bci. Informacje r\u00f3wnie\u017c na plakacie.<\/p>\n\n\n\n<p><strong>7. Za tydzie\u0144 w III Niedziel\u0119 Wielkanocn\u0105, rozpocznie si\u0119 XIV Tydzie\u0144 Biblijny.<\/strong> Swoim has\u0142em jak i wybranymi tekstami z ewangelii wed\u0142ug \u015bw. \u0141ukasza nawi\u0105zuje ono do programu duszpasterskiego, kt\u00f3ry wprowadza nas w tajemnic\u0119 Eucharystii jako pos\u0142ania i chrze\u015bcija\u0144skiego \u015bwiadectwa. Ko\u015bci\u00f3\u0142 w Polsce skupia sw\u0105 tegoroczna medytacj\u0119 eucharystyczn\u0105 na trzech darach zmartwychwsta\u0142ego Chrystusa, kt\u00f3rymi s\u0105: pok\u00f3j, pos\u0142annictwo, \u015bwiadectwo.<\/p>\n\n\n\n<p><strong>8. Parafia \u015bw. Brata Alberta organizuje w dniu 30 kwietnia (sobota) pielgrzymk\u0119 piesz\u0105 do \u015awi\u0119tego Gaju, <\/strong>miejsca m\u0119cze\u0144stwa \u015bw. Wojciecha, g\u0142\u00f3wnego patrona naszej diecezji. Wyj\u015bcie z Katedry o godz. 6:30. Uroczysta Msza \u015bw. w \u015awi\u0119tym Gaju o godz. 14:00. Zapisy trwaj\u0105 w parafii \u015bw. Brata Alberta. Wi\u0119cej informacji o \u015awi\u0119tym Gaju na plakacie.<\/p>\n\n\n\n<p><br><\/p>\n\n\n\n<figure class=\"wp-block-image\"><img decoding=\"async\" src=\"http:\/\/rafalk-elblag.pl\/wp-content\/uploads\/2020\/04\/baner-intencje-mszy.jpg\" alt=\"\"\/><\/figure>\n\n\n\n<h1 class=\"wp-block-heading\">Intencje mszalne 17.04.2022r<\/h1>\n\n\n\n<p><strong>PONIEDZIA\u0141EK \/ 25 kwietnia 2022 r.  \u015bw. Marka Ewangelisty<\/strong><br>8.00 O zdrowie, Bo\u017ce B\u0142ogos\u0142awie\u0144stwo i opiek\u0119 Matki Bo\u017cej dla chorego Leszka<br>18.00 O Bo\u017ce b\u0142ogos\u0142awie\u0144stwo, wszelkie potrzebne \u0142aski i opiek\u0119 Matki Bo\u017cej dla Danuty z okazji urodzin<br><\/p>\n\n\n\n<p><strong>WTOREK \/ 26 kwietnia 2022 r. Uroczysto\u015b\u0107 \u015bw. Wojciecha, biskupa i m\u0119czennika<\/strong><br>8.00 \u2020 Bronis\u0142awa (k) i Stanis\u0142aw oraz zmarli z rodziny WALA<br>18.00 \u2020 Eugenia RZ\u0104D oraz zmarli rodzice i rodze\u0144stwo<br>\u015aRODA \/ 27 kwietnia 2022 r.<br>8.00 \u2020 Lechos\u0142aw (m) i zmarli z rodzin WILE\u0143SKICH i BARTOSIK\u00d3W<br>18.00 \u2020 Marianna BA\u0141DYGA w 17 rocznic\u0119 \u015bmierci, \u2020 Lucjan, Feliks, Sylwester<br><\/p>\n\n\n\n<p><strong>CZWARTEK \/ 28 kwietnia 2022 r.<\/strong><br>8.00 O \u0142ask\u0119 zdrowia i potrzebne si\u0142y w chorobie dla Weroniki<br>8.00 \u2020 J\u00f3zefa (k) SONGIN<br>18.00 Dzi\u0119kczynno-b\u0142agalna za otrzymane \u0142aski w dotychczasowym \u017cyciu, o dalsz\u0105 opiek\u0119 i Bo\u017ce b\u0142ogos\u0142awie\u0144stwo dla Aliny ULER i ca\u0142ej rodziny z okazji urodzin<br><\/p>\n\n\n\n<p><strong>PI\u0104TEK \/ 29 kwietnia 2022 r. \u015bw. Katarzyny Siene\u0144skiej<\/strong><br>8.00 \u2020 Zofia SUDO\u0141 w 6 rocznic\u0119 \u015bmierci, Pawe\u0142 SUDO\u0141<br>18.00 O \u0142ask\u0119 zdrowia, Bo\u017ce b\u0142ogos\u0142awie\u0144stwo i opiek\u0119 Matki Bo\u017cej dla Patrycji<\/p>\n\n\n\n<p><strong><br>SOBOTA \/ 30 kwietnia 2022 r.<\/strong><br>8.00 \u2020 Ma\u0142gorzata CZARNECKA w I rocznic\u0119 \u015bmierci i zmarli z rodzin NIEDZIELSKICH i WASZAK\u00d3W<br>18.00 O zdrowie i potrzebne \u0142aski w chorobie dla Tadeusza WLAZ\u0141O i opiek\u0119 Matki Bo\u017cej dla ca\u0142ej rodziny<br><\/p>\n\n\n\n<p><strong>III Niedziela Wielkanocna \/ 1 maja 2022 r. NEDZIELA BIBLIJNA<\/strong><br>8.00 \u2020 Irena MAJERSKA 1 greg.<br>10.00 \u2020 Bazyli i Stefania (k)<br>12.00 W intencji Parafian<br>15.00 O Bo\u017ce b\u0142ogos\u0142awie\u0144stwo, wszelkie potrzebne \u0142aski i opiek\u0119 Matki Bo\u017cej dla Moniki GO\u0141Y\u0143SKIEJ z okazji urodzin<br>18.00 O do\u015bwiadczenie Bo\u017cej mi\u0142o\u015bci dla Karoliny i Sebastiana<\/p>\n","protected":false},"excerpt":{"rendered":"<p>Ewangelia (J 20, 19-31) B\u0142ogos\u0142awieni, kt\u00f3rzy nie widzieli, a uwierzyli S\u0142owa Ewangelii wed\u0142ug \u015awi\u0119tego Jana Wieczorem w dniu zmartwychwstania, tam gdzie przebywali uczniowie, cho\u0107 drzwi by\u0142y zamkni\u0119te z obawy przed \u017bydami, przyszed\u0142 Jezus, stan\u0105\u0142 po\u015brodku i rzek\u0142 do nich: \u00abPok\u00f3j wam!\u00bb A to powiedziawszy, pokaza\u0142 im r\u0119ce i bok. Uradowali si\u0119 zatem uczniowie, ujrzawszy Pana. [&hellip;]<\/p>\n","protected":false},"author":1,"featured_media":4675,"comment_status":"closed","ping_status":"closed","sticky":false,"template":"","format":"standard","meta":{"ngg_post_thumbnail":0,"footnotes":""},"categories":[11,8,4,3],"tags":[],"class_list":["post-4674","post","type-post","status-publish","format-standard","has-post-thumbnail","hentry","category-aktualnosci","category-blog","category-intencje","category-ogloszenia"],"_links":{"self":[{"href":"https:\/\/rafalk-elblag.pl\/index.php?rest_route=\/wp\/v2\/posts\/4674","targetHints":{"allow":["GET"]}}],"collection":[{"href":"https:\/\/rafalk-elblag.pl\/index.php?rest_route=\/wp\/v2\/posts"}],"about":[{"href":"https:\/\/rafalk-elblag.pl\/index.php?rest_route=\/wp\/v2\/types\/post"}],"author":[{"embeddable":true,"href":"https:\/\/rafalk-elblag.pl\/index.php?rest_route=\/wp\/v2\/users\/1"}],"replies":[{"embeddable":true,"href":"https:\/\/rafalk-elblag.pl\/index.php?rest_route=%2Fwp%2Fv2%2Fcomments&post=4674"}],"version-history":[{"count":6,"href":"https:\/\/rafalk-elblag.pl\/index.php?rest_route=\/wp\/v2\/posts\/4674\/revisions"}],"predecessor-version":[{"id":4685,"href":"https:\/\/rafalk-elblag.pl\/index.php?rest_route=\/wp\/v2\/posts\/4674\/revisions\/4685"}],"wp:featuredmedia":[{"embeddable":true,"href":"https:\/\/rafalk-elblag.pl\/index.php?rest_route=\/wp\/v2\/media\/4675"}],"wp:attachment":[{"href":"https:\/\/rafalk-elblag.pl\/index.php?rest_route=%2Fwp%2Fv2%2Fmedia&parent=4674"}],"wp:term":[{"taxonomy":"category","embeddable":true,"href":"https:\/\/rafalk-elblag.pl\/index.php?rest_route=%2Fwp%2Fv2%2Fcategories&post=4674"},{"taxonomy":"post_tag","embeddable":true,"href":"https:\/\/rafalk-elblag.pl\/index.php?rest_route=%2Fwp%2Fv2%2Ftags&post=4674"}],"curies":[{"name":"wp","href":"https:\/\/api.w.org\/{rel}","templated":true}]}}