{"id":4668,"date":"2022-04-16T11:41:21","date_gmt":"2022-04-16T11:41:21","guid":{"rendered":"http:\/\/rafalk-elblag.pl\/?p=4668"},"modified":"2022-04-16T11:41:21","modified_gmt":"2022-04-16T11:41:21","slug":"biuletyn-17-04-2022-niedziela-zmartwychwstania","status":"publish","type":"post","link":"https:\/\/rafalk-elblag.pl\/?p=4668","title":{"rendered":"Biuletyn 17.04.2022, Niedziela Zmartwychwstania"},"content":{"rendered":"\n<figure class=\"wp-block-image size-large\"><img decoding=\"async\" src=\"http:\/\/rafalk-elblag.pl\/wp-content\/uploads\/2022\/04\/baner-170422.jpg\" alt=\"\" class=\"wp-image-4655\"\/><\/figure>\n\n\n\n<h1 class=\"wp-block-heading\"> Ewangelia (J 20, 1-9)\nAposto\u0142owie przy grobie Zmartwychwsta\u0142ego<\/h1>\n\n\n\n<p>\n\nS\u0142owa Ewangelii wed\u0142ug \u015awi\u0119tego Jana\n\nPierwszego dnia po szabacie, wczesnym rankiem, gdy jeszcze by\u0142o ciemno, Maria Magdalena uda\u0142a si\u0119 do grobu i zobaczy\u0142a kamie\u0144 odsuni\u0119ty od grobu. Pobieg\u0142a wi\u0119c i przyby\u0142a do Szymona Piotra oraz do drugiego ucznia, kt\u00f3rego Jezus kocha\u0142, i rzek\u0142a do nich: \u00abZabrano Pana z grobu i nie wiemy, gdzie Go po\u0142o\u017cono\u00bb.\n\nWyszed\u0142 wi\u0119c Piotr i \u00f3w drugi ucze\u0144 i szli do grobu. Biegli obydwaj razem, lecz \u00f3w drugi ucze\u0144 wyprzedzi\u0142 Piotra i przyby\u0142 pierwszy do grobu. A kiedy si\u0119 nachyli\u0142, zobaczy\u0142 le\u017c\u0105ce p\u0142\u00f3tna, jednak\u017ce nie wszed\u0142 do \u015brodka.\n\nNadszed\u0142 potem tak\u017ce Szymon Piotr, id\u0105cy za nim. Wszed\u0142 on do wn\u0119trza grobu i ujrza\u0142 le\u017c\u0105ce p\u0142\u00f3tna oraz chust\u0119, kt\u00f3ra by\u0142a na Jego g\u0142owie, le\u017c\u0105c\u0105 nie razem z p\u0142\u00f3tnami, ale oddzielnie zwini\u0119t\u0105 w jednym miejscu. Wtedy wszed\u0142 do wn\u0119trza tak\u017ce i \u00f3w drugi ucze\u0144, kt\u00f3ry przyby\u0142 pierwszy do grobu. Ujrza\u0142 i uwierzy\u0142. Dot\u0105d bowiem nie rozumieli jeszcze Pisma, kt\u00f3re m\u00f3wi, \u017ce On ma powsta\u0107 z martwych..<\/p>\n\n\n\n<figure class=\"wp-block-image size-large\"><a href=\"https:\/\/rafalk-elblag.pl\/wp-content\/uploads\/2022\/04\/biuletyn-170422-02.jpg\"><img loading=\"lazy\" decoding=\"async\" width=\"721\" height=\"472\" src=\"https:\/\/rafalk-elblag.pl\/wp-content\/uploads\/2022\/04\/biuletyn-170422-02.jpg\" alt=\"\" class=\"wp-image-4671\" srcset=\"https:\/\/rafalk-elblag.pl\/wp-content\/uploads\/2022\/04\/biuletyn-170422-02.jpg 721w, https:\/\/rafalk-elblag.pl\/wp-content\/uploads\/2022\/04\/biuletyn-170422-02-300x196.jpg 300w\" sizes=\"auto, (max-width: 721px) 100vw, 721px\" \/><\/a><\/figure>\n\n\n\n<h1 class=\"wp-block-heading\">DRODZY PARAFIANIE<\/h1>\n\n\n\n<p><strong> Zmartwychwsta\u0142y Pan staje dzi\u015b mi\u0119dzy nami, w naszych rodzinach i wsp\u00f3lnotach, z darem rado\u015bci paschalnej. On Baranek odkupi\u0142 swe owce; On Zmartwychwsta\u0142y daje nam or\u0119dzie \u017cycia i mi\u0142osierdzia. Niech Jego mi\u0142o\u015b\u0107 jednoczy nas w ka\u017cdej przestrzeni naszego \u015bwi\u0119towania i naszej codzienno\u015bci. \u017byczymy Wam prawdziwego pokoju serca i dzielenia si\u0119 \u017cyczliwo\u015bci\u0105 i radosnym or\u0119dziem, \u017ce Chrystus prawdziwie zmartwychwsta\u0142 i jest z nami.\u00a0<\/strong><\/p>\n\n\n\n<h2 class=\"wp-block-heading\"><strong>Alleluja!<\/strong><\/h2>\n\n\n\n<p>Przyjmijcie na ten \u015bwi\u0119ty czas dar b\u0142ogos\u0142awie\u0144stwa: W imi\u0119 Ojca i Syna, i Ducha \u015awi\u0119tegoDuszpasterze parafii \u015bw. Rafa\u0142a Kalinowskiego Alleluja, Jezus \u017cyje! Ten radosny okrzyk zwiastuje ca\u0142emu \u015bwiatu najwa\u017cniejsz\u0105 prawd\u0119 chrze\u015bcija\u0144stwa: po\u00a0m\u0119ce i\u00a0\u015bmierci, po\u00a0b\u00f3lu i\u00a0niepewno\u015bci jutra nasta\u0142o zmartwychwstanie. <\/p>\n\n\n\n<p>Z\u00a0wiar\u0105 stajemy dzi\u015b przed\u00a0pustym grobem, z\u00a0kt\u00f3rego\u00a0p\u0142ynie radosne or\u0119dzie: Nie\u00a0ma Go tutaj, bo zmartwychwsta\u0142, jak zapowiedzia\u0142.  Cz\u0119sto zdarza si\u0119, \u017ce\u00a0tak\u00a0niezwyk\u0142e i\u00a0niepowtarzalne wydarzenie jak \u015awi\u0119ta Paschalne nie\u00a0pozostawia w\u00a0nas prawie \u017cadnego \u015bladu. \u015awi\u0105teczny nastr\u00f3j tak\u00a0szybko ga\u015bnie. Powtarzamy utarte s\u0142owa: \u201e\u015awi\u0119ta \u015bwi\u0119ta i\u00a0po\u00a0\u015bwi\u0119tach\u201d. Zastanawiaj\u0105ce jest r\u00f3wnie\u017c to, \u017ce\u00a0gdyby\u00a0Ko\u015bci\u00f3\u0142 nie\u00a0nakaza\u0142 przyst\u0105pienia do\u00a0spowiedzi, to\u00a0pewnie u\u00a0wielu katolik\u00f3w sumienie nie\u00a0by\u0142yby od\u015bwie\u017cone. Jedyny widoczny \u015blad \u2013 umyte okna i\u00a0wyprane firanki. Potrzeba nam wiary w\u00a0to, \u017ce\u00a0Chrystus zmartwychwsta\u0142. Wiary, kt\u00f3ra\u00a0opiera si\u0119 nie\u00a0o\u00a0dane statystyczne, ale\u00a0o\u00a0osobist\u0105 relacj\u0119 z\u00a0Jezusem. <\/p>\n\n\n\n<p>Przyjmuj\u0105c Chrystusa, przyjmujemy nowe \u017cycie. \u017bycie, w\u00a0kt\u00f3rym\u00a0mo\u017ce zdarzy\u0107 si\u0119 zar\u00f3wno m\u0119ka, jak i\u00a0\u015bmier\u0107. A\u00a0potem zmartwychwstanie, kiedy to\u00a0Chrystus przychodzi do\u00a0uczni\u00f3w, rozmawia z\u00a0nimi, je i\u00a0pije. Chodzi po\u00a0falach, znika, przechodzi przez\u00a0drzwi.  Znakiem \u201enowego \u017cycia\u201d jest jajko. W\u00a0symbolice chrze\u015bcija\u0144skiej jajko od\u00a0pocz\u0105tku by\u0142o zwi\u0105zane z\u00a0Wielkanoc\u0105, nawi\u0105zywa\u0142o do\u00a0faktu Zmartwychwstania Pa\u0144skiego. <\/p>\n\n\n\n<p>Jak spod skorupki jajka wykluwa si\u0119 nowe piskl\u0119, tak\u00a0zmartwychwsta\u0142y Chrystus po\u00a0trzech dniach zwyci\u0119sko wychodzi z\u00a0grobu. Dawniej jajko symbolizowa\u0142o Stary i\u00a0Nowy Testament, a\u00a0wi\u0119c\u00a0Stare i\u00a0Nowe Przymierze Boga z\u00a0lud\u017ami. Skorupka jajka, kt\u00f3ra\u00a0zwykle po\u00a0rozbiciu zostaje odrzucona jako nieprzydatna, oznacza\u0142a Stary Testament, natomiast \u017c\u00f3\u0142tko jajka \u2013 j\u0105dro nowego \u017cycia \u2013 obrazowa\u0142o Nowe Przymierze.  <\/p>\n\n\n\n<p>Spotkanie z\u00a0Jezusem Zmartwychwsta\u0142ym przemieni\u0142o uczni\u00f3w i\u00a0ca\u0142e pokolenia chrze\u015bcijan w\u00a0\u015bwiadk\u00f3w Boga. Tajemnica pustego grobu zdaje si\u0119 potwierdza\u0107, \u017ce\u00a0mi\u0142o\u015b\u0107 Chrystusa zawsze odnosi zwyci\u0119stwo nad\u00a0\u015bmierci\u0105, nad\u00a0egoizmem, grzechem oraz\u00a0wszelkimi zniewoleniami. Alleluja, Jezus \u017cyje! <\/p>\n\n\n\n<p><\/p>\n\n\n\n<figure class=\"wp-block-image\"><a href=\"http:\/\/rafalk-elblag.pl\/wp-content\/uploads\/2021\/08\/ogloszenia-parafialne-baner-01a.jpg\"><img loading=\"lazy\" decoding=\"async\" width=\"720\" height=\"232\" src=\"http:\/\/rafalk-elblag.pl\/wp-content\/uploads\/2021\/08\/ogloszenia-parafialne-baner-01a.jpg\" alt=\"\" class=\"wp-image-4410\" srcset=\"https:\/\/rafalk-elblag.pl\/wp-content\/uploads\/2021\/08\/ogloszenia-parafialne-baner-01a.jpg 720w, https:\/\/rafalk-elblag.pl\/wp-content\/uploads\/2021\/08\/ogloszenia-parafialne-baner-01a-300x97.jpg 300w\" sizes=\"auto, (max-width: 720px) 100vw, 720px\" \/><\/a><\/figure>\n\n\n\n<h1 class=\"wp-block-heading\">Og\u0142oszenia parafialne 17.04.2022r<\/h1>\n\n\n\n<p>NIEDZIELA ZMARTWYCHWSTANIA PA\u0143SKIEGO<br><\/p>\n\n\n\n<p><strong>1. Jutro Poniedzia\u0142ek Wielkanocny, II dzie\u0144 \u015awi\u0105t. Porz\u0105dek Mszy \u015bw. jak w niedziel\u0119. UWAGA! NIE MA MSZY O GODZ. 15:00.<\/strong> Taca przeznaczona na Katolicki Uniwersytet Lubelski im. \u015bw. Jana Paw\u0142a II. B\u00f3g zap\u0142a\u0107 za z\u0142o\u017cone ofiary.<br><\/p>\n\n\n\n<p><strong>2. OD WIELKIEGO PI\u0104TKU trwamy na NOWENNIE, kt\u00f3ra przygotowuje nas do Niedzieli Mi\u0142osierdzia Bo\u017cego, kt\u00f3r\u0105 odmawiamy po Mszy \u015bw. wieczorowej. <\/strong>Parafian zach\u0119cam do wsp\u00f3lnej modlitwy w ko\u015bciele lub rodzinnej w swoich domach, \u0142\u0105cz\u0105c si\u0119 duchowo z parafi\u0105. Pro\u015bmy Mi\u0142osiernego Boga o zako\u0144czenie wojny na UKRAINIE.<br><\/p>\n\n\n\n<p>3. Za tydzie\u0144 w NIEDZIEL\u0118 MI\u0141OSIERDZIA BO\u017bEGO <strong>przynosimy do ko\u015bcio\u0142a Skarbonki z Ja\u0142mu\u017cn\u0105 2022 w ramach og\u00f3lnopolskiej akcji \u201eCZAS MI\u0141OSIERDZIA\u201d<\/strong>. Skarbonki zostawiamy pod o\u0142tarzem. B\u00f3g zap\u0142a\u0107 za podj\u0119ty trud i z\u0142o\u017con\u0105 ofiar\u0119.<br><\/p>\n\n\n\n<p>4. W przysz\u0142\u0105 Niedziel\u0119 w ca\u0142ym Ko\u015bciele obchodzi\u0107 b\u0119dziemy Niedziel\u0119 Bo\u017cego Mi\u0142osierdzia. <strong>Uroczysta Msza \u015bw. z odnowieniem Aktu Zawierzenia Parafii Mi\u0142osierdziu Bo\u017cemu odb\u0119dzie si\u0119 o godz. 15:00.<\/strong><br>UWAGA: Jest mo\u017cliwo\u015b\u0107 zam\u00f3wienia obrazu Jezusa Mi\u0142osiernego w cenie 50 z\u0142., ( wielko\u015b\u0107 20 x45) kt\u00f3re zostan\u0105 po\u015bwi\u0119cone w Niedziel\u0119 Mi\u0142osierdzia Bo\u017cego o godz. 15:00. Zapisy w zakrystii.<br><\/p>\n\n\n\n<p><strong>5. W naszej parafii b\u0119dziemy za tydzie\u0144 prze\u017cywa\u0107 DZIE\u0143 DOBRA<\/strong>. Dzie\u0144 Dobra to radosne \u015bwi\u0119towanie Niedzieli Bo\u017cego Mi\u0142osierdzia.\u00a0Jest to tak\u017ce \u015bwi\u0119to patronalne Caritas, najwi\u0119kszej organizacji charytatywnej w Polsce, kt\u00f3ra skupia wok\u00f3\u0142 swoich inicjatyw pomocowych a\u017c kilkadziesi\u0105t tysi\u0119cy wolontariuszy!!! \u00a0<\/p>\n\n\n\n<p><br><strong>W DNIU DOBRA b\u0119dziemy wspiera\u0107 MIEJSCA, KT\u00d3RE S\u0104 DOMEM, czyli te plac\u00f3wki Caritas, kt\u00f3re zajmuj\u0105 si\u0119 opiek\u0105 nad dzie\u0107mi, rodzinami. Ze wzgl\u0119du na dramatyczn\u0105 sytuacj\u0119 na Ukrainie i wielk\u0105 liczb\u0119 uchod\u017ac\u00f3w, <\/strong>kt\u00f3r\u0105 przyj\u0119li\u015bmy pod sw\u00f3j dach, wesprzemy tak\u017ce\u00a0miejsca, kt\u00f3re sta\u0142y si\u0119 dla nich domem. Bardzo szybko zareagowali\u015bmy na potrzeb\u0119 czasu i zamienili\u015bmy wiele\u00a0PLAC\u00d3WEK CARITAS\u00a0na bezpieczne i przyjazne schronienie dla naszych\u00a0SI\u00d3STR I BRACI Z UKRAINY.<br>W DNIU DOBRA M\u0141ODZIE\u017b B\u0118DZIE ZBIERA \u015aRODKI NA TE MIEJSCA.<br><\/p>\n\n\n\n<p><strong>6. Dzi\u0119kuj\u0119: ks. Marcinowi i tym kt\u00f3rzy mu pomagali za przygotowanie Ciemnicy i Grobu Pa\u0144skiego, S\u0142u\u017cbie Liturgicznej O\u0142tarza, panu Piotrowi \u2013 Organi\u015bcie i Ch\u00f3rowi za przygotowanie oprawy muzycznej podczas Triduum Paschalnego, pa\u0144stwu Bo\u017cenie i Henrykowi Kulig za dekoracj\u0119 naszej \u015bwi\u0105tyni i panom ko\u015bcielnym Edmundowi i Zbigniewowi.<\/strong><br><\/p>\n\n\n\n<p>7. Parafia przekaza\u0142a 19 paczek do siedziby Caritas Diecezji Elbl\u0105skiej w ramach akcji \u201ePACZKA DLA UKRAINY\u201d. Dzi\u0119kuje za zaanga\u017cowanie i okazane serce.<br><\/p>\n\n\n\n<p>8. Parafia \u015bw. Brata Alberta organizuje <strong>w dniu 30 kwietnia( sobota) pielgrzymk\u0119 piesz\u0105 do \u015awi\u0119tego Gaju<\/strong>, miejsca m\u0119cze\u0144stwa \u015bw. Wojciecha, g\u0142\u00f3wnego patrona naszej diecezji. Wyj\u015bcie z Katedry o godz. 6:30. Uroczysta Msza \u015bw. w \u015awi\u0119tym Gaju o godz. 14:00. Zapisy trwaj\u0105 w parafii \u015bw. Brata Alberta.<br><\/p>\n\n\n\n<p>9. Zach\u0119cam do nabywania \u015bwi\u0105tecznego numeru \u201eGo\u015bcia Niedzielnego\u201d w cenie 8 z\u0142. z dodatkiem \u201eGo\u015bcia Elbl\u0105skiego\u201d a w nim wydarzenia z diecezji.<br><\/p>\n\n\n\n<p><strong>10. \u017byczymy wszystkim Parafianom i Go\u015bciom radosnego Alleluj<\/strong>a &#8211; pe\u0142nego nadziei i wiary w moc Zmartwychwsta\u0142ego Pana, kt\u00f3ry zwyci\u0119\u017cy\u0142 \u015bmier\u0107 i pokona wszystko co jest smutkiem, niepewno\u015bci\u0105 i chorob\u0105. Szcz\u0119\u015b\u0107 Bo\u017ce.<\/p>\n\n\n\n<p><\/p>\n\n\n\n<figure class=\"wp-block-image\"><img decoding=\"async\" src=\"http:\/\/rafalk-elblag.pl\/wp-content\/uploads\/2020\/04\/baner-intencje-mszy.jpg\" alt=\"\"\/><\/figure>\n\n\n\n<h1 class=\"wp-block-heading\">Intencje mszalne 17.04.2022r<\/h1>\n\n\n\n<p><strong>PONIEDZIA\u0141EK W OKTAWIE WIELKANOCY\/ 18 kwietnia 2022 r.<\/strong><br>8.00 \u2020 Genowefa, Pawe\u0142 LAMPARSCY, oraz Justyna, Kazimierz, Bernard HUSZCZA w kolejne rocznice \u015bmierci<br>10.00 Dzi\u0119kczynna w 11 urodziny Kazimierza z pro\u015bb\u0105 o zdrowie, Bo\u017ce b\u0142ogos\u0142awie\u0144stwo i potrzebne \u0142aski dla ca\u0142ej rodziny<br>12.00 \u2020 Stanis\u0142aw (m) KO\u015aCIELSKI w I rocznic\u0119 \u015bmierci<br>18.00 Dzi\u0119kczynna w 66 rocznic\u0119 \u015blubu Reginy i J\u00f3zefa KIMSO, w 65 urodziny Zbigniewa KIMSO, w 3 urodziny KUBUSIA z pro\u015bb\u0105 o Bo\u017ce b\u0142ogos\u0142awie\u0144stwo, potrzebne \u0142aski i opiek\u0119 Matki Bo\u017cej Szkaplerznej<br><\/p>\n\n\n\n<p><strong>WTOREK W OKTAWIE WIELKANOCY \/ 19 kwietnia 2022 r.<\/strong><br>8.00 \u2020 Ryszard GRODZKI w 30 dzie\u0144 po pogrzebie<br>8.00 \u2020 J\u00f3zefa (k), Andrzej, Jan, Wanda i Tadeusz<br>18.00 O Bo\u017ce b\u0142ogos\u0142awie\u0144stwo, dary Ducha \u015awi\u0119tego, opiek\u0119 Matki Bo\u017cej Szkaplerznej dla ks. Proboszcza Wojciecha ZWOLICKIEGO z okazji 55 rocznicy urodzin \u2013 intencja od Margaretki<br><\/p>\n\n\n\n<p><strong>\u015aRODA W OKTAWIE WIELKANOCY \/ 20 kwietnia 2022 r.<\/strong><br>8.00 O zdrowie i Bo\u017ce b\u0142ogos\u0142awie\u0144stwo dla Brygidy<br>18.00 \u2020 Mariusz WIDOMSKI w 30 dzie\u0144 po pogrzebie<br>18.00 \u2020 Lucjan G\u00d3RSKI w 12 rocznic\u0119 \u015bmierci i zmarli z rodzin z obojga stron<br><\/p>\n\n\n\n<p><strong>CZWARTEK W OKTAWIE WIELKANOCY \/ 21 kwietnia 2022 r.<\/strong><br>8.00 \u2020 Irena, Aleksander (m), Maria, Stanis\u0142aw (m) Marek, oraz dusze cierpi\u0105ce w czy\u015b\u0107cu<br>18.00 \u2020 Andrzej KLECHA w 3 miesi\u0105c po pogrzebie \u2013 intencja od Marii Klecha<br><\/p>\n\n\n\n<p><strong>PI\u0104TEK W OKTAWIE WIELKANOCY \/ 22 kwietnia 2022 r.<\/strong><br>8.00 \u2020 Rodzice: Janina i Tomasz CHMIELEWSCY oraz Edward i Stanis\u0142awa (k) SZUMI\u0141O<br>18.00 \u2020 Dariusz MORZY<br>18.00 \u2020 Danuta \u015aNIADACH w 30 dzie\u0144 po pogrzebie<br><\/p>\n\n\n\n<p><strong>SOBOTA W OKTAWIE WIELKANOCY \/ 23 kwietnia 2022 r.<\/strong><br>8.00 \u2020 Anatol USIK w 2 rocznic\u0119 \u015bmierci<br>18.00 O Bo\u017ce b\u0142ogos\u0142awie\u0144stwo, opiek\u0119 Matki Bo\u017cej Szkaplerznej, dary Ducha \u015awi\u0119tego i wstawiennictwo \u015bwi\u0119tego Wojciecha &#8211; patrona dla ks. Proboszcza w dniu imienin<br><\/p>\n\n\n\n<p><strong>Niedziela Mi\u0142osierdzia Bo\u017cego \/ 24 kwietnia 2022 r.<\/strong><br>8.00 Dzi\u0119kczynna w 60 rocznic\u0119 \u015blubu Barbary i J\u00f3zefa CZESZEJKO \u2013 SOCHACKICH z pro\u015bb\u0105 o Bo\u017ce b\u0142ogos\u0142awie\u0144stwo i potrzebne \u0142aski dla Jubilat\u00f3w<br>10.00 \u2020 Tomasz ZINKIEWICZ w I rocznic\u0119 \u015bmierci<br>12.00 Dzi\u0119kczynna w 50 rocznic\u0119 \u015blubu Marii i Eugeniusza BANASIUK\u00d3W z pro\u015bb\u0105 o Bo\u017ce b\u0142ogos\u0142awie\u0144stwo i potrzebne \u0142aski dla z\u0142otych Jubilat\u00f3w<br>15.00 W intencji Parafian i zawierzenie parafii Bo\u017cemu Mi\u0142osierdziu<br>15.00 O Bo\u017ce b\u0142ogos\u0142awie\u0144stwo, dary Ducha \u015awi\u0119tego dla opiekuna Apostolatu Bo\u017cego Mi\u0142osierdzia i Parafialnego Oddzia\u0142u Caritas ks. Wojciecha \u2013 Proboszcza<br>\u2013 intencja od wsp\u00f3lnot<br>18.00 \u2020 Katarzyna PRZEDWOJEWSKA w 9 rocznic\u0119 \u015bmierci, Jan i Gra\u017cyna<\/p>\n","protected":false},"excerpt":{"rendered":"<p>Ewangelia (J 20, 1-9) Aposto\u0142owie przy grobie Zmartwychwsta\u0142ego S\u0142owa Ewangelii wed\u0142ug \u015awi\u0119tego Jana Pierwszego dnia po szabacie, wczesnym rankiem, gdy jeszcze by\u0142o ciemno, Maria Magdalena uda\u0142a si\u0119 do grobu i zobaczy\u0142a kamie\u0144 odsuni\u0119ty od grobu. Pobieg\u0142a wi\u0119c i przyby\u0142a do Szymona Piotra oraz do drugiego ucznia, kt\u00f3rego Jezus kocha\u0142, i rzek\u0142a do nich: \u00abZabrano Pana [&hellip;]<\/p>\n","protected":false},"author":1,"featured_media":4670,"comment_status":"closed","ping_status":"closed","sticky":false,"template":"","format":"standard","meta":{"ngg_post_thumbnail":0,"footnotes":""},"categories":[11,8,4,3],"tags":[],"class_list":["post-4668","post","type-post","status-publish","format-standard","has-post-thumbnail","hentry","category-aktualnosci","category-blog","category-intencje","category-ogloszenia"],"_links":{"self":[{"href":"https:\/\/rafalk-elblag.pl\/index.php?rest_route=\/wp\/v2\/posts\/4668","targetHints":{"allow":["GET"]}}],"collection":[{"href":"https:\/\/rafalk-elblag.pl\/index.php?rest_route=\/wp\/v2\/posts"}],"about":[{"href":"https:\/\/rafalk-elblag.pl\/index.php?rest_route=\/wp\/v2\/types\/post"}],"author":[{"embeddable":true,"href":"https:\/\/rafalk-elblag.pl\/index.php?rest_route=\/wp\/v2\/users\/1"}],"replies":[{"embeddable":true,"href":"https:\/\/rafalk-elblag.pl\/index.php?rest_route=%2Fwp%2Fv2%2Fcomments&post=4668"}],"version-history":[{"count":1,"href":"https:\/\/rafalk-elblag.pl\/index.php?rest_route=\/wp\/v2\/posts\/4668\/revisions"}],"predecessor-version":[{"id":4672,"href":"https:\/\/rafalk-elblag.pl\/index.php?rest_route=\/wp\/v2\/posts\/4668\/revisions\/4672"}],"wp:featuredmedia":[{"embeddable":true,"href":"https:\/\/rafalk-elblag.pl\/index.php?rest_route=\/wp\/v2\/media\/4670"}],"wp:attachment":[{"href":"https:\/\/rafalk-elblag.pl\/index.php?rest_route=%2Fwp%2Fv2%2Fmedia&parent=4668"}],"wp:term":[{"taxonomy":"category","embeddable":true,"href":"https:\/\/rafalk-elblag.pl\/index.php?rest_route=%2Fwp%2Fv2%2Fcategories&post=4668"},{"taxonomy":"post_tag","embeddable":true,"href":"https:\/\/rafalk-elblag.pl\/index.php?rest_route=%2Fwp%2Fv2%2Ftags&post=4668"}],"curies":[{"name":"wp","href":"https:\/\/api.w.org\/{rel}","templated":true}]}}