{"id":4663,"date":"2022-04-16T10:49:51","date_gmt":"2022-04-16T10:49:51","guid":{"rendered":"http:\/\/rafalk-elblag.pl\/?p=4663"},"modified":"2022-04-16T10:58:52","modified_gmt":"2022-04-16T10:58:52","slug":"rekolekcje-wielkopostne-2022","status":"publish","type":"post","link":"https:\/\/rafalk-elblag.pl\/?p=4663","title":{"rendered":"Rekolekcje Wielkopostne 2022"},"content":{"rendered":"\n<p>Podsumowanie rekolekcji wielkopostnych w parafii Rafa\u0142a Kalinowskiego w Elbl\u0105gu. AD 2022.<\/p>\n\n\n\n<h2 class=\"wp-block-heading\">Dzie\u0144 1<\/h2>\n\n\n\n<figure class=\"wp-block-embed is-type-video is-provider-youtube wp-block-embed-youtube wp-embed-aspect-16-9 wp-has-aspect-ratio\"><div class=\"wp-block-embed__wrapper\">\n<iframe loading=\"lazy\" title=\"Rekolekcje Wielkopostne 2022 - Dzie\u0144 1 - Parafia Rafa\u0142a Kalinowskiego w Elbl\u0105gu\" width=\"900\" height=\"506\" src=\"https:\/\/www.youtube.com\/embed\/7U7BpX5yk90?feature=oembed\" frameborder=\"0\" allow=\"accelerometer; autoplay; clipboard-write; encrypted-media; gyroscope; picture-in-picture\" allowfullscreen><\/iframe>\n<\/div><\/figure>\n\n\n\n<h2 class=\"wp-block-heading\">Dzie\u0144 2<\/h2>\n\n\n\n<figure class=\"wp-block-embed is-type-video is-provider-youtube wp-block-embed-youtube wp-embed-aspect-16-9 wp-has-aspect-ratio\"><div class=\"wp-block-embed__wrapper\">\n<iframe loading=\"lazy\" title=\"Rekolekcje Wielkopostne 2022 - Dzie\u0144 2 - Parafia Rafa\u0142a Kalinowskiego w Elbl\u0105gu\" width=\"900\" height=\"506\" src=\"https:\/\/www.youtube.com\/embed\/gn-ND-H4KgI?feature=oembed\" frameborder=\"0\" allow=\"accelerometer; autoplay; clipboard-write; encrypted-media; gyroscope; picture-in-picture\" allowfullscreen><\/iframe>\n<\/div><\/figure>\n\n\n\n<h2 class=\"wp-block-heading\">Dzie\u0144 3<\/h2>\n\n\n\n<figure class=\"wp-block-embed is-type-video is-provider-youtube wp-block-embed-youtube wp-embed-aspect-16-9 wp-has-aspect-ratio\"><div class=\"wp-block-embed__wrapper\">\n<iframe loading=\"lazy\" title=\"Rekolekcje Wielkopostne 2022 - Dzie\u0144 3 - Parafia Rafa\u0142a Kalinowskiego w Elbl\u0105gu\" width=\"900\" height=\"506\" src=\"https:\/\/www.youtube.com\/embed\/VPhOsR6dCZ4?feature=oembed\" frameborder=\"0\" allow=\"accelerometer; autoplay; clipboard-write; encrypted-media; gyroscope; picture-in-picture\" allowfullscreen><\/iframe>\n<\/div><\/figure>\n\n\n\n<h2 class=\"wp-block-heading\">Dzie\u0144 4<\/h2>\n\n\n\n<figure class=\"wp-block-embed is-type-video is-provider-youtube wp-block-embed-youtube wp-embed-aspect-16-9 wp-has-aspect-ratio\"><div class=\"wp-block-embed__wrapper\">\n<iframe loading=\"lazy\" title=\"Rekolekcje Wielkopostne 2022 - Dzie\u0144 4 - Parafia Rafa\u0142a Kalinowskiego w Elbl\u0105gu\" width=\"900\" height=\"506\" src=\"https:\/\/www.youtube.com\/embed\/Pi0azHHZqW8?feature=oembed\" frameborder=\"0\" allow=\"accelerometer; autoplay; clipboard-write; encrypted-media; gyroscope; picture-in-picture\" allowfullscreen><\/iframe>\n<\/div><\/figure>\n","protected":false},"excerpt":{"rendered":"<p>Podsumowanie rekolekcji wielkopostnych w parafii Rafa\u0142a Kalinowskiego w Elbl\u0105gu. AD 2022. Dzie\u0144 1 Dzie\u0144 2 Dzie\u0144 3 Dzie\u0144 4<\/p>\n","protected":false},"author":1,"featured_media":4664,"comment_status":"closed","ping_status":"closed","sticky":false,"template":"","format":"standard","meta":{"ngg_post_thumbnail":0,"footnotes":""},"categories":[8],"tags":[],"class_list":["post-4663","post","type-post","status-publish","format-standard","has-post-thumbnail","hentry","category-blog"],"_links":{"self":[{"href":"https:\/\/rafalk-elblag.pl\/index.php?rest_route=\/wp\/v2\/posts\/4663","targetHints":{"allow":["GET"]}}],"collection":[{"href":"https:\/\/rafalk-elblag.pl\/index.php?rest_route=\/wp\/v2\/posts"}],"about":[{"href":"https:\/\/rafalk-elblag.pl\/index.php?rest_route=\/wp\/v2\/types\/post"}],"author":[{"embeddable":true,"href":"https:\/\/rafalk-elblag.pl\/index.php?rest_route=\/wp\/v2\/users\/1"}],"replies":[{"embeddable":true,"href":"https:\/\/rafalk-elblag.pl\/index.php?rest_route=%2Fwp%2Fv2%2Fcomments&post=4663"}],"version-history":[{"count":3,"href":"https:\/\/rafalk-elblag.pl\/index.php?rest_route=\/wp\/v2\/posts\/4663\/revisions"}],"predecessor-version":[{"id":4667,"href":"https:\/\/rafalk-elblag.pl\/index.php?rest_route=\/wp\/v2\/posts\/4663\/revisions\/4667"}],"wp:featuredmedia":[{"embeddable":true,"href":"https:\/\/rafalk-elblag.pl\/index.php?rest_route=\/wp\/v2\/media\/4664"}],"wp:attachment":[{"href":"https:\/\/rafalk-elblag.pl\/index.php?rest_route=%2Fwp%2Fv2%2Fmedia&parent=4663"}],"wp:term":[{"taxonomy":"category","embeddable":true,"href":"https:\/\/rafalk-elblag.pl\/index.php?rest_route=%2Fwp%2Fv2%2Fcategories&post=4663"},{"taxonomy":"post_tag","embeddable":true,"href":"https:\/\/rafalk-elblag.pl\/index.php?rest_route=%2Fwp%2Fv2%2Ftags&post=4663"}],"curies":[{"name":"wp","href":"https:\/\/api.w.org\/{rel}","templated":true}]}}