{"id":4653,"date":"2022-04-09T16:49:53","date_gmt":"2022-04-09T16:49:53","guid":{"rendered":"http:\/\/rafalk-elblag.pl\/?p=4653"},"modified":"2022-04-14T08:26:01","modified_gmt":"2022-04-14T08:26:01","slug":"biuletyn-10-04-2022-vi-niedziela-wielkiego-postu","status":"publish","type":"post","link":"https:\/\/rafalk-elblag.pl\/?p=4653","title":{"rendered":"Biuletyn 10.04.2022, VI Niedziela Wielkiego Postu"},"content":{"rendered":"\n<figure class=\"wp-block-image size-large\"><img loading=\"lazy\" decoding=\"async\" width=\"1000\" height=\"648\" src=\"http:\/\/rafalk-elblag.pl\/wp-content\/uploads\/2022\/04\/baner-100422.jpg\" alt=\"\" class=\"wp-image-4655\" srcset=\"https:\/\/rafalk-elblag.pl\/wp-content\/uploads\/2022\/04\/baner-100422.jpg 1000w, https:\/\/rafalk-elblag.pl\/wp-content\/uploads\/2022\/04\/baner-100422-300x194.jpg 300w, https:\/\/rafalk-elblag.pl\/wp-content\/uploads\/2022\/04\/baner-100422-768x498.jpg 768w\" sizes=\"auto, (max-width: 1000px) 100vw, 1000px\" \/><\/figure>\n\n\n\n<h2 class=\"wp-block-heading\">Ewangelia (\u0141k 19, 28-40), Ewangelia (\u0141k 22, 14 \u2013 23, 56) <\/h2>\n\n\n\n<h1 class=\"wp-block-heading\">TRIDUUM PASCHALNE<\/h1>\n\n\n\n<p> trzy dni, kt\u00f3re streszczaj\u0105 to co najwa\u017cniejsze.<\/p>\n\n\n\n<h1 class=\"wp-block-heading\">WIELKI  CZWARTEK<\/h1>\n\n\n\n<p> Ko\u015bci\u00f3\u0142 staje si\u0119 w tym dniu, w czasie liturgii Wieczernikiem, w kt\u00f3rym Jezus spotyka si\u0119 przed M\u0119k\u0105 ze swoimi uczniami, umywa im nogi i nazywa przyjaci\u00f3\u0142mi. <\/p>\n\n\n\n<p><strong>18:00  Msza Wieczerzy Pa\u0144skiej<\/strong> \u2013 pami\u0105tka ustanowienia Eucharystii i Kap\u0142a\u0144stwa. Tego dnia liturgia ko\u0144czy si\u0119 przeniesieniem Naj\u015bwi\u0119tszego Sakramentu do Ciemnicy. <br><strong>Od godz. 21:00 \u2013 <\/strong>adoracja prowadzona przez Odnow\u0119 w Duchu \u015awi\u0119tym. Adoracja trwa do godziny 22:00. <\/p>\n\n\n\n<h1 class=\"wp-block-heading\">WIELKI  PI\u0104TEK<\/h1>\n\n\n\n<p> Dzie\u0144 M\u0119ki i \u015bmierci naszego Pana Jezusa Chrystusa. W tym dniu Ko\u015bci\u00f3\u0142 nie sprawuje Mszy \u015bw. Gromadzimy si\u0119 na wieczornej liturgii ku czci M\u0119ki Pa\u0144skiej. <br><br><strong>9:00 &#8211; CIEMNA JUTRZNIA<\/strong> \u2013 modlitwa brewiarzowa <br><strong>15:00 \u2013 GODZINA MI\u0141OSIERDZIA<\/strong> &#8211; Droga Krzy\u017cowa. oraz Pierwszy Dzie\u0144 Nowenny do Mi\u0142osierdzia Bo\u017cego <br><strong>18:00 LITURGIA M\u0118KI PA\u0143SKIEJ I ADORACJA KRZY\u017bA<\/strong> \u2013 Sk\u0142ada si\u0119 z czterech cz\u0119\u015bci: pierwsza to s\u0142uchanie S\u0142owa Bo\u017cego, druga  to ods\u0142oni\u0119cie i adoracja Krzy\u017ca, po niej obrz\u0119dy Komunii \u015awi\u0119tej. <\/p>\n\n\n\n<p>Adoracja Krzy\u017ca odb\u0119dzie si\u0119 przez uca\u0142owanie Krzy\u017ca. Liturgia ko\u0144czy si\u0119 przeniesieniem Naj\u015bwi\u0119tszego Sakramentu do symbolicznego Grobu Pa\u0144skiego. <\/p>\n\n\n\n<p><strong>UWAGA!!!  W tym dniu obowi\u0105zuje nas POST \u015aCIS\u0141Y<\/strong> tzn. wstrzemi\u0119\u017aliwo\u015b\u0107 od pokarm\u00f3w mi\u0119snych i ograniczenie ilo\u015bci spo\u017cywanego pokarmu (trzy posi\u0142ki \u2013 jeden do syta i dwa lekkie). <\/p>\n\n\n\n<h1 class=\"wp-block-heading\">WIELKA  SOBOTA<\/h1>\n\n\n\n<p> <strong>9:00 CIEMNA JUTRZNIA<\/strong> \u2013 modlitwa brewiarzowa Dzie\u0144 Adoracji przy Grobie Pa\u0144skim. <\/p>\n\n\n\n<p>Zapraszamy na<strong> po\u015bwiecenie pokarm\u00f3w<\/strong> na st\u00f3\u0142 Wielkanocny i adoracj\u0119 do ko\u015bcio\u0142a <strong>na godz. 10:00, 10:30, 11:00, 11:30, 12:00, 12:30, 13:00, 13:30, 14:00 i 14:30.<\/strong> Podczas po\u015bwi\u0119cenia koszyk trzymamy przed sob\u0105, aby zachowa\u0107 wi\u0119kszy porz\u0105dek oraz dystans. Ofiary zbierane w tym dniu przeznaczone b\u0119d\u0105 dla os\u00f3b korzystaj\u0105cych z pomocy Caritas w naszej parafii. <br><br><strong>15:00 II DZIE\u0143 NOWENNY DO MI\u0141OSIERDZIA BO\u017bEGO <\/strong><br><br><strong>20:00 WIGILIA PASCHALNA <\/strong>&#8211; To najpi\u0119kniejsza i najbardziej rozbudowana liturgia w ca\u0142ym roku. W jej trakcie proklamowane jest uroczy\u015bcie zwyci\u0119stwo Jezusa nad grzechem i \u015bmierci\u0105 oraz og\u0142oszenie Jego zmartwychwstania.  Liturgia rozpocznie si\u0119 przed Ko\u015bcio\u0142em, jednak wiernych prosimy o pozostanie w Ko\u015bciele. Na liturgi\u0119 zabieramy ze sob\u0105 naczynko na wod\u0119 \u015bwi\u0119con\u0105 oraz \u015bwiec\u0119. <\/p>\n\n\n\n<p><\/p>\n\n\n\n<figure class=\"wp-block-image\"><a href=\"http:\/\/rafalk-elblag.pl\/wp-content\/uploads\/2021\/08\/ogloszenia-parafialne-baner-01a.jpg\"><img loading=\"lazy\" decoding=\"async\" width=\"720\" height=\"232\" src=\"http:\/\/rafalk-elblag.pl\/wp-content\/uploads\/2021\/08\/ogloszenia-parafialne-baner-01a.jpg\" alt=\"\" class=\"wp-image-4410\" srcset=\"https:\/\/rafalk-elblag.pl\/wp-content\/uploads\/2021\/08\/ogloszenia-parafialne-baner-01a.jpg 720w, https:\/\/rafalk-elblag.pl\/wp-content\/uploads\/2021\/08\/ogloszenia-parafialne-baner-01a-300x97.jpg 300w\" sizes=\"auto, (max-width: 720px) 100vw, 720px\" \/><\/a><\/figure>\n\n\n\n<h1 class=\"wp-block-heading\">Og\u0142oszenia parafialne 10.04.2022r<\/h1>\n\n\n\n<ol class=\"wp-block-list\"><li>Gr\u00f3b Pa\u0144ski jest wyrazem wdzi\u0119czno\u015bci Chrystusowi, kt\u00f3ry umar\u0142 za nas. Kto zechcia\u0142by przyczyni\u0107 si\u0119 do upi\u0119kszenia GROBU i KO\u015aCIO\u0141A mo\u017ce, po ka\u017cdej Mszy \u015bwi\u0119tej z\u0142o\u017cy\u0107 dzisiaj ofiar\u0119 do puszki na kwiaty. Dzi\u0119kujemy za zrozumienie.<\/li><li><strong>Zapraszamy jeszcze dzi\u015b w okresie WIELKIEGO POSTU na Adoracj\u0119 Naj\u015bwi\u0119tszego Sakramentu od godz. 16:00 do godz. 17:15.<\/strong><\/li><li>Spotkania dla rodzic\u00f3w dzieci klas III przygotowuj\u0105cych si\u0119 do I KOMUNII \u015aWI\u0118TEJ odb\u0119dzie si\u0119 w poniedzia\u0142ek 11 kwietnia br. o godz. 19:00 w ko\u015bciele. Obecno\u015b\u0107 obowi\u0105zkowa.<\/li><li>ZACH\u0118CAMY DO SPOWIEDZI \u015aWI\u0118TEJ, gdy\u017c od Wielkiego Czwartku rozpoczynamy TRIDUUM PASCHALNE i mo\u017cliwo\u015b\u0107 skorzystania z Sakramentu Pokuty b\u0119dzie ograniczona. Spowied\u017a dodatkowa jeszcze we wtorek od 19:00 do godz. 20:00.<\/li><li>W Wielk\u0105 \u015arod\u0119 przed \u015bwi\u0119tami Wielkanocy, tj. 13 kwietnia 2022, odb\u0119dzie si\u0119 na ulicach Elbl\u0105ga nabo\u017ce\u0144stwo Drogi Krzy\u017cowej. Rozpocz\u0119cie o godz. 19.00, przy ko\u015bciele Matki Bo\u017cej Kr\u00f3lowej Polski (ul. Robotnicza). Stamt\u0105d, ulicami: p\u0142k. D\u0105bka, 12 Lutego, Hetma\u0144sk\u0105 i Giermk\u00f3w b\u0119dziemy w\u0119drowa\u0107 w stron\u0119 katedry \u015bw. Miko\u0142aja. <strong>Zapraszam do udzia\u0142u w Drodze Krzy\u017cowej, aby wsp\u00f3lnie z innymi wspomina\u0107 M\u0119k\u0119 Chrystusa i zastanowi\u0107 si\u0119 nad jej znaczeniem dla ka\u017cdego cz\u0142owieka i \u015bwiata, tak\u017ce dzi\u015b. Parafia \u015bw. Rafa\u0142a Kalinowskiego i \u015bw. Rodziny niesie wsp\u00f3lnie krzy\u017c od stacji X do XI. Prosz\u0119 osoby uczestnicz\u0105ce w drodze szczeg\u00f3lnie m\u0119\u017cczyzn, by ponie\u015bli krzy\u017c.<\/strong><\/li><li>W \u015brod\u0119 (13 kwietnia) od godz.16:00 do godz.17:00 Parafialny Oddzia\u0142 Caritas przy ul. Myliusa 1A, b\u0119dzie wydawa\u0142 paczki \u015bwi\u0105teczne dla os\u00f3b potrzebuj\u0105cych wsparcia.<\/li><li>W WIELKI PI\u0104TEK o godz. 15:00 rozpoczniemy Nowenn\u0119, kt\u00f3ra przygotowywa\u0107 nas b\u0119dzie do Niedzieli Mi\u0142osierdzia Bo\u017cego. Od Niedzieli Nowenna odprawiana b\u0119dzie po Mszy \u015bw. wieczorowej.<\/li><li>Plan czuwania mieszka\u0144c\u00f3w naszej parafii na WIELKI PI\u0104TEK:<br><strong>\u2022 9:00 <\/strong>\u2013 Ciemna Jutrznia<br>\u2022<strong> 10:00 \u2013 11:00 <\/strong>\u2013 mieszka\u0144cy ul. Korczaka<br><strong>\u2022 11:00 \u2013 12:00<\/strong> \u2013 mieszka\u0144cy ul. Brzechwy, Tuwima<br><strong>\u2022 12:00 \u2013 13:00<\/strong> \u2013 mieszka\u0144cy ul. Sobieskiego, K\u0142oczowskiego<br><strong>\u2022 13:00 \u2013 14:00<\/strong> \u2013 mieszka\u0144cy ul. Myliusa, Leszczy\u0144skiego, Legion\u00f3w, Fromborskiej<br><strong>\u2022 14:00 \u2013 15:00<\/strong> \u2013 mieszka\u0144cy ul. Mieszka I, \u0141okietka, Krzywoustego<br><strong>\u2022 15:00<\/strong> &#8211; Godzina Mi\u0142osierdzia<br><strong>\u2022 16:00 \u2013 17:00<\/strong> \u2013 mieszka\u0144cy ul. Og\u00f3lnej, Lubelskiej, Porazi\u0144skiej.<\/li><li><strong>W NIEDZIEL\u0118 ZMARTWYCHWSTANIA<\/strong> Msza Rezurekcyjna o godz. 6:00 i procesj\u0105 wok\u00f3\u0142 Ko\u015bcio\u0142a. Kolejne Msze \u015bw. o godz. 10:00, 12:00 i 18:00. <strong>UWAGA: NIE MA MSZY \u015aW.<\/strong> o godz. 8:00 i o godz.15:00<\/li><li>Kancelaria Parafialna czynna b\u0119dzie tylko w Wielk\u0105 \u015arod\u0119 od 16:00 do 17:30.<\/li><li>Jest ju\u017c mo\u017cliwo\u015b\u0107 zam\u00f3wienia obrazu Jezusa Mi\u0142osiernego w cenie 50 z\u0142.,( wielko\u015b\u0107 20 x45) kt\u00f3re zostan\u0105 po\u015bwi\u0119cone w Niedziel\u0119 Mi\u0142osierdzia Bo\u017cego o godz. 15:00. Zapisy w zakrystii.<\/li><li>Zach\u0119cam do nabywania nowego numeru \u201eGo\u015bcia Niedzielnego\u201d w cenie 8 z\u0142. z dodatkiem \u201eGo\u015bcia Elbl\u0105skiego\u201d a nim wydarzenia z diecezji.<\/li><li>W ostatnim czasie odeszli do wieczno\u015bci:<br><br><strong>\u2020 \u015bp. Izabela CZACHOROWSKA <\/strong>lat 90 z ul. K\u0142oczowskiego<br><strong>\u2020 \u015bp. W\u0142adys\u0142aw GRABOWSKI<\/strong> lat 86 z ul. Myliusa<br><strong>\u2020 \u015bp. Zbigniew WILGA <\/strong>lat 74 z ul. K\u0142oczowskiego<br><br>Wieczny odpoczynek racz im da\u0107 Panie\u2026<br><\/li><\/ol>\n\n\n\n<figure class=\"wp-block-image\"><img decoding=\"async\" src=\"http:\/\/rafalk-elblag.pl\/wp-content\/uploads\/2020\/04\/baner-intencje-mszy.jpg\" alt=\"\"\/><\/figure>\n\n\n\n<h1 class=\"wp-block-heading\">Intencje mszalne 10.04.2022r<\/h1>\n\n\n\n<p><br><strong>III Niedziela Wielkiego Postu \/ 10 kwietnia 2022<\/strong><br>8.00 \u2020 Stanis\u0142aw w 16 rocznic\u0119 \u015bmierci i zmar\u0142ych z rodziny<br>10.00 \u2020 Jan i Helena KAPCIAK<br>12.00 W intencji Parafian<br>15.00 O Bo\u017ce b\u0142ogos\u0142awie\u0144stwo dla Nikodema i ca\u0142ej Jego rodziny, Agnieszki i ca\u0142ej rodziny zakonnej oraz dla Magdaleny i ca\u0142ej Jej rodziny<br>18.00 \u2020 Teresa MA\u0141KOWSKA z okazji 69 rocznicy ziemskich urodzin<br><\/p>\n\n\n\n<p><strong>PONIEDZIA\u0141EK \/ 11 kwietnia 2022 r.<\/strong><br>8.00 \u2020 Marta i J\u00f3zef LIPI\u0143SCY<br>18.00 \u2020 Sabina i W\u0142adys\u0142aw (m) WASILEWSCY, W\u0142odzimierz \u0141OKUCIEJEWSKI<br>18.00 \u2020 Jadwiga Starzy\u0144ska w 16 rocznic\u0119 \u015bmierci i zmarli z rodziny<br><\/p>\n\n\n\n<p><strong>WTOREK \/ 12 kwietnia 2022 r.<\/strong><br>8.00 \u2020 Stanis\u0142aw OKO\u0143 w I rocznic\u0119 \u015bmierci<br>18.00 \u2020 Tomasz DEMBLER w I rocznic\u0119 \u015bmierci i Ryszard DEMBLER w 5 rocznic\u0119 \u015bmierci i rodzice z obojga stron<br><\/p>\n\n\n\n<p><strong>\u015aRODA \/ 13 kwietnia 2022 r.<\/strong><br>8.00 \u2020 Roman TYKARSKI oraz za dusze w czy\u015b\u0107cu cierpi\u0105ce<br>18.00 \u2020 Za zmar\u0142ych z rodziny STOLARSKICH i JAROSZ\u00d3W<br><\/p>\n\n\n\n<p><strong>CZWARTEK \/ 14 kwietnia 2022 r. \/ WIELKI CZWARTEK<\/strong><br>10.00 MSZA KRZY\u017bMA W KATEDRZE ELBL\u0104SKIEJ<br>18.00 Za kap\u0142an\u00f3w<br>18.00 \u2020 Jan PRZYBY\u0141EK w 27 rocznic\u0119 \u015bmierci, Bogdan, oraz bracia i siostry i rodzice z obojga stron<br><\/p>\n\n\n\n<p><strong>PI\u0104TEK \/ 15 kwietnia 2022 r. \/ WIELKI PI\u0104TEK<\/strong><br>9.00 CIEMNE JUTRZNIA<br>15.00 DROGA KRZY\u017bOWA I PIERWSZY DZIE\u0143 NOWENNY PRZED NIEDZIEL\u0104 BO\u017bEGO MI\u0141OSIERDZIA &#8211; zapraszamy<br>18.00 LITURGIA M\u0118KI PA\u0143SKIEJ<br><\/p>\n\n\n\n<p><strong>SOBOTA \/ 16 kwietnia 2022 r. \/ WIELKA SOBOTA<\/strong><br>9.00 CIEMNE JUTRZNIA<br>15.00 II DZIE\u0143 NOWENNY PRZED NIEDZIEL\u0104 BO\u017bEGO MI\u0141OSIERDZIA<br>20.00 \u2020 Teresa MA\u0141KOWSKA w I rocznic\u0119 \u015bmierci<br><\/p>\n\n\n\n<p><strong>Niedziela Zmartwychwstania Pa\u0144skiego \/ 17 kwietnia 2022 r.<\/strong><br>6.00 REZUREKCJA Z PROCESJ\u0104 WOK\u00d3\u0141 KO\u015aIO\u0141A Msza \u015bw. w intencji Parafian<br>6.00 Dzi\u0119kczynna w 44 rocznic\u0119 \u015blubu Ireny i J\u00f3zefa BRZ\u00d3SKA z pro\u015bb\u0105 o Bo\u017ce b\u0142ogos\u0142awie\u0144stwo, wszelkie potrzebne \u0142aski dla Jubilat\u00f3w<br>10.00 \u2020 Ryszard MYSZK w 3 rocznic\u0119 \u015bmierci<br>12.00 \u2020 Monika, Wiktor JANKOWSCY i zmarli z rodziny KAMI\u0143SKICH<br>18.00 \u2020 El\u017cbieta, Zygmunt \u017bACZEK, Andrzej MARSZA\u0141<\/p>\n","protected":false},"excerpt":{"rendered":"<p>Ewangelia (\u0141k 19, 28-40), Ewangelia (\u0141k 22, 14 \u2013 23, 56) TRIDUUM PASCHALNE trzy dni, kt\u00f3re streszczaj\u0105 to co najwa\u017cniejsze. WIELKI CZWARTEK Ko\u015bci\u00f3\u0142 staje si\u0119 w tym dniu, w czasie liturgii Wieczernikiem, w kt\u00f3rym Jezus spotyka si\u0119 przed M\u0119k\u0105 ze swoimi uczniami, umywa im nogi i nazywa przyjaci\u00f3\u0142mi. 18:00 Msza Wieczerzy Pa\u0144skiej \u2013 pami\u0105tka ustanowienia [&hellip;]<\/p>\n","protected":false},"author":1,"featured_media":4656,"comment_status":"closed","ping_status":"closed","sticky":false,"template":"","format":"standard","meta":{"ngg_post_thumbnail":0,"footnotes":""},"categories":[11,8,4,3],"tags":[],"class_list":["post-4653","post","type-post","status-publish","format-standard","has-post-thumbnail","hentry","category-aktualnosci","category-blog","category-intencje","category-ogloszenia"],"_links":{"self":[{"href":"https:\/\/rafalk-elblag.pl\/index.php?rest_route=\/wp\/v2\/posts\/4653","targetHints":{"allow":["GET"]}}],"collection":[{"href":"https:\/\/rafalk-elblag.pl\/index.php?rest_route=\/wp\/v2\/posts"}],"about":[{"href":"https:\/\/rafalk-elblag.pl\/index.php?rest_route=\/wp\/v2\/types\/post"}],"author":[{"embeddable":true,"href":"https:\/\/rafalk-elblag.pl\/index.php?rest_route=\/wp\/v2\/users\/1"}],"replies":[{"embeddable":true,"href":"https:\/\/rafalk-elblag.pl\/index.php?rest_route=%2Fwp%2Fv2%2Fcomments&post=4653"}],"version-history":[{"count":2,"href":"https:\/\/rafalk-elblag.pl\/index.php?rest_route=\/wp\/v2\/posts\/4653\/revisions"}],"predecessor-version":[{"id":4661,"href":"https:\/\/rafalk-elblag.pl\/index.php?rest_route=\/wp\/v2\/posts\/4653\/revisions\/4661"}],"wp:featuredmedia":[{"embeddable":true,"href":"https:\/\/rafalk-elblag.pl\/index.php?rest_route=\/wp\/v2\/media\/4656"}],"wp:attachment":[{"href":"https:\/\/rafalk-elblag.pl\/index.php?rest_route=%2Fwp%2Fv2%2Fmedia&parent=4653"}],"wp:term":[{"taxonomy":"category","embeddable":true,"href":"https:\/\/rafalk-elblag.pl\/index.php?rest_route=%2Fwp%2Fv2%2Fcategories&post=4653"},{"taxonomy":"post_tag","embeddable":true,"href":"https:\/\/rafalk-elblag.pl\/index.php?rest_route=%2Fwp%2Fv2%2Ftags&post=4653"}],"curies":[{"name":"wp","href":"https:\/\/api.w.org\/{rel}","templated":true}]}}