{"id":4649,"date":"2022-04-03T17:12:00","date_gmt":"2022-04-03T17:12:00","guid":{"rendered":"http:\/\/rafalk-elblag.pl\/?p=4649"},"modified":"2022-04-06T17:38:17","modified_gmt":"2022-04-06T17:38:17","slug":"biuletyn-03-04-2022-v-niedziela-wielkiego-postu","status":"publish","type":"post","link":"https:\/\/rafalk-elblag.pl\/?p=4649","title":{"rendered":"Biuletyn 03.04.2022, V Niedziela Wielkiego Postu"},"content":{"rendered":"\n<figure class=\"wp-block-image size-large\"><img loading=\"lazy\" decoding=\"async\" width=\"740\" height=\"407\" src=\"http:\/\/rafalk-elblag.pl\/wp-content\/uploads\/2022\/04\/baner-030422.jpg\" alt=\"\" class=\"wp-image-4650\" srcset=\"https:\/\/rafalk-elblag.pl\/wp-content\/uploads\/2022\/04\/baner-030422.jpg 740w, https:\/\/rafalk-elblag.pl\/wp-content\/uploads\/2022\/04\/baner-030422-300x165.jpg 300w\" sizes=\"auto, (max-width: 740px) 100vw, 740px\" \/><\/figure>\n\n\n\n<h1 class=\"wp-block-heading\">Ewangelia (J 8, 1-11)\nOd tej chwili ju\u017c nie grzesz\n<\/h1>\n\n\n\n<p><strong>\nS\u0142owa Ewangelii wed\u0142ug \u015awi\u0119tego Jana<\/strong><\/p>\n\n\n\n<p>  Jezus uda\u0142 si\u0119 na G\u00f3r\u0119 Oliwn\u0105, ale o brzasku zjawi\u0142 si\u0119 zn\u00f3w w \u015bwi\u0105tyni. Ca\u0142y lud schodzi\u0142 si\u0119 do Niego, a On, usiad\u0142szy, naucza\u0142 ich. W\u00f3wczas uczeni w Pi\u015bmie i faryzeusze przyprowadzili do Niego kobiet\u0119, kt\u00f3r\u0105 dopiero co pochwycono na cudzo\u0142\u00f3stwie, a postawiwszy j\u0105 po\u015brodku, powiedzieli do Niego: \u00abNauczycielu, t\u0119 kobiet\u0119 dopiero co pochwycono na cudzo\u0142\u00f3stwie. W Prawie Moj\u017cesz nakaza\u0142 nam takie kamienowa\u0107. A Ty co powiesz?\u00bb M\u00f3wili to, wystawiaj\u0105c Go na pr\u00f3b\u0119, aby mieli o co Go oskar\u017cy\u0107. Lecz Jezus, schyliwszy si\u0119, pisa\u0142 palcem po ziemi. A kiedy w dalszym ci\u0105gu Go pytali, podni\u00f3s\u0142 si\u0119 i rzek\u0142 do nich: \u00abKto z was jest bez grzechu, niech pierwszy rzuci w ni\u0105 kamieniem\u00bb. I powt\u00f3rnie schyliwszy si\u0119, pisa\u0142 na ziemi. Kiedy to us\u0142yszeli, jeden po drugim zacz\u0119li odchodzi\u0107, poczynaj\u0105c od starszych, a\u017c do ostatnich. Pozosta\u0142 tylko Jezus i kobieta stoj\u0105ca na \u015brodku. W\u00f3wczas Jezus, podni\u00f3s\u0142szy si\u0119, rzek\u0142 do niej: \u00abKobieto, gdzie\u017c oni s\u0105? Nikt ci\u0119 nie pot\u0119pi\u0142?\u00bb A ona odrzek\u0142a: \u00abNikt, Panie!\u00bb Rzek\u0142 do niej Jezus: \u00abI Ja ciebie nie pot\u0119piam. Id\u017a i odt\u0105d ju\u017c nie grzesz\u00bb. <br>\u00a0<\/p>\n\n\n\n<h1 class=\"wp-block-heading\">WIARA W TRUDNYCH CZASACH<\/h1>\n\n\n\n<p> Chrze\u015bcijanom jest coraz trudniej wierzy\u0107 \u2013 m\u00f3wi\u0105 gazety, telewizja, czo\u0142\u00f3wki internetowych portali. Nam samym te\u017c czasem trudno wytrwa\u0107 przy Bogu \u2013 w ko\u0144cu \u017cyjemy w nie\u0142atwym XXI wieku. To pierwsze skojarzenie. Dopiero p\u00f3\u017aniej refleksja w\u0119druje w stron\u0119 czas\u00f3w wojen, wielkiej schizmy, reformacji i kontrreformacji. Od momentu, gdy Jezus powo\u0142uje Ko\u015bci\u00f3\u0142, a\u017c do dzi\u015b mo\u017cemy naliczy\u0107 jeszcze wi\u0119cej takich trudnych moment\u00f3w. Ale przecie\u017c historia wiary, kt\u00f3r\u0105 wyznajemy, si\u0119ga dalej, a\u017c po Abrahama.<\/p>\n\n\n\n<p> Jego r\u00f3wnie\u017c dotkn\u0119\u0142y \u201etrudne czasy\u201d. Przed Abrahamem by\u0142 za\u015b praojciec Adam, kt\u00f3remu B\u00f3g zapowiedzia\u0142 trudy \u017cycia jako konsekwencj\u0119 pope\u0142nionego grzechu pierworodnego. By\u0107 mo\u017ce wi\u0119c taka wiara jest po prostu \u201ezwyczajn\u0105\u201d wiar\u0105 Ko\u015bcio\u0142a.  B\u00f3g zawsze sk\u0142ania nas do dzia\u0142ania i zadawania pyta\u0144, na kt\u00f3re On sam odpowiada dzia\u0142aniem \u2013 \u0142ask\u0105. <\/p>\n\n\n\n<p>Tak\u0105 natur\u0119 objawi\u0142, przedstawiaj\u0105c si\u0119 Moj\u017ceszowi: JESTEM, KT\u00d3RY JESTEM. By\u0107 mo\u017ce wi\u0119c trzeba stawia\u0107 pytanie: jak wierzy\u0107 w trudnych czasach? Nie da si\u0119 odpowiedzie\u0107 na to pytanie, nie dotykaj\u0105c osobistej wiary i niewiary cz\u0142owieka. Te dwa \u015bwiaty wci\u0105\u017c nies\u0142usznie dzielone s\u0105 na sacrum i profanum. Tymczasem przenikaj\u0105 si\u0119 w nas i u\u015bwi\u0119caj\u0105 nasze \u017cycie. Motywuj\u0105 do tw\u00f3rczego szukania odpowiedzi: w przypadku wiary w relacji z Bogiem; w przypadku niewiary w poszukiwaniu Boga \u2013 nawet nienazwanego.  <\/p>\n\n\n\n<p>Wielu z nas by\u0107 mo\u017ce nigdy nie by\u0142o bli\u017cej \u017cywego i prawdziwego Boga ni\u017c w pustce w\u0142asnej niewiary. Ona daje szans\u0119 na oczyszczenie si\u0119 z tego, co by\u0142o w nas jedynie u\u0142ud\u0105 Boga.  Za uczniami w drodze do Emaus powtarzamy jak mantr\u0119 \u201ea my\u015bmy si\u0119 spodziewali\u201d \u2013 i jest to cz\u0119sto pierwsza oznaka spotkania z Nim. Wszystko bowiem zale\u017cy od perspektywy. Cie\u0144 niewiary nas przera\u017ca, ale skoro jest cie\u0144, musi by\u0107 te\u017c \u017ar\u00f3d\u0142o \u015bwiat\u0142a. Mrok i cierpienie staj\u0105 si\u0119 wtedy niejako dowodem na \u201eistnienie\u201d Boga. Boga nie ma ani bardziej, ani mniej przez fakt istnienia z\u0142a na \u015bwiecie. Nam jednak ten obraz jest potrzebny, bo podpowiada, \u017ce na tle owego z\u0142a tylko B\u00f3g jest prawdziw\u0105 nadziej\u0105. By\u0107 mo\u017ce tego w\u0142a\u015bnie do\u015bwiadcza\u0142a pod krzy\u017cem Maryja. B\u0142\u0119dnie nazywamy to \u201e\u0142ask\u0105 ciemno\u015bci\u201d lub \u201e\u0142ask\u0105 pustyni\u201d. <\/p>\n\n\n\n<p>Jednak to nie B\u00f3g nam zsy\u0142a ciemno\u015b\u0107, ale Jego \u0142aska objawia si\u0119 na tle naszej ciemno\u015bci i pustyni. On zawsze jest tym, kt\u00f3ry ratuje nasz\u0105 wiar\u0119 i \u017cycie. \u201eNie z\u0142amie trzciny nad\u0142amanej, nie zagasi knotka o nik\u0142ym p\u0142omyku\u201d. \u201ePrzyjd\u017acie do Mnie wszyscy, kt\u00f3rzy utrudzeni i obci\u0105\u017ceni jeste\u015bcie, a Ja was pokrzepi\u0119&#8221;.  M\u00f3wi do nas Jezus: Przyjd\u017acie po si\u0142\u0119 do znoszenia przeciwno\u015bci, trud\u00f3w losu, cierpienia, przyjd\u017acie po moc do zwalczanie pokus, opierania si\u0119 wielorakim falom z\u0142a, przyjd\u017acie zw\u0142aszcza wtedy gdy \u015bmier\u0107 bliskich przes\u0142ania nadziej\u0119. U Jezusa szukajmy umocnienia. Od wydarze\u0144, kt\u00f3re rodz\u0105 b\u00f3l, nie mo\u017cemy si\u0119 cz\u0119sto uwolni\u0107, ale bardzo wa\u017cne jest, \u017ceby wtedy zdawa\u0107 si\u0119 na Pana. Zaufanie do Boga budujemy na naszej modlitwie. <\/p>\n\n\n\n<p>Siostra Faustyna w swoim Dzienniczku zapisa\u0142a nast\u0119puj\u0105ce s\u0142owa Pana Jezusa: \u0141aski z Mojego Mi\u0142osierdzia czerpie si\u0119 jednym naczyniem, a nim jest \u2013 ufno\u015b\u0107. Im dusza wi\u0119cej zaufa, tym wi\u0119cej otrzyma. Wielk\u0105 mi s\u0105 pociech\u0105 dusze o bezgranicznej ufno\u015bci, bo w takie dusze przelewam wszystkie skarby swych \u0142ask. Ciesz\u0119 si\u0119, \u017ce \u017c\u0105daj\u0105 wiele, bo moim pragnieniem jest dawa\u0107 wiele, i to bardzo wiele. Smuc\u0119 si\u0119 natomiast, je\u017celi dusze \u017c\u0105daj\u0105 ma\u0142o, zacie\u015bniaj\u0105 swe serca. Powiedz duszom, by nie stawia\u0142y tamy mojemu Mi\u0142osierdziu we w\u0142asnym sercu, kt\u00f3re tak bardzo pragnie w nich dzia\u0142a\u0107 (Dz.1578). Bo\u017ce, nadziejo nasza! Wzbud\u017a w nas nadziej\u0119 chrze\u015bcija\u0144sk\u0105, aby by\u0142a nasz\u0105 podpor\u0105 i pociech\u0105. Nie dopu\u015b\u0107 na nas kl\u0119ski za\u0142amania si\u0119 pod codziennym krzy\u017cem cierpienia. <\/p>\n\n\n\n<p>Jak siewca cieszy si\u0119 wizj\u0105 bogatego \u017cniwa, a matka w bole\u015bciach rodz\u0105ca przyj\u015bciem na \u015bwiat dziecka, tak my cierpi\u0105cy po \u0142zach spodziewamy si\u0119 rado\u015bci, po ucisku \u2013 wyzwolenia, po trwodze \u2013 spokoju, po ciemno\u015bciach \u2013 blasku \u015bwiat\u0142o\u015bci, a za progiem \u015bmierci \u2013 zorzy zmartwychwstania i wiecznej szcz\u0119\u015bliwo\u015bci. <\/p>\n\n\n\n<p><\/p>\n\n\n\n<figure class=\"wp-block-image\"><a href=\"http:\/\/rafalk-elblag.pl\/wp-content\/uploads\/2021\/08\/ogloszenia-parafialne-baner-01a.jpg\"><img loading=\"lazy\" decoding=\"async\" width=\"720\" height=\"232\" src=\"http:\/\/rafalk-elblag.pl\/wp-content\/uploads\/2021\/08\/ogloszenia-parafialne-baner-01a.jpg\" alt=\"\" class=\"wp-image-4410\" srcset=\"https:\/\/rafalk-elblag.pl\/wp-content\/uploads\/2021\/08\/ogloszenia-parafialne-baner-01a.jpg 720w, https:\/\/rafalk-elblag.pl\/wp-content\/uploads\/2021\/08\/ogloszenia-parafialne-baner-01a-300x97.jpg 300w\" sizes=\"auto, (max-width: 720px) 100vw, 720px\" \/><\/a><\/figure>\n\n\n\n<h1 class=\"wp-block-heading\">Og\u0142oszenia parafialne 03.04.2022r<\/h1>\n\n\n\n<ol class=\"wp-block-list\"><li>Caritas Parafialna za rozprowadza \u015bwieczki na st\u00f3\u0142 WIELKANOCNY w cenie 12 z\u0142.<br><\/li><li><strong>W pierwsze niedziele miesi\u0105ca ofiary z\u0142o\u017cone na tac\u0119 przeznaczone s\u0105 na inwestycje parafialne.<\/strong> B\u00f3g zap\u0142a\u0107 za sk\u0142adane ofiary w ko\u015bciele i na konto parafialne.<br><\/li><li>Zapraszamy w ka\u017cd\u0105 Niedziel\u0119 WIELKIEGO POSTU <strong>na Adoracj\u0119 Naj\u015bwi\u0119tszego Sakramentu od godz. 16:00 do godz. 17:15.<\/strong> Masz mo\u017cliwo\u015b\u0107 spotkania si\u0119 z Jezusem w ciszy. PRZYJD\u0179 !!!<br><\/li><li><strong>Wykorzystajmy czas WIELKIEGO POSTU dla naszego wzrostu duchowego poprzez gorliwy i owocny udzia\u0142u w Liturgii Wielkopostnej i w Nabo\u017ce\u0144stwach Pokutnych. <\/strong>Zapraszamy w ka\u017cd\u0105 niedziel\u0119 o godz. 17:15 na Gorzkie \u017bale z kazaniem pasyjnym, a ka\u017cdy pi\u0105tek Wielkiego Postu na Drog\u0119 Krzy\u017cow\u0105: o godz. 16:30 dla dzieci; o godz. 19:00 dla doros\u0142ych i m\u0142odzie\u017cy.<br><\/li><li><strong>PAMI\u0118TAJMY, \u017ce Wielki Post jest tak zwanym \u201eczasem zakazanym\u201d<\/strong> dla wszelkich hucznych wesel, zabaw i dyskotek !!!<br><\/li><li>W tym tygodniu przypada pierwszy czwartek miesi\u0105ca. <strong>Zapraszamy do wsp\u00f3lnej modlitwy o nowe powo\u0142ania kap\u0142a\u0144skie i zakonne.<\/strong> Msza \u015bw. o godz. 18:00, a po niej ,,Godzina \u015awi\u0119ta\u201d czyli ADORACJA przed Naj\u015bwi\u0119tszym Sakramentem w powy\u017cszych intencjach.<br><\/li><li>Pami\u0119tajmy o Skarbonce na Ja\u0142mu\u017cn\u0119 Wielkopostn\u0105 2022. W ten spos\u00f3b w\u0142\u0105czamy si\u0119 w og\u00f3lnopolsk\u0105 akcj\u0119 <strong>\u201eCZAS MI\u0141OSIERDZIA\u201d.<\/strong><br><\/li><li>Zach\u0119cam wiernych do przekazania 1% podatku dla Caritas Polska. Przy Biuletynie znajdziemy ulotki informuj\u0105ce jak to mo\u017cna uczyni\u0107. <strong>\u201eWIERZYMY, \u017bE WARTO POMAGA\u0106\u201d.<\/strong><br><\/li><li>Ofiary na kwiaty do Grobu Pa\u0144skiego i Ko\u015bcio\u0142a b\u0119dzie mo\u017cna z\u0142o\u017cy\u0107 za tydzie\u0144 (w Niedziel\u0119 Palmow\u0105) do puszek przed ko\u015bcio\u0142em. Dzi\u0119kuj\u0119 za zrozumienie.<br><\/li><li><strong>Jest ju\u017c mo\u017cliwo\u015b\u0107 zam\u00f3wienia obrazu Jezusa Mi\u0142osiernego w cenie 50 z\u0142.,( wielko\u015b\u0107 20 x45)<\/strong> kt\u00f3re zostan\u0105 po\u015bwi\u0119cone w Niedziel\u0119 Mi\u0142osierdzia Bo\u017cego &#8211; 24 kwietnia o godz. 15:00. Zapisy w zakrystii.<br><\/li><li>Zach\u0119cam do nabywania nowego numeru \u201eGo\u015bcia Niedzielnego\u201d w cenie 8 z\u0142. z dodatkiem \u201eGo\u015bcia Elbl\u0105skiego\u201d a nim wydarzenia z diecezji.<br><\/li><li>Pan powo\u0142a\u0142 do wieczno\u015bci: <br><br><strong>\u2020 \u015bp. W\u0142adys\u0142awa CZUPAJ\u0141O<\/strong> lat 81 z ul. Mieszka I <br><br>Wieczny odpoczynek racz mu da\u0107 Panie\u2026<br><\/li><\/ol>\n\n\n\n<figure class=\"wp-block-image\"><img decoding=\"async\" src=\"http:\/\/rafalk-elblag.pl\/wp-content\/uploads\/2020\/04\/baner-intencje-mszy.jpg\" alt=\"\"\/><\/figure>\n\n\n\n<h1 class=\"wp-block-heading\">Intencje mszalne 03.04.2022r<\/h1>\n\n\n\n<p><strong>PONIEDZIA\u0141EK \/ 4 kwietnia 2022 r.<\/strong><br>8.00 \u2020 Stanis\u0142awa (k) OBSZA\u0143SKA w 22 rocznic\u0119 \u015bmierci<br>8.00 \u2020 Ewa SZULC w 30 dzie\u0144 po pogrzebie<br>18.00 \u2020 Cecylia CHMIEL w 7 rocznic\u0119 \u015bmierci<br><\/p>\n\n\n\n<p><strong>WTOREK \/ 5 kwietnia 2022 r.<\/strong><br>8.00 \u2020 Roman \u017bELAZNY z okazji ziemskich imienin i zmarli z rodziny \u017bELAZNYCH i MICHALSKICH<br>18.00 \u2020 Ryszard SIKORSKI w 30 dzie\u0144 po pogrzebie i Dorota KORNOWSKA w I rocznic\u0119 \u015bmierci<br><\/p>\n\n\n\n<p><strong>\u015aRODA \/ 6 kwietnia 2022 r.<\/strong><br>8.00 \u2020 Stefania (k), Mieczys\u0142aw i Ryszard<br>18.00 \u2020 Stefania Leokadia SAKOWSKA w dniu ziemskich urodzin<br><\/p>\n\n\n\n<p><strong>CZWARTEK \/ 7 kwietnia 2022 r.<\/strong><br>PIERWSZY CZWARTEK MIESI\u0104CA<br>8.00 Za wsp\u00f3lnot\u0119 \u201ePRZEMIENIENIE\u201d<br>18.00 W intencji powo\u0142a\u0144 kap\u0142a\u0144skich, zakonnych i misyjnych oraz za pos\u0142uguj\u0105cych w parafii<br><\/p>\n\n\n\n<p><strong>PI\u0104TEK \/ 8 kwietnia 2022 r.<\/strong><br>8.00 Za dusze w czy\u015b\u0107cu cierpi\u0105ce<br>16.30 Droga Krzy\u017cowa z udzia\u0142em dzieci<br>18.00 \u2020 Irena WILE\u0143SKA, zmarli rodzice oraz zmarli z rodzin WILE\u0143SKICH i BARTOSIK\u00d3W<br>19.00 Droga Krzy\u017cowa dla doros\u0142ych i m\u0142odzie\u017cy<br><\/p>\n\n\n\n<p><strong>SOBOTA \/ 9 kwietnia 2022 r.<\/strong><br>8.00 \u2020 Wac\u0142aw \u017bENDARSKI w 25 rocznic\u0119 \u015bmierci i zmarli z rodziny<br>18.00 \u2020 Wanda PEPLI\u0143SKA w I rocznic\u0119 \u015bmierci i zmarli z rodzin: OGIERMANN\u00d3W, WI\u015aNIEWSKICH, DURA\u0141\u00d3W, PIWOWARCZYK\u00d3W i KLONOWSKICH<br>18.00 \u2020 Jan i Katarzyna WARCHOWICZ, J\u00f3zefa (k) LUDWIKOWSKA<br><\/p>\n\n\n\n<p><strong>VI Niedziela Wielkiego Postu \u2013 Niedziela M\u0119ki Pa\u0144skiej \/ 10 kwietnia 2022 r.<\/strong><br>8.00 Rez.<br>10.00 \u2020 Jan i Helena KAPCIAK<br>12.00 W intencji Parafian<br>15.00 O Bo\u017ce b\u0142ogos\u0142awie\u0144stwo dla Nikodema i ca\u0142ej Jego rodziny, Agnieszki i ca\u0142ej rodziny zakonnej oraz dla Magdaleny i ca\u0142ej Jej rodziny<br>18.00 \u2020 Teresa MA\u0141KOWSKA z okazji 69 rocznicy ziemskich urodzin<\/p>\n","protected":false},"excerpt":{"rendered":"<p>Ewangelia (J 8, 1-11) Od tej chwili ju\u017c nie grzesz S\u0142owa Ewangelii wed\u0142ug \u015awi\u0119tego Jana Jezus uda\u0142 si\u0119 na G\u00f3r\u0119 Oliwn\u0105, ale o brzasku zjawi\u0142 si\u0119 zn\u00f3w w \u015bwi\u0105tyni. Ca\u0142y lud schodzi\u0142 si\u0119 do Niego, a On, usiad\u0142szy, naucza\u0142 ich. W\u00f3wczas uczeni w Pi\u015bmie i faryzeusze przyprowadzili do Niego kobiet\u0119, kt\u00f3r\u0105 dopiero co pochwycono na [&hellip;]<\/p>\n","protected":false},"author":1,"featured_media":4651,"comment_status":"closed","ping_status":"closed","sticky":false,"template":"","format":"standard","meta":{"ngg_post_thumbnail":0,"footnotes":""},"categories":[11,8,4,3],"tags":[],"class_list":["post-4649","post","type-post","status-publish","format-standard","has-post-thumbnail","hentry","category-aktualnosci","category-blog","category-intencje","category-ogloszenia"],"_links":{"self":[{"href":"https:\/\/rafalk-elblag.pl\/index.php?rest_route=\/wp\/v2\/posts\/4649","targetHints":{"allow":["GET"]}}],"collection":[{"href":"https:\/\/rafalk-elblag.pl\/index.php?rest_route=\/wp\/v2\/posts"}],"about":[{"href":"https:\/\/rafalk-elblag.pl\/index.php?rest_route=\/wp\/v2\/types\/post"}],"author":[{"embeddable":true,"href":"https:\/\/rafalk-elblag.pl\/index.php?rest_route=\/wp\/v2\/users\/1"}],"replies":[{"embeddable":true,"href":"https:\/\/rafalk-elblag.pl\/index.php?rest_route=%2Fwp%2Fv2%2Fcomments&post=4649"}],"version-history":[{"count":1,"href":"https:\/\/rafalk-elblag.pl\/index.php?rest_route=\/wp\/v2\/posts\/4649\/revisions"}],"predecessor-version":[{"id":4652,"href":"https:\/\/rafalk-elblag.pl\/index.php?rest_route=\/wp\/v2\/posts\/4649\/revisions\/4652"}],"wp:featuredmedia":[{"embeddable":true,"href":"https:\/\/rafalk-elblag.pl\/index.php?rest_route=\/wp\/v2\/media\/4651"}],"wp:attachment":[{"href":"https:\/\/rafalk-elblag.pl\/index.php?rest_route=%2Fwp%2Fv2%2Fmedia&parent=4649"}],"wp:term":[{"taxonomy":"category","embeddable":true,"href":"https:\/\/rafalk-elblag.pl\/index.php?rest_route=%2Fwp%2Fv2%2Fcategories&post=4649"},{"taxonomy":"post_tag","embeddable":true,"href":"https:\/\/rafalk-elblag.pl\/index.php?rest_route=%2Fwp%2Fv2%2Ftags&post=4649"}],"curies":[{"name":"wp","href":"https:\/\/api.w.org\/{rel}","templated":true}]}}