{"id":4643,"date":"2022-03-27T18:41:09","date_gmt":"2022-03-27T18:41:09","guid":{"rendered":"http:\/\/rafalk-elblag.pl\/?p=4643"},"modified":"2022-03-27T18:41:09","modified_gmt":"2022-03-27T18:41:09","slug":"biuletyn-27-03-2022-iv-niedziela-wielkiego-postu","status":"publish","type":"post","link":"https:\/\/rafalk-elblag.pl\/?p=4643","title":{"rendered":"Biuletyn 27.03.2022, IV Niedziela Wielkiego Postu"},"content":{"rendered":"\n<figure class=\"wp-block-image size-large\"><img loading=\"lazy\" decoding=\"async\" width=\"1024\" height=\"547\" src=\"http:\/\/rafalk-elblag.pl\/wp-content\/uploads\/2022\/03\/baner-270322-1024x547.jpg\" alt=\"\" class=\"wp-image-4644\" srcset=\"https:\/\/rafalk-elblag.pl\/wp-content\/uploads\/2022\/03\/baner-270322-1024x547.jpg 1024w, https:\/\/rafalk-elblag.pl\/wp-content\/uploads\/2022\/03\/baner-270322-300x160.jpg 300w, https:\/\/rafalk-elblag.pl\/wp-content\/uploads\/2022\/03\/baner-270322-768x410.jpg 768w, https:\/\/rafalk-elblag.pl\/wp-content\/uploads\/2022\/03\/baner-270322.jpg 1104w\" sizes=\"auto, (max-width: 1024px) 100vw, 1024px\" \/><\/figure>\n\n\n\n<h1 class=\"wp-block-heading\">Ewangelia (\u0141k 15, 1-3.11-32)\nPrzypowie\u015b\u0107 o synu marnotrawnym\n<\/h1>\n\n\n\n<p><strong>\nS\u0142owa Ewangelii wed\u0142ug \u015awi\u0119tego \u0141ukasza<\/strong><\/p>\n\n\n\n<p> W owym czasie przybli\u017cali si\u0119 do Jezusa wszyscy celnicy i grzesznicy, aby Go s\u0142ucha\u0107. Na to szemrali faryzeusze i uczeni w Pi\u015bmie, m\u00f3wi\u0105c: \u00abTen przyjmuje grzesznik\u00f3w i jada z nimi\u00bb. Opowiedzia\u0142 im wtedy nast\u0119puj\u0105c\u0105 przypowie\u015b\u0107: \u00abPewien cz\u0142owiek mia\u0142 dw\u00f3ch syn\u00f3w. M\u0142odszy z nich rzek\u0142 do ojca: \u201eOjcze, daj mi cz\u0119\u015b\u0107 w\u0142asno\u015bci, kt\u00f3ra na mnie przypada\u201d. Podzieli\u0142 wi\u0119c maj\u0105tek mi\u0119dzy nich.<\/p>\n\n\n\n<p> Nied\u0142ugo potem m\u0142odszy syn, zabrawszy wszystko, odjecha\u0142 w dalekie strony i tam roztrwoni\u0142 swoj\u0105 w\u0142asno\u015b\u0107, \u017cyj\u0105c rozrzutnie. A gdy wszystko wyda\u0142, nasta\u0142 ci\u0119\u017cki g\u0142\u00f3d w owej krainie, i on sam zacz\u0105\u0142 cierpie\u0107 niedostatek. Poszed\u0142 i przysta\u0142 na s\u0142u\u017cb\u0119 do jednego z obywateli owej krainy, a ten pos\u0142a\u0142 go na swoje pola, \u017ceby pas\u0142 \u015bwinie. Pragn\u0105\u0142 on nape\u0142ni\u0107 sw\u00f3j \u017co\u0142\u0105dek str\u0105kami, kt\u00f3rymi \u017cywi\u0142y si\u0119 \u015bwinie, lecz nikt mu ich nie dawa\u0142. Wtedy zastanowi\u0142 si\u0119 i rzek\u0142: \u201eIlu\u017c to najemnik\u00f3w mojego ojca ma pod dostatkiem chleba, a ja tu przymieram g\u0142odem. <\/p>\n\n\n\n<p>Zabior\u0119 si\u0119 i p\u00f3jd\u0119 do mego ojca, i powiem mu: Ojcze, zgrzeszy\u0142em przeciw Niebu i wzgl\u0119dem ciebie; ju\u017c nie jestem godzien nazywa\u0107 si\u0119 twoim synem: uczy\u0144 mnie cho\u0107by jednym z twoich najemnik\u00f3w\u201d. Zabra\u0142 si\u0119 wi\u0119c i poszed\u0142 do swojego ojca. A gdy by\u0142 jeszcze daleko, ujrza\u0142 go jego ojciec i wzruszy\u0142 si\u0119 g\u0142\u0119boko; wybieg\u0142 naprzeciw niego, rzuci\u0142 mu si\u0119 na szyj\u0119 i uca\u0142owa\u0142 go. A syn rzek\u0142 do niego: \u201eOjcze, zgrzeszy\u0142em przeciw Niebu i wobec ciebie, ju\u017c nie jestem godzien nazywa\u0107 si\u0119 twoim synem\u201d. <\/p>\n\n\n\n<p>Lecz ojciec powiedzia\u0142 do swoich s\u0142ug: \u201ePrzynie\u015bcie szybko najlepsz\u0105 szat\u0119 i ubierzcie go; dajcie mu te\u017c pier\u015bcie\u0144 na r\u0119k\u0119 i sanda\u0142y na nogi! Przyprowad\u017acie utuczone ciel\u0119 i zabijcie: b\u0119dziemy ucztowa\u0107 i weseli\u0107 si\u0119, poniewa\u017c ten syn m\u00f3j by\u0142 umar\u0142y, a zn\u00f3w o\u017cy\u0142; zagin\u0105\u0142, a odnalaz\u0142 si\u0119\u201d. I zacz\u0119li si\u0119 weseli\u0107. Tymczasem starszy jego syn przebywa\u0142 na polu. Gdy wraca\u0142 i by\u0142 blisko domu, us\u0142ysza\u0142 muzyk\u0119 i ta\u0144ce. <\/p>\n\n\n\n<p>Przywo\u0142a\u0142 jednego ze s\u0142ug i pyta\u0142 go, co to ma znaczy\u0107. Ten mu rzek\u0142: \u201eTw\u00f3j brat powr\u00f3ci\u0142, a ojciec tw\u00f3j kaza\u0142 zabi\u0107 utuczone ciel\u0119, poniewa\u017c odzyska\u0142 go zdrowego\u201d. Rozgniewa\u0142 si\u0119 na to i nie chcia\u0142 wej\u015b\u0107; wtedy ojciec jego wyszed\u0142 i t\u0142umaczy\u0142 mu. Lecz on odpowiedzia\u0142 ojcu: \u201eOto tyle lat ci s\u0142u\u017c\u0119 i nie przekroczy\u0142em nigdy twojego nakazu; ale mnie nigdy nie da\u0142e\u015b ko\u017al\u0119cia, \u017cebym si\u0119 zabawi\u0142 z przyjaci\u00f3\u0142mi. Skoro jednak wr\u00f3ci\u0142 ten syn tw\u00f3j, kt\u00f3ry roztrwoni\u0142 tw\u00f3j maj\u0105tek z nierz\u0105dnicami, kaza\u0142e\u015b zabi\u0107 dla niego utuczone ciel\u0119\u201d. <\/p>\n\n\n\n<p>Lecz on mu odpowiedzia\u0142: \u201eMoje dziecko, ty zawsze jeste\u015b ze mn\u0105 i wszystko, co moje, do ciebie nale\u017cy. A trzeba by\u0142o weseli\u0107 si\u0119 i cieszy\u0107 z tego, \u017ce ten brat tw\u00f3j by\u0142 umar\u0142y, a zn\u00f3w o\u017cy\u0142; zagin\u0105\u0142, a odnalaz\u0142 si\u0119\u201d\u00bb.<\/p>\n\n\n\n<p><br>&nbsp;<\/p>\n\n\n\n<h1 class=\"wp-block-heading\">POTRZEBA REKOLEKCJI<\/h1>\n\n\n\n<p>Rekolekcje (zamy\u015blenia) s\u0105 swoist\u0105 refleksj\u0105 nad w\u0142asnym \u017cyciem. Wiele os\u00f3b je podejmuje zw\u0142aszcza w okresie Wielkiego Postu. Dla niekt\u00f3rych s\u0105 czasem zmarnowanym. Czy wobec tego s\u0105 one sensowne i warto\u015bciowe?  Wiele m\u00f3wi si\u0119 o tym, i\u017c wsp\u00f3\u0142czesny cz\u0142owiek nie ma czasu na pochylenie si\u0119 w zadumie nad w\u0142asn\u0105 egzystencj\u0105. <\/p>\n\n\n\n<p>Jest to skutkiem szybkiego tempa \u017cycia, pogoni za prac\u0105 czy sukcesem. Nadto, cz\u0142owiek by\u0107 mo\u017ce l\u0119ka si\u0119 spojrze\u0107 w g\u0142\u0105b siebie, by zrozumie\u0107 kim i jakim jest cz\u0142owiekiem? Wygodniej jest brn\u0105\u0107 do przodu bez stwarzania sobie niepotrzebnych w\u0105tpliwo\u015bci. Rekolekcje w sensie religijnym nazywane s\u0105 dniami odnowy wewn\u0119trznej. Ich sensem i istot\u0105 na drodze przemy\u015ble\u0144 jest dotarcie do wad i zalet w \u017cyciu cz\u0142owieka. Co wi\u0119cej, do zrozumienia celu i sensu \u017cycia, podejmowania dzia\u0142a\u0144 na rzecz innych, relacji z innymi lud\u017ami, stosunku do Boga. <\/p>\n\n\n\n<p>W rekolekcjach chodzi przede wszystkim o kszta\u0142towanie w\u0142asnego charakteru na drodze przemian i naprawy zaistnia\u0142ych b\u0142\u0119d\u00f3w. Nie dziwi zatem fakt, i\u017c w Polsce istnia\u0142 zwyczaj wzajemnego przebaczenia i pojednania w rodzinie przed spowiedzi\u0105 \u015bw. Wzajemne s\u0142owo przepraszam stwarza\u0142o okazj\u0119 nie tylko do wybaczenia i rozpocz\u0119cia od nowa, ale nadto do budowania od\u015bwie\u017conej mi\u0142o\u015bci i jedno\u015bci we wsp\u00f3lnocie rodzinnej. Zwyczaj ten niestety odchodzi w zapomnienie. Celem rekolekcji w sensie religijnym jest przede wszystkim pojednanie z Bogiem i lud\u017ami, szczeg\u00f3lnie najbli\u017cszymi w rodzinie, naprawienie wyrz\u0105dzonych krzywd i powstanie z grzech\u00f3w.  <\/p>\n\n\n\n<figure class=\"wp-block-table is-style-stripes\"><table><tbody><tr><td><strong>NIEDZIELA 27 MARCA 2022<\/strong><\/td><\/tr><tr><td><strong>7.40<\/strong><\/td><td>Godzinki o M\u0119ce Pa\u0144skiej<\/td><\/tr><tr><td><strong>8.00<\/strong><\/td><td>Msza \u015bw. z nauk\u0105 dla doros\u0142ych<\/td><\/tr><tr><td><strong>10.00<\/strong><\/td><td>Msza \u015bw. z udzia\u0142em dzieci<\/td><\/tr><tr><td><strong>12.00<\/strong><\/td><td>Msza \u015bw. z nauk\u0105 dla doros\u0142ych<\/td><\/tr><tr><td><strong>15.00<\/strong><\/td><td>Msza \u015bw. z nauk\u0105 dla doros\u0142ych<\/td><\/tr><tr><td><strong>&nbsp;<\/strong><\/td><td>ADORACJA NAJ\u015aWI\u0118TSZEGO SAKRAMENTU<\/td><\/tr><tr><td><strong>17.15<\/strong><\/td><td>Gorzkie \u017bale z kazaniem pasyjnym<\/td><\/tr><tr><td><strong>18.00<\/strong><\/td><td>Msza \u015bw. z udzia\u0142em m\u0142odzie\u017cy<\/td><\/tr><tr><td><strong>PONIEDZIA\u0141EK i WTOREK 28-29 marca 2022 r.<\/strong><\/td><\/tr><tr><td><strong>8.00<\/strong><\/td><td>Msza \u015bw. z nauk\u0105 dla doros\u0142ych<\/td><\/tr><tr><td><strong>11.00<\/strong><\/td><td>Msza \u015bw. z nauk\u0105 dla doros\u0142ych<\/td><\/tr><tr><td><strong>16.00<\/strong><\/td><td>Spotkanie i nauk\u0105 dla dzieci klas 0, I, II, III&nbsp; S.P.<\/td><\/tr><tr><td><strong>17.00<\/strong><\/td><td>Spotkanie i nauka dla dzieci klas IV,V,VI,VII S.P.<\/td><\/tr><tr><td><strong>18.00<\/strong><\/td><td>Msza \u015bw. z nauk\u0105 dla doros\u0142ych<\/td><\/tr><tr><td><strong>19.15<\/strong><\/td><td>Spotkanie i nauka dla m\u0142odzie\u017cy \/ kandydat\u00f3w do Bierzmowania<\/td><\/tr><tr><td><strong>20.00<\/strong><\/td><td>Msza \u015bw. z nauk\u0105 dla doros\u0142ych<\/td><\/tr><tr><td><strong>\u015aRODA 30 marca 2022 r.<\/strong><\/td><\/tr><tr><td><strong>8.00<\/strong><\/td><td>Msza \u015bw. z nauk\u0105 dla doros\u0142ych<\/td><\/tr><tr><td><strong>11.00<\/strong><\/td><td>Msza \u015bw. z nauk\u0105 dla doros\u0142ych<\/td><\/tr><tr><td><strong>16.30<\/strong><\/td><td>Msza \u015bw. z nauk\u0105 dla klas 0 -VII Szko\u0142y Podstawowej<\/td><\/tr><tr><td><strong>17.30<\/strong><\/td><td>Adoracja Naj\u015bwi\u0119tszego Sakramentu<\/td><\/tr><tr><td><strong>18.00<\/strong><\/td><td>Msza \u015bw. z nauk\u0105 dla doros\u0142ych<\/td><\/tr><tr><td><strong>19.30<\/strong><\/td><td>Adoracja Naj\u015bwi\u0119tszego Sakramentu<\/td><\/tr><tr><td><strong>20.00<\/strong><\/td><td>Msza \u015bw. z nauk\u0105 dla m\u0142odzie\u017cy \/ kandydat\u00f3w do bierzmowania<\/td><\/tr><\/tbody><\/table><\/figure>\n\n\n\n<p><strong>SPOWIED\u0179 P\u00d3\u0141 GODZINY PRZED KA\u017bD\u0104 MSZ\u0104 \u015aWI\u0118T\u0104 <\/strong><\/p>\n\n\n\n<p>Przez 3 dni Rekolekcji (poniedzia\u0142ek, wtorek, \u015broda) o godz. 21:00 b\u0119d\u0105 bi\u0142y dzwony naszego Ko\u015bcio\u0142a. Zach\u0119camy, by w tym czasie w oknach naszych mieszka\u0144 wystawi\u0107 zapalone \u015bwiece.  Niech one b\u0119d\u0105 wyrazem modlitwy o pok\u00f3j na Ukrainie. <\/p>\n\n\n\n<p><\/p>\n\n\n\n<figure class=\"wp-block-image\"><a href=\"http:\/\/rafalk-elblag.pl\/wp-content\/uploads\/2021\/08\/ogloszenia-parafialne-baner-01a.jpg\"><img loading=\"lazy\" decoding=\"async\" width=\"720\" height=\"232\" src=\"http:\/\/rafalk-elblag.pl\/wp-content\/uploads\/2021\/08\/ogloszenia-parafialne-baner-01a.jpg\" alt=\"\" class=\"wp-image-4410\" srcset=\"https:\/\/rafalk-elblag.pl\/wp-content\/uploads\/2021\/08\/ogloszenia-parafialne-baner-01a.jpg 720w, https:\/\/rafalk-elblag.pl\/wp-content\/uploads\/2021\/08\/ogloszenia-parafialne-baner-01a-300x97.jpg 300w\" sizes=\"auto, (max-width: 720px) 100vw, 720px\" \/><\/a><\/figure>\n\n\n\n<h1 class=\"wp-block-heading\">Og\u0142oszenia parafialne 27.03.2022r<\/h1>\n\n\n\n<ol class=\"wp-block-list\"><li>Caritas Parafialna zbiera ofiary do puszek dla os\u00f3b potrzebuj\u0105cych pomocy. Dzi\u0119kujemy za zrozumienie. Spotkanie Apostolatu Bo\u017cego Mi\u0142osierdzia oraz Woluntariuszy Caritas dzisiaj po Mszy \u015bw. o godz. 15:00 na plebanii. Parafialny Oddzia\u0142 Caritas przy naszej parafii czynny jest w 1 i 3 czwartek miesi\u0105ca. Zapraszamy do punktu przy ul. Myliusa 1 A.<br><\/li><li><strong>W dniu dzisiejszym rozpoczynamy Rekolekcje Wielkopostne,<\/strong> kt\u00f3re poprowadzi ks. Roman Fr\u0105ckowiak \u2013 Marianin z Lublina. Pro\u015bmy o \u015bwiat\u0142o Ducha \u015awi\u0119tego dla ks. Rekolekcjonisty oraz dla ca\u0142ej parafii, aby s\u0142owa wypowiedziane w czasie tych dni, przemieni\u0142y nasze serca i przygotowa\u0142y na rado\u015b\u0107 \u015awi\u0105t Wielkanocnych. <br><\/li><li>W czasie rekolekcji prosimy o zg\u0142aszanie (w zakrystii) chorych, do kt\u00f3rych kap\u0142an uda si\u0119 z Komuni\u0105 \u015bwi\u0119t\u0105 w \u015brod\u0119 30 marca br. od godz. 15:00.<br><\/li><li>Zapraszamy w ka\u017cd\u0105 Niedziel\u0119 WIELKIEGO POSTU na Adoracj\u0119 Naj\u015bwi\u0119tszego Sakramentu od godz. 16:00 do godz. 17:15. Masz mo\u017cliwo\u015b\u0107 spotkania si\u0119 z Jezusem w ciszy. PRZYJD\u0179 !!!<br><\/li><li>Wykorzystajmy czas WIELKIEGO POSTU dla naszego wzrostu duchowego poprzez gorliwy i owocny udzia\u0142u w Liturgii Wielkopostnej i w Nabo\u017ce\u0144stwach Pokutnych. Zapraszamy w ka\u017cd\u0105 niedziel\u0119 o godz. 17:15 na Gorzkie \u017bale z kazaniem pasyjnym, a ka\u017cdy pi\u0105tek Wielkiego Postu na Drog\u0119 Krzy\u017cow\u0105: o godz. 16:30 dla dzieci; o godz. 19:00 dla doros\u0142ych i m\u0142odzie\u017cy. <strong>PAMI\u0118TAJMY, \u017ce Wielki Post jest tak zwanym \u201eczasem zakazanym\u201d dla wszelkich hucznych wesel, zabaw i dyskotek !!!<\/strong><br><\/li><li>W tym tygodniu przypada pierwszy pi\u0105tek i sobota miesi\u0105ca.<br>\u2022 w pierwszy pi\u0105tek spowied\u017a dla dzieci w czasie Rekolekcji Wielkopostnych, oraz w pi\u0105tek od godz. 16:00 oraz Droga Krzy\u017cowa o godz. 16:30, dla doros\u0142ych i m\u0142odzie\u017cy Droga Krzy\u017cowa o godz. 19:00. Zapraszamy.<br>\u2022 w pierwsz\u0105 sobot\u0119 przed Msz\u0105 \u015aw. o godz. 17:00 zapraszamy na nabo\u017ce\u0144stwo wynagradzaj\u0105ce Niepokalanemu Sercu Maryi za zniewagi grzesznik\u00f3w. Tego dnia zmiana tajemnic dla \u017bywego R\u00f3\u017ca\u0144ca.<br><\/li><li>Z racji pierwszego pi\u0105tku ksi\u0105dz Proboszcz i ks. Marcin udadz\u0105 si\u0119 do chorych 1 kwietnia br. od godz. 9:30.<br><\/li><li>Pami\u0119tajmy o Skarbonce na Ja\u0142mu\u017cn\u0119 Wielkopostn\u0105 2022. W ten spos\u00f3b w\u0142\u0105czamy si\u0119 w og\u00f3lnopolsk\u0105 akcj\u0119 \u201eCZAS MI\u0141OSIERDZIA\u201d.<br><\/li><li>Zach\u0119cam wiernych do przekazania 1% podatku dla Caritas Polska. Przy Biuletynie znajdziemy ulotki informuj\u0105ce jak to mo\u017cna uczyni\u0107. <strong>\u201eWIERZYMY, \u017bE WARTO POMAGA\u0106\u201d.<\/strong><br><\/li><\/ol>\n\n\n\n<figure class=\"wp-block-image\"><img decoding=\"async\" src=\"http:\/\/rafalk-elblag.pl\/wp-content\/uploads\/2020\/04\/baner-intencje-mszy.jpg\" alt=\"\"\/><\/figure>\n\n\n\n<h1 class=\"wp-block-heading\">Intencje mszalne 27.03.2022r<\/h1>\n\n\n\n<p><strong>PONIEDZIA\u0141EK \/ 28 marca 2022 r.\/ REKOLEKCJE<\/strong><br>8.00 \u2020 Stanis\u0142awa (k) OSOWSKA (28 greg.)<br>11.00 \u2020 Robert, Waldemar, Henryk PAWLICCY<br>18.00 \u2020 Micha\u0142 KATA w 34 rocznic\u0119 \u015bmierci i Edward D\u0104BROWSKI w 13 rocznic\u0119 \u015bmierci<br>20.00 \u2020 Janusz G\u0142owacki w 11 rocznic\u0119 \u015bmierci i rodzice z obojga stron<br><\/p>\n\n\n\n<p><strong>WTOREK \/ 29 marca 2022 r.\/ REKOLEKCJE<\/strong><br>8.00 \u2020 J\u00f3zefa (k) ZYCHOWICZ w 2 rocznic\u0119 \u015bmierci, W\u0142adys\u0142aw (m) i Katarzyna ZYCHOWICZ<br>11.00 \u2020 Bronis\u0142aw SOSNOWSKI<br>18.00 \u2020 Stanis\u0142awa (k) OSOWSKA (29 greg.)<br>20.00 \u2020 Ewa FUROWICZ w 2 miesi\u0105c po pogrzebie \u2013 intencja od syna Janusza z rodzin\u0105<br><\/p>\n\n\n\n<p><strong>\u015aRODA \/ 30 marca 2022 r. \/ REKOLEKCJE<\/strong><br>8.00 \u2020 Stanis\u0142awa (k) OSOWSKA (30 greg.)<br>11.00 Dzi\u0119kczynna w 70 urodziny Halina BEREDA z pro\u015bb\u0105 o Bo\u017ce b\u0142ogos\u0142awie\u0144stwo i potrzebne \u0142aski dla Jubilatki<br>16.30 Msza \u015bw. w intencji dzieci na zako\u0144czenie REKOLEKCJI WIELKOPOSTNYCH<br>18.00 \u2020 Jadwiga w 7 rocznic\u0119 \u015bmierci<br>20.00 \u2020 Czes\u0142aw BUCHNOWSKI o \u0142ask\u0119 nieba w 6 rocznic\u0119 \u015bmierci<br>Msza \u015bw. dla przygotowuj\u0105cych si\u0119 do Sakramentu Bierzmowania i starszej m\u0142odzie\u017cy<br><\/p>\n\n\n\n<p><strong>CZWARTEK \/ 31 marca 2022 r.<\/strong><br>8.00 \u2020 Andrzej BARA\u0143SKI w 9 rocznic\u0119 \u015bmierci i Stefania KONIECZNA w 3 rocznic\u0119 \u015bmierci<br>18.00 \u2020 Regina i Artur KOWALSCY<br><\/p>\n\n\n\n<p><strong>PI\u0104TEK \/ 1 kwiecie\u0144 2022 r. \/ I &#8211; pi\u0105tek miesi\u0105ca<\/strong><br>8.00 Dzi\u0119kczynna za 75 lat \u017cycia Katarzyny z pro\u015bb\u0105 o dalsze \u0142aski<br>16.30 Droga Krzy\u017cowa z udzia\u0142em dzieci &#8211; po\u0142\u0105czona z Obrz\u0119dem Komunii \u015bwi\u0119tej<br>18.00 \u2020 Stanis\u0142aw (m) HRY\u0143 w 16 rocznic\u0119 \u015bmierci, Emilia HRY\u0143, rodzice z obojga stron<br>19.00 Droga Krzy\u017cowa dla doros\u0142ych i m\u0142odzie\u017cy<br><\/p>\n\n\n\n<p><strong>SOBOTA \/ 2 kwietnia 2022 r. \/ I &#8211; sobota miesi\u0105ca<\/strong><br>8.00 \u2020 Stefan BOROWIECKI oraz Genowefa, Jadwiga, Kazimierz<br>18.00 O dary Ducha \u015awi\u0119tego i owoce zako\u0144czonych Rekolekcji Wielkopostnych i Wielkiego Tygodnia dla kap\u0142an\u00f3w i ca\u0142ej wsp\u00f3lnoty parafialnej \u2013 intencja IX R\u00f3\u017cy Matki Bo\u017cej Nadziei<br>18.00 \u2020 Janina w 12 rocznic\u0119 \u015bmierci<br><\/p>\n\n\n\n<p><strong>V Niedziela Wielkiego Postu \/ 3 kwietnia 2022 r.<\/strong><br>8.00 \u2020 Stanis\u0142awa (k), J\u00f3zef (m), Edward, Barbara z rodziny Osowskich<br>10.00 Dzi\u0119kczynna z okazji urodzin Krystyny z pro\u015bb\u0105 o potrzebne \u0142aski wiary, nadziei i mi\u0142o\u015bci oraz opiek\u0119 Matki Bo\u017cej Szkaplerznej<br>12.00 W intencji Parafian<br>15.00 O odnalezienie Bo\u017cej Mi\u0142o\u015bci dla Karoliny i Sebastiana<br>18.00 Dzi\u0119kczynna w 80 urodziny Ireny CZAPIEWSKIEJ z pro\u015bb\u0105 o Bo\u017ce b\u0142ogos\u0142awie\u0144stwo i opiek\u0119 Matki Bo\u017cej Szkaplerznej dla Jubilatki<\/p>\n","protected":false},"excerpt":{"rendered":"<p>Ewangelia (\u0141k 15, 1-3.11-32) Przypowie\u015b\u0107 o synu marnotrawnym S\u0142owa Ewangelii wed\u0142ug \u015awi\u0119tego \u0141ukasza W owym czasie przybli\u017cali si\u0119 do Jezusa wszyscy celnicy i grzesznicy, aby Go s\u0142ucha\u0107. Na to szemrali faryzeusze i uczeni w Pi\u015bmie, m\u00f3wi\u0105c: \u00abTen przyjmuje grzesznik\u00f3w i jada z nimi\u00bb. Opowiedzia\u0142 im wtedy nast\u0119puj\u0105c\u0105 przypowie\u015b\u0107: \u00abPewien cz\u0142owiek mia\u0142 dw\u00f3ch syn\u00f3w. M\u0142odszy z [&hellip;]<\/p>\n","protected":false},"author":1,"featured_media":4645,"comment_status":"closed","ping_status":"closed","sticky":false,"template":"","format":"standard","meta":{"ngg_post_thumbnail":0,"footnotes":""},"categories":[11,8,4,3],"tags":[],"class_list":["post-4643","post","type-post","status-publish","format-standard","has-post-thumbnail","hentry","category-aktualnosci","category-blog","category-intencje","category-ogloszenia"],"_links":{"self":[{"href":"https:\/\/rafalk-elblag.pl\/index.php?rest_route=\/wp\/v2\/posts\/4643","targetHints":{"allow":["GET"]}}],"collection":[{"href":"https:\/\/rafalk-elblag.pl\/index.php?rest_route=\/wp\/v2\/posts"}],"about":[{"href":"https:\/\/rafalk-elblag.pl\/index.php?rest_route=\/wp\/v2\/types\/post"}],"author":[{"embeddable":true,"href":"https:\/\/rafalk-elblag.pl\/index.php?rest_route=\/wp\/v2\/users\/1"}],"replies":[{"embeddable":true,"href":"https:\/\/rafalk-elblag.pl\/index.php?rest_route=%2Fwp%2Fv2%2Fcomments&post=4643"}],"version-history":[{"count":1,"href":"https:\/\/rafalk-elblag.pl\/index.php?rest_route=\/wp\/v2\/posts\/4643\/revisions"}],"predecessor-version":[{"id":4647,"href":"https:\/\/rafalk-elblag.pl\/index.php?rest_route=\/wp\/v2\/posts\/4643\/revisions\/4647"}],"wp:featuredmedia":[{"embeddable":true,"href":"https:\/\/rafalk-elblag.pl\/index.php?rest_route=\/wp\/v2\/media\/4645"}],"wp:attachment":[{"href":"https:\/\/rafalk-elblag.pl\/index.php?rest_route=%2Fwp%2Fv2%2Fmedia&parent=4643"}],"wp:term":[{"taxonomy":"category","embeddable":true,"href":"https:\/\/rafalk-elblag.pl\/index.php?rest_route=%2Fwp%2Fv2%2Fcategories&post=4643"},{"taxonomy":"post_tag","embeddable":true,"href":"https:\/\/rafalk-elblag.pl\/index.php?rest_route=%2Fwp%2Fv2%2Ftags&post=4643"}],"curies":[{"name":"wp","href":"https:\/\/api.w.org\/{rel}","templated":true}]}}