{"id":4635,"date":"2022-03-20T19:51:08","date_gmt":"2022-03-20T19:51:08","guid":{"rendered":"http:\/\/rafalk-elblag.pl\/?p=4635"},"modified":"2022-03-20T19:53:13","modified_gmt":"2022-03-20T19:53:13","slug":"biuletyn-20-03-2022-iii-niedziela-wielkiego-postu","status":"publish","type":"post","link":"https:\/\/rafalk-elblag.pl\/?p=4635","title":{"rendered":"Biuletyn 20.03.2022, III Niedziela Wielkiego Postu"},"content":{"rendered":"\n<figure class=\"wp-block-image size-large\"><img loading=\"lazy\" decoding=\"async\" width=\"1024\" height=\"538\" src=\"http:\/\/rafalk-elblag.pl\/wp-content\/uploads\/2022\/03\/baner-200322-1024x538.jpeg\" alt=\"\" class=\"wp-image-4636\" srcset=\"https:\/\/rafalk-elblag.pl\/wp-content\/uploads\/2022\/03\/baner-200322-1024x538.jpeg 1024w, https:\/\/rafalk-elblag.pl\/wp-content\/uploads\/2022\/03\/baner-200322-300x158.jpeg 300w, https:\/\/rafalk-elblag.pl\/wp-content\/uploads\/2022\/03\/baner-200322-768x403.jpeg 768w, https:\/\/rafalk-elblag.pl\/wp-content\/uploads\/2022\/03\/baner-200322.jpeg 1200w\" sizes=\"auto, (max-width: 1024px) 100vw, 1024px\" \/><\/figure>\n\n\n\n<h1 class=\"wp-block-heading\">Ewangelia (\u0141k 13, 1-9)\nJe\u015bli si\u0119 nie nawr\u00f3cicie, wszyscy podobnie zginiecie\n<\/h1>\n\n\n\n<p><strong>\nS\u0142owa Ewangelii wed\u0142ug \u015awi\u0119tego \u0141ukasza<\/strong><\/p>\n\n\n\n<p>W tym czasie przyszli jacy\u015b ludzie i donie\u015bli Jezusowi o Galilejczykach, kt\u00f3rych krew Pi\u0142at zmiesza\u0142 z krwi\u0105 ich ofiar. <\/p>\n\n\n\n<p>Jezus im odpowiedzia\u0142: \u00abCzy\u017c my\u015blicie, \u017ce ci Galilejczycy byli wi\u0119kszymi grzesznikami ni\u017c inni mieszka\u0144cy Galilei, i\u017c to ucierpieli? Bynajmniej, powiadam wam; lecz je\u015bli si\u0119 nie nawr\u00f3cicie, wszyscy podobnie zginiecie. Albo my\u015blicie, \u017ce owych osiemnastu, na kt\u00f3rych zwali\u0142a si\u0119 wie\u017ca w Siloam i zabi\u0142a ich, by\u0142o wi\u0119kszymi winowajcami ni\u017c inni mieszka\u0144cy Jeruzalem? Bynajmniej, powiadam wam; lecz je\u015bli si\u0119 nie nawr\u00f3cicie, wszyscy tak samo zginiecie\u00bb. <\/p>\n\n\n\n<p>I opowiedzia\u0142 im nast\u0119puj\u0105c\u0105 przypowie\u015b\u0107: \u00abPewien cz\u0142owiek mia\u0142 zasadzony w swojej winnicy figowiec; przyszed\u0142 i szuka\u0142 na nim owoc\u00f3w, ale nie znalaz\u0142. Rzek\u0142 wi\u0119c do ogrodnika: \u201eOto ju\u017c trzy lata, odk\u0105d przychodz\u0119 i szukam owocu na tym figowcu, a nie znajduj\u0119. Wytnij go, po co jeszcze ziemi\u0119 wyja\u0142awia?\u201d Lecz on mu odpowiedzia\u0142: \u201ePanie, jeszcze na ten rok go pozostaw, a\u017c okopi\u0119 go i ob\u0142o\u017c\u0119 nawozem; i mo\u017ce wyda owoc. A je\u015bli nie, w przysz\u0142o\u015bci mo\u017cesz go wyci\u0105\u0107\u201d\u00bb. <\/p>\n\n\n\n<p><br>&nbsp;<\/p>\n\n\n\n<h1 class=\"wp-block-heading\">CHRZE\u015aCIJANIN A WOJNA<\/h1>\n\n\n\n<p><strong> Jeste\u015bmy \u015bwiadkami, kiedy na naszych oczach wiele pa\u0144stw z\u0142\u0105czonych sojuszem wojskowym podejmuje walk\u0119 z rosyjskim agresorem, prowadzon\u0105 na terenie jednego pa\u0144stwa. Wiele os\u00f3b zadaje sobie pytanie: jak oceni\u0107 t\u0119 wojn\u0119? Jak Ko\u015bci\u00f3\u0142 ustosunkowuje si\u0119 do tego problemu? Jak pogodzi\u0107 zabijanie z mi\u0142o\u015bci\u0105 bli\u017aniego? Czy w og\u00f3le chrze\u015bcijanin powinien w niej bra\u0107 udzia\u0142? Czy jest to etycznie usprawiedliwione? Na pocz\u0105tku wypada zaznaczy\u0107, i\u017c na przestrzeni wiek\u00f3w nauczanie na temat zjawiska wojny ulega\u0142o w my\u015bli chrze\u015bcija\u0144skiej du\u017cym zmianom. <\/strong><\/p>\n\n\n\n<p>W pierwszych wiekach swego istnienia chrze\u015bcija\u0144stwo w spos\u00f3b radykalny negowa\u0142o celowo\u015b\u0107 wojny. Z czasem, pocz\u0105wszy od \u015bw. Augustyna, zacz\u0119to rozr\u00f3\u017cnia\u0107 mi\u0119dzy wojn\u0105 sprawiedliw\u0105 a niesprawiedliw\u0105. Poszukiwania etyczne zacz\u0119\u0142y si\u0119 koncentrowa\u0107 na zdefiniowaniu warunk\u00f3w usprawiedliwiaj\u0105cych dopuszczalno\u015b\u0107 wojny. To doprowadzi\u0142o do stworzenia w \u015bredniowieczu teorii tzw. &#8222;wojny sprawiedliwej&#8221;. Najwi\u0119kszym z\u0142em, jakie wynika\u0142o z tej teorii &#8222;wojny sprawiedliwej&#8221;, by\u0142o u\u015bpienie sumienia. Ludzie uznali jako co\u015b bezdyskusyjnego i nie budz\u0105cego niepokoju, \u017ce wojna sprawiedliwa jest dopuszczalna.  <\/p>\n\n\n\n<p>Wynalezienie i upowszechnienie broni nuklearnej, kt\u00f3ra posiada ogromn\u0105 moc niszczycielsk\u0105, w radykalny spos\u00f3b zmieni\u0142o zapatrywania na spraw\u0119 wojen. W zwi\u0105zku z tym Urz\u0105d Nauczycielski Ko\u015bcio\u0142a odst\u0105pi\u0142 od teorii &#8222;wojny sprawiedliwej&#8221;, nie neguj\u0105c jednocze\u015bnie prawa do tego, aby w przypadku zagro\u017cenia podj\u0105\u0107 dzia\u0142ania obronne (konstytucja Gaudium et spes Soboru Watyka\u0144skiego II).  Biuro Prasowe Stolicy Apostolskiej poda\u0142o do wiadomo\u015bci, \u017ce w pi\u0105tek 25 marca w Uroczysto\u015b\u0107 Zwiastowania Pa\u0144skiego, podczas celebracji pokutnej o godz. 17.00 w Bazylice \u015bw. Piotra, Papie\u017c Franciszek po\u015bwi\u0119ci Rosj\u0119 i Ukrain\u0119 Niepokalanemu Sercu Maryi. <\/p>\n\n\n\n<p>Tego aktu w tym samym dniu w Fatimie dokona Kardyna\u0142 Konrad Krajewski, jako wys\u0142annik Ojca \u015awi\u0119tego. W objawieniu z 13 lipca 1917 r. w Fatimie Matka Bo\u017ca prosi\u0142a o po\u015bwi\u0119cenie Rosji Jej Niepokalanemu Sercu, stwierdzaj\u0105c, \u017ce je\u015bli pro\u015bba ta nie zostanie spe\u0142niona, Rosja b\u0119dzie szerzy\u0107 \u201eswoje b\u0142\u0119dy na ca\u0142ym \u015bwiecie, podejmuj\u0105c wojny i prze\u015bladowanie Ko\u015bcio\u0142a\u201d. Dobrzy &#8211; doda\u0142a &#8211; zostan\u0105 zam\u0119czeni, Ojciec \u015awi\u0119ty b\u0119dzie mia\u0142 wiele do wycierpienia, r\u00f3\u017cne narody zostan\u0105 zniszczone\u201d. Po objawieniach w Fatimie mia\u0142y miejsce r\u00f3\u017cne akty po\u015bwi\u0119cenia Niepokalanemu Sercu Maryi: Pius XII 31 pa\u017adziernika 1942 r. po\u015bwi\u0119ci\u0142 ca\u0142y \u015bwiat, a 7 lipca 1952 r. w li\u015bcie apostolskim Sacro vergente anno po\u015bwi\u0119ci\u0142 narody Rosji Niepokalanemu Sercu Maryi: \u201eTak jak kilka lat temu po\u015bwi\u0119cili\u015bmy ca\u0142y \u015bwiat Niepokalanemu Sercu Matki Bo\u017cej, tak teraz, w spos\u00f3b szczeg\u00f3lny, po\u015bwi\u0119camy wszystkie narody Rosji temu samemu Niepokalanemu Sercu\u201d. <\/p>\n\n\n\n<p>21 listopada 1964 r. Pawe\u0142 VI w obecno\u015bci ojc\u00f3w Soboru Watyka\u0144skiego II ponowi\u0142 po\u015bwi\u0119cenie Rosji Niepokalanemu Sercu. Papie\u017c Jan Pawe\u0142 II u\u0142o\u017cy\u0142 modlitw\u0119 w formie aktu zawierzenia, kt\u00f3ry mia\u0142 by\u0107 odprawiony w Bazylice Naj\u015bwi\u0119tszej Maryi Panny Wi\u0119kszej 7 czerwca 1981 r., w uroczysto\u015b\u0107 Zes\u0142ania Ducha \u015awi\u0119tego. Tekst brzmia\u0142 nast\u0119puj\u0105co: \u201eO Matko ludzi i narod\u00f3w, Ty znasz wszystkie ich cierpienia i nadzieje, masz matczyne wyczucie dla wszystkich zmaga\u0144 mi\u0119dzy dobrem a z\u0142em, mi\u0119dzy \u015bwiat\u0142em a ciemno\u015bci\u0105, kt\u00f3re wstrz\u0105saj\u0105 \u015bwiatem, przyjmij nasze wo\u0142anie skierowane w Duchu \u015awi\u0119tym wprost do Twego Serca i ogarnij mi\u0142o\u015bci\u0105 Matki i S\u0142u\u017cebnicy Pa\u0144skiej tych, kt\u00f3rzy najbardziej oczekuj\u0105 tego u\u015bcisku, a tak\u017ce tych, kt\u00f3rych zawierzenia oczekujesz w spos\u00f3b szczeg\u00f3lny. <\/p>\n\n\n\n<p>We\u017a pod swoj\u0105 macierzy\u0144sk\u0105 opiek\u0119 ca\u0142\u0105 rodzin\u0119 ludzk\u0105, kt\u00f3r\u0105 z czu\u0142\u0105 mi\u0142o\u015bci\u0105 powierzamy Tobie, o Matko. Niech dla wszystkich zbli\u017cy si\u0119 czas pokoju i wolno\u015bci, czas prawdy, sprawiedliwo\u015bci i nadziei\u201d. Tego dnia (25.03.2022) w \u0142\u0105czno\u015bci z Ojcem \u015awi\u0119tym zapraszamy wszystkich do wsp\u00f3lnej modlitwy RO\u017bA\u0143COWEJ O GODZ. 17:00 DO NASZEJ \u015aWI\u0104TYNI. Niech wsp\u00f3lna modlitwa przyniesie \u015bwiatu pok\u00f3j  i pojednanie mi\u0119dzy narodami. <\/p>\n\n\n\n<p><\/p>\n\n\n\n<figure class=\"wp-block-image\"><a href=\"http:\/\/rafalk-elblag.pl\/wp-content\/uploads\/2021\/08\/ogloszenia-parafialne-baner-01a.jpg\"><img loading=\"lazy\" decoding=\"async\" width=\"720\" height=\"232\" src=\"http:\/\/rafalk-elblag.pl\/wp-content\/uploads\/2021\/08\/ogloszenia-parafialne-baner-01a.jpg\" alt=\"\" class=\"wp-image-4410\" srcset=\"https:\/\/rafalk-elblag.pl\/wp-content\/uploads\/2021\/08\/ogloszenia-parafialne-baner-01a.jpg 720w, https:\/\/rafalk-elblag.pl\/wp-content\/uploads\/2021\/08\/ogloszenia-parafialne-baner-01a-300x97.jpg 300w\" sizes=\"auto, (max-width: 720px) 100vw, 720px\" \/><\/a><\/figure>\n\n\n\n<h1 class=\"wp-block-heading\">Og\u0142oszenia parafialne 20.03.2022r<\/h1>\n\n\n\n<ol class=\"wp-block-list\"><li>Zapraszamy dzisiaj i w ka\u017cd\u0105 Niedziel\u0119 WIELKIEGO POSTU na Adoracj\u0119 Naj\u015bwi\u0119tszego Sakramentu od godz. 16:00 do godz. 17:15. Masz mo\u017cliwo\u015b\u0107 spotkania si\u0119 z Jezusem w ciszy. PRZYJD\u0179 !!!<br><\/li><li>Wykorzystajmy czas WIELKIEGO POSTU dla naszego wzrostu duchowego poprzez gorliwy i owocny udzia\u0142u w Liturgii Wielkopostnej i w Nabo\u017ce\u0144stwach Pokutnych. Zapraszamy w ka\u017cd\u0105 niedziel\u0119 o godz. 17:15 na Gorzkie \u017bale z kazaniem pasyjnym, a ka\u017cdy pi\u0105tek Wielkiego Postu na Drog\u0119 Krzy\u017cow\u0105: o godz. 16:30 dla dzieci; o godz. 19:00 dla doros\u0142ych i m\u0142odzie\u017cy. PAMI\u0118TAJMY, \u017ce Wielki Post jest tak zwanym \u201eczasem zakazanym\u201d dla wszelkich hucznych wesel, zabaw i dyskotek !!!<br><\/li><li>W Wielkim Po\u015bcie zapraszamy parafian w ka\u017cd\u0105 niedziel\u0119 o godz. 7:40 na \u015bpiewanie GODZINEK KU CZCI M\u0118KI PA\u0143SKIEJ.<br><\/li><li>\u201eNie ma nic niemo\u017cliwego dla tego, kto wierzy\u201d (Mk. 9,23). W zwi\u0105zku z trwaj\u0105c\u0105 inwazj\u0105 na Ukrain\u0119 Wsp\u00f3lnota \u201eKana Galilejska\u201d zaprasza na ADORACJ\u0118 NAJ\u015aWIETSZEGO SAKRAMENTU w intencji pokoju na \u015bwiecie we wtorek po Mszy \u015bw. o godz. 18.00.<br><\/li><li>W pi\u0105tek 25 marca br. przypada 30 rocznica powstania DIECEZJI ELBLASKIEJ. Zach\u0119camy do modlitwy za nasz\u0105 diecezj\u0119. Pami\u0119tajmy, \u017ce Uroczysto\u015b\u0107 Zwiastowania Pa\u0144skiego to DZIE\u0143 \u015aWI\u0118TO\u015aCI \u017bYCIA. Msze \u015bw. w naszej parafii o godz. 8:00 i 18:00. Przy Biuletynie znajdziemy kartki dla os\u00f3b pragn\u0105cych w\u0142\u0105czy\u0107 si\u0119 w to wielkie dzie\u0142o modlitewne &#8211; OBRONY \u017bYCIA. W tym dniu nie obowi\u0105zuje nas post z racji UROCZYSTO\u015aCI ZWIASTOWANIA PA\u0143SKIEGO.<br><\/li><li>Papie\u017c Franciszek w UROCZYSTO\u015a\u0106 ZWIASTOWANIA PA\u0143SKIEGO tj. 25 marca br. o godz. 17:00 w Bazylice \u015bw. Piotra zawierzy Rosj\u0119 i Ukrain\u0119 Niepokalanemu Sercu Maryi. W \u0142\u0105czno\u015bci z Ojcem \u015awi\u0119tym zapraszam w tym dniu wszystkich do wsp\u00f3lnej modlitwy RO\u017bA\u0143COWEJ O GODZ. 17:00 DO NASZEJ \u015aWI\u0104TYNI. Niech wsp\u00f3lna modlitwa przyniesie \u015bwiatu pok\u00f3j i pojednanie mi\u0119dzy narodami.<br><\/li><li>Tegoroczne Rekolekcje Wielkopostne dla wszystkich rozpoczn\u0105 si\u0119 w IV Niedziel\u0119 Wielkiego Postu tj. 27 marca br. Poprowadzi je ks. Roman Fr\u0105ckowiak \u2013 Marianin. Przypominamy, \u017ce w poniedzia\u0142ek, wtorek i w \u015brod\u0119 Msze \u015awi\u0119te z naukami dla doros\u0142ych o godz. 8:00, 11:00, 18:00, 20:00. Uczy\u0144my wszystko, aby wzi\u0105\u0107 w nich udzia\u0142. Pro\u015bmy o potrzebne dary Ducha \u015awi\u0119tego dla ksi\u0119dza Rekolekcjonisty i dla nas, by\u015bmy byli otwarci na g\u0142oszone S\u0142owo.<br><\/li><li><strong>KORZYSTAJMY W WIELKIM PO\u015aCIE<\/strong> z Sakramentu Pokuty \u2013 mamy tak\u0105 mo\u017cliwo\u015b\u0107, codziennie przed Msz\u0105 \u015bw. od godz. 7:45 lub od godz.17:30.<br><\/li><li>Kancelaria Parafialna czynna w \u015brody od 16:00 do 17:30 oraz w pi\u0105tki po Mszy wieczorowej do godz. 19:30. Zapraszamy.<br><\/li><li>Pami\u0119tajmy o Skarbonce na Ja\u0142mu\u017cn\u0119 Wielkopostn\u0105 2022. W ten spos\u00f3b w\u0142\u0105czamy si\u0119 w og\u00f3lnopolsk\u0105 akcj\u0119 <strong>\u201eCZAS MI\u0141OSIERDZIA\u201d.<\/strong><br><\/li><li>Zach\u0119cam wiernych do przekazania 1% podatku dla Caritas Polska. Przy Biuletynie znajdziemy ulotki informuj\u0105ce jak to mo\u017cna uczyni\u0107. \u201eWIERZYMY, \u017bE WARTO POMAGA\u0106\u201d.<br><\/li><li>Zach\u0119cam do nabywania nowego numeru \u201eGo\u015bcia Niedzielnego\u201d w cenie 8 z\u0142. z dodatkiem \u201eGo\u015bcia Elbl\u0105skiego\u201d a nim wydarzenia z diecezji.<br><\/li><li>Pan powo\u0142a\u0142 do wieczno\u015bci: <br><strong>\u2020 \u015bp. Ryszarda GRODZKIEGO <\/strong>lat 71 z ul. Leszczy\u0144skiego<br><strong>\u2020 \u015bp. Mariusza WIDOMSKIEGO<\/strong> lat 71 z ul. Korczaka<br><strong>\u2020 \u015bp. Danut\u0119 \u015aNIADACH<\/strong> lat 67 z ul. Myliusa<br><\/li><li>Wieczny odpoczynek racz im da\u0107 Panie\u2026<\/li><\/ol>\n\n\n\n<figure class=\"wp-block-image\"><img decoding=\"async\" src=\"http:\/\/rafalk-elblag.pl\/wp-content\/uploads\/2020\/04\/baner-intencje-mszy.jpg\" alt=\"\"\/><\/figure>\n\n\n\n<h1 class=\"wp-block-heading\">Intencje mszalne 20.03.2022r<\/h1>\n\n\n\n<p><strong>PONIEDZIA\u0141EK \/ 21 marca 2022 r.<\/strong><br>8.00 \u2020 Andrzej KLECHA w 2 miesi\u0105c po pogrzebie \u2013 intencja od Katarzyny Rekiel z rodzin\u0105<br>18.00 Dzi\u0119kczynna z okazji 70 urodzin, z pro\u015bb\u0105 o Bo\u017ce b\u0142ogos\u0142awie\u0144stwo, wszelkie potrzebne \u0142aski i opiek\u0119 Matki Bo\u017cej dla Henryka<br>18.00 \u2020 Stanis\u0142awa (k) OSOWSKA (greg. 21)<\/p>\n\n\n\n<p><strong>WTOREK \/ 22 marca 2022 r.<\/strong><br>8.00 \u2020 Stanis\u0142awa (k) OSOWSKA (greg. 22)<br>18.00 \u2020 Micha\u0142, J\u00f3zefa (k) JACKIEWICZ i zmarli bracia<\/p>\n\n\n\n<p><strong>\u015aRODA \/ 23 marca 2022 r.<\/strong><br>8.00 \u2020 Stanis\u0142awa (k) OSOWSKA (greg. 23)<br>18.00 Rez.<\/p>\n\n\n\n<p><strong>CZWARTEK \/ 24 marca 2022 r.<\/strong><br>8.00 \u2020 Stanis\u0142awa (k) OSOWSKA (greg. 24)<br>18.00 \u2020 Jerzy, Natalia i zmarli z rodziny DUDA<\/p>\n\n\n\n<p><strong>PI\u0104TEK \/ 25 marca 2022 r. \/ Uroczysto\u015b\u0107 Zwiastowania Pa\u0144skiego<\/strong><br>XXX-lecie powstania DIECEZJI ELBL\u0104SKIEJ<br>8.00 \u2020 Franciszek (m) i Kazimiera (k) SIENKIEWICZ<br>17.00 WSP\u00d3LNA MODLITWA RO\u017bANCOWA W DNIU PO\u015aWI\u0118CENIA ROSJI I UKRAINY NIEPOKALANEMU SERCU MARYI<br>18.00 \u2020 Jerzy W\u00d3JCIK w 30 dzie\u0144 po pogrzebie<br>18.00 \u2020 Stanis\u0142awa (k) OSOWSKA (greg. 25)<\/p>\n\n\n\n<p><strong>SOBOTA \/ 26 marca 2022 r.<\/strong><br>8.00 \u2020 Stanis\u0142awa (k) OSOWSKA (greg. 26)<br>18.00 O potrzebne \u0142aski dla wnucz\u0105t i ich rodzic\u00f3w<br>18.00 \u2020 Robert ANDRZEJEWSKI w dniu pogrzebu w Anglii<\/p>\n\n\n\n<p><strong>IV Niedziela Wielkiego Postu \/ 27 marca 2022 r. \/ Niedziela Laetare<\/strong><br>8.00 \u2020 Kazimierz KULMA w 10 rocznic\u0119 \u015bmierci<br>10.00 \u2020 Stanis\u0142awa (k) OSOWSKA (greg. 27)<br>12.00 W intencji Parafian<br>12.00 Dzi\u0119kczynna w dniu 18-tych urodzin Jakuba ORZECH z pro\u015bb\u0105 o Bo\u017ce b\u0142ogos\u0142awie\u0144stwo, wszelkie potrzebne \u0142aski, dary Ducha \u015awi\u0119tego i opiek\u0119 Matki Bo\u017cej<br>15.00 \u2020 Janina, Edward i Czes\u0142aw<br>18.00 \u2020 Stanis\u0142aw (m) w 20 rocznic\u0119 \u015bmierci, Genowefa P\u0104CZKOWSCY oraz zmarli rodzice z obojga stron<\/p>\n\n\n\n<p><br><\/p>\n\n\n\n<p><strong> <\/strong><\/p>\n\n\n\n<p><\/p>\n","protected":false},"excerpt":{"rendered":"<p>Ewangelia (\u0141k 13, 1-9) Je\u015bli si\u0119 nie nawr\u00f3cicie, wszyscy podobnie zginiecie S\u0142owa Ewangelii wed\u0142ug \u015awi\u0119tego \u0141ukasza W tym czasie przyszli jacy\u015b ludzie i donie\u015bli Jezusowi o Galilejczykach, kt\u00f3rych krew Pi\u0142at zmiesza\u0142 z krwi\u0105 ich ofiar. Jezus im odpowiedzia\u0142: \u00abCzy\u017c my\u015blicie, \u017ce ci Galilejczycy byli wi\u0119kszymi grzesznikami ni\u017c inni mieszka\u0144cy Galilei, i\u017c to ucierpieli? Bynajmniej, powiadam [&hellip;]<\/p>\n","protected":false},"author":1,"featured_media":4637,"comment_status":"closed","ping_status":"closed","sticky":false,"template":"","format":"standard","meta":{"ngg_post_thumbnail":0,"footnotes":""},"categories":[11,8,4,3],"tags":[],"class_list":["post-4635","post","type-post","status-publish","format-standard","has-post-thumbnail","hentry","category-aktualnosci","category-blog","category-intencje","category-ogloszenia"],"_links":{"self":[{"href":"https:\/\/rafalk-elblag.pl\/index.php?rest_route=\/wp\/v2\/posts\/4635","targetHints":{"allow":["GET"]}}],"collection":[{"href":"https:\/\/rafalk-elblag.pl\/index.php?rest_route=\/wp\/v2\/posts"}],"about":[{"href":"https:\/\/rafalk-elblag.pl\/index.php?rest_route=\/wp\/v2\/types\/post"}],"author":[{"embeddable":true,"href":"https:\/\/rafalk-elblag.pl\/index.php?rest_route=\/wp\/v2\/users\/1"}],"replies":[{"embeddable":true,"href":"https:\/\/rafalk-elblag.pl\/index.php?rest_route=%2Fwp%2Fv2%2Fcomments&post=4635"}],"version-history":[{"count":3,"href":"https:\/\/rafalk-elblag.pl\/index.php?rest_route=\/wp\/v2\/posts\/4635\/revisions"}],"predecessor-version":[{"id":4646,"href":"https:\/\/rafalk-elblag.pl\/index.php?rest_route=\/wp\/v2\/posts\/4635\/revisions\/4646"}],"wp:featuredmedia":[{"embeddable":true,"href":"https:\/\/rafalk-elblag.pl\/index.php?rest_route=\/wp\/v2\/media\/4637"}],"wp:attachment":[{"href":"https:\/\/rafalk-elblag.pl\/index.php?rest_route=%2Fwp%2Fv2%2Fmedia&parent=4635"}],"wp:term":[{"taxonomy":"category","embeddable":true,"href":"https:\/\/rafalk-elblag.pl\/index.php?rest_route=%2Fwp%2Fv2%2Fcategories&post=4635"},{"taxonomy":"post_tag","embeddable":true,"href":"https:\/\/rafalk-elblag.pl\/index.php?rest_route=%2Fwp%2Fv2%2Ftags&post=4635"}],"curies":[{"name":"wp","href":"https:\/\/api.w.org\/{rel}","templated":true}]}}