{"id":4630,"date":"2022-03-13T11:21:00","date_gmt":"2022-03-13T11:21:00","guid":{"rendered":"http:\/\/rafalk-elblag.pl\/?p=4630"},"modified":"2022-03-20T19:53:20","modified_gmt":"2022-03-20T19:53:20","slug":"biuletyn-13-03-2022-ii-niedziela-wielkiego-postu","status":"publish","type":"post","link":"https:\/\/rafalk-elblag.pl\/?p=4630","title":{"rendered":"Biuletyn 13.03.2022, II Niedziela Wielkiego Postu"},"content":{"rendered":"\n<figure class=\"wp-block-image size-large\"><img loading=\"lazy\" decoding=\"async\" width=\"960\" height=\"538\" src=\"https:\/\/rafalk-elblag.pl\/wp-content\/uploads\/2022\/03\/baner-130322.jpeg\" alt=\"\" class=\"wp-image-4631\" srcset=\"https:\/\/rafalk-elblag.pl\/wp-content\/uploads\/2022\/03\/baner-130322.jpeg 960w, https:\/\/rafalk-elblag.pl\/wp-content\/uploads\/2022\/03\/baner-130322-300x168.jpeg 300w, https:\/\/rafalk-elblag.pl\/wp-content\/uploads\/2022\/03\/baner-130322-768x430.jpeg 768w\" sizes=\"auto, (max-width: 960px) 100vw, 960px\" \/><\/figure>\n\n\n\n<h1 class=\"wp-block-heading\">Ewangelia (\u0141k 9, 28b-36)<br>Przez cierpienie \u2013 do chwa\u0142y zmartwychwstania\n<\/h1>\n\n\n\n<p><strong>\nS\u0142owa Ewangelii wed\u0142ug \u015awi\u0119tego \u0141ukasza<\/strong><\/p>\n\n\n\n<p>Jezus wzi\u0105\u0142 z sob\u0105 Piotra, Jana i Jakuba i wyszed\u0142 na g\u00f3r\u0119, aby si\u0119 modli\u0107. Gdy si\u0119 modli\u0142, wygl\u0105d Jego twarzy si\u0119 odmieni\u0142, a Jego odzienie sta\u0142o si\u0119 l\u015bni\u0105co bia\u0142e. A oto dw\u00f3ch m\u0119\u017c\u00f3w rozmawia\u0142o z Nim. Byli to Moj\u017cesz i Eliasz. Ukazali si\u0119 oni w chwale i m\u00f3wili o Jego odej\u015bciu, kt\u00f3rego mia\u0142 dope\u0142ni\u0107 w Jeruzalem. Tymczasem Piotr i towarzysze snem byli zmorzeni. Gdy si\u0119 ockn\u0119li, ujrzeli Jego chwa\u0142\u0119 i obydwu m\u0119\u017c\u00f3w, stoj\u0105cych przy Nim.<\/p>\n\n\n\n<p>Gdy oni si\u0119 z Nim rozstawali, Piotr rzek\u0142 do Jezusa: \u00abMistrzu, dobrze, \u017ce tu jeste\u015bmy. Postawimy trzy namioty: jeden dla Ciebie, jeden dla Moj\u017cesza i jeden dla Eliasza\u00bb. Nie wiedzia\u0142 bowiem, co m\u00f3wi. Gdy jeszcze to m\u00f3wi\u0142, pojawi\u0142 si\u0119 ob\u0142ok i os\u0142oni\u0142 ich; zl\u0119kli si\u0119, gdy weszli w ob\u0142ok.<\/p>\n\n\n\n<p>A z ob\u0142oku odezwa\u0142 si\u0119 g\u0142os: \u00abTo jest Syn m\u00f3j, Wybrany, Jego s\u0142uchajcie!\u00bb W chwili gdy odezwa\u0142 si\u0119 ten g\u0142os, okaza\u0142o si\u0119, \u017ce Jezus jest sam.<\/p>\n\n\n\n<p>A oni zachowali milczenie i w owym czasie nikomu nic nie opowiedzieli o tym, co zobaczyli.<\/p>\n\n\n\n<p><br>&nbsp;<\/p>\n\n\n\n<h1 class=\"wp-block-heading\">WSZYSCY JESTE\u015aMY MISJONARZAMI<\/h1>\n\n\n\n<p><strong>W II niedziel\u0119 Wielkiego Postu Ko\u015bci\u00f3\u0142 w Polsce prze\u017cywa Dzie\u0144 Modlitwy, Postu i Solidarno\u015bci z Misjonarzami. W tym roku obchodzimy go pod has\u0142em \u201eWieczernik szko\u0142\u0105 braterstwa misyjnego\u201d. Pielgrzymujemy duchowo do Wieczernika w Jerozolimie, tu bowiem Chrystus zgromadzi\u0142 swych uczni\u00f3w przed sw\u0105 m\u0119k\u0105 i ustanowi\u0142 sakrament kap\u0142a\u0144stwa i Eucharystii. W murach Wieczernika wybrzmia\u0142o Jego przykazanie mi\u0142o\u015bci: \u201ePrzykazanie nowe daj\u0119 wam, aby\u015bcie si\u0119 wzajemnie mi\u0142owali tak, jak Ja was umi\u0142owa\u0142em; \u017ceby\u015bcie i wy tak si\u0119 mi\u0142owali wzajemnie. <\/strong><\/p>\n\n\n\n<p>Po tym wszyscy poznaj\u0105, \u017ce\u015bcie uczniami moimi, je\u015bli b\u0119dziecie si\u0119 wzajemnie mi\u0142owali\u201d (J 13, 34-35).  Wieczernik jest szko\u0142\u0105 mi\u0142o\u015bci braterskiej, bezinteresownej, czystej, zdolnej do zapominania o sobie i daru z siebie. Ten, kto z wiar\u0105 uczestniczy w tajemnicy Wieczernika, uczy si\u0119 od Chrystusa kocha\u0107 bli\u017anich, wprowadza\u0107 w ludzk\u0105 rzeczywisto\u015b\u0107 pok\u00f3j i Bo\u017c\u0105 rado\u015b\u0107. Jak z Wieczernika, tak i z ka\u017cdej Mszy \u015bw., wychodzimy z odnowionym postanowieniem, by mi\u0142owa\u0107, nie tylko bliskich i przyjaci\u00f3\u0142, ale tak\u017ce dalekich i nieprzyjaci\u00f3\u0142. Eucharystia wychowuje nas do braterstwa, solidarno\u015bci z ubogimi i potrzebuj\u0105cymi wsparcia. <\/p>\n\n\n\n<p>W niej Chrystus daje nam si\u0142\u0119 do tego, by\u015bmy przychodzili z pomoc\u0105 \u201etym, kt\u00f3rzy si\u0119 \u017ale maj\u0105\u201d (\u0141k 5, 31), kt\u00f3rzy cierpi\u0105 z powodu osamotnienia i odrzucenia przez innych. Nasi misjonarze, umocnieni Eucharysti\u0105, wychowani w szkole Wieczernika ofiarnie pos\u0142uguj\u0105 na misjach.  G\u0142osz\u0105 Ewangeli\u0119, dziel\u0105c si\u0119 sw\u0105 wiar\u0105 oraz potwierdzaj\u0105c j\u0105 czynami mi\u0142o\u015bci bli\u017aniego, solidarno\u015bci i ochoczej pomocy ubogim, chorym i s\u0142abym. Tak\u017ce teraz, w czasach pandemii, trwaj\u0105 na plac\u00f3wkach misyjnych, by s\u0142u\u017cy\u0107 i umacnia\u0107 w nadziei rodziny, starc\u00f3w, m\u0142odzie\u017c i dzieci. Jeste\u015bmy wraz z nimi, otaczaj\u0105c ich modlitwami, nie tylko dzisiaj, w Dniu Modlitwy, Postu i Solidarno\u015bci z Misjonarzami, ale w ci\u0105gu ca\u0142ego roku. <\/p>\n\n\n\n<p>O t\u0119 modlitw\u0119 oni gor\u0105co nas prosz\u0105. Jest ona zw\u0142aszcza potrzebna tam, gdzie panuje zam\u0119t i niepok\u00f3j, gdzie \u017cycie naszych misjonarek i misjonarzy jest w niebezpiecze\u0144stwie, gdzie misjonarze musz\u0105 zmaga\u0107 si\u0119 z wielkimi przeciwno\u015bciami, prze\u015bladowaniem, n\u0119dz\u0105 i r\u00f3\u017cnymi niedostatkami. Nasza modlitwa za misje u\u015bwiadamia ca\u0142emu Ko\u015bcio\u0142owi, \u017ce s\u0105 one dzie\u0142em Bo\u017cym, nie ludzkim. St\u0105d wzywamy Bo\u017cej pomocy i b\u0142ogos\u0142awie\u0144stwa dla wszystkich przedsi\u0119wzi\u0119\u0107 misyjnych oraz prosimy Chrystusa, by strzeg\u0142 misjonarzy od z\u0142a i zachowa\u0142 ich w swej \u0142asce.  Dzi\u015b jednoczymy si\u0119 w modlitwie z 1800 misjonarkami i misjonarzami z Polski, g\u0142osz\u0105cymi or\u0119dzie ewangeliczne w 99 krajach misyjnych. II Niedziela Wielkiego Postu \u201ead gentes\u201d przypomina o naszej odpowiedzialno\u015bci za misje w \u015bwiecie. <\/p>\n\n\n\n<p>Na mocy chrztu \u015bw. jeste\u015bmy misjonarzami i wszystkim nam Chrystus powierzy\u0142 mandat misyjny. Nawet je\u015bli nie wyje\u017cd\u017camy do kraj\u00f3w misyjnych, jeste\u015bmy misjonarzami. Opr\u00f3cz modlitwy i ofiarowania Panu Bogu cierpie\u0144 i trud\u00f3w \u017cyciowych w intencji misji, mo\u017cemy wspiera\u0107 misjonarzy finansowo i materialnie. Pos\u0142uguj\u0105 oni w m\u0142odych Ko\u015bcio\u0142ach, kt\u00f3re zwykle s\u0105 w najbiedniejszych krajach \u015bwiata i dla realizacji swej misji potrzebuj\u0105 \u015brodk\u00f3w. Panie Jezu Chryste, spojrzyj prosimy na swoich misjonarzy, kap\u0142an\u00f3w i braci, siostry i \u015bwieckich, kt\u00f3rzy wszystko opu\u015bcili, aby dawa\u0107 \u015bwiadectwo Twemu s\u0142owu i Twojej mi\u0142o\u015bci. <\/p>\n\n\n\n<p>B\u0105d\u017a obro\u0144c\u0105 silnych, ochron\u0105 przed potkni\u0119ciem s\u0142abych, ratunkiem przed upadkiem. Podno\u015b ich na duchu. S\u0142owem i przyk\u0142adem swoim o\u015bwiecaj w przeciwno\u015bciach i niebezpiecze\u0144stwach. Niechaj im Panie towarzyszy sztandar Krzy\u017ca Twojego. W uciskach niech ich uczy ducha ofiary, w s\u0142abo\u015bciach daje moc i pociech\u0119, a we wszystkich trudno\u015bciach \u017cycia apostolskiego \u015bwiat\u0142o i wytrwanie. Spraw, \u017ceby razem ze stale wzrastaj\u0105c\u0105 rzesz\u0105 wiernych wys\u0142awiali Ciebie, Panie, i sk\u0142adali Ci dzi\u0119ki, kt\u00f3ry ich odkupi\u0142e\u015b i chcesz doprowadzi\u0107 do zbawienia wiecznego. Amen. <\/p>\n\n\n\n<p><\/p>\n\n\n\n<figure class=\"wp-block-image\"><a href=\"http:\/\/rafalk-elblag.pl\/wp-content\/uploads\/2021\/08\/ogloszenia-parafialne-baner-01a.jpg\"><img loading=\"lazy\" decoding=\"async\" width=\"720\" height=\"232\" src=\"http:\/\/rafalk-elblag.pl\/wp-content\/uploads\/2021\/08\/ogloszenia-parafialne-baner-01a.jpg\" alt=\"\" class=\"wp-image-4410\" srcset=\"https:\/\/rafalk-elblag.pl\/wp-content\/uploads\/2021\/08\/ogloszenia-parafialne-baner-01a.jpg 720w, https:\/\/rafalk-elblag.pl\/wp-content\/uploads\/2021\/08\/ogloszenia-parafialne-baner-01a-300x97.jpg 300w\" sizes=\"auto, (max-width: 720px) 100vw, 720px\" \/><\/a><\/figure>\n\n\n\n<h1 class=\"wp-block-heading\">Og\u0142oszenia parafialne 13.03.2022r<\/h1>\n\n\n\n<ol class=\"wp-block-list\"><li>Zapraszamy dzisiaj i w ka\u017cd\u0105 Niedziel\u0119 WIELKIEGO POSTU na Adoracj\u0119 Naj\u015bwi\u0119tszego Sakramentu od godz. 16:00 do godz. 17:15. Masz mo\u017cliwo\u015b\u0107 spotkania si\u0119 z Jezusem w ciszy. PRZYJD\u0179 !!!<br><\/li><li>Wykorzystajmy czas WIELKIEGO POSTU dla naszego wzrostu duchowego poprzez gorliwy i owocny udzia\u0142u w Liturgii Wielkopostnej i w Nabo\u017ce\u0144stwach Pokutnych. Zapraszamy w ka\u017cd\u0105 niedziel\u0119 o godz. 17:15 na Gorzkie \u017bale z kazaniem pasyjnym, a ka\u017cdy pi\u0105tek Wielkiego Postu na Drog\u0119 Krzy\u017cow\u0105: o godz. 16:30 dla dzieci; o godz. 19:00 dla doros\u0142ych i m\u0142odzie\u017cy. PAMI\u0118TAJMY, \u017ce Wielki Post jest tak zwanym \u201eczasem zakazanym\u201d dla wszelkich hucznych wesel, zabaw i dyskotek !!!<br><\/li><li>Spotkania dla rodzic\u00f3w dzieci klas III przygotowuj\u0105cych si\u0119 do I KOMUNII \u015aWI\u0118TEJ odb\u0119dzie si\u0119 w poniedzia\u0142ek 14 marca br. o godz. 19:00 tym razem w Multikinie \u2013 OGRODY. W tym dniu mamy jeszcze mo\u017cliwo\u015b\u0107 wybrania si\u0119 na film \u201eCUD GUADALUPE\u201d. To pierwszy kinowy film o objawieniach w Guadalupe.<br><\/li><li>Cena biletu 11 z\u0142. Tradycyjnie p\u0142acimy przy wej\u015bciu do kina.<br><\/li><li>W poniedzia\u0142ek, wtorek i czwartek na plebanii o godz. 19:00 odb\u0119dzie si\u0119 spotkanie dla kandydat\u00f3w \u2013 rok II, przygotowuj\u0105cych si\u0119 do Sakramentu Bierzmowania wed\u0142ug ustalonego porz\u0105dku przez ks. Marcina. Obecno\u015b\u0107 obowi\u0105zkowa.<br><\/li><li>Od 10 marca do 18 marca trwa NOWENNA DO \u015aWI\u0118TEGO J\u00d3ZEFA. Zach\u0119cam wszystkich wiernych do w\u0142\u0105czenia si\u0119 w powy\u017csz\u0105 modlitw\u0119, w intencji pokoju na UKRAINIE. Wsp\u00f3lnie pro\u015bmy, by \u015bw. J\u00f3zef wyjedna\u0142 \u015bwiatu pok\u00f3j a ka\u017cdemu, potrzebne \u0142aski i si\u0142y do wype\u0142niania swoich obowi\u0105zk\u00f3w zawodowych, domowych i rodzinnych.<br><\/li><li>W \u015brod\u0119 16 marca &#8211; DZIE\u0143 MODLITW ZA BRACTWO SZKAPLERZNE, a tak\u017ce za osoby nosz\u0105ce Szkaplerz \u015awi\u0119ty. Zapraszamy wszystkich nale\u017c\u0105cych i pragn\u0105cych w\u0142\u0105czy\u0107 si\u0119 do tej wsp\u00f3lnoty na Msz\u0119 \u015bw. o godz. 18:00. Po Mszy \u015bw. Nowenna przed 20 \u2013 leciem RODZINY KARMELITA\u0143SKIEJ.<br><\/li><li>Zapraszamy na kurs \u201eNOWE \u017bYCIE\u201d kt\u00f3ry odb\u0119dzie si\u0119 w dniach 18 \u2013 20 marca br. w sali bankietowej Eden w Elbl\u0105gu. Celem kursu jest odkrycie takiej relacji z Bogiem Ojcem, kt\u00f3ra daje Nowe Zycie. Kurs jest obj\u0119ty patronatem honorowym Biskupa Elbl\u0105skiego Jacka Jezierskiego. Szczeg\u00f3\u0142y na plakacie.<br><\/li><li>W sobot\u0119 (19 marca) przypada UROCZYSTO\u015a\u0106 \u015aWI\u0118TEGO J\u00d3ZEFA. W tym dniu zapraszamy wszystkich parafian a szczeg\u00f3lnie m\u0119\u017cczyzn do uczestnictwa we Mszach \u015bw. o godz. 8:00, 11:00 i 18:00. Po Mszy \u015bw. wieczorowej nabo\u017ce\u0144stwo ku czci \u015bw. J\u00f3zefa. Wszystkim solenizantom \u017cyczymy b\u0142ogos\u0142awie\u0144stwa Bo\u017cego i opieki \u015bw. J\u00f3zefa.<br><\/li><li>KORZYSTAJMY W WIELKIM PO\u015aCIE z Sakramentu Pokuty \u2013 mamy tak\u0105 mo\u017cliwo\u015b\u0107, codziennie przed Msz\u0105 \u015bw. od godz. 7:45 lub od godz.17:30.<br><\/li><li>Kancelaria Parafialna czynna w \u015brody od 16:00 do 17:30 oraz w pi\u0105tki po Mszy wieczorowej do godz. 19:30. Zapraszamy.<br><\/li><li>Pami\u0119tajmy o Skarbonce na Ja\u0142mu\u017cn\u0119 Wielkopostn\u0105 2022. W ten spos\u00f3b w\u0142\u0105czamy si\u0119 w og\u00f3lnopolsk\u0105 akcj\u0119 \u201eCZAS MI\u0141OSIERDZIA\u201d.<br><\/li><li>Zach\u0119cam wiernych do przekazania 1% podatku dla Caritas Polska. Przy Biuletynie znajdziemy ulotki informuj\u0105ce jak to mo\u017cna uczyni\u0107.<br><\/li><li>Zach\u0119cam do nabywania nowego numeru \u201eGo\u015bcia Niedzielnego\u201d w cenie 8 z\u0142. z dodatkiem \u201eGo\u015bcia Elbl\u0105skiego\u201d a nim wydarzenia z diecezji.<br><br><\/li><\/ol>\n\n\n\n<figure class=\"wp-block-image\"><img decoding=\"async\" src=\"http:\/\/rafalk-elblag.pl\/wp-content\/uploads\/2020\/04\/baner-intencje-mszy.jpg\" alt=\"\"\/><\/figure>\n\n\n\n<h1 class=\"wp-block-heading\">Intencje mszalne 13.03.2022r<\/h1>\n\n\n\n<p><strong>II Niedziela Wielkiego Postu \/ 13 marca 2022<\/strong><br>8.00 \u2020 Stanis\u0142awa (k) OSOWSKA (greg. 13)<br>8.00 O Bo\u017ce b\u0142ogos\u0142awie\u0144stwo dla Nikodema i ca\u0142ej Jego rodziny, Agnieszki i ca\u0142ej rodziny zakonnej oraz dla Magdaleny i ca\u0142ej Jej rodziny<br>10.00 \u2020 Bronis\u0142aw, Wiktoria JANICCY w 21 rocznic\u0119 \u015bmierci, \u2020 Wiktoria, Jan, Halina SZCZ\u0118\u015aNI, Marta, Antoni, Tomasz JANICCY i Hermenegilda MOLGA<br>12.00 W intencji Parafian<br>15.00 \u2020 Zofia JAWORSKA w 34 rocznic\u0119 \u015bmierci, Jan, Andrzej JAWORSCY, Marianna i Boles\u0142aw STAN<br>18.00 \u2020 Bronis\u0142awa (k) Stanis\u0142aw ZASKALSCY, Stanis\u0142awa (k) Wilhelm, Henryk GLI\u0143SCY<br><\/p>\n\n\n\n<p><strong>PONIEDZIA\u0141EK \/ 14 marca 2022 r.<\/strong><br>8.00 \u2020 Stanis\u0142awa (k) OSOWSKA (greg. 14)<br>18.00 \u2020 Stanis\u0142awa (k) MICKIEWICZ<br><\/p>\n\n\n\n<p><strong>WTOREK \/ 15 marca 2022 r.<\/strong><br>8.00 Rez.<br>18.00 \u2020 Stanis\u0142awa (k) OSOWSKA (greg. 15)<br>18.00 \u2020 Marta BOGDANOWICZ w 30 dzie\u0144 po pogrzebie<br><\/p>\n\n\n\n<p><strong>\u015aRODA \/ 16 marca 2022 r.<br>DZIE\u0143 BRACTWA SZKAPLERZNEGO<\/strong><br>8.00 \u2020 Stanis\u0142awa (k) OSOWSKA (greg. 16)<br>18.00 \u2020 Irena W\u00d3JCIK w 3 rocznic\u0119 \u015bmierci<br>18.00 W intencji Bractwa Szkaplerznego i os\u00f3b, kt\u00f3re przyjm\u0105 szkaplerz<br><\/p>\n\n\n\n<p><strong>CZWARTEK \/ 17 marca 2022 r.<\/strong><br>8.00 \u2020 Stanis\u0142awa (k) OSOWSKA (greg. 17)<br>18.00 \u2020 Antoni Benedykt Pazdyka w I rocznic\u0119 \u015bmierci<br><\/p>\n\n\n\n<p><strong>PI\u0104TEK \/ 18 marca 2022 r.<\/strong><br>8.00 \u2020 Stanis\u0142awa (k) OSOWSKA (greg. 18)<br>18.00 \u2020 Roman STASZY\u0143SKI w 30 dzie\u0144 po pogrzebie<br><\/p>\n\n\n\n<p><strong>SOBOTA \/ 19 marca 2022 r. \/ <\/strong><br><strong>UROCZYSTO\u015a\u0106 \u015aW. J\u00d3ZEFA OBLUBIE\u0143CA NMP<\/strong><br>8.00 \u2020 Stanis\u0142awa (k) OSOWSKA (greg. 19)<br>11.00 O pok\u00f3j na \u015bwiecie oraz za wszystkich uchod\u017ac\u00f3w z Ukrainy<br>18.00 \u2020 J\u00f3zef PRO\u0106 z okazji imienin<br>18.00 \u2020 J\u00f3zef KWIATOSZ z okazji imienin i zmarli rodzice z obojga stron<br>III Niedziela Wielkiego Postu \/ 20 marca 2022 r.<br>8.00 \u2020 Cyryla (k) KIEZA<br>8.00 Dzi\u0119kczynna w 70 urodziny Mieczys\u0142awa WALI z pro\u015bb\u0105 o Bo\u017ce B\u0142ogos\u0142awie\u0144stwo i potrzebne \u0142aski dla jubilata<br>10.00 \u2020 Wac\u0142aw BAZYLAK w 3 rocznic\u0119 \u015bmierci i zmarli z rodzin BAZYLAK, WA\u015aNIEWSKICH<br>12.00 W intencji Parafian<br>15.00 \u2020 Janusz EKES w I rocznic\u0119 \u015bmierci, \u2020 J\u00f3zefa (k) Marian DYMOWSCY<br>18.00 \u2020 Stanis\u0142awa (k) OSOWSKA (greg. 20)<\/p>\n\n\n\n<p><br><\/p>\n\n\n\n<p><strong> <\/strong><\/p>\n\n\n\n<p><\/p>\n","protected":false},"excerpt":{"rendered":"<p>Ewangelia (\u0141k 9, 28b-36)Przez cierpienie \u2013 do chwa\u0142y zmartwychwstania S\u0142owa Ewangelii wed\u0142ug \u015awi\u0119tego \u0141ukasza Jezus wzi\u0105\u0142 z sob\u0105 Piotra, Jana i Jakuba i wyszed\u0142 na g\u00f3r\u0119, aby si\u0119 modli\u0107. Gdy si\u0119 modli\u0142, wygl\u0105d Jego twarzy si\u0119 odmieni\u0142, a Jego odzienie sta\u0142o si\u0119 l\u015bni\u0105co bia\u0142e. A oto dw\u00f3ch m\u0119\u017c\u00f3w rozmawia\u0142o z Nim. Byli to Moj\u017cesz i [&hellip;]<\/p>\n","protected":false},"author":1,"featured_media":4632,"comment_status":"closed","ping_status":"closed","sticky":false,"template":"","format":"standard","meta":{"ngg_post_thumbnail":0,"footnotes":""},"categories":[11,8,4,3],"tags":[],"class_list":["post-4630","post","type-post","status-publish","format-standard","has-post-thumbnail","hentry","category-aktualnosci","category-blog","category-intencje","category-ogloszenia"],"_links":{"self":[{"href":"https:\/\/rafalk-elblag.pl\/index.php?rest_route=\/wp\/v2\/posts\/4630","targetHints":{"allow":["GET"]}}],"collection":[{"href":"https:\/\/rafalk-elblag.pl\/index.php?rest_route=\/wp\/v2\/posts"}],"about":[{"href":"https:\/\/rafalk-elblag.pl\/index.php?rest_route=\/wp\/v2\/types\/post"}],"author":[{"embeddable":true,"href":"https:\/\/rafalk-elblag.pl\/index.php?rest_route=\/wp\/v2\/users\/1"}],"replies":[{"embeddable":true,"href":"https:\/\/rafalk-elblag.pl\/index.php?rest_route=%2Fwp%2Fv2%2Fcomments&post=4630"}],"version-history":[{"count":2,"href":"https:\/\/rafalk-elblag.pl\/index.php?rest_route=\/wp\/v2\/posts\/4630\/revisions"}],"predecessor-version":[{"id":4640,"href":"https:\/\/rafalk-elblag.pl\/index.php?rest_route=\/wp\/v2\/posts\/4630\/revisions\/4640"}],"wp:featuredmedia":[{"embeddable":true,"href":"https:\/\/rafalk-elblag.pl\/index.php?rest_route=\/wp\/v2\/media\/4632"}],"wp:attachment":[{"href":"https:\/\/rafalk-elblag.pl\/index.php?rest_route=%2Fwp%2Fv2%2Fmedia&parent=4630"}],"wp:term":[{"taxonomy":"category","embeddable":true,"href":"https:\/\/rafalk-elblag.pl\/index.php?rest_route=%2Fwp%2Fv2%2Fcategories&post=4630"},{"taxonomy":"post_tag","embeddable":true,"href":"https:\/\/rafalk-elblag.pl\/index.php?rest_route=%2Fwp%2Fv2%2Ftags&post=4630"}],"curies":[{"name":"wp","href":"https:\/\/api.w.org\/{rel}","templated":true}]}}