{"id":4623,"date":"2022-03-06T10:19:01","date_gmt":"2022-03-06T10:19:01","guid":{"rendered":"http:\/\/rafalk-elblag.pl\/?p=4623"},"modified":"2022-03-20T19:53:48","modified_gmt":"2022-03-20T19:53:48","slug":"biuletyn-06-03-2022-i-niedziela-wielkiego-postu","status":"publish","type":"post","link":"https:\/\/rafalk-elblag.pl\/?p=4623","title":{"rendered":"Biuletyn 06.03.2022, I Niedziela Wielkiego Postu"},"content":{"rendered":"\n<figure class=\"wp-block-image size-large\"><img loading=\"lazy\" decoding=\"async\" width=\"1024\" height=\"575\" src=\"http:\/\/rafalk-elblag.pl\/wp-content\/uploads\/2022\/03\/baner-060322-1024x575.jpg\" alt=\"\" class=\"wp-image-4624\" srcset=\"https:\/\/rafalk-elblag.pl\/wp-content\/uploads\/2022\/03\/baner-060322-1024x575.jpg 1024w, https:\/\/rafalk-elblag.pl\/wp-content\/uploads\/2022\/03\/baner-060322-300x169.jpg 300w, https:\/\/rafalk-elblag.pl\/wp-content\/uploads\/2022\/03\/baner-060322-768x431.jpg 768w, https:\/\/rafalk-elblag.pl\/wp-content\/uploads\/2022\/03\/baner-060322.jpg 1125w\" sizes=\"auto, (max-width: 1024px) 100vw, 1024px\" \/><\/figure>\n\n\n\n<h1 class=\"wp-block-heading\">Ewangelia (\u0141k 4, 1-13)\nJezus przebywa\u0142 w Duchu \u015awi\u0119tym na pustyni i by\u0142 kuszony\n<\/h1>\n\n\n\n<p><strong>\nS\u0142owa Ewangelii wed\u0142ug \u015awi\u0119tego \u0141ukasza<\/strong><\/p>\n\n\n\n<p>\n\nPe\u0142en Ducha \u015awi\u0119tego, powr\u00f3ci\u0142 Jezus znad Jordanu, a wiedziony by\u0142 przez Ducha na pustyni czterdzie\u015bci dni, i by\u0142 kuszony przez diab\u0142a. Nic przez owe dni nie jad\u0142, a po ich up\u0142ywie poczu\u0142 g\u0142\u00f3d. Rzek\u0142 Mu wtedy diabe\u0142: \u00abJe\u015bli jeste\u015b Synem Bo\u017cym, powiedz temu kamieniowi, \u017ceby sta\u0142 si\u0119 chlebem\u00bb.\n\nOdpowiedzia\u0142 mu Jezus: \u00abNapisane jest: \u201eNie samym chlebem \u017cyje cz\u0142owiek\u201d\u00bb.\n\nW\u00f3wczas powi\u00f3d\u0142 Go diabe\u0142 w g\u00f3r\u0119, pokaza\u0142 Mu w jednej chwili wszystkie kr\u00f3lestwa \u015bwiata i rzek\u0142 do Niego: \u00abTobie dam pot\u0119g\u0119 i wspania\u0142o\u015b\u0107 tego wszystkiego, bo mnie s\u0105 poddane i mog\u0119 je da\u0107, komu zechc\u0119. Je\u015bli wi\u0119c upadniesz i oddasz mi pok\u0142on, wszystko b\u0119dzie Twoje\u00bb.\n\nLecz Jezus mu odrzek\u0142: \u00abNapisane jest: \u201ePanu, Bogu swemu, b\u0119dziesz oddawa\u0142 pok\u0142on i Jemu samemu s\u0142u\u017cy\u0107 b\u0119dziesz\u201d\u00bb.\n\nZawi\u00f3d\u0142 Go te\u017c do Jerozolimy, postawi\u0142 na szczycie naro\u017cnika \u015bwi\u0105tyni i rzek\u0142 do Niego: \u00abJe\u015bli jeste\u015b Synem Bo\u017cym, rzu\u0107 si\u0119 st\u0105d w d\u00f3\u0142. Jest bowiem napisane: \u201eAnio\u0142om swoim da rozkaz co do ciebie, \u017ceby ci\u0119 strzegli, i na r\u0119kach nosi\u0107 ci\u0119 b\u0119d\u0105, by\u015b przypadkiem nie urazi\u0142 swej nogi o kamie\u0144\u201d\u00bb.\n\nLecz Jezus mu odpar\u0142: \u00abPowiedziano: \u201eNie b\u0119dziesz wystawia\u0142 na pr\u00f3b\u0119 Pana, Boga swego\u201d\u00bb.\n\nGdy diabe\u0142 dope\u0142ni\u0142 ca\u0142ego kuszenia, odst\u0105pi\u0142 od Niego do czasu.\n\n<br>&nbsp;<\/p>\n\n\n\n<h1 class=\"wp-block-heading\">JA\u0141MU\u017bNA \u2013 CHRZE\u015aCIJA\u0143SKI STYL \u017bYCIA<\/h1>\n\n\n\n<p><strong>Modlitwa, post, ja\u0142mu\u017cna \u2013 to praktyki pokutne na og\u00f3\u0142 dobrze znane. Do ich praktykowania zach\u0119ca szczeg\u00f3lnie okres Wielkiego Postu. Czy jednak nie warto spojrze\u0107 na nie jako na styl chrze\u015bcija\u0144skiego \u017cycia? \u015awiadomo\u015b\u0107 o konieczno\u015bci codziennej modlitwy jest dla chrze\u015bcijan zwykle czym\u015b zwyk\u0142ym i naturalnym. Nieco gorzej jest z praktykowaniem postu, ale przynajmniej w niekt\u00f3re dni roku zwracamy na niego szczeg\u00f3lniejsz\u0105 uwag\u0119. Jednak czym jest i na czym powinna polega\u0107 ja\u0142mu\u017cna \u2013 to nie jest ju\u017c takie oczywiste. Niekt\u00f3rzy sprowadzaj\u0105 j\u0105 do rzucenia pieni\u0105\u017cka osobie potrzebuj\u0105cej lub przeznaczenia okre\u015blonej kwoty na cel charytatywny. Warto zatem zapyta\u0107, czy ja\u0142mu\u017cna polega jedynie na tym? Czy nie chodzi w niej o co\u015b o wiele g\u0142\u0119bszego? <\/strong><\/p>\n\n\n\n<p>Prawdziwy sens ja\u0142mu\u017cny mo\u017cna odkry\u0107 jedynie wtedy, gdy popatrzy si\u0119 na ni\u0105 w kontek\u015bcie modlitwy i postu. Modlitwa pomaga rozezna\u0107 komu i w jaki spos\u00f3b pomaga\u0107, a post pozwala odm\u00f3wi\u0107 sobie czego\u015b, by da\u0107 to co niezb\u0119dne drugiemu cz\u0142owiekowi. Tak wi\u0119c ja\u0142mu\u017cna wyp\u0142ywa z naszego \u201eja\u201d, ale jest skierowana ku drugiemu. Sprawdza jako\u015b\u0107 naszej modlitwy i sensowno\u015b\u0107 naszego postu. Chocia\u017c wszystkie dobra stworzonego przez Boga \u015bwiata zosta\u0142y przeznaczone dla ka\u017cdego cz\u0142owieka i dla ka\u017cdego narodu, to jednak niesprawiedliwy podzia\u0142 d\u00f3br od wiek\u00f3w sprawia, \u017ce jedni \u017cyj\u0105 w skrajnym ub\u00f3stwie, a inni maj\u0105 nadmiar. <\/p>\n\n\n\n<p>Ten ogromny brak symetrii pomi\u0119dzy bogactwem i ub\u00f3stwem jest zaproszeniem do tego, by umie\u0107 dostrzega\u0107 potrzeby bli\u017anich oraz by czu\u0107 si\u0119 wezwanym i zobowi\u0105zanym do materialnej pomocy tym, kt\u00f3rzy jej naprawd\u0119 potrzebuj\u0105. Ja\u0142mu\u017cny zatem nie mo\u017cna traktowa\u0107 jedynie jako wyrazu dobrej woli, chwilowego kaprysu, ale jako obowi\u0105zek p\u0142yn\u0105cy bezpo\u015brednio z Pisma i Bo\u017cego Prawa. Przywracaj\u0105c sprawiedliwo\u015b\u0107 pojedynczemu cz\u0142owiekowi oraz spo\u0142ecze\u0144stwu, ja\u0142mu\u017cna \u0142agodzi przepa\u015bcie dziel\u0105ce ludzi, zbli\u017ca ich do siebie, a wszystkim praktykuj\u0105cym j\u0105 daje nadziej\u0119 lepszej przysz\u0142o\u015bci. Jezus w swoim nauczaniu uzna\u0142 ja\u0142mu\u017cn\u0119, obok modlitwy i postu, za g\u0142\u00f3wny filar \u017cycia duchowego: \u201eKiedy za\u015b ty dajesz ja\u0142mu\u017cn\u0119, niech nie wie lewa twoja r\u0119ka, co czyni prawa, aby twoja ja\u0142mu\u017cna pozosta\u0142a w ukryciu. A Ojciec tw\u00f3j, kt\u00f3ry widzi w ukryciu, odda tobie\u201d. (Mt 6, 3). Dlatego dla pierwszych chrze\u015bcijan ja\u0142mu\u017cna by\u0142a przede wszystkim wyrazem mi\u0142o\u015bci Boga. <\/p>\n\n\n\n<h2 class=\"wp-block-heading\"><strong>CARITAS \u2013 JA\u0141MU\u017bNA WIELKOPOSTNA 2022 <\/strong><\/h2>\n\n\n\n<p>Ja\u0142mu\u017cna Wielkopostna to ekumeniczna akcja charytatywna, kt\u00f3rej celem jest zwr\u00f3cenie uwagi na los os\u00f3b starszych, uwra\u017cliwienie m\u0142odego pokolenia na potrzeby senior\u00f3w oraz ich wsparcie dzi\u0119ki datkom zbieranym do skarbonek i przekazywanym wp\u0142atom.  Ta akcja ma dwa aspekty. Jednym z nich jest konkretna, wymierna pomoc, trafiaj\u0105ca do senior\u00f3w za po\u015brednictwem parafialnych zespo\u0142\u00f3w Caritas oraz szkolnych k\u00f3\u0142 Caritas. Drugi, r\u00f3wnie wa\u017cny, to uwra\u017cliwienie dzieci, m\u0142odzie\u017cy i doros\u0142ych na potrzeby os\u00f3b starszych, cz\u0119sto samotnych i chorych; zach\u0119cenie najm\u0142odszych do tego, aby dzielili si\u0119 z seniorami tym, co maj\u0105, a przede wszystkim swoim czasem \u2013 podkre\u015bla ks. Marcin I\u017cycki, dyrektor Caritas Polska. \u2013 Ten udzia\u0142 w zbi\u00f3rce wi\u0105\u017ce si\u0119 dla nich z ofiarno\u015bci\u0105 \u2013 po\u015bwi\u0119caj\u0105 sw\u00f3j czas, nierzadko sami przekazuj\u0105 drobne datki, rezygnuj\u0105c z jakiej\u015b codziennej przyjemno\u015bci. Ma to sw\u00f3j wymiar religijny, duchowy \u2013 ja\u0142mu\u017cna jako znak mi\u0142osierdzia \u2013 i wpisuje si\u0119 w charakter Wielkiego Postu, okresu wyrzecze\u0144, kt\u00f3re maj\u0105 przecie\u017c g\u0142\u0119boki, ewangeliczny sens. Od 16 lat akcja ma ekumeniczny charakter. Caritas prowadzi j\u0105 wsp\u00f3lnie z partnerami z innych ko\u015bcio\u0142\u00f3w chrze\u015bcija\u0144skich. Ja\u0142mu\u017cn\u0119 wielkopostn\u0105 przyniesiemy do ko\u015bcio\u0142a w Niedziel\u0119 Bo\u017cego Mi\u0142osierdzia 24.04.2022 r. <\/p>\n\n\n\n<p><\/p>\n\n\n\n<p><\/p>\n\n\n\n<figure class=\"wp-block-image\"><a href=\"http:\/\/rafalk-elblag.pl\/wp-content\/uploads\/2021\/08\/ogloszenia-parafialne-baner-01a.jpg\"><img loading=\"lazy\" decoding=\"async\" width=\"720\" height=\"232\" src=\"http:\/\/rafalk-elblag.pl\/wp-content\/uploads\/2021\/08\/ogloszenia-parafialne-baner-01a.jpg\" alt=\"\" class=\"wp-image-4410\" srcset=\"https:\/\/rafalk-elblag.pl\/wp-content\/uploads\/2021\/08\/ogloszenia-parafialne-baner-01a.jpg 720w, https:\/\/rafalk-elblag.pl\/wp-content\/uploads\/2021\/08\/ogloszenia-parafialne-baner-01a-300x97.jpg 300w\" sizes=\"auto, (max-width: 720px) 100vw, 720px\" \/><\/a><\/figure>\n\n\n\n<h1 class=\"wp-block-heading\">Og\u0142oszenia parafialne 06.03.2022r<\/h1>\n\n\n\n<ol class=\"wp-block-list\"><li>Zapraszamy dzisiaj na Adoracj\u0119 Naj\u015bwi\u0119tszego Sakramentu od 16:00 do 17:15. W ka\u017cd\u0105 Niedziel\u0119 WIELKIEGO POSTU, masz mo\u017cliwo\u015b\u0107 spotkania si\u0119 z Jezusem w ciszy. PRZYJD\u0179 !!!<br><\/li><li>Dzisiaj w Biuletynie Parafialnym znajdziemy Skarbonk\u0119 na Ja\u0142mu\u017cn\u0119 Wielkopostn\u0105 2022. W ten spos\u00f3b w\u0142\u0105czamy si\u0119 w og\u00f3lnopolsk\u0105 akcj\u0119 \u201eCZAS MI\u0141OSIERDZIA\u201d. Wi\u0119cej o znaczeniu ja\u0142mu\u017cny i podj\u0119tej akcji znajdziemy w dzisiejszym biuletynie. Ja\u0142mu\u017cn\u0119 wielkopostn\u0105 przyniesiemy do ko\u015bcio\u0142a w Niedziel\u0119 Bo\u017cego Mi\u0142osierdzia (24.04.2022).<br><\/li><li>Wykorzystajmy czas WIELKIEGO POSTU dla naszego wzrostu duchowego poprzez gorliwy i owocny udzia\u0142u w Liturgii Wielkopostnej i w Nabo\u017ce\u0144stwach Pokutnych. Zapraszamy w ka\u017cd\u0105 niedziel\u0119 o godz. 17:15 na Gorzkie \u017bale z kazaniem pasyjnym, a w ka\u017cdy pi\u0105tek Wielkiego Postu na Drog\u0119 Krzy\u017cow\u0105: godz. 16:30 dla dzieci; godz. 19:00 dla doros\u0142ych i m\u0142odzie\u017cy. PAMI\u0118TAJMY, \u017ce Wielki Post jest tak zwanym \u201eczasem zakazanym\u201d dla wszelkich hucznych wesel, zabaw i dyskotek!!!<br><\/li><li>W Wielkim Po\u015bcie zapraszamy parafian w ka\u017cd\u0105 niedziel\u0119 o godz. 7:40 na \u015bpiewanie GODZINEK KU CZCI M\u0118KI PA\u0143SKIEJ.<br><\/li><li>\u201eNie ma nic niemo\u017cliwego dla tego, kto wierzy\u201d (Mk. 9,23). W zwi\u0105zku z trwaj\u0105c\u0105 inwazj\u0105 na Ukrain\u0119 Wsp\u00f3lnota \u201eKana Galilejska\u201d zaprasza na ADORACJ\u0118 NAJ\u015aWIETSZEGO SAKRAMENTU w intencji pokoju na \u015bwiecie we wtorek(8 marca) po Mszy \u015bw. o godz. 18.00.<br><\/li><li>Z okazji Dnia Kobiet wszystkim paniom sk\u0142adamy najserdeczniejsze \u017cyczenia wielu \u0142ask Bo\u017cych oraz opieki Matki Naj\u015bwi\u0119tszej. Niech ten dzie\u0144 b\u0119dzie wyrazem wdzi\u0119czno\u015bci za wielk\u0105 mi\u0142o\u015b\u0107 i dobro\u0107, jak\u0105 wnosz\u0105 w nasze rodziny niewiasty.<br><\/li><li>PRZYPOMINAMY!!! Spotkanie Kr\u0119gu Biblijnego odbywa si\u0119 w ka\u017cd\u0105 II \u015brod\u0119 miesi\u0105ca. Najbli\u017csze spotkanie ju\u017c w \u015brod\u0119 \u2013 9 marca o godz. 19:00 w salce na plebanii. Zapraszamy.<br><\/li><li>IDZIEMY DO KINA na film: \u201eCUD GUADALUPE\u201d. To pierwszy kinowy film o objawieniach w Guadalupe. Dlaczego Maryja pi\u0119\u0107 wiek\u00f3w temu zostawi\u0142a wiadomo\u015b\u0107 czyteln\u0105 dopiero dla ludzi XXI wieku? Czy to Jej dar i argument dla nas na wsp\u00f3\u0142czesny kryzys wiary? Akcja Cudu Guadalupe opowiada o Johnie Martinezie. To m\u0142ody i ambitny reporter z Los Angeles. Razem ze swoj\u0105 \u017con\u0105 Mary spodziewaj\u0105 si\u0119 w\u0142a\u015bnie pierwszego dziecka. On dostaje do napisania artyku\u0142 o kulturze latynoameryka\u0144skiej. Si\u0142\u0105 rzeczy musi si\u0119 zmierzy\u0107 z legend\u0105 objawie\u0144 Matki Bo\u017cej w Guadalupe. Sceptycznego pocz\u0105tkowo Johna coraz bardziej poch\u0142ania \u015bledztwo. Do momentu, gdy dostaje tragiczn\u0105 wiadomo\u015b\u0107\u2026 Czy wystarczy mu wiary, aby wymodli\u0107 cud? Gor\u0105co zach\u0119camy do wsp\u00f3lnego wyj\u015bcia jako parafia do Multikina 10 marca br. (czwartek) na godz. 19:30. Cena biletu 11 z\u0142. Tradycyjnie p\u0142acimy przy wej\u015bciu do kina.<br><\/li><li>KORZYSTAJMY z Sakramentu Pokuty \u2013 mamy tak\u0105 mo\u017cliwo\u015b\u0107, codziennie przed Msz\u0105 \u015bw. od godz. 7:45 lub od godz.17:30.<br><\/li><li>Tegoroczne Rekolekcje Wielkopostne dla wszystkich rozpoczn\u0105 si\u0119 w IV Niedziel\u0119 Wielkiego Postu tj. 27 marca br. Poprowadzi je ks. Roman Fr\u0105ckowiak \u2013 Marianin. Przypominamy, \u017ce w poniedzia\u0142ek, wtorek i w \u015brod\u0119 Msze \u015awi\u0119te z naukami dla doros\u0142ych o godz. 8:00, 11:00, 18:00, 20:00. Uczy\u0144my wszystko, aby wzi\u0105\u0107 w nich udzia\u0142. Pro\u015bmy o potrzebne dary Ducha \u015awi\u0119tego dla ksi\u0119dza Rekolekcjonisty i dla nas, by\u015bmy byli otwarci na g\u0142oszone S\u0142owo.<br><\/li><li>Zach\u0119cam do nabywania nowego numeru \u201eGo\u015bcia Niedzielnego\u201d w cenie 8 z\u0142. z dodatkiem \u201eGo\u015bcia Elbl\u0105skiego\u201d a nim wydarzenia z diecezji.<br><\/li><li>Pan powo\u0142a\u0142 do wieczno\u015bci: \u015bp. Ew\u0119 SZULC lat 66 z ul. Broniewskiego<br><\/li><li>\u015ap. Ryszarda SIKORSKIEGO lat 71 z ul. Myliusa<br><\/li><li>Wieczny odpoczynek racz im da\u0107 Panie! A \u015bwiat\u0142o\u015b\u0107 wiekuista niechaj im \u015bwieci.<br><\/li><\/ol>\n\n\n\n<figure class=\"wp-block-image\"><img decoding=\"async\" src=\"http:\/\/rafalk-elblag.pl\/wp-content\/uploads\/2020\/04\/baner-intencje-mszy.jpg\" alt=\"\"\/><\/figure>\n\n\n\n<h1 class=\"wp-block-heading\">Intencje mszalne 06.03.2022r<\/h1>\n\n\n\n<p><strong>PONIEDZIA\u0141EK \/ 7 marca 2022 r.<\/strong><br>8.00 O dary Ducha \u015awi\u0119tego, Bo\u017ce b\u0142ogos\u0142awie\u0144stwo i opiek\u0119 Matki Bo\u017cej dla ks. S\u0142awomira MILDE z okazji urodzin \u2013 intencja od Margaretki<br>18.00 \u2020 Stanis\u0142awa (k) OSOWSKA (7greg.)<br><\/p>\n\n\n\n<p><strong>WTOREK \/ 8 marca 2022 r.<\/strong><br>8.00 \u2020 Stanis\u0142awa (k) OSOWSKA (8greg.)<br>18.00 \u2020 J\u00f3zef (m) DRUSZKOWSKI w 24 rocznic\u0119 \u015bmierci<br><\/p>\n\n\n\n<p><strong>\u015aRODA \/ 9 marca 2022 r.<\/strong><br>8.00 \u2020 Stanis\u0142awa (k) OSOWSKA (9greg.)<br>18.00 \u2020 Stanis\u0142aw i Stefania (k) MAZURO<br>18.00 \u2020 Irena JASK\u00d3LSKA w 30 dzie\u0144 po pogrzebie<br><\/p>\n\n\n\n<p><strong>CZWARTEK \/ 10 marca 2022 r.<\/strong><br>8.00 \u2020 Stanis\u0142awa (k) OSOWSKA (10greg.)<br>18.00 \u2020 Stefania PRO\u0106 w 2 rocznic\u0119 \u015bmierci<br>19.30 FILM \u201e CUD GUADALUPE\u201d w Multikinie. Zapraszamy do wsp\u00f3lnego wyj\u015bcia.<br><\/p>\n\n\n\n<p><strong>PI\u0104TEK \/ 11 marca 2022 r.<\/strong><br>8.00 \u2020 Cezary DALIDOWICZ w 2 rocznic\u0119 \u015bmierci<br>18.00 \u2020 Stanis\u0142awa (k) OSOWSKA (11greg.)<br>18.00 O zdrowie dla Marty i potrzebne \u0142aski oraz o Bo\u017ce b\u0142ogos\u0142awie\u0144stwo<br><\/p>\n\n\n\n<p><strong>SOBOTA \/ 12 marca 2022 r.<\/strong><br>8.00 \u2020 Stanis\u0142awa (k) OSOWSKA (12greg.)<br>8.00 Dzi\u0119kczynna w 30 rocznic\u0119 urodzin Mateusza z pro\u015bb\u0105 o Bo\u017ce b\u0142ogos\u0142awie\u0144stwo, wszelkie potrzebne \u0142aski oraz o dar \u017cywej wiary<br>18.00 \u2020 Zygmunt ZDROJEWSKI, Kazimiera (k) J\u00f3zef, Jan CYBI\u0143SCY<br>18.00 \u2020 Stanis\u0142awa(k) D\u0104BROWSKA w 1 rocznic\u0119 \u015bmierci<br><\/p>\n\n\n\n<p><strong>II Niedziela Wielkiego Postu \/ 13 marca 2022 r.<\/strong><br>8.00 \u2020 Stanis\u0142awa (k) OSOWSKA (13greg.)<br>8.00 O Bo\u017ce b\u0142ogos\u0142awie\u0144stwo dla Nikodema i ca\u0142ej Jego rodziny, Agnieszki i ca\u0142ej rodziny zakonnej oraz dla Magdaleny i ca\u0142ej Jej rodziny<br>10.00 \u2020 Bronis\u0142aw, Wiktoria JANICCY w 21 rocznic\u0119 \u015bmierci, \u2020 Wiktoria, Jan, Halina SZCZ\u0118\u015aNI, Marta, Antoni, Tomasz JANICCY i Hermenegilda MOLGA<br>12.00 Za parafian<br>15.00 \u2020 Zofia JAWORSKA w 34 rocznic\u0119 \u015bmierci, Jan, Andrzej JAWORSCY, Marianna i Boles\u0142aw STAN<br>18.00 \u2020 Bronis\u0142awa (k), Stanis\u0142aw ZASKALSCY, Stanis\u0142awa (k) Wilhelm, Henryk GLI\u0143SCY<\/p>\n\n\n\n<p><strong> <\/strong><\/p>\n\n\n\n<p><\/p>\n","protected":false},"excerpt":{"rendered":"<p>Ewangelia (\u0141k 4, 1-13) Jezus przebywa\u0142 w Duchu \u015awi\u0119tym na pustyni i by\u0142 kuszony S\u0142owa Ewangelii wed\u0142ug \u015awi\u0119tego \u0141ukasza Pe\u0142en Ducha \u015awi\u0119tego, powr\u00f3ci\u0142 Jezus znad Jordanu, a wiedziony by\u0142 przez Ducha na pustyni czterdzie\u015bci dni, i by\u0142 kuszony przez diab\u0142a. Nic przez owe dni nie jad\u0142, a po ich up\u0142ywie poczu\u0142 g\u0142\u00f3d. Rzek\u0142 Mu wtedy [&hellip;]<\/p>\n","protected":false},"author":1,"featured_media":4625,"comment_status":"closed","ping_status":"closed","sticky":false,"template":"","format":"standard","meta":{"ngg_post_thumbnail":0,"footnotes":""},"categories":[11,8,4,3],"tags":[],"class_list":["post-4623","post","type-post","status-publish","format-standard","has-post-thumbnail","hentry","category-aktualnosci","category-blog","category-intencje","category-ogloszenia"],"_links":{"self":[{"href":"https:\/\/rafalk-elblag.pl\/index.php?rest_route=\/wp\/v2\/posts\/4623","targetHints":{"allow":["GET"]}}],"collection":[{"href":"https:\/\/rafalk-elblag.pl\/index.php?rest_route=\/wp\/v2\/posts"}],"about":[{"href":"https:\/\/rafalk-elblag.pl\/index.php?rest_route=\/wp\/v2\/types\/post"}],"author":[{"embeddable":true,"href":"https:\/\/rafalk-elblag.pl\/index.php?rest_route=\/wp\/v2\/users\/1"}],"replies":[{"embeddable":true,"href":"https:\/\/rafalk-elblag.pl\/index.php?rest_route=%2Fwp%2Fv2%2Fcomments&post=4623"}],"version-history":[{"count":4,"href":"https:\/\/rafalk-elblag.pl\/index.php?rest_route=\/wp\/v2\/posts\/4623\/revisions"}],"predecessor-version":[{"id":4639,"href":"https:\/\/rafalk-elblag.pl\/index.php?rest_route=\/wp\/v2\/posts\/4623\/revisions\/4639"}],"wp:featuredmedia":[{"embeddable":true,"href":"https:\/\/rafalk-elblag.pl\/index.php?rest_route=\/wp\/v2\/media\/4625"}],"wp:attachment":[{"href":"https:\/\/rafalk-elblag.pl\/index.php?rest_route=%2Fwp%2Fv2%2Fmedia&parent=4623"}],"wp:term":[{"taxonomy":"category","embeddable":true,"href":"https:\/\/rafalk-elblag.pl\/index.php?rest_route=%2Fwp%2Fv2%2Fcategories&post=4623"},{"taxonomy":"post_tag","embeddable":true,"href":"https:\/\/rafalk-elblag.pl\/index.php?rest_route=%2Fwp%2Fv2%2Ftags&post=4623"}],"curies":[{"name":"wp","href":"https:\/\/api.w.org\/{rel}","templated":true}]}}