{"id":4615,"date":"2022-02-27T15:26:37","date_gmt":"2022-02-27T15:26:37","guid":{"rendered":"http:\/\/rafalk-elblag.pl\/?p=4615"},"modified":"2022-02-27T15:29:05","modified_gmt":"2022-02-27T15:29:05","slug":"biuletyn-27-02-2022-vii-niedziela-zwykla","status":"publish","type":"post","link":"https:\/\/rafalk-elblag.pl\/?p=4615","title":{"rendered":"Biuletyn 27.02.2022, VII Niedziela Zwyk\u0142a"},"content":{"rendered":"\n<figure class=\"wp-block-image size-large is-resized\"><img loading=\"lazy\" decoding=\"async\" src=\"http:\/\/rafalk-elblag.pl\/wp-content\/uploads\/2022\/02\/baner-270222-1024x683.jpg\" alt=\"\" class=\"wp-image-4616\" width=\"1024\" height=\"683\" srcset=\"https:\/\/rafalk-elblag.pl\/wp-content\/uploads\/2022\/02\/baner-270222-1024x683.jpg 1024w, https:\/\/rafalk-elblag.pl\/wp-content\/uploads\/2022\/02\/baner-270222-300x200.jpg 300w, https:\/\/rafalk-elblag.pl\/wp-content\/uploads\/2022\/02\/baner-270222-768x512.jpg 768w, https:\/\/rafalk-elblag.pl\/wp-content\/uploads\/2022\/02\/baner-270222.jpg 1500w\" sizes=\"auto, (max-width: 1024px) 100vw, 1024px\" \/><figcaption>Dust to Dust \u2014 Robert Cornelius<\/figcaption><\/figure>\n\n\n\n<h1 class=\"wp-block-heading\">Ewangelia (\u0141k 6, 39-45)\nZ obfito\u015bci serca m\u00f3wi\u0105 usta<\/h1>\n\n\n\n<p><strong>\nS\u0142owa Ewangelii wed\u0142ug \u015awi\u0119tego \u0141ukasza<\/strong><\/p>\n\n\n\n<p>\n\nJezus opowiedzia\u0142 uczniom przypowie\u015b\u0107:\n\n\u00abCzy mo\u017ce niewidomy prowadzi\u0107 niewidomego? Czy nie wpadn\u0105 w d\u00f3\u0142 obydwaj?\n\nUcze\u0144 nie przewy\u017csza nauczyciela. Lecz ka\u017cdy, dopiero w pe\u0142ni wykszta\u0142cony, b\u0119dzie jak jego nauczyciel.\n\nCzemu to widzisz drzazg\u0119 w oku swego brata, a nie dostrzegasz belki we w\u0142asnym oku? Jak mo\u017cesz m\u00f3wi\u0107 swemu bratu: \u201eBracie, pozw\u00f3l, \u017ce usun\u0119 drzazg\u0119, kt\u00f3ra jest w twoim oku\u201d, podczas gdy sam belki w swoim oku nie widzisz? Ob\u0142udniku, usu\u0144 najpierw belk\u0119 ze swego oka, a wtedy przejrzysz, a\u017ceby usun\u0105\u0107 drzazg\u0119 z oka brata swego.\n\nNie ma drzewa dobrego, kt\u00f3re by wydawa\u0142o z\u0142y owoc, ani te\u017c drzewa z\u0142ego, kt\u00f3re by dobry owoc wydawa\u0142o. Po w\u0142asnym owocu bowiem poznaje si\u0119 ka\u017cde drzewo; nie zrywa si\u0119 fig z ciernia, ani z krzaka je\u017cyny nie zbiera si\u0119 winogron. Dobry cz\u0142owiek z dobrego skarbca swego serca wydobywa dobro, a z\u0142y cz\u0142owiek ze z\u0142ego skarbca wydobywa z\u0142o. Bo z obfito\u015bci serca m\u00f3wi\u0105 jego usta\u00bb.\n\n\n<br>&nbsp;<\/p>\n\n\n\n<h1 class=\"wp-block-heading\">PROCHEM JESTE\u015a<\/h1>\n\n\n\n<p><strong> Umrzemy. Nie wiemy kiedy. Mo\u017ce jutro, mo\u017ce za kilkadziesi\u0105t lat. Cia\u0142o zostanie na ziemi i obr\u00f3ci si\u0119 w proch. Duch stanie przed Bogiem. Najwa\u017cniejszy dzie\u0144 w \u017cyciu to \u015bmier\u0107, a najwa\u017cniejsza podr\u00f3\u017c to w\u0142a\u015bnie ta ostatnia, na spotkanie z Bogiem. Nie chcemy s\u0142ucha\u0107 o powa\u017cnych sprawach. \u201eProchem jeste\u015b i w proch si\u0119 obr\u00f3cisz\u201d. A daj\u017ce mi spok\u00f3j! Kiedy\u015b zjedz\u0105 mnie robaki, albo sp\u0142on\u0119 w krematorium ale to kiedy\u015b. <\/strong><\/p>\n\n\n\n<p>Teraz jest teraz, chc\u0119 si\u0119 bawi\u0107!&#8230; A jednak nie&#8230; A jednak w \u015arod\u0119 Popielcow\u0105 ko\u015bcio\u0142y s\u0105 pe\u0142ne, a konfesjona\u0142y obl\u0119\u017cone. A jednak cicho i pokornie sunie procesja w stron\u0119 kap\u0142ana, kt\u00f3ry w r\u0119ku trzyma naczynie z popio\u0142em. I popi\u00f3\u0142 na g\u0142owie. I nikt nie my\u015bli o tym, \u017ce to groteskowo wygl\u0105da, \u017ce \u015bmiesznie, \u017ce bez sensu. Bo potrzebujemy takiej chwili zatrzymania i zderzenia z tward\u0105 rzeczywisto\u015bci\u0105. Potrzebujemy takiej chwili, by popatrze\u0107 na t\u0119 kupk\u0119 szarego proszku, kt\u00f3ra kiedy\u015b by\u0142a pi\u0119kn\u0105, zielon\u0105, wielkanocn\u0105 palm\u0105. Potrzebujemy, by zapyta\u0107 o sens. O to, co najwa\u017cniejsze, co jest esencj\u0105 \u017cycia. <\/p>\n\n\n\n<p>Mia\u0142e\u015b kiedy\u015b w r\u0119ku popi\u00f3\u0142? Z ogniska, kuchni&#8230; niewa\u017cne, sk\u0105d. Wiesz, jaki jest lekki i sypki? A spr\u00f3buj w niego dmuchn\u0105\u0107! Natychmiast ca\u0142a chmura unosi si\u0119 do g\u00f3ry, wdziera si\u0119 do nosa, oczu i ust, nie pozwala widzie\u0107 i oddycha\u0107. Osiada na w\u0142osach i ubraniu. Rozetrzyj go na d\u0142oniach, a p\u00f3\u017aniej spr\u00f3buj umy\u0107 r\u0119ce. To nie takie proste! Sama woda nie wystarczy, potrzebne dobre myd\u0142o i szorowanie. Tak si\u0119 jako\u015b \u201ew\u017cera\u201d w sk\u00f3r\u0119, przykleja si\u0119 do niej. \u0141atwo si\u0119 pobrudzi\u0107, trudno zn\u00f3w sta\u0107 si\u0119 czystym. Zupe\u0142nie jak z grzechem. I to r\u00f3wnie\u017c jest jeden z wymiar\u00f3w tego popielcowego gestu: tak, upad\u0142em. Tak &#8211; jest na mnie brud.  Wyznaj\u0119 to przed ca\u0142\u0105 wsp\u00f3lnot\u0105: przed Bogiem, ale te\u017c przed moimi bra\u0107mi i siostrami. Chc\u0119 to zmieni\u0107, prosz\u0119 o modlitw\u0119. Kl\u0119kam przy kratkach konfesjona\u0142u, nazywam ten brud po imieniu. <\/p>\n\n\n\n<p>Patrz\u0119, w jakie miejsca mojego \u017cycia wdar\u0142 si\u0119 ten wsz\u0119dobylski szary proch. Gdzie pobrudzi\u0142 powierzchownie, a gdzie wbi\u0142 si\u0119 na dobre, staj\u0105c si\u0119 prawie drug\u0105 sk\u00f3r\u0105. \u201eJeste\u015b czysty &#8211; id\u017a i nie grzesz wi\u0119cej\u201d. \u0141atwo powiedzie\u0107 &#8211; przyzwyczajenie zostaje. Nie da si\u0119 tak z dnia na dzie\u0144. Zn\u00f3w upadam. Zn\u00f3w rozczarowanie. Ile razy jeszcze?  A mo\u017ce nie us\u0142yszysz, \u017ce jeste\u015b prochem, ale inne s\u0142owa? Msza\u0142 daje kap\u0142anowi wyb\u00f3r. Posypuj\u0105c g\u0142owy popio\u0142em, mo\u017ce te\u017c m\u00f3wi\u0107: \u201eNawracajcie si\u0119 i wierzcie w Ewangeli\u0119\u201d. A Liturgia S\u0142owa \u015arody Popielcowej i pierwszych dni Wielkiego Postu t\u0142umaczy, co znaczy prawdziwy post i prawdziwe nawr\u00f3cenie. Nie mno\u017cenie modlitw i praktyk wed\u0142ug w\u0142asnego pomys\u0142u, ale m\u0105dra refleksja i konkretne do b\u00f3lu dzia\u0142anie tam, gdzie jest taka potrzeba. <\/p>\n\n\n\n<p>Kiedy\u015b dzieci na religii opowiada\u0142y o swoich wielkopostnych postanowieniach. Kr\u00f3lowa\u0142o oczywi\u015bcie niejedzenie s\u0142odyczy i chodzenie na Drog\u0119 Krzy\u017cow\u0105 (niczego temu nabo\u017ce\u0144stwu nie ujmuj\u0105c). Wsta\u0142 ch\u0142opiec i powiedzia\u0142: \u201ePostanowi\u0142em codziennie rano \u015bcieli\u0107 swoje \u0142\u00f3\u017cko!\u201d. Konsternacja. A on wybra\u0142 najlepiej. Drobna rzecz, ale konkret. Krok do przodu, przej\u015bcie nad w\u0142asnym ograniczeniem. Ty te\u017c tak mo\u017cesz. Je\u015bli masz du\u017co czasu i du\u017co si\u0119 modlisz &#8211; nie dok\u0142adaj ju\u017c kolejnych modlitw. Mo\u017ce odwied\u017a chor\u0105 s\u0105siadk\u0119? Je\u015bli nie modlisz si\u0119 wcale &#8211; postanowienie o modlitwie b\u0119dzie ca\u0142kiem na miejscu. <\/p>\n\n\n\n<p>A mo\u017ce zadzwo\u0144 do mamy, do starej ciotki; wygospodaruj w domowym bud\u017cecie par\u0119 z\u0142otych na dobry cel? Popatrz na siebie &#8211; z czym masz problem, gdzie najcz\u0119\u015bciej upadasz? Mo\u017ce m\u00f3wisz za du\u017co? Przeklinasz, obmawiasz, plotkujesz, wyzywasz&#8230; a potem masz moralnego kaca. Prosty spos\u00f3b &#8211; za ka\u017cd\u0105 obmow\u0119 z\u0142ot\u00f3wka do skarbonki, a potem ofiaruj na ubogich. Zobaczysz, jak szybko zaczniesz gry\u017a\u0107 si\u0119 w j\u0119zyk. Tylko zacznij. Zmie\u0144 swoje my\u015blenie o po\u015bcie. Pozw\u00f3l, \u017ceby to wszystko dzia\u0142o si\u0119 NAPRAWD\u0118. Bo to wszystko nie s\u0105 \u017carty. Przecie\u017c kiedy\u015b w proch si\u0119 obr\u00f3cisz. Duch zabierze ze sob\u0105 tylko uczynione dobro. Oby\u015b wtedy mia\u0142 tego \u201ebaga\u017cu\u201d jak najwi\u0119cej.   <\/p>\n\n\n\n<p><\/p>\n\n\n\n<p><\/p>\n\n\n\n<figure class=\"wp-block-image\"><a href=\"http:\/\/rafalk-elblag.pl\/wp-content\/uploads\/2021\/08\/ogloszenia-parafialne-baner-01a.jpg\"><img loading=\"lazy\" decoding=\"async\" width=\"720\" height=\"232\" src=\"http:\/\/rafalk-elblag.pl\/wp-content\/uploads\/2021\/08\/ogloszenia-parafialne-baner-01a.jpg\" alt=\"\" class=\"wp-image-4410\" srcset=\"https:\/\/rafalk-elblag.pl\/wp-content\/uploads\/2021\/08\/ogloszenia-parafialne-baner-01a.jpg 720w, https:\/\/rafalk-elblag.pl\/wp-content\/uploads\/2021\/08\/ogloszenia-parafialne-baner-01a-300x97.jpg 300w\" sizes=\"auto, (max-width: 720px) 100vw, 720px\" \/><\/a><\/figure>\n\n\n\n<h1 class=\"wp-block-heading\">Og\u0142oszenia parafialne 27.02.2022r<\/h1>\n\n\n\n<ol class=\"wp-block-list\"><li>Caritas Parafialna zbiera\u0142a ofiary do puszek dla os\u00f3b potrzebuj\u0105cych pomocy. Dzi\u0119kujemy za zrozumienie. Spotkanie Apostolatu Bo\u017cego Mi\u0142osierdzia oraz Woluntariuszy Caritas dzisiaj po Mszy \u015bw. o godz. 15:00 na plebanii.<br><\/li><li>Rozpoczynamy 55. Tydzie\u0144 Modlitw o Trze\u017awo\u015b\u0107 Narodu. Zach\u0119camy do podj\u0119cia modlitwy o trze\u017awo\u015b\u0107 w naszych rodzinach i udzia\u0142u w Drodze Krzy\u017cowej w pi\u0105tek 4 marca o godz. 19:00. W naszej parafii dzia\u0142a Al\u2013Anon, kt\u00f3ry spotyka si\u0119 w ka\u017cdy czwartek o godz. 17:00 na plebanii. Codziennie pije alkohol 10 proc. Polak\u00f3w, a tylko 19 proc. deklaruje ca\u0142kowit\u0105 abstynencj\u0119. Nieznacznie spad\u0142 natomiast odsetek os\u00f3b pij\u0105cych alkohol kilka razy w tygodniu \u2013 wynika z danych zebranych w ramach Narodowego Testu Zdrowia Polak\u00f3w 2021. Ko\u015bci\u00f3\u0142 niezmiennie zach\u0119ca do \u017cycia w trze\u017awo\u015bci.<br><\/li><li>Z dniem 2 marca &#8211; \u015arod\u0105 Popielcow\u0105 &#8211; rozpoczynamy WIELKI POST. Przed nami 40 dni przygotowania si\u0119 do Wielkiej Nocy. Zapraszamy w tym dniu na Msze \u015bw. o godzinie 8:00, 11:00, 16:30 (z udzia\u0142em dzieci), 18:00 i 20:00 (z udzia\u0142em m\u0142odzie\u017cy w tym kandydat\u00f3w do Sakramentu Bierzmowania). Wykorzystajmy ten czas do gorliwego i owocnego udzia\u0142u w Liturgii Wielkopostnej i Nabo\u017ce\u0144stwach Pokutnych. Zapraszamy w ka\u017cd\u0105 niedziel\u0119 o godz. 17:15 na Gorzkie \u017bale z kazaniem pasyjnym, a w pi\u0105tki na Drog\u0119 Krzy\u017cow\u0105: godz. 16:30 dla dzieci; godz. 19:00 dla doros\u0142ych i m\u0142odzie\u017cy.<br><\/li><li>Przypominamy, \u017ce w \u015arod\u0119 Popielcow\u0105 obowi\u0105zuje nas post \u015bcis\u0142y. Oznacza to wstrzemi\u0119\u017aliwo\u015b\u0107 od potraw mi\u0119snych i obowi\u0105zuje wszystkich od 14 roku \u017cycia, bez g\u00f3rnej granicy wieku; natomiast post ilo\u015bciowy obowi\u0105zuje od 18 do 60 roku \u017cycia. W ci\u0105gu dnia mo\u017cemy spo\u017cy\u0107 wy\u0142\u0105cznie jeden posi\u0142ek do syta, a pozosta\u0142e dwa niepe\u0142ne. Obowi\u0105zek ten nie dotyczy os\u00f3b chorych.<br><\/li><li>W Wielkim Po\u015bcie zapraszamy parafian w ka\u017cd\u0105 niedziel\u0119 o godz. 7:40 na \u015bpiewanie GODZINEK KU CZCI M\u0118KI PA\u0143SKIEJ.<br><\/li><li>W tym tygodniu przypada pierwszy czwartek, pi\u0105tek i sobota miesi\u0105ca.<br><br>\u2022 w pierwszy czwartek zapraszamy do wsp\u00f3lnej modlitwy o nowe powo\u0142ania kap\u0142a\u0144skie i zakonne. Msza \u015bw. o godz. 18:00, a po niej ,,Godzina \u015awi\u0119ta\u201d czyli ADORACJA przed Naj\u015bwi\u0119tszym Sakramentem w powy\u017cszych intencjach.<br><br>\u2022 w pierwszy pi\u0105tek spowied\u017a dla dzieci w tygodniu od godz. 17:30, oraz w pi\u0105tek od godz. 16:00 oraz Droga Krzy\u017cowa o godz. 16:30, dla doros\u0142ych i m\u0142odzie\u017cy spowied\u017a od godz. 17:30 a Msza \u015bw. Wotywna o NSPJ o godz.18:00. Natomiast Droga Krzy\u017cowa dla doros\u0142ych i m\u0142odzie\u017cy o godz. 19:00. Zapraszamy.<br><br>\u2022 w pierwsz\u0105 sobot\u0119 przed Msz\u0105 \u015aw. o godz. 17:00 zapraszamy na nabo\u017ce\u0144stwo wynagradzaj\u0105ce Niepokalanemu Sercu Maryi za zniewagi grzesznik\u00f3w. Tego dnia zmiana tajemnic dla \u017bywego R\u00f3\u017ca\u0144ca.<br><\/li><li>Z racji pierwszego pi\u0105tku ksi\u0105dz Proboszcz i ks. Marcin udadz\u0105 si\u0119 do chorych 4 marca od godz. 9:30.<br><\/li><li>UWAGA!!! Kancelaria parafialna w \u015arod\u0119 Popielcow\u0105 nieczynna. Zapraszamy.<br><\/li><li>KORZYSTAJMY z Sakramentu Pokuty \u2013 mamy tak\u0105 mo\u017cliwo\u015b\u0107, codziennie przed Msz\u0105 \u015bw. od godz. 7:45 lub od godz.17:30.<br><\/li><li>Zach\u0119cam do nabywania nowego numeru \u201eGo\u015bcia Niedzielnego\u201d w cenie 8 z\u0142. z dodatkiem \u201eGo\u015bcia Elbl\u0105skiego\u201d a nim wydarzenia z diecezji.<br><\/li><li>Pan powo\u0142a\u0142 do wieczno\u015bci: \u015bp. Jerzego W\u00d3JCIKA lat 71 z ul. K\u0142oczowskiego<br><\/li><li>Wieczny odpoczynek racz mu da\u0107 Panie! A \u015bwiat\u0142o\u015b\u0107 wiekuista niechaj mu \u015bwieci.<\/li><\/ol>\n\n\n\n<figure class=\"wp-block-image\"><img decoding=\"async\" src=\"http:\/\/rafalk-elblag.pl\/wp-content\/uploads\/2020\/04\/baner-intencje-mszy.jpg\" alt=\"\"\/><\/figure>\n\n\n\n<h1 class=\"wp-block-heading\">Intencje mszalne 27.02.2022r<\/h1>\n\n\n\n<p><strong>PONIEDZIA\u0141EK \/ 28 lutego 2022 r.<\/strong><br>8.00 \u2020 Roman KAMI\u0143SKI i zmarli z rodzin KAMI\u0143SKICH i STORY<br>8.00 O zdrowie i potrzebne \u0142aski dla Heleny oraz opiek\u0119 Matki Bo\u017cej po operacji<br>18.00 \u2020 Jan MARKIEWICZ w rocznic\u0119 \u015bmierci<br><\/p>\n\n\n\n<p><strong>WTOREK \/ 1 marzec 2022 r.<\/strong><br>8.00 \u2020 Stanis\u0142awa (k) OSOWSKA (1greg.)<br>18.00 \u2020 Janina WOJTYNA w 30 dzie\u0144 po pogrzebie<br>18.00 rez.<br><\/p>\n\n\n\n<p><strong>\u015aRODA \/ 2 marca 2022 r. \/ \u015aRODA POPIELCOWA<\/strong><br>8.00 \u2020 Stanis\u0142awa (k) OSOWSKA (2greg.)<br>11.00 O zdrowie, wszelkie potrzebne \u0142aski i Bo\u017ce b\u0142ogos\u0142awie\u0144stwo dla Heleny LENCKOWSKIEJ i ca\u0142ej rodziny<br>16.30 \u2020 Ewa FUROWICZ w 30 dzie\u0144 po pogrzebie<br>18.00 \u2020 Henryk (m) PAWLICKI w 4 rocznic\u0119 \u015bmierci<br>19.30 \u2020 Boles\u0142aw SZYMKO w 30 dzie\u0144 po pogrzebie<br><\/p>\n\n\n\n<p><strong>CZWARTEK \/ 3 marca 2022 r.<br>PIERWSZY CZWARTEK MIESI\u0104CA<\/strong><br>8.00 \u2020 Stanis\u0142awa (k) OSOWSKA (3greg.)<br>18.00 W intencji powo\u0142a\u0144 i za powo\u0142anych<br>18.00 W intencji wsp\u00f3lnoty \u201ePrzemienienie\u201d<br><\/p>\n\n\n\n<p><strong>PI\u0104TEK \/ 4 marca 2022 r. \/ \u015bw. Kazimierza Kr\u00f3lewicza<br>PIERWSZY PI\u0104TEK MIESI\u0104CA<\/strong><br>8.00 \u2020 Stanis\u0142awa (k) OSOWSKA (4greg.)<br>16.30 Droga Krzy\u017cowa z udzia\u0142em dzieci<br>18.00 \u2020 Wac\u0142aw G\u0104SIOR w 39 rocznic\u0119 \u015bmierci i brat Kazimierz w 16 rocznic\u0119 \u015bmierci<br>19.00 DROGA KRZY\u017bOWA DLA DOROS\u0141YCH I M\u0141ODZIE\u017bY<br><\/p>\n\n\n\n<p><strong>SOBOTA \/ 5 marca 2022 r. \/ I SOBOTA<\/strong><br>8.00 \u2020 Stanis\u0142awa (k) OSOWSKA (5greg.)<br>18.00 W intencji \u017bywego R\u00f3\u017ca\u0144ca<br><\/p>\n\n\n\n<p><strong>I Niedziela Wielkiego Postu \/ 6 marca 2022 r.<\/strong><br>8.00 \u2020 Stanis\u0142awa (k) OSOWSKA (6greg.)<br>10.00 Dzi\u0119kczynna z okazji urodzin Anny OSTRASZ z pro\u015bb\u0105 o potrzebne \u0142aski wiary, nadziei i mi\u0142o\u015bci oraz opiek\u0119 Matki Bo\u017cej Szkaplerznej<br>12.00 Za Parafian oraz ofiarodawc\u00f3w naszej \u015bwi\u0105tyni<br>15.00 \u2020 Za zmar\u0142ych rodzic\u00f3w J\u00f3zefa (k) W\u0142adys\u0142aw (m) GAWRON, \u2020 Kazimierz, W\u0142adys\u0142aw, Jan<br>18.00 \u2020 J\u00f3zef(m) KOZ\u0141OWSKI w I rocznic\u0119 \u015bmierci, \u2020 Krystyna KOZ\u0141OWSKA<\/p>\n\n\n\n<p><strong> <\/strong><\/p>\n\n\n\n<p><\/p>\n","protected":false},"excerpt":{"rendered":"<p>Ewangelia (\u0141k 6, 39-45) Z obfito\u015bci serca m\u00f3wi\u0105 usta S\u0142owa Ewangelii wed\u0142ug \u015awi\u0119tego \u0141ukasza Jezus opowiedzia\u0142 uczniom przypowie\u015b\u0107: \u00abCzy mo\u017ce niewidomy prowadzi\u0107 niewidomego? Czy nie wpadn\u0105 w d\u00f3\u0142 obydwaj? Ucze\u0144 nie przewy\u017csza nauczyciela. Lecz ka\u017cdy, dopiero w pe\u0142ni wykszta\u0142cony, b\u0119dzie jak jego nauczyciel. Czemu to widzisz drzazg\u0119 w oku swego brata, a nie dostrzegasz belki [&hellip;]<\/p>\n","protected":false},"author":1,"featured_media":4617,"comment_status":"closed","ping_status":"closed","sticky":false,"template":"","format":"standard","meta":{"ngg_post_thumbnail":0,"footnotes":""},"categories":[11,8,4,3],"tags":[],"class_list":["post-4615","post","type-post","status-publish","format-standard","has-post-thumbnail","hentry","category-aktualnosci","category-blog","category-intencje","category-ogloszenia"],"_links":{"self":[{"href":"https:\/\/rafalk-elblag.pl\/index.php?rest_route=\/wp\/v2\/posts\/4615","targetHints":{"allow":["GET"]}}],"collection":[{"href":"https:\/\/rafalk-elblag.pl\/index.php?rest_route=\/wp\/v2\/posts"}],"about":[{"href":"https:\/\/rafalk-elblag.pl\/index.php?rest_route=\/wp\/v2\/types\/post"}],"author":[{"embeddable":true,"href":"https:\/\/rafalk-elblag.pl\/index.php?rest_route=\/wp\/v2\/users\/1"}],"replies":[{"embeddable":true,"href":"https:\/\/rafalk-elblag.pl\/index.php?rest_route=%2Fwp%2Fv2%2Fcomments&post=4615"}],"version-history":[{"count":4,"href":"https:\/\/rafalk-elblag.pl\/index.php?rest_route=\/wp\/v2\/posts\/4615\/revisions"}],"predecessor-version":[{"id":4619,"href":"https:\/\/rafalk-elblag.pl\/index.php?rest_route=\/wp\/v2\/posts\/4615\/revisions\/4619"}],"wp:featuredmedia":[{"embeddable":true,"href":"https:\/\/rafalk-elblag.pl\/index.php?rest_route=\/wp\/v2\/media\/4617"}],"wp:attachment":[{"href":"https:\/\/rafalk-elblag.pl\/index.php?rest_route=%2Fwp%2Fv2%2Fmedia&parent=4615"}],"wp:term":[{"taxonomy":"category","embeddable":true,"href":"https:\/\/rafalk-elblag.pl\/index.php?rest_route=%2Fwp%2Fv2%2Fcategories&post=4615"},{"taxonomy":"post_tag","embeddable":true,"href":"https:\/\/rafalk-elblag.pl\/index.php?rest_route=%2Fwp%2Fv2%2Ftags&post=4615"}],"curies":[{"name":"wp","href":"https:\/\/api.w.org\/{rel}","templated":true}]}}