{"id":4610,"date":"2022-02-20T10:16:16","date_gmt":"2022-02-20T10:16:16","guid":{"rendered":"http:\/\/rafalk-elblag.pl\/?p=4610"},"modified":"2022-02-20T10:18:29","modified_gmt":"2022-02-20T10:18:29","slug":"biuletyn-20-02-2022-vi-niedziela-zwykla","status":"publish","type":"post","link":"https:\/\/rafalk-elblag.pl\/?p=4610","title":{"rendered":"Biuletyn 20.02.2022, VI Niedziela Zwyk\u0142a"},"content":{"rendered":"\n<figure class=\"wp-block-image size-large\"><img decoding=\"async\" src=\"http:\/\/rafalk-elblag.pl\/wp-content\/uploads\/2022\/02\/baner-20022022-scaled.jpg\" alt=\"\" class=\"wp-image-4608\"\/><\/figure>\n\n\n\n<h1 class=\"wp-block-heading\">Ewangelia (\u0141k 6, 27-38)\nPrzykazanie mi\u0142o\u015bci nieprzyjaci\u00f3\u0142<\/h1>\n\n\n\n<p><strong>\nS\u0142owa Ewangelii wed\u0142ug \u015awi\u0119tego \u0141ukasza<\/strong><\/p>\n\n\n\n<p>\n\nJezus powiedzia\u0142 do swoich uczni\u00f3w:\n\n\u00abPowiadam wam, kt\u00f3rzy s\u0142uchacie: Mi\u0142ujcie waszych nieprzyjaci\u00f3\u0142; dobrze czy\u0144cie tym, kt\u00f3rzy was nienawidz\u0105; b\u0142ogos\u0142awcie tym, kt\u00f3rzy was przeklinaj\u0105, i m\u00f3dlcie si\u0119 za tych, kt\u00f3rzy was oczerniaj\u0105. Je\u015bli ci\u0119 kto uderzy w policzek, nadstaw mu i drugi. Je\u015bli zabiera ci p\u0142aszcz, nie bro\u0144 mu i szaty. Dawaj ka\u017cdemu, kto ci\u0119 prosi, a nie dopominaj si\u0119 zwrotu od tego, kt\u00f3ry bierze twoje. Jak chcecie, \u017ceby ludzie wam czynili, podobnie wy im czy\u0144cie.\n\nJe\u015bli bowiem mi\u0142ujecie tych tylko, kt\u00f3rzy was mi\u0142uj\u0105, jaka\u017c za to nale\u017cy si\u0119 wam wdzi\u0119czno\u015b\u0107? Przecie\u017c i grzesznicy okazuj\u0105 mi\u0142o\u015b\u0107 tym, kt\u00f3rzy ich mi\u0142uj\u0105. I je\u015bli dobrze czynicie tym tylko, kt\u00f3rzy wam dobrze czyni\u0105, jaka za to nale\u017cy si\u0119 wam wdzi\u0119czno\u015b\u0107? I grzesznicy to samo czyni\u0105. Je\u015bli po\u017cyczek udzielacie tym, od kt\u00f3rych spodziewacie si\u0119 zwrotu, jaka\u017c za to nale\u017cy si\u0119 wam wdzi\u0119czno\u015b\u0107? I grzesznicy po\u017cyczaj\u0105 grzesznikom, \u017ceby tyle\u017c samo otrzyma\u0107.\n\nWy natomiast mi\u0142ujcie waszych nieprzyjaci\u00f3\u0142, czy\u0144cie dobrze i po\u017cyczajcie, niczego si\u0119 za to nie spodziewaj\u0105c. A wasza nagroda b\u0119dzie wielka i b\u0119dziecie synami Najwy\u017cszego; poniewa\u017c On jest dobry dla niewdzi\u0119cznych i z\u0142ych. B\u0105d\u017acie mi\u0142osierni, jak Ojciec wasz jest mi\u0142osierny. Nie s\u0105d\u017acie, a nie b\u0119dziecie s\u0105dzeni; nie pot\u0119piajcie, a nie b\u0119dziecie pot\u0119pieni; odpuszczajcie, a b\u0119dzie wam odpuszczone. Dawajcie, a b\u0119dzie wam dane; miar\u0119 dobr\u0105, ubit\u0105, utrz\u0119sion\u0105 i wype\u0142nion\u0105 ponad brzegi wsypi\u0105 w zanadrza wasze. Odmierz\u0105 wam bowiem tak\u0105 miar\u0105, jak\u0105 wy mierzycie\u00bb.\n\n<br>&nbsp;<\/p>\n\n\n\n<h1 class=\"wp-block-heading\">KATEDRA \u015aW. PIOTRA APOSTO\u0141A<\/h1>\n\n\n\n<p> <strong> Dnia 22 lutego obchodzimy liturgiczne \u015bwi\u0119to Katedry \u015bw. Piotra Aposto\u0142a. S\u0142owo katedra pochodzi od greckiego \u201ekatechein\u201d, okre\u015bla wszystko, co wpada w ucho \u2013 rozbrzmiewa\u0107, zad\u017awi\u0119cze\u0107, ale tak\u017ce naucza\u0107, poucza\u0107 ustnie, odpowiada\u0107. Katedra to nie tylko szczeg\u00f3lna \u015bwi\u0105tynia, \u201eMatka wszystkich ko\u015bcio\u0142\u00f3w w diecezji\u201d, ale tak\u017ce miejsce, z kt\u00f3rego si\u0119 naucza. Wa\u017cne jest, kto to miejsce zajmuje i r\u00f3wnie wa\u017cne, czego z tego miejsca naucza. \u015awi\u0119to przywo\u0142uje \u015aw. Piotra, kt\u00f3ry zosta\u0142 wybrany przez Chrystusa, Pana i Nauczyciela, aby przekazywa\u0142 Jego nauk\u0119, by w Jego imieniu g\u0142osi\u0142 Dobr\u0105 Nowin\u0119. Jezus zmieni\u0142 imi\u0119 Szymona, znaj\u0105c jego charakter, serce, prawdziw\u0105 natur\u0119. Piotr, czyli ska\u0142a, opoka. Zosta\u0142 on powo\u0142any, by utwierdza\u0142 swoich braci w wierze. <\/strong><\/p>\n\n\n\n<p>Chrystus powierzaj\u0105c Piotrowi w\u0142adz\u0119 nauczania wyr\u00f3\u017cni\u0142 go w szczeg\u00f3lny spos\u00f3b, spo\u015br\u00f3d wszystkich aposto\u0142\u00f3w. Jest to wa\u017cne wyr\u00f3\u017cnienie, wskazuj\u0105ce wyra\u017anie na prymat Piotra, poniewa\u017c obietnica zosta\u0142a skierowana tylko do niego i to w obecno\u015bci wszystkich aposto\u0142\u00f3w. Chrystus pragn\u0105\u0142, aby to w\u0142a\u015bnie on przewodzi\u0142 wsp\u00f3lnocie, aby naucza\u0142, g\u0142osi\u0142 prawd\u0119, by w szczeg\u00f3lny spos\u00f3b wzi\u0105\u0142 na siebie odpowiedzialno\u015b\u0107, za wsp\u00f3lnot\u0119 Ko\u015bcio\u0142a. \u015awi\u0119to ma wi\u0119c swoje \u017ar\u00f3d\u0142o w Prymacie Piotra, kt\u00f3ry to jest zwi\u0105zany z w\u0142adz\u0105 ka\u017cdego papie\u017ca. Jednak\u017ce jest to r\u00f3wnie\u017c \u015bwi\u0119to zwi\u0105zane z odpowiedzialno\u015bci\u0105 za nauczanie, g\u0142oszenie prawdy. Chrystus wybra\u0142 Piotra, tak\u017ce po to, by umacnia\u0142 swoich braci w wierze, by g\u0142osi\u0142 prawdziw\u0105 nauk\u0119, by wzi\u0105\u0142 odpowiedzialno\u015b\u0107 za ortodoksj\u0119. Tak\u017ce ka\u017cdy papie\u017c jest za to odpowiedzialny.  <\/p>\n\n\n\n<p>Chodzi o to, by g\u0142osi\u0107 zdrow\u0105 Ewangeli\u0119, by przekazywa\u0107 nauk\u0119 Jezusa Chrystusa i broni\u0107 prawdy o Bogu i cz\u0142owieku. Dzieje si\u0119 tak od pocz\u0105tku Ko\u015bcio\u0142a i ka\u017cdy nast\u0119pca \u015bw. Piotra jest do tego zobowi\u0105zany. Przy tej okazji warto sobie tak\u017ce zada\u0107 pytanie o wierno\u015b\u0107 papie\u017cowi i co za tym idzie nauczaniu Ko\u015bcio\u0142a. I to ca\u0142ej nauce. Dzisiaj bowiem wielu ludzi wiar\u0119, a zw\u0142aszcza jej tre\u015bci traktuje selektywnie, wybieraj\u0105c z nich to, co im odpowiada. Natomiast nauka, kt\u00f3r\u0105 g\u0142osi Ko\u015bci\u00f3\u0142, jest nauk\u0105 samego Chrystusa i wierz\u0105cy powinni przyjmowa\u0107 j\u0105 w ca\u0142o\u015bci. W Katechizmie Ko\u015bcio\u0142a Katolickiego czytamy: Papie\u017c, Biskup Rzymu i nast\u0119pca \u015bw. Piotra jest \u201etrwa\u0142ym i widzialnym \u017ar\u00f3d\u0142em i fundamentem jedno\u015bci zar\u00f3wno biskup\u00f3w, jak rzeszy wiernych\u201d. \u201eBiskup Rzymski z racji swego urz\u0119du, mianowicie urz\u0119du Zast\u0119pcy Chrystusa i Pasterz ca\u0142ego Ko\u015bcio\u0142a, ma pe\u0142n\u0105, najwy\u017csz\u0105, i powszechn\u0105 w\u0142adz\u0119 nad Ko\u015bcio\u0142em i w\u0142adz\u0119 t\u0119 zawsze ma prawo wykonywa\u0107 w spos\u00f3b nieskr\u0119powany\u201d (nr 882). <\/p>\n\n\n\n<p>Gr\u00f3b Piotra, mieszcz\u0105cy si\u0119 pod o\u0142tarzem Konfesji w Bazylice \u015bw. Piotra, przypomina, \u017ce z Rzymu wci\u0105\u017c rozbrzmiewa w nauczaniu papieskim nieomylny g\u0142os Chrystusa, a nasza wiara osadzona jest na mocnym fundamencie aposto\u0142\u00f3w. Nawet wtedy, kiedy papie\u017ce nie urz\u0119dowali w Rzymie, a przewodzili Ko\u015bcio\u0142owi z ustanowienia Pana, to czynili to nie jako biskupi: Viterbo, Perugii czy Awinionu, lecz jako biskupi Rzymu. \u015awi\u0119to Katedry \u015bw. Piotra przypomina nam o mi\u0142o\u015bci do Jezusa i do Jego nast\u0119pc\u00f3w. Przypomina te\u017c nam o Ko\u015bciele, kt\u00f3ry jest katolicki, apostolski, ale tak\u017ce rzymski \u2013 w tym sensie, \u017ce Rzym jest miejscem, gdzie \u015bw. Piotr z\u0142o\u017cy\u0142 ostateczne \u015bwiadectwo swej wiary i mi\u0142o\u015bci do Jezusa, co przed\u0142u\u017ca si\u0119 w pos\u0142udze jego nast\u0119pc\u00f3w. Powinni\u015bmy odznacza\u0107 si\u0119 synowsk\u0105 mi\u0142o\u015bci\u0105 wobec papie\u017ca i wierno\u015bci\u0105 wobec papieskiego nauczania. Czynimy to, gdy modlimy si\u0119 w intencjach powierzonych nam przez niego oraz gdy modlimy si\u0119 za niego i wcielamy w \u017cycie s\u0142owa, kt\u00f3re on do nas kieruje.  <\/p>\n\n\n\n<p><\/p>\n\n\n\n<p><\/p>\n\n\n\n<figure class=\"wp-block-image\"><a href=\"http:\/\/rafalk-elblag.pl\/wp-content\/uploads\/2021\/08\/ogloszenia-parafialne-baner-01a.jpg\"><img loading=\"lazy\" decoding=\"async\" width=\"720\" height=\"232\" src=\"http:\/\/rafalk-elblag.pl\/wp-content\/uploads\/2021\/08\/ogloszenia-parafialne-baner-01a.jpg\" alt=\"\" class=\"wp-image-4410\" srcset=\"https:\/\/rafalk-elblag.pl\/wp-content\/uploads\/2021\/08\/ogloszenia-parafialne-baner-01a.jpg 720w, https:\/\/rafalk-elblag.pl\/wp-content\/uploads\/2021\/08\/ogloszenia-parafialne-baner-01a-300x97.jpg 300w\" sizes=\"auto, (max-width: 720px) 100vw, 720px\" \/><\/a><\/figure>\n\n\n\n<h1 class=\"wp-block-heading\">Og\u0142oszenia parafialne 20.02.2022r<\/h1>\n\n\n\n<ol class=\"wp-block-list\"><li>Za tydzie\u0144 Caritas Parafialna b\u0119dzie zbiera\u0142a ofiary do puszki dla os\u00f3b potrzebuj\u0105cych pomocy. Dzi\u0119kujemy za zrozumienie. Spotkanie Apostolatu Bo\u017cego Mi\u0142osierdzia oraz Woluntariuszy Caritas za tydzie\u0144 po Mszy \u015bw. o godz. 15:00 na plebanii. Obecno\u015b\u0107 wszystkich cz\u0142onk\u00f3w mile widziana.<br><\/li><li>W poniedzia\u0142ek, wtorek i czwartek na plebanii od godz. 19:00 ks. Marcin oczekuje kandydat\u00f3w \u2013 rok II, przygotowuj\u0105cych si\u0119 do Sakramentu Bierzmowania. Obecno\u015b\u0107 obowi\u0105zkowa.<br><\/li><li>Grupa rodzinna Al-Anon \u201e\u015amieszki\u201d zaprasza w ka\u017cdy czwartek o godz. 17:00. Spotkania odbywaj\u0105 si\u0119 w salce na plebanii. Wszystkich ch\u0119tnych i pragn\u0105cych uzyska\u0107 informacj\u0119 zapraszamy.<br><\/li><li>Diecezjalne centrum synodu 2021-23 przygotowa\u0142o pytania pomocnicze (rodzaj ankiety synodalnej) przeznaczone do pracy w grupach, ale tak\u017ce dla pragn\u0105cych wypowiedzie\u0107 si\u0119 indywidualnie w zwi\u0105zku z trwaj\u0105cym procesem synodalnym. Ankieta jest dost\u0119pna na stronie internetowej diecezji, pod zak\u0142adk\u0105: Synod 2021-23 w diecezji elbl\u0105skiej.<br><\/li><li>Czy chrze\u015bcija\u0144skie wychowanie jest wa\u017cne? Czy solidne wykszta\u0142cenie ma sens? Czy takie warto\u015bci jak rodzina, przyja\u017a\u0144 s\u0105 wa\u017cne? Wed\u0142ug nas tak! Je\u015bli chcesz pozna\u0107 Zesp\u00f3\u0142 Szk\u00f3\u0142 Pijarskich im. \u015bw. Miko\u0142aja w Elbl\u0105gu i zastanawiasz si\u0119 nad wyborem szko\u0142y podstawowej dla swojego dziecka, pami\u0119taj, \u017ce pijarska szko\u0142a to DOBRE MIEJSCE!!! Zapraszamy na DZIE\u0143 OTWARTY 23 lutego 2021 r. (\u015broda) w godzinach od 16:00 do 19:00. Szczeg\u00f3\u0142y na plakacie oraz na stronie internetowej szko\u0142y www.elblag.pijarzy.pl<br><\/li><li>Zapraszamy parafian w ka\u017cd\u0105 niedziel\u0119 o godz. 7:40 na \u015bpiewanie GODZINEK KU CZCI NIEPOKALANEGO POCZ\u0118CIA N.M.P..<br><\/li><li>KORZYSTAJMY Z SAKRAMENTU SPOWIEDZI \u015aW. \u2013 mamy tak\u0105 mo\u017cliwo\u015b\u0107, codziennie przed Msz\u0105 \u015bw. od godz. 7:45 lub od godz.17:30.<br><\/li><li>Kancelaria Parafialna czynna w \u015brody od 16:00 do 17:30 oraz w pi\u0105tki po Mszy wieczorowej do godz. 19:30. Zapraszamy.<br><\/li><li>Informujemy o mo\u017cliwo\u015bci rezerwacji i zamawiania Mszy \u015bw. na ca\u0142y bie\u017c\u0105cy rok. Niech Eucharystia stanie si\u0119 dzi\u0119kczynieniem za prze\u017cyte lata, rocznice sakramentu ma\u0142\u017ce\u0144stwa, imienin itp. Msza \u015bw. jest najpi\u0119kniejszym darem, w kt\u00f3rym mo\u017cemy tu na ziemi uczestniczy\u0107.<br><\/li><li>Zach\u0119cam do nabywania nowego numeru \u201eGo\u015bcia Niedzielnego\u201d w cenie 8 z\u0142. z dodatkiem \u201eGo\u015bcia Elbl\u0105skiego\u201d a nim wydarzenia z diecezji.<br><\/li><li>Wszystkim Jubilatom i Solenizantom tego tygodnia \u017cyczymy wielu \u0142ask Bo\u017cych i opieki Matki Bo\u017cej Szkaplerznej naszej patronki.<br><\/li><li>Pan powo\u0142a\u0142 do wieczno\u015bci: \u015bp. Romana STASZY\u0143SKIEGO lat 78 z ul. Sobieskiego<br><\/li><li>Wieczny odpoczynek racz mu da\u0107 Panie! A \u015bwiat\u0142o\u015b\u0107 wiekuista niechaj mu \u015bwieci.<\/li><\/ol>\n\n\n\n<figure class=\"wp-block-image\"><img decoding=\"async\" src=\"http:\/\/rafalk-elblag.pl\/wp-content\/uploads\/2020\/04\/baner-intencje-mszy.jpg\" alt=\"\"\/><\/figure>\n\n\n\n<h1 class=\"wp-block-heading\">Intencje mszalne 20.02.2022r<\/h1>\n\n\n\n<p><strong> <\/strong><\/p>\n\n\n\n<p><strong>VII Niedziela Zwyk\u0142a \/ 20 lutego 2022<\/strong><br>8.00 \u2020 Barbara i Andrzej ZIELI\u0143SCY<br>10.00 Dzi\u0119kczynna z okazji urodzin Tomasza z pro\u015bb\u0105 o potrzebne \u0142aski wiary, nadziei i mi\u0142o\u015bci oraz opiek\u0119 Matki Bo\u017cej Szkaplerznej<br>12.00 W intencji Parafian<br>15.00 \u2020 Tadeusz TONGA w 30 dzie\u0144 po pogrzebie<br>18.00 \u2020 Weronika CZAJKOWSKA w 24 rocznic\u0119 \u015bmierci i zmarli z rodziny<br><\/p>\n\n\n\n<p><strong>PONIEDZIA\u0141EK \/ 21 lutego 2022 r.<\/strong><br>8.00 \u2020 Weronika SEROKA \u2013 intencja od R\u00f3\u017cy R\u00f3\u017ca\u0144cowej<br>18.00 \u2020 Ryszard KUJAWA w 2 miesi\u0105c po pogrzebie<br><\/p>\n\n\n\n<p><strong>WTOREK \/ 22 luty 2022 r.<\/strong><br>8.00 \u2020 Andrzej KLECHA w I miesi\u0105c po pogrzebie<br>18.00 \u2020 Dariusz MORZY<br><\/p>\n\n\n\n<p><strong>\u015aRODA \/ 23 lutego 2022 r. \/ \u015bw. Polikarpa<\/strong><br>8.00 \u2020 Wies\u0142awa (k) BANACH w 30 dzie\u0144 po pogrzebie<br>18.00 \u2020 Henryk SIENKIEWICZ w 11 rocznic\u0119 \u015bmierci, \u2020 Stanis\u0142aw SIENKIEWICZ w 5 rocznic\u0119 \u015bmierci<br><\/p>\n\n\n\n<p><strong>CZWARTEK \/ 24 lutego 2022 r.<\/strong><br>8.00 \u2020 Barbara KAMI\u0143SKA i zmarli z rodzin KAMI\u0143SKICH i WI\u015aNIEWSKICH<br>18.00 \u2020 Irena PUTKOWSKA w 30 dzie\u0144 po pogrzebie<br><\/p>\n\n\n\n<p><strong>PI\u0104TEK \/ 25 lutego 2022 r.<\/strong><br>8.00 Dzi\u0119kczynna z okazji urodzin Wiktorii i Adriana (m) z pro\u015bb\u0105 o Bo\u017ce b\u0142ogos\u0142awie\u0144stwo, dary Ducha \u015awi\u0119tego.<br>18.00 Rez.<br><\/p>\n\n\n\n<p><strong>SOBOTA \/ 26 lutego 2022 r.<\/strong><br>8.00 \u2020 Barbara KAMI\u0143SKA w I rocznic\u0119 \u015bmierci, \u2020 Roman KAMI\u0143SKI<br>18.00 \u2020 Helena i Jan TOMASZEWICZ<br><\/p>\n\n\n\n<p><strong>VIII Niedziela Zwyk\u0142a \/ 27 lutego 2022 r.<\/strong><br>8.00 \u2020 Wac\u0142aw CZESZEJKO &#8211; SOCHACKI<br>10.00 \u2020 Pelagia HERMAN w 10 rocznic\u0119 \u015bmierci i zmarli z rodziny K\u0118DZIERSKICH, HERMAN, SOLECKICH<br>12.00 W intencji Parafian<br>15.00 \u2020 El\u017cbieta WR\u00d3BLEWSKA w 1 rocznic\u0119 \u015bmierci, Jacek WR\u00d3BLEWSKI w 7 miesi\u0105c po pogrzebie, \u2020 Zenobia \u0141UBNICKA<br>18.00 Z pro\u015bb\u0105 o Bo\u017ce b\u0142ogos\u0142awie\u0144stwo i opiek\u0119 Matki Bo\u017cej dla Patrycji, Jaros\u0142awa i Alicji, Joanny i Marka oraz Arkadiusza<\/p>\n\n\n\n<p><\/p>\n","protected":false},"excerpt":{"rendered":"<p>Ewangelia (\u0141k 6, 27-38) Przykazanie mi\u0142o\u015bci nieprzyjaci\u00f3\u0142 S\u0142owa Ewangelii wed\u0142ug \u015awi\u0119tego \u0141ukasza Jezus powiedzia\u0142 do swoich uczni\u00f3w: \u00abPowiadam wam, kt\u00f3rzy s\u0142uchacie: Mi\u0142ujcie waszych nieprzyjaci\u00f3\u0142; dobrze czy\u0144cie tym, kt\u00f3rzy was nienawidz\u0105; b\u0142ogos\u0142awcie tym, kt\u00f3rzy was przeklinaj\u0105, i m\u00f3dlcie si\u0119 za tych, kt\u00f3rzy was oczerniaj\u0105. Je\u015bli ci\u0119 kto uderzy w policzek, nadstaw mu i drugi. Je\u015bli zabiera [&hellip;]<\/p>\n","protected":false},"author":1,"featured_media":4612,"comment_status":"closed","ping_status":"closed","sticky":false,"template":"","format":"standard","meta":{"ngg_post_thumbnail":0,"footnotes":""},"categories":[11,8,4,3],"tags":[],"class_list":["post-4610","post","type-post","status-publish","format-standard","has-post-thumbnail","hentry","category-aktualnosci","category-blog","category-intencje","category-ogloszenia"],"_links":{"self":[{"href":"https:\/\/rafalk-elblag.pl\/index.php?rest_route=\/wp\/v2\/posts\/4610","targetHints":{"allow":["GET"]}}],"collection":[{"href":"https:\/\/rafalk-elblag.pl\/index.php?rest_route=\/wp\/v2\/posts"}],"about":[{"href":"https:\/\/rafalk-elblag.pl\/index.php?rest_route=\/wp\/v2\/types\/post"}],"author":[{"embeddable":true,"href":"https:\/\/rafalk-elblag.pl\/index.php?rest_route=\/wp\/v2\/users\/1"}],"replies":[{"embeddable":true,"href":"https:\/\/rafalk-elblag.pl\/index.php?rest_route=%2Fwp%2Fv2%2Fcomments&post=4610"}],"version-history":[{"count":1,"href":"https:\/\/rafalk-elblag.pl\/index.php?rest_route=\/wp\/v2\/posts\/4610\/revisions"}],"predecessor-version":[{"id":4613,"href":"https:\/\/rafalk-elblag.pl\/index.php?rest_route=\/wp\/v2\/posts\/4610\/revisions\/4613"}],"wp:featuredmedia":[{"embeddable":true,"href":"https:\/\/rafalk-elblag.pl\/index.php?rest_route=\/wp\/v2\/media\/4612"}],"wp:attachment":[{"href":"https:\/\/rafalk-elblag.pl\/index.php?rest_route=%2Fwp%2Fv2%2Fmedia&parent=4610"}],"wp:term":[{"taxonomy":"category","embeddable":true,"href":"https:\/\/rafalk-elblag.pl\/index.php?rest_route=%2Fwp%2Fv2%2Fcategories&post=4610"},{"taxonomy":"post_tag","embeddable":true,"href":"https:\/\/rafalk-elblag.pl\/index.php?rest_route=%2Fwp%2Fv2%2Ftags&post=4610"}],"curies":[{"name":"wp","href":"https:\/\/api.w.org\/{rel}","templated":true}]}}