{"id":4604,"date":"2022-02-13T08:49:00","date_gmt":"2022-02-13T08:49:00","guid":{"rendered":"http:\/\/rafalk-elblag.pl\/?p=4604"},"modified":"2022-02-15T10:01:07","modified_gmt":"2022-02-15T10:01:07","slug":"biuletyn-13-02-2022-vi-niedziela-zwykla","status":"publish","type":"post","link":"https:\/\/rafalk-elblag.pl\/?p=4604","title":{"rendered":"Biuletyn 13.02.2022, VI Niedziela Zwyk\u0142a"},"content":{"rendered":"\n<figure class=\"wp-block-image size-large\"><img loading=\"lazy\" decoding=\"async\" width=\"1024\" height=\"512\" src=\"http:\/\/rafalk-elblag.pl\/wp-content\/uploads\/2022\/02\/saints-1024x512.png\" alt=\"\" class=\"wp-image-4608\" srcset=\"https:\/\/rafalk-elblag.pl\/wp-content\/uploads\/2022\/02\/saints-1024x512.png 1024w, https:\/\/rafalk-elblag.pl\/wp-content\/uploads\/2022\/02\/saints-300x150.png 300w, https:\/\/rafalk-elblag.pl\/wp-content\/uploads\/2022\/02\/saints-768x384.png 768w, https:\/\/rafalk-elblag.pl\/wp-content\/uploads\/2022\/02\/saints-1536x768.png 1536w, https:\/\/rafalk-elblag.pl\/wp-content\/uploads\/2022\/02\/saints.png 1800w\" sizes=\"auto, (max-width: 1024px) 100vw, 1024px\" \/><\/figure>\n\n\n\n<h1 class=\"wp-block-heading\">Ewangelia (\u0141k 6, 17.20-26)\nB\u0142ogos\u0142awieni ubodzy, biada bogaczom<\/h1>\n\n\n\n<p><strong>\nS\u0142owa Ewangelii wed\u0142ug \u015awi\u0119tego \u0141ukasza<\/strong><\/p>\n\n\n\n<p>\n\n\n\n\n\nJezus zszed\u0142 z Dwunastoma na d\u00f3\u0142 i zatrzyma\u0142 si\u0119 na r\u00f3wninie; by\u0142 tam liczny t\u0142um Jego uczni\u00f3w i wielkie mn\u00f3stwo ludu z ca\u0142ej Judei i z Jeruzalem oraz z nadmorskich okolic Tyru i Sydonu.\n\nOn podni\u00f3s\u0142 oczy na swoich uczni\u00f3w i m\u00f3wi\u0142:\n\n\u00abB\u0142ogos\u0142awieni jeste\u015bcie, ubodzy, albowiem do was nale\u017cy kr\u00f3lestwo Bo\u017ce.\n\nB\u0142ogos\u0142awieni, kt\u00f3rzy teraz g\u0142odujecie, albowiem b\u0119dziecie nasyceni.\n\nB\u0142ogos\u0142awieni, kt\u00f3rzy teraz p\u0142aczecie, albowiem \u015bmia\u0107 si\u0119 b\u0119dziecie.\n\nB\u0142ogos\u0142awieni jeste\u015bcie, gdy ludzie was znienawidz\u0105 i gdy was wy\u0142\u0105cz\u0105 spo\u015br\u00f3d siebie, gdy zel\u017c\u0105 was i z powodu Syna Cz\u0142owieczego odrzuc\u0105 z pogard\u0105 wasze imi\u0119 jako niecne: cieszcie si\u0119 i radujcie w owym dniu, bo wielka jest wasza nagroda w niebie. Tak samo bowiem przodkowie ich czynili prorokom.\n\nNatomiast biada wam, bogaczom, bo odebrali\u015bcie ju\u017c pociech\u0119 wasz\u0105.\n\nBiada wam, kt\u00f3rzy teraz jeste\u015bcie syci, albowiem g\u0142\u00f3d cierpie\u0107 b\u0119dziecie.\n\nBiada wam, kt\u00f3rzy si\u0119 teraz \u015bmiejecie, albowiem smuci\u0107 si\u0119 i p\u0142aka\u0107 b\u0119dziecie.\n\nBiada wam, gdy wszyscy ludzie chwali\u0107 was b\u0119d\u0105. Tak samo bowiem przodkowie ich czynili fa\u0142szywym prorokom\u00bb.\n\n<br>&nbsp;<\/p>\n\n\n\n<h1 class=\"wp-block-heading\">\u015aWI\u0118CI PATRONOWIE EUROPY<\/h1>\n\n\n\n<p>  <strong>Dnia 11 lipca przypada wspomnienie liturgiczne \u015bw. Benedykta z Nursji, benedykty\u0144skiego opata (V w.), 23 lipca, wspomnienie \u015bw. Brygidy, szwedzkiej mistyczki (XIV w.), 9 sierpnia &#8211; \u015bw. Teresy Benedykty od Krzy\u017ca, \u017cydowskiej m\u0119czennicy katolickiej z Holokaustu, 29 kwietnia, wspomnienie \u015bw. Katarzyny ze Sienny, tercjarki dominika\u0144skiej (XIV w.), natomiast 14 lutego \u2013 obchodzi\u0107 b\u0119dziemy wspomnienie \u015bw. Cyryla i Metodego, misjonarzy s\u0142owia\u0144skiej Europy. Tym co \u0142\u0105czy wszystkie te postaci jest to, \u017ce zostali og\u0142oszeni przez ostatnich papie\u017cy \u015bwi\u0119tymi patronami Europy. Idea ustanowienia specjalnego patronatu dla Europy jest stosunkowo nowa i pochodzi z XX wieku, kiedy to tw\u00f3rcy wsp\u00f3\u0142czesnego porz\u0105dku europejskiego zacz\u0119li poszukiwa\u0107 r\u00f3\u017cnych form integracji narod\u00f3w i pa\u0144stw naszego kontynentu. <\/strong><\/p>\n\n\n\n<p>Zwr\u00f3cenie si\u0119 do idei \u015bwi\u0119tych patron\u00f3w chrze\u015bcija\u0144stwa jest sygna\u0142em, by uwypukli\u0107 warto\u015bci duchowe, kt\u00f3re wyznacza\u0142y dotychczasowy kierunek przemian cywilizacyjnych i przyczyni\u0142y si\u0119 do ustalenia ich chrze\u015bcija\u0144skiej to\u017csamo\u015bci. Niestety, obserwuje si\u0119 dzi\u015b niebezpieczne tendencje odchodzenia od tych warto\u015bci i budowanie integracji europejskiej na zupe\u0142nie obcych fundamentach \u015bwiatopogl\u0105dowych z wyra\u017anym ukierunkowaniem tylko na post\u0119p ekonomiczno-gospodarczy, kosztem jej to\u017csamo\u015bci. W tym kontek\u015bcie, idea patron\u00f3w Europy ma by\u0107 r\u00f3wnie\u017c wyrzutem sumienia i drogowskazem dla kierunku wsp\u00f3\u0142czesnych przemian cywilizacyjnych. Idea patronatu towarzyszy bodaj\u017ce ka\u017cdej cywilizacji. W czasach antycznych powszechna by\u0142a wiara, \u017ce ka\u017cdym miastem opiekuje si\u0119 jaki\u015b b\u00f3g lub inna istota duchowa. <\/p>\n\n\n\n<p>Tradycja \u017cydowska wprowadzi\u0142a ide\u0119 \u015bwi\u0119tej obecno\u015bci Boga Jahwe po\u015br\u00f3d swego ludu, kt\u00f3ra to obecno\u015b\u0107 udziela\u0142a si\u0119 w postaci anio\u0142\u00f3w i duch\u00f3w wykonuj\u0105cych polecenia Boga. Szczytem tej obecno\u015bci by\u0142o wcielenie Syna Bo\u017cego i Jego trwanie w Duchu i Prawdzie powo\u0142anego przeze\u0144 Ko\u015bcio\u0142a, a poprzez niego i chrze\u015bcija\u0144skiego \u015bwiata. Owocem tego by\u0142o nauczanie Ko\u015bcio\u0142a o anio\u0142ach str\u00f3\u017cach, kt\u00f3rzy od pocz\u0105tku towarzysz\u0105 ka\u017cdemu cz\u0142owiekowi w czynieniu dobra, a p\u00f3\u017aniej \u015bwi\u0119tych patronach chrztu i bierzmowania. \u015aw. Jan w swej Apokalipsie m\u00f3wi o anio\u0142ach (patronach) poszczeg\u00f3lnych staro\u017cytnych metropolii, do kt\u00f3rych kierowa\u0142 on swe pasterskie napomnienia w obliczu och\u0142odzenia ich gorliwo\u015bci religijnej. Anio\u0142owie miast wkr\u00f3tce zostali wyparci przez ich \u015bwi\u0119tych patron\u00f3w, a idea \u015bwi\u0119tego patronatu zacz\u0119\u0142a obejmowa\u0107 ju\u017c nie tylko miasta, ale i ca\u0142e narody i ich pa\u0144stwa. Nad narodami i ca\u0142ymi pa\u0144stwami chrze\u015bcija\u0144skimi zacz\u0119li roztacza\u0107 sw\u0105 niebia\u0144sk\u0105 opiek\u0119 patronowie w jaki\u015b spos\u00f3b z nimi zwi\u0105zani, b\u0119d\u0105c ich znakiem rozpoznawczym. <\/p>\n\n\n\n<p>I tak na przyk\u0142ad, \u015bw. Jerzy sta\u0142 si\u0119 patronem narodu i kr\u00f3lestwa Anglii, \u015bw. Jakub Mniejszy, Aposto\u0142, patronem Hiszpanii, \u015bw. Wojciech Biskup, M\u0119czennik, patronem Polski.  Idea niebia\u0144skiego patronatu nad kontynentem europejskim jest formalnie nowa i pochodzi z ubieg\u0142ego stulecia, jako odpowied\u017a na wyzwania laicyzacyjne i ateistyczne wsp\u00f3\u0142czesnej Europy. Ma jednak swoje korzenie w og\u00f3lnym patronacie Naj\u015bwi\u0119tszej Maryi Panny i \u015bw. J\u00f3zefa nad ca\u0142ym chrze\u015bcija\u0144stwem, kt\u00f3re od IV w. po Chr. nieprzerwanie dominowa\u0142o na kontynencie europejskim, pod przewodnictwem Rzymu i Watykanu. <\/p>\n\n\n\n<p>Tym co je \u0142\u0105czy\u0142o by\u0142a wiara, j\u0119zyk, tradycja i kultura \u0142aci\u0144ska. To w\u0142a\u015bnie w Europie pod ich wp\u0142ywem powstawa\u0142y solidne fundamenty cywilizacji chrze\u015bcija\u0144skiej, kt\u00f3re osi\u0105gn\u0119\u0142y sw\u00f3j najwi\u0119kszy rozkwit w okresie \u015bredniowiecza. Nic dziwnego, \u017ce ostatni papie\u017ce XX w. za patron\u00f3w Europy podali g\u0142\u00f3wnie \u015bwi\u0119tych m\u0119\u017c\u00f3w i \u015bwi\u0119te niewiasty w\u0142a\u015bnie z okresu \u015bredniowiecza, poniewa\u017c to oni wyznaczali staremu kontynentowi podstawy jego to\u017csamo\u015bci.  <\/p>\n\n\n\n<p><\/p>\n\n\n\n<p><\/p>\n\n\n\n<figure class=\"wp-block-image\"><a href=\"http:\/\/rafalk-elblag.pl\/wp-content\/uploads\/2021\/08\/ogloszenia-parafialne-baner-01a.jpg\"><img loading=\"lazy\" decoding=\"async\" width=\"720\" height=\"232\" src=\"http:\/\/rafalk-elblag.pl\/wp-content\/uploads\/2021\/08\/ogloszenia-parafialne-baner-01a.jpg\" alt=\"\" class=\"wp-image-4410\" srcset=\"https:\/\/rafalk-elblag.pl\/wp-content\/uploads\/2021\/08\/ogloszenia-parafialne-baner-01a.jpg 720w, https:\/\/rafalk-elblag.pl\/wp-content\/uploads\/2021\/08\/ogloszenia-parafialne-baner-01a-300x97.jpg 300w\" sizes=\"auto, (max-width: 720px) 100vw, 720px\" \/><\/a><\/figure>\n\n\n\n<h1 class=\"wp-block-heading\">Og\u0142oszenia parafialne 13.02.2022r<\/h1>\n\n\n\n<ol class=\"wp-block-list\"><li>Spotkania dla rodzic\u00f3w dzieci klas III przygotowuj\u0105cych si\u0119 do I KOMUNII \u015aWI\u0118TEJ odb\u0119dzie si\u0119 w poniedzia\u0142ek 14 lutego br. o godz. 19:00 w ko\u015bciele.<br>Obecno\u015b\u0107 obowi\u0105zkowa.<br>W pi\u0105tek 18 lutego br. na plebanii b\u0119dzie mo\u017cliwo\u015b\u0107 zam\u00f3wienia stroj\u00f3w komunijnych (alb). Zapraszam w tym dniu rodzic\u00f3w z dzieckiem w celu pobrania wymiaru na alb\u0119: o godz. 16:00 klasa III B i D, natomiast na godz. 16:30 klasa III A i D.<br><\/li><li>W \u015brod\u0119 16 lutego dzie\u0144 modlitw za Bractwo Szkaplerzne, a tak\u017ce za osoby nosz\u0105ce Szkaplerz \u015awi\u0119ty. Zapraszamy wszystkich nale\u017c\u0105cych i pragn\u0105cych w\u0142\u0105czy\u0107 si\u0119 do tej wsp\u00f3lnoty na Msz\u0119 \u015bw. o godz. 18:00 \u2013 dzi\u0119kczynnej w VIII rocznic\u0119 nadania drugiego tytu\u0142u naszej \u015bwi\u0105tyni: MATKI BO\u017bEJ SZKAPLERZNEJ. Po modlitwach spotkanie Rady Szkaplerznej w salce na plebanii. Wszystkich tworz\u0105cych i odpowiedzialnych za Bractwo Szkaplerzne zapraszam.<br><\/li><li>KORZYSTAJMY Z SAKRAMENTU SPOWIEDZI \u015aW. \u2013 mamy tak\u0105 mo\u017cliwo\u015b\u0107, codziennie przed Msz\u0105 \u015bw. od godz. 7:45 lub od godz.17:30.<br><\/li><li>Kancelaria Parafialna czynna w \u015brody od 16:00 do 17:30 oraz w pi\u0105tki po Mszy wieczorowej do godz. 19:30. Zapraszamy.<br><\/li><li>Informujemy o mo\u017cliwo\u015bci rezerwacji i zamawiania Mszy \u015bw. na ca\u0142y bie\u017c\u0105cy rok. Niech Eucharystia stanie si\u0119 dzi\u0119kczynieniem za prze\u017cyte lata, rocznice sakramentu ma\u0142\u017ce\u0144stwa, imienin itp. Msza \u015bw. jest najpi\u0119kniejszym darem, w kt\u00f3rym mo\u017cemy tu na ziemi uczestniczy\u0107.<br><\/li><li>Zach\u0119cam do nabywania nowego numeru \u201eGo\u015bcia Niedzielnego\u201d w cenie 8 z\u0142. z dodatkiem \u201eGo\u015bcia Elbl\u0105skiego\u201d a w nim wydarzenia z diecezji.<br><\/li><li>Wszystkim Jubilatom i Solenizantom tego tygodnia \u017cyczymy wielu \u0142ask Bo\u017cych i opieki Matki Bo\u017cej Szkaplerznej &#8211; naszej patronki.<br><\/li><li>Pan powo\u0142a\u0142 do wieczno\u015bci: \u015bp. Iren\u0119 Jask\u00f3lsk\u0105 lat 95 z ul. Legion\u00f3w<br><strong>\u2020 \u015bp. Mart\u0119 Bogdanowicz<\/strong> lat 45 z ul. \u0141okietka<br>Wieczny odpoczynek racz im da\u0107 Panie! A \u015bwiat\u0142o\u015b\u0107 wiekuista niechaj im \u015bwieci.<\/li><\/ol>\n\n\n\n<figure class=\"wp-block-image\"><img decoding=\"async\" src=\"http:\/\/rafalk-elblag.pl\/wp-content\/uploads\/2020\/04\/baner-intencje-mszy.jpg\" alt=\"\"\/><\/figure>\n\n\n\n<h1 class=\"wp-block-heading\">Intencje mszalne 13.02.2022r<\/h1>\n\n\n\n<p><strong> <\/strong><\/p>\n\n\n\n<p><br><strong>VI Niedziela Zwyk\u0142a \/ 13 lutego 2022<\/strong><br>8.00 O Bo\u017ce b\u0142ogos\u0142awie\u0144stwo dla Nikodema i ca\u0142ej Jego rodziny, Agnieszki i ca\u0142ej rodziny zakonnej oraz dla Magdaleny i ca\u0142ej Jej rodziny<br>10.00 \u2020 Sabina w 2 rocznic\u0119 \u015bmierci i J\u00f3zef ZIABKA w 33 rocznic\u0119 \u015bmierci, Janina i Zygmunt CZ\u0118\u015aCIK w 32 rocznic\u0119 \u015bmierci<br>12.00 W intencji Parafian<br>15.00 \u2020 Maria S\u0141OMI\u0143SKA w 10 rocznic\u0119 \u015bmierci i zmarli z rodziny<br>18.00 \u2020 Adolf w 20 rocznic\u0119 \u015bmierci i zmarli z rodziny ADAMOWICZ<br><\/p>\n\n\n\n<p><strong>PONIEDZIA\u0141EK \/ 14 lutego 2022 r. \/ \u015bw. Cyryla i Metodego<\/strong><br>8.00 \u2020 Bogumi\u0142, Irena, Jacek PA\u0141UCCY, Ma\u0142gorzata, J\u00f3zef (m) ZIELI\u0143SCY<br>18.00 \u2020 Henryk PAWLICKI<br><\/p>\n\n\n\n<p><strong>WTOREK \/ 15 luty 2022 r.<\/strong><br>8.00 Za dusze w czy\u015b\u0107cu cierpi\u0105ce (rez.)<br>18.00 \u2020 Maria, Wac\u0142aw (m), Ryszard JASIULEWICZ<br><\/p>\n\n\n\n<p><strong>\u015aRODA \/ 16 lutego 2022 r.<br>DZIE\u0143 BRACTWA SZKAPLERZNEGO<\/strong><br>8.00 O zdrowie i Bo\u017ce b\u0142ogos\u0142awie\u0144stwo dla Jerzego<br>18.00 W intencji Bractwa szkaplerznego i os\u00f3b, kt\u00f3re przyjm\u0105 szkaplerz w 8 rocznic\u0119 nadania ko\u015bcio\u0142owi drugiego tytu\u0142u Matki Bo\u017cej Szkaplerznej<br><\/p>\n\n\n\n<p><strong>CZWARTEK \/ 17 lutego 2022 r.<\/strong><br>8.00 W intencji Panu Bogu wiadomej<br>18.00 Dzi\u0119kczynna w 1 rocznic\u0119 urodzin Aleksandra (m) z pro\u015bb\u0105 o Bo\u017ce b\u0142ogos\u0142awie\u0144stwo dla niego i jego rodzic\u00f3w<br><\/p>\n\n\n\n<p><strong>PI\u0104TEK \/ 18 lutego 2022 r.<\/strong><br>8.00 Za dusze w czy\u015b\u0107cu cierpi\u0105ce<br>18.00 \u2020 Jerzy DUDA w 4 rocznic\u0119 \u015bmierci<br><\/p>\n\n\n\n<p><strong>SOBOTA \/ 19 lutego 2022 r.<\/strong><br>8.00<br>18.00 \u2020 Antoni BIELSKI w 1 rocznic\u0119 \u015bmierci \u2013 intencja od wnuczki Magdy<br><\/p>\n\n\n\n<p><strong>VII Niedziela Zwyk\u0142a \/ 20 lutego 2022 r.<\/strong><br>8.00 \u2020 Barbara i Andrzej ZIELI\u0143SCY<br>10.00 Dzi\u0119kczynna z okazji urodzin Tomasza z pro\u015bb\u0105 o potrzebne \u0142aski wiary, nadziei i mi\u0142o\u015bci oraz opiek\u0119 Matki Bo\u017cej Szkaplerznej<br>12.00 W intencji Parafian<br>15.00 \u2020 Tadeusz TONGA w 30 dzie\u0144 po pogrzebie<br>18.00 \u2020 Weronika CZAJKOWSKA w 24 rocznic\u0119 \u015bmierci i zmarli z rodziny<\/p>\n\n\n\n<p><\/p>\n","protected":false},"excerpt":{"rendered":"<p>Ewangelia (\u0141k 6, 17.20-26) B\u0142ogos\u0142awieni ubodzy, biada bogaczom S\u0142owa Ewangelii wed\u0142ug \u015awi\u0119tego \u0141ukasza Jezus zszed\u0142 z Dwunastoma na d\u00f3\u0142 i zatrzyma\u0142 si\u0119 na r\u00f3wninie; by\u0142 tam liczny t\u0142um Jego uczni\u00f3w i wielkie mn\u00f3stwo ludu z ca\u0142ej Judei i z Jeruzalem oraz z nadmorskich okolic Tyru i Sydonu. On podni\u00f3s\u0142 oczy na swoich uczni\u00f3w i m\u00f3wi\u0142: [&hellip;]<\/p>\n","protected":false},"author":1,"featured_media":4606,"comment_status":"closed","ping_status":"closed","sticky":false,"template":"","format":"standard","meta":{"ngg_post_thumbnail":0,"footnotes":""},"categories":[11,8,4,3],"tags":[],"class_list":["post-4604","post","type-post","status-publish","format-standard","has-post-thumbnail","hentry","category-aktualnosci","category-blog","category-intencje","category-ogloszenia"],"_links":{"self":[{"href":"https:\/\/rafalk-elblag.pl\/index.php?rest_route=\/wp\/v2\/posts\/4604","targetHints":{"allow":["GET"]}}],"collection":[{"href":"https:\/\/rafalk-elblag.pl\/index.php?rest_route=\/wp\/v2\/posts"}],"about":[{"href":"https:\/\/rafalk-elblag.pl\/index.php?rest_route=\/wp\/v2\/types\/post"}],"author":[{"embeddable":true,"href":"https:\/\/rafalk-elblag.pl\/index.php?rest_route=\/wp\/v2\/users\/1"}],"replies":[{"embeddable":true,"href":"https:\/\/rafalk-elblag.pl\/index.php?rest_route=%2Fwp%2Fv2%2Fcomments&post=4604"}],"version-history":[{"count":2,"href":"https:\/\/rafalk-elblag.pl\/index.php?rest_route=\/wp\/v2\/posts\/4604\/revisions"}],"predecessor-version":[{"id":4609,"href":"https:\/\/rafalk-elblag.pl\/index.php?rest_route=\/wp\/v2\/posts\/4604\/revisions\/4609"}],"wp:featuredmedia":[{"embeddable":true,"href":"https:\/\/rafalk-elblag.pl\/index.php?rest_route=\/wp\/v2\/media\/4606"}],"wp:attachment":[{"href":"https:\/\/rafalk-elblag.pl\/index.php?rest_route=%2Fwp%2Fv2%2Fmedia&parent=4604"}],"wp:term":[{"taxonomy":"category","embeddable":true,"href":"https:\/\/rafalk-elblag.pl\/index.php?rest_route=%2Fwp%2Fv2%2Fcategories&post=4604"},{"taxonomy":"post_tag","embeddable":true,"href":"https:\/\/rafalk-elblag.pl\/index.php?rest_route=%2Fwp%2Fv2%2Ftags&post=4604"}],"curies":[{"name":"wp","href":"https:\/\/api.w.org\/{rel}","templated":true}]}}