{"id":4599,"date":"2022-02-07T17:20:04","date_gmt":"2022-02-07T17:20:04","guid":{"rendered":"http:\/\/rafalk-elblag.pl\/?p=4599"},"modified":"2022-02-07T17:20:39","modified_gmt":"2022-02-07T17:20:39","slug":"biuletyn-06-02-2022-v-niedziela-zwykla","status":"publish","type":"post","link":"https:\/\/rafalk-elblag.pl\/?p=4599","title":{"rendered":"Biuletyn 06.02.2022, V Niedziela Zwyk\u0142a"},"content":{"rendered":"\n<figure class=\"wp-block-image size-large\"><img decoding=\"async\" src=\"http:\/\/rafalk-elblag.pl\/wp-content\/uploads\/2022\/02\/jesus_boat.jpg\" alt=\"\" class=\"wp-image-4595\"\/><\/figure>\n\n\n\n<h1 class=\"wp-block-heading\">Ewangelia (\u0141k 5, 1-11)\nCudowny po\u0142\u00f3w ryb i powo\u0142anie aposto\u0142\u00f3w<\/h1>\n\n\n\n<p><strong>\nS\u0142owa Ewangelii wed\u0142ug \u015awi\u0119tego \u0141ukasza<\/strong><\/p>\n\n\n\n<p>\nPewnego razu \u2013 gdy t\u0142um cisn\u0105\u0142 si\u0119 do Jezusa, aby s\u0142ucha\u0107 s\u0142owa Bo\u017cego, a On sta\u0142 nad jeziorem Genezaret \u2013 zobaczy\u0142 dwie \u0142odzie stoj\u0105ce przy brzegu; rybacy za\u015b wyszli z nich i p\u0142ukali sieci. Wszed\u0142szy do jednej \u0142odzi, kt\u00f3ra nale\u017ca\u0142a do Szymona, poprosi\u0142 go, \u017ceby nieco odbi\u0142 od brzegu. Potem usiad\u0142 i z \u0142odzi naucza\u0142 t\u0142umy.\n\nGdy przesta\u0142 m\u00f3wi\u0107, rzek\u0142 do Szymona: \u00abWyp\u0142y\u0144 na g\u0142\u0119bi\u0119 i zarzu\u0107cie sieci na po\u0142\u00f3w!\u00bb A Szymon odpowiedzia\u0142: \u00abMistrzu, ca\u0142\u0105 noc pracowali\u015bmy i nic nie u\u0142owili\u015bmy. Lecz na Twoje s\u0142owo zarzuc\u0119 sieci\u00bb. Skoro to uczynili, zagarn\u0119li tak wielkie mn\u00f3stwo ryb, \u017ce sieci ich zaczyna\u0142y si\u0119 rwa\u0107. Skin\u0119li wi\u0119c na wsp\u00f3\u0142towarzyszy w drugiej \u0142odzi, \u017ceby im przyszli z pomoc\u0105. Ci podp\u0142yn\u0119li; i nape\u0142nili obie \u0142odzie, tak \u017ce si\u0119 prawie zanurza\u0142y.\n\nWidz\u0105c to, Szymon Piotr przypad\u0142 Jezusowi do kolan i rzek\u0142: \u00abWyjd\u017a ode mnie, Panie, bo jestem cz\u0142owiekiem grzesznym\u00bb. I jego bowiem, i wszystkich jego towarzyszy w zdumienie wprawi\u0142 po\u0142\u00f3w ryb, jakiego dokonali; jak r\u00f3wnie\u017c Jakuba i Jana, syn\u00f3w Zebedeusza, kt\u00f3rzy byli wsp\u00f3lnikami Szymona.\n\nA Jezus rzek\u0142 do Szymona: \u00abNie b\u00f3j si\u0119, odt\u0105d ludzi b\u0119dziesz \u0142owi\u0142\u00bb. I wci\u0105gn\u0105wszy \u0142odzie na l\u0105d, zostawili wszystko i poszli za Nim.\n<br>&nbsp;<\/p>\n\n\n\n<h1 class=\"wp-block-heading\">UZDROWIENIE CHORYCH \u2013 MATKA BO\u017bA Z LOURDES<\/h1>\n\n\n\n<p><strong> By\u0142 11 lutego 1858 r. gdy 14-letnia Bernadetta zobaczy\u0142a w grocie nieopodal Lourdes Bia\u0142\u0105 Pani\u0105. Podczas osiemnastu objawie\u0144 Maryja wzywa\u0142a do modlitwy i pokuty oraz prosi\u0142a o wybudowanie ko\u015bcio\u0142a w miejscu objawie\u0144. O Lourdes \u2013 miasteczku le\u017c\u0105cym u st\u00f3p Pirenej\u00f3w \u2013 zrobi\u0142o si\u0119 g\u0142o\u015bno dzi\u0119ki Matce Bo\u017cej. Maryja ukaza\u0142a si\u0119 tam w 1858 r. Bernardzie Marii Soubirous, zwanej przez bliskich Bernadet\u0105. Rodzina dziewczyny by\u0142a bardzo biedna. Sze\u015b\u0107 os\u00f3b (rodzice i czworo dzieci) mieszka\u0142o w dawnej celi wi\u0119ziennej. Bernadeta by\u0142a \u0142adn\u0105 dziewczyn\u0105, jednak po przebytej chorobie nie ros\u0142a. Mia\u0142a tylko 140 cm wzrostu. <\/strong><\/p>\n\n\n\n<p>Chorowa\u0142a na astm\u0119. Nie umia\u0142a czyta\u0107 ani pisa\u0107, m\u00f3wi\u0142a tylko miejscowym dialektem. Nauka sprawia\u0142a jej trudno\u015b\u0107. W wieku 14 lat chodzi\u0142a do szko\u0142y razem z siedmiolatkami, aby lepiej pozna\u0107 katechizm. Inaczej nie zosta\u0142aby dopuszczona do I Komunii \u015bw. 11 lutego Bernadeta z siostr\u0105 i kole\u017cank\u0105 posz\u0142a zbiera\u0107 ga\u0142\u0119zie na opa\u0142. Przy grocie Massabielskiej zobaczy\u0142a unosz\u0105c\u0105 si\u0119 nad krzakiem \u015bliczn\u0105 dziewczyn\u0119 w bia\u0142ej sukni, kt\u00f3ra w prawej d\u0142oni trzyma\u0142a r\u00f3\u017caniec. Bernadeta, na\u015bladuj\u0105c j\u0105, uczyni\u0142a znak krzy\u017ca i zacz\u0119\u0142a odmawia\u0107 r\u00f3\u017caniec. Bia\u0142a Pani w\u0142\u0105cza\u0142a si\u0119 w modlitw\u0119 tylko na \u201eChwa\u0142a Ojcu\u2026\u201d, ko\u0144cz\u0105ce ka\u017cd\u0105 dziesi\u0105tk\u0119. Potem \u2013 znik\u0142a. Ju\u017c wieczorem niemal ca\u0142e miasteczko wiedzia\u0142o o dziwnym zjawisku. Matka, nie wierz\u0105c Bernadecie, orzek\u0142a, \u017ce pewnie by\u0142 to diabe\u0142. \u201eDiabe\u0142 nie odmawia r\u00f3\u017ca\u0144ca\u201d \u2013 odpowiedzia\u0142a rezolutnie dziewczyna. Na kolejnych spotkaniach z Bia\u0142\u0105 Pani\u0105 towarzyszy\u0142y Bernadecie setki, a potem tysi\u0105ce mieszka\u0144c\u00f3w Lourdes. Podpowiadali jej, o co ma pyta\u0107 \u201ezjaw\u0119\u201d. Bernadeta nawi\u0105za\u0142a z ni\u0105 dialog. 18 lutego Bia\u0142a Pani wypowiedzia\u0142a znamienne s\u0142owa: \u201eNie obiecuj\u0119 ci szcz\u0119\u015bcia na tym \u015bwiecie, ale w przysz\u0142ym\u201d. <\/p>\n\n\n\n<p>Trzy dni p\u00f3\u017aniej wezwa\u0142a: \u201eM\u00f3dlcie si\u0119 za grzesznik\u00f3w\u201d, a po kolejnych trzech dniach: \u201ePokutujcie! Pokutujcie! Pokutujcie!\u201d. Prosi\u0142a te\u017c, by ksi\u0119\u017ca wybudowali przy grocie kaplic\u0119 i aby przychodzono tam w procesji. Miejscowy proboszcz domaga\u0142 si\u0119 jednak cudu, chcia\u0142 te\u017c pozna\u0107 imi\u0119 Bia\u0142ej Pani. Odpowied\u017a pad\u0142a 25 marca: \u201eJestem Niepokalanym Pocz\u0119ciem\u201d. Bia\u0142a Pani wskaza\u0142a Bernadecie miejsce, z kt\u00f3rego wytrysn\u0119\u0142o \u017ar\u00f3d\u0142o. Wkr\u00f3tce wydarzy\u0142 si\u0119 pierwszy cud: mieszkanka Lourdes umoczy\u0142a sparali\u017cowan\u0105 r\u0119k\u0119 w wodzie wyp\u0142ywaj\u0105cej ze \u017ar\u00f3d\u0142a i zosta\u0142a uleczona. Osiemna\u015bcie spotka\u0144 Bernadety z Bia\u0142\u0105 Pani\u0105 zako\u0144czy\u0142o si\u0119 16 lipca. Ju\u017c dwana\u015bcie dni p\u00f3\u017aniej miejscowy biskup powo\u0142a\u0142 komisj\u0119, kt\u00f3ra mia\u0142a zbada\u0107 spraw\u0119 rzekomych objawie\u0144 Matki Bo\u017cej. 18 stycznia 1862 r. w imieniu Ko\u015bcio\u0142a orzek\u0142 o ich autentyczno\u015bci. <\/p>\n\n\n\n<p>Od pierwszego uzdrowienia, 1 marca 1858 r., chorzy nap\u0142ywaj\u0105 do Lourdes, spodziewaj\u0105c si\u0119 uzdrowienia cia\u0142a lub szukaj\u0105c si\u0142 do znoszenia cierpienia. Ko\u015bci\u00f3\u0142 katolicki uzna\u0142 oficjalnie 70 cud\u00f3w i ok. 7 tys. uzdrowie\u0144, kt\u00f3rych nie da si\u0119 wyja\u015bni\u0107 naukowo. Siedem pierwszych cud\u00f3w odegra\u0142o rol\u0119 w uznaniu objawie\u0144 za prawdziwe. Od 1905 r. w sanktuarium dzia\u0142a biuro lekarskie, przyjmuj\u0105ce zg\u0142oszenia przypadk\u00f3w uzdrowie\u0144 i przeprowadzaj\u0105ce wst\u0119pn\u0105 konsultacj\u0119 w\u015br\u00f3d lekarzy obecnych w Lourdes. Je\u015bli wynik wst\u0119pnego dochodzenia jest pozytywny, sprawa jest przekazywana komitetowi medycznemu, kt\u00f3ry istnieje od 1947 r. Po przeprowadzeniu w\u0142asnego dochodzenia wydaje on orzeczenie, \u017ce dany przypadek jest (lub nie jest) niewyt\u0142umaczalny wed\u0142ug aktualnego stanu wiedzy medycznej. Zwi\u0105zek chorych z pirenejskim sanktuarium spowodowa\u0142, \u017ce gdy w 1992 r. Jan Pawe\u0142 II ustanowi\u0142 \u015awiatowy Dzie\u0144 Chorego, na jego dat\u0119 wybra\u0142 dzie\u0144 pierwszego objawienia Matki Bo\u017cej w Lourdes. Tam te\u017c, w 1993, 2004 i 2008 r. odby\u0142y si\u0119 centralne obchody tego Dnia.  <\/p>\n\n\n\n<p><\/p>\n\n\n\n<p><\/p>\n\n\n\n<figure class=\"wp-block-image\"><a href=\"http:\/\/rafalk-elblag.pl\/wp-content\/uploads\/2021\/08\/ogloszenia-parafialne-baner-01a.jpg\"><img loading=\"lazy\" decoding=\"async\" width=\"720\" height=\"232\" src=\"http:\/\/rafalk-elblag.pl\/wp-content\/uploads\/2021\/08\/ogloszenia-parafialne-baner-01a.jpg\" alt=\"\" class=\"wp-image-4410\" srcset=\"https:\/\/rafalk-elblag.pl\/wp-content\/uploads\/2021\/08\/ogloszenia-parafialne-baner-01a.jpg 720w, https:\/\/rafalk-elblag.pl\/wp-content\/uploads\/2021\/08\/ogloszenia-parafialne-baner-01a-300x97.jpg 300w\" sizes=\"auto, (max-width: 720px) 100vw, 720px\" \/><\/a><\/figure>\n\n\n\n<h1 class=\"wp-block-heading\">Og\u0142oszenia parafialne 05.02.2022r<\/h1>\n\n\n\n<p><strong>1. PROSIMY O ZAMYKANIE DRZWI PRZY WCHODZENIU I WYCHODZENIU                                   Z  KO\u015aCIO\u0141A  PONIEWA\u017b  KO\u015aCI\u00d3\u0141  JEST  OGRZEWANY.  PROSIMY TE\u017b                            O WYCIERANIE BUT\u00d3W, BY NIE WNOSI\u0106 PIASKU I \u015aNIEGU DO KO\u015aCIO\u0141A<\/strong>. <\/p>\n\n\n\n<p><strong>2. <\/strong>ZAPRASZAMY DZISIAJ NA ADORACJ\u0118 NAJ\u015aWI\u0118TSZEGO SAKRAMENTU OD GODZ. 16:00 DO GODZ. 18:00 <\/p>\n\n\n\n<p><strong>3.<\/strong> Ofiary sk\u0142adane dzisiaj na tac\u0119 przeznaczone s\u0105 na uregulowanie rachunku za ogrzewanie Ko\u015bcio\u0142a. Dzi\u0119kuj\u0119 za zrozumienie i z\u0142o\u017cone ofiary. <\/p>\n\n\n\n<p><strong>4. <\/strong>W \u015brod\u0119 9 lutego br. spotkanie Kr\u0119gu Biblijnego o godz. 18:45 w salce na plebanii. Ksi\u0105dz Marcin serdecznie zaprasza i przypomina, \u017ce spotkania KR\u0118GU BIBLIJNEGO odbywa\u0107 si\u0119 b\u0119d\u0105 w II \u015brod\u0119 miesi\u0105ca.  <\/p>\n\n\n\n<p><strong>5. <\/strong>W czwartek 10 lutego przypada 82 rocznica pierwszej deportacji Polak\u00f3w na Sybir. Tego dnia o godz. 18:00 b\u0119dzie sprawowana Msza \u015bw. w intencji Sybirak\u00f3w. Serdecznie zapraszamy do wsp\u00f3lnej modlitwy. <\/p>\n\n\n\n<p><strong>6. <\/strong>W pi\u0105tek 11 lutego przypada 164 rocznica Objawie\u0144 Matki Bo\u017cej z Lourdes,                    a zarazem jest to \u015aWIATOWY DZIE\u0143 CHOREGO. Chorych i ich opiekun\u00f3w zapraszamy szczeg\u00f3lnie na Msz\u0119 \u015bw. o godz. 11:00, w trakcie kt\u00f3rej zostanie udzielony SAKRAMENT NAMASZCZENIA CHORYCH. Mo\u017cliwo\u015b\u0107 skorzystania z sakramentu spowiedzi przed Msz\u0105 \u015bw. Zapraszamy.  <\/p>\n\n\n\n<p><strong>7. KORZYSTAJMY Z SAKRAMENTU SPOWIEDZI \u015aW. <\/strong>\u2013 mamy tak\u0105 mo\u017cliwo\u015b\u0107, codziennie przed Msz\u0105 \u015bw. od godz. 7:45 lub od godz.17:30.  <\/p>\n\n\n\n<p><strong>8. <\/strong>Kancelaria Parafialna czynna w \u015brody od 16:00 do 17:30 oraz w pi\u0105tki od godz. 19:00 do 19:30. Zapraszamy.  <\/p>\n\n\n\n<p><strong>9. <\/strong>Osoby, kt\u00f3re pragn\u0105 jeszcze zaprosi\u0107 kap\u0142ana do swego domu w ramach wizyty duszpasterskiej prosz\u0119 o zapisanie si\u0119 w zakrystii. Do tych rodzin udamy si\u0119 w tym tygodniu. <\/p>\n\n\n\n<p><strong>10. <\/strong>Zach\u0119cam do nabywania nowego numeru \u201eGo\u015bcia Niedzielnego\u201d w cenie 8 z\u0142.  z dodatkiem \u201eGo\u015bcia Elbl\u0105skiego\u201d a nim wydarzenia z diecezji.                                  <\/p>\n\n\n\n<p><strong>11. <\/strong>Wszystkim Jubilatom i Solenizantom tego tygodnia \u017cyczymy wielu \u0142ask Bo\u017cych                 i opieki Matki Bo\u017cej Szkaplerznej naszej patronki. <\/p>\n\n\n\n<p><strong>12.<\/strong> Pan powo\u0142a\u0142 do wieczno\u015bci: <\/p>\n\n\n\n<p><strong>\u2020 \u015bp. Boles\u0142awa SZYMKO <\/strong>lat 71 z ul. Brzechwy       <br><strong>\u2020 \u015bp. Weronik\u0119 SEROKA <\/strong>lat 91 z ul. Lubelskiej <\/p>\n\n\n\n<p>odpoczynek racz im da\u0107 Panie! A \u015bwiat\u0142o\u015b\u0107 wiekuista niechaj im \u015bwieci. <\/p>\n\n\n\n<figure class=\"wp-block-image\"><img decoding=\"async\" src=\"http:\/\/rafalk-elblag.pl\/wp-content\/uploads\/2020\/04\/baner-intencje-mszy.jpg\" alt=\"\"\/><\/figure>\n\n\n\n<h1 class=\"wp-block-heading\">Intencje mszalne 05.02.2022r<\/h1>\n\n\n\n<p><strong>PONIEDZIA\u0141EK \/ 7 lutego 2022 r.<\/strong><br>8.00 Dzi\u0119kczynna w 44 rocznic\u0119 urodzin Magdaleny \u017bUGAJ z pro\u015bb\u0105 o dary Ducha \u015awi\u0119tego i dalsze Bo\u017ce b\u0142ogos\u0142awie\u0144stwo<br>18.00 \u2020 Ignacy ROKOWSKI w 1 rocznic\u0119 \u015bmierci<br><\/p>\n\n\n\n<p><strong>WTOREK \/ 8 luty 2022 r.<\/strong><br>8.00 \u2020 Ignacy ROKOWSKI w 1 rocznic\u0119 \u015bmierci<br>18.00 \u2020 Edward KOSI\u0143SKI w 1 rocznic\u0119 \u015bmierci<br><\/p>\n\n\n\n<p><strong>\u015aRODA \/ 9 lutego 2022 r.<\/strong><br>8.00 \u2020 Barbara BERGIUS w 1 rocznic\u0119 \u015bmierci<br>18.00 \u2020 Stanis\u0142aw RUTKOWSKI w 30 dzie\u0144 po pogrzebie<br>18.00 \u2020 Bronis\u0142awa (k) G\u0104SIOR w 19 rocznic\u0119 \u015bmierci<br><\/p>\n\n\n\n<p><strong>CZWARTEK \/ 10 lutego 2022 r. \/ \u015bw. Scholastyki<\/strong><br>8.00 \u2020 Boles\u0142awa (k) SZULCZYK w 9 rocznic\u0119 \u015bmierci i \u2020 Bronis\u0142aw (m) SZULCZYK oraz rodzice z obojga stron<br>18.00 W intencji Sybirak\u00f3w w kolejn\u0105 rocznic\u0119 deportacji<br>18.00 \u2020 Stanis\u0142awa (k) KEMPI\u0143SKA w 10 rocznic\u0119 \u015bmierci, \u2020 Antoni KEMPI\u0143SKI<br><\/p>\n\n\n\n<p><strong>PI\u0104TEK \/ 11 lutego 2022 r. \/ MB z Lourdes<br>\u015aWIATOWY DZIE\u0143 CHOREGO<\/strong><br>8.00 \u2020 J\u00f3zef SZANDRACH w 1 rocznic\u0119 \u015bmierci, \u2020 Ma\u0142gorzata w kolejn\u0105 rocznic\u0119 \u015bmierci<br>11.00 W intencji chorych oraz przebywaj\u0105cych w szpitalach, hospicjach i w domach opieki<br>18.00 \u2020 Julian HOCHLEITNER w 7 rocznic\u0119 \u015bmierci, \u2020 Cecylia LEWANDOWSKA w 11 rocznic\u0119 \u015bmierci<br><\/p>\n\n\n\n<p><strong>SOBOTA \/ 12 lutego 2022 r.<\/strong><br>8.00 \u2020 Wiktoria PISKORSKA w 30 dzie\u0144 po pogrzebie<br>18.00 Dzi\u0119kczynna za otrzymane \u0142aski, z pro\u015bb\u0105 o dalsze \u0142aski, Bo\u017ce b\u0142ogos\u0142awie\u0144stwo, Opiek\u0119 Matki Bo\u017cej i Dary Ducha \u015awi\u0119tego dla rodzin URBANOWSKICH i D\u0118BICKICH<br><\/p>\n\n\n\n<p><strong>VI Niedziela Zwyk\u0142a \/ 13 lutego 2022 r.<\/strong><br>8.00 O Bo\u017ce b\u0142ogos\u0142awie\u0144stwo dla Nikodema i ca\u0142ej Jego rodziny, Agnieszki i ca\u0142ej rodziny zakonnej oraz dla Magdaleny i ca\u0142ej Jej rodziny<br>10.00 \u2020 Sabina i J\u00f3zef ZIABKA<br>12.00 W intencji Parafian<br>15.00 \u2020 Maria S\u0141OMI\u0143SKA w 10 rocznic\u0119 \u015bmierci i zmarli z rodziny<br>18.00 Adolf w 20 rocznic\u0119 \u015bmierci i zmarli z rodziny ADAMOWICZ<\/p>\n\n\n\n<p><\/p>\n","protected":false},"excerpt":{"rendered":"<p>Ewangelia (\u0141k 5, 1-11) Cudowny po\u0142\u00f3w ryb i powo\u0142anie aposto\u0142\u00f3w S\u0142owa Ewangelii wed\u0142ug \u015awi\u0119tego \u0141ukasza Pewnego razu \u2013 gdy t\u0142um cisn\u0105\u0142 si\u0119 do Jezusa, aby s\u0142ucha\u0107 s\u0142owa Bo\u017cego, a On sta\u0142 nad jeziorem Genezaret \u2013 zobaczy\u0142 dwie \u0142odzie stoj\u0105ce przy brzegu; rybacy za\u015b wyszli z nich i p\u0142ukali sieci. Wszed\u0142szy do jednej \u0142odzi, kt\u00f3ra nale\u017ca\u0142a [&hellip;]<\/p>\n","protected":false},"author":1,"featured_media":4600,"comment_status":"closed","ping_status":"closed","sticky":false,"template":"","format":"standard","meta":{"ngg_post_thumbnail":0,"footnotes":""},"categories":[11,8,4,3],"tags":[],"class_list":["post-4599","post","type-post","status-publish","format-standard","has-post-thumbnail","hentry","category-aktualnosci","category-blog","category-intencje","category-ogloszenia"],"_links":{"self":[{"href":"https:\/\/rafalk-elblag.pl\/index.php?rest_route=\/wp\/v2\/posts\/4599","targetHints":{"allow":["GET"]}}],"collection":[{"href":"https:\/\/rafalk-elblag.pl\/index.php?rest_route=\/wp\/v2\/posts"}],"about":[{"href":"https:\/\/rafalk-elblag.pl\/index.php?rest_route=\/wp\/v2\/types\/post"}],"author":[{"embeddable":true,"href":"https:\/\/rafalk-elblag.pl\/index.php?rest_route=\/wp\/v2\/users\/1"}],"replies":[{"embeddable":true,"href":"https:\/\/rafalk-elblag.pl\/index.php?rest_route=%2Fwp%2Fv2%2Fcomments&post=4599"}],"version-history":[{"count":2,"href":"https:\/\/rafalk-elblag.pl\/index.php?rest_route=\/wp\/v2\/posts\/4599\/revisions"}],"predecessor-version":[{"id":4603,"href":"https:\/\/rafalk-elblag.pl\/index.php?rest_route=\/wp\/v2\/posts\/4599\/revisions\/4603"}],"wp:featuredmedia":[{"embeddable":true,"href":"https:\/\/rafalk-elblag.pl\/index.php?rest_route=\/wp\/v2\/media\/4600"}],"wp:attachment":[{"href":"https:\/\/rafalk-elblag.pl\/index.php?rest_route=%2Fwp%2Fv2%2Fmedia&parent=4599"}],"wp:term":[{"taxonomy":"category","embeddable":true,"href":"https:\/\/rafalk-elblag.pl\/index.php?rest_route=%2Fwp%2Fv2%2Fcategories&post=4599"},{"taxonomy":"post_tag","embeddable":true,"href":"https:\/\/rafalk-elblag.pl\/index.php?rest_route=%2Fwp%2Fv2%2Ftags&post=4599"}],"curies":[{"name":"wp","href":"https:\/\/api.w.org\/{rel}","templated":true}]}}