{"id":4594,"date":"2022-01-31T11:40:00","date_gmt":"2022-01-31T11:40:00","guid":{"rendered":"http:\/\/rafalk-elblag.pl\/?p=4594"},"modified":"2022-01-31T11:40:00","modified_gmt":"2022-01-31T11:40:00","slug":"biuletyn-30-01-2022-iv-niedziela-zwykla","status":"publish","type":"post","link":"https:\/\/rafalk-elblag.pl\/?p=4594","title":{"rendered":"Biuletyn 30.01.2022, IV Niedziela Zwyk\u0142a"},"content":{"rendered":"\n<figure class=\"wp-block-image size-large\"><img loading=\"lazy\" decoding=\"async\" width=\"925\" height=\"592\" src=\"https:\/\/rafalk-elblag.pl\/wp-content\/uploads\/2022\/01\/gromniczna.png\" alt=\"\" class=\"wp-image-4595\" srcset=\"https:\/\/rafalk-elblag.pl\/wp-content\/uploads\/2022\/01\/gromniczna.png 925w, https:\/\/rafalk-elblag.pl\/wp-content\/uploads\/2022\/01\/gromniczna-300x192.png 300w, https:\/\/rafalk-elblag.pl\/wp-content\/uploads\/2022\/01\/gromniczna-768x492.png 768w\" sizes=\"auto, (max-width: 925px) 100vw, 925px\" \/><\/figure>\n\n\n\n<h1 class=\"wp-block-heading\">Ewangelia (\u0141k 4, 21-30)\nJezus odrzucony w Nazarecie<\/h1>\n\n\n\n<p><strong>S\u0142owa Ewangelii wed\u0142ug \u015awi\u0119tego \u0141ukasza<\/strong><\/p>\n\n\n\n<p>Kiedy Jezus przyszed\u0142 do Nazaretu, przem\u00f3wi\u0142 do ludu w synagodze:\n\n\u00abDzi\u015b spe\u0142ni\u0142y si\u0119 te s\u0142owa Pisma, kt\u00f3re s\u0142yszeli\u015bcie\u00bb. A wszyscy przy\u015bwiadczali Mu i dziwili si\u0119 pe\u0142nym \u0142aski s\u0142owom, kt\u00f3re p\u0142yn\u0119\u0142y z ust Jego. I m\u00f3wili: \u00abCzy nie jest to syn J\u00f3zefa?\u00bb\n\nWtedy rzek\u0142 do nich: \u00abZ pewno\u015bci\u0105 powiecie Mi to przys\u0142owie: Lekarzu, ulecz samego siebie; dokonaj\u017ce i tu, w swojej ojczy\u017anie, tego, co wydarzy\u0142o si\u0119, jak s\u0142yszeli\u015bmy, w Kafarnaum\u00bb.\n\nI doda\u0142: \u00abZaprawd\u0119, powiadam wam: \u017baden prorok nie jest mile widziany w swojej ojczy\u017anie. Naprawd\u0119, m\u00f3wi\u0119 wam: Wiele wd\u00f3w by\u0142o w Izraelu za czas\u00f3w Eliasza, kiedy niebo pozostawa\u0142o zamkni\u0119te przez trzy lata i sze\u015b\u0107 miesi\u0119cy, tak \u017ce wielki g\u0142\u00f3d panowa\u0142 w ca\u0142ym kraju; a Eliasz do \u017cadnej z nich nie zosta\u0142 pos\u0142any, tylko do owej wdowy w Sarepcie Sydo\u0144skiej. I wielu tr\u0119dowatych by\u0142o w Izraelu za proroka Elizeusza, a \u017caden z nich nie zosta\u0142 oczyszczony, tylko Syryjczyk Naaman\u00bb.\n\nNa te s\u0142owa wszyscy w synagodze unie\u015bli si\u0119 gniewem. Porwawszy si\u0119 z miejsc, wyrzucili Go z miasta i wyprowadzili a\u017c na urwisko g\u00f3ry, na kt\u00f3rej zbudowane by\u0142o ich miasto, aby Go str\u0105ci\u0107. On jednak, przeszed\u0142szy po\u015br\u00f3d nich, oddali\u0142 si\u0119.\n<br>&nbsp;<\/p>\n\n\n\n<h1 class=\"wp-block-heading\">List biskupa elbl\u0105skiego w zwi\u0105zku z diecezjalnym etapem prac synodu 2021-23 (niedziela, 30 stycznia 2022)<\/h1>\n\n\n\n<p><strong>Drodzy Siostry i Bracia z diecezji elbl\u0105skiej, uczestnicy niedzielnej Mszy \u015bwi\u0119tej!<\/strong><\/p>\n\n\n\n<p><strong><br>Wraz z narodzeniem si\u0119 Jezusa wype\u0142ni\u0142y si\u0119 zapowiedzi prorok\u00f3w Starego Testamentu. Prorocy przepowiadali bowiem przyj\u015bcie Mesjasza, przygotowywali nar\u00f3d wybrany na Jego nadej\u015bcie. Przypominali o tym, \u017ce Zbawiciel przyb\u0119dzie. Czytany dzi\u015b fragment Ewangelii \u015bw. \u0141ukasza (4, 21-30) pokazuje, z jakimi trudno\u015bciami we w\u0142asnym \u015brodowisku musia\u0142 zmierzy\u0107 si\u0119 Jezus, podejmuj\u0105c swoj\u0105 misj\u0119 i g\u0142oszenie Dobrej Nowiny o zbawieniu.<\/strong><\/p>\n\n\n\n<p><br>Ko\u015bci\u00f3\u0142, do kt\u00f3rego nale\u017cymy przez sakrament Chrztu i wiar\u0119, jest ludem Bo\u017cym gromadzonym przez Jezusa Chrystusa. Ten lud w\u0119druje r\u00f3\u017cnymi drogami przez ziemi\u0119 ku kresowi czasu i ku kr\u00f3lestwu Bo\u017cemu. Nie wszyscy chrze\u015bcijanie w takim samym stopniu posiadaj\u0105 t\u0119 \u015bwiadomo\u015b\u0107 na co dzie\u0144, chocia\u017c nie wykluczaj\u0105 takiego fina\u0142u dziej\u00f3w.<\/p>\n\n\n\n<p><br><strong>Drodzy diecezjanie!<\/strong><\/p>\n\n\n\n<p>Ojciec \u015awi\u0119ty Franciszek otworzy\u0142 jesieni\u0105, w pa\u017adzierniku 2021 roku synod, kt\u00f3ry zako\u0144czy si\u0119 w Rzymie jesieni\u0105 2023 roku. Synod jest cia\u0142em doradczym papie\u017ca. Ojciec \u015awi\u0119ty pragnie, aby w przygotowaniem tego spotkania dotycz\u0105cego odnowy Ko\u015bcio\u0142a jako instytucji, spo\u0142eczno\u015bci oraz wsp\u00f3lnoty, by\u0142 proces synodalny w ka\u017cdej diecezji i na wszystkich kontynentach. St\u0105d papie\u017c zaprasza wszystkich do rozmowy (dialogu) na temat Ko\u015bcio\u0142a, z pragnieniem, aby sta\u0142 si\u0119 on \u017cyw\u0105 wsp\u00f3lnot\u0105 wielu wsp\u00f3lnot. Aby sta\u0142 si\u0119 bardziej braterski i przyjazny osobom, kt\u00f3re obecnie znajduj\u0105 si\u0119 na jego marginesie lub od niego odesz\u0142y. Do wypowiedzenia si\u0119 na temat Ko\u015bcio\u0142a katolickiego Franciszek zaprasza tak\u017ce chrze\u015bcijan z innych Ko\u015bcio\u0142\u00f3w i wsp\u00f3lnot. Wypowiedzie\u0107 si\u0119 mo\u017cna zdalnie, internetowo, indywidualnie, czy te\u017c poprzez list napisany na adres diecezji. B\u0119dzie jednak lepiej, je\u015bli funkcjonuj\u0105ce w parafiach i diecezji wsp\u00f3lnoty, ruchy, rady i stowarzyszenia oraz m\u0142odzie\u017c wypowiedz\u0105 si\u0119 podczas spotka\u0144 we w\u0142asnym kr\u0119gu.<\/p>\n\n\n\n<p>Ojciec \u015awi\u0119ty uwa\u017ca bowiem za wa\u017cne, aby\u015bmy si\u0119 nawzajem wys\u0142uchali i aby\u015bmy dali si\u0119 innym wypowiedzie\u0107. Mo\u017ce to si\u0119 dokona\u0107 np. na forum parafialnej rady duszpasterskiej, w kr\u0119gu Domowego Ko\u015bcio\u0142a, wsp\u00f3lnoty Odnowy w Duchu \u015awi\u0119tym, zespole katechet\u00f3w, czy w grupach pielgrzymkowych.<\/p>\n\n\n\n<p>Wys\u0142uchanie si\u0119 nawzajem jest pierwsze, przed dialogiem, rozmow\u0105 i dyskusj\u0105. Ju\u017c samo w sobie wys\u0142uchanie si\u0119 \u2013 posiada swoj\u0105 warto\u015b\u0107. Najpierw dla wypowiadaj\u0105cego swoje odczucia, a p\u00f3\u017aniej tak\u017ce i dla tych, kt\u00f3rzy staraj\u0105 si\u0119 taktownie przyj\u0105\u0107 opinie i emocje drugiej osoby. Trzeba si\u0119 wys\u0142ucha\u0107, aby si\u0119 lepiej pozna\u0107 i rozumie\u0107. Aby uchwyci\u0107 spos\u00f3b my\u015blenia drugiej osoby. Jej emocje, zranienia, bunt, czy te\u017c rado\u015b\u0107, kt\u00f3r\u0105 odnajduje w \u017cyciu chrze\u015bcija\u0144skim. Papie\u017cowi zale\u017cy na takim poruszeniu, spotkaniu i rozeznaniu w naszych wsp\u00f3lnotach. Wys\u0142uchanie pozwala szuka\u0107 porozumienia, wybaczenia i lepszej wsp\u00f3\u0142pracy.<\/p>\n\n\n\n<p>S\u0142owo \u201esynodalny\u201d oznacza: id\u0105cy razem, w tym samym kierunku, zmierzaj\u0105cy razem w t\u0119 sam\u0105 stron\u0119. Ka\u017cda spo\u0142eczno\u015b\u0107 ko\u015bcielna powinna odkrywa\u0107 swoj\u0105 synodalno\u015b\u0107, tj. co\u015b, co ma j\u0105 charakteryzowa\u0107, aby przezwyci\u0119\u017ca\u0107 wzajemn\u0105 izolacj\u0119, indywidualizm, zamykanie si\u0119 w sobie, a w najlepszym razie w w\u0105skim kr\u0119gu hermetycznych grup.<br>Papie\u017c Franciszek prosi, aby\u015bmy opowiedzieli innym o tym, co nas wi\u0105\u017ce z Ko\u015bcio\u0142em, z konkretn\u0105 parafi\u0105 lub wsp\u00f3lnot\u0105. Prosi tak\u017ce o to, by opowiedzie\u0107 o tym, co nas boli w Ko\u015bciele i od niego oddala. Chodzi wi\u0119c o to, by\u015bmy wyznali, co jest nasz\u0105 rado\u015bci\u0105 i nadziej\u0105 oraz co jest b\u00f3lem i cierpieniem w chrze\u015bcija\u0144skiej spo\u0142eczno\u015bci.<\/p>\n\n\n\n<p>Mam nadziej\u0119, \u017ce jeszcze w karnawale i na pocz\u0105tku Wielkiego Postu zbior\u0105 si\u0119 na spotkania parafialne rady duszpasterskie oraz inne grupy w parafiach i w diecezji. Najpierw dla rozeznania i modlitwy, a p\u00f3\u017aniej dla wzajemnego wys\u0142uchania. Kr\u00f3tk\u0105, jedn\u0105 lub dwustronicow\u0105 syntez\u0119 tych spotka\u0144 prosz\u0119 przes\u0142a\u0107 na adres sekretariatu synodu w Elbl\u0105gu (najlepiej w formie elektronicznej, per mail). Po opracowaniu zebranego materia\u0142u powstanie dokument licz\u0105cy do dziesi\u0119ciu stron, kt\u00f3ry podamy do publicznej wiadomo\u015bci. B\u0119dzie to nasz wsp\u00f3lny g\u0142os dla potrzeb synodu, kt\u00f3ry b\u0119dzie mia\u0142 p\u00f3\u017aniej etap kontynentalny (europejski), a ostatecznie og\u00f3lnoko\u015bcielny w Rzymie.<\/p>\n\n\n\n<p><br><strong>Prosz\u0119 osoby odpowiedzialne za ruchy, wsp\u00f3lnoty oraz rady o zwo\u0142anie spotka\u0144 i podj\u0119cie wsp\u00f3lnej pracy dla wykonania zadania, kt\u00f3re powierzy\u0142a nam Stolica Apostolska w imieniu Ojca \u015awi\u0119tego. Dla zdobycia bie\u017c\u0105cej informacji zach\u0119cam do odwiedzania strony internetowej diecezji elbl\u0105skiej, stron Go\u015bcia Elbl\u0105skiego, a tak\u017ce stron parafialnych.<\/strong><\/p>\n\n\n\n<p><strong>W trudnym czasie epidemii i kryzysu inflacyjnego m\u00f3dlmy si\u0119 za siebie nawzajem i wspierajmy si\u0119 w miar\u0119 naszych mo\u017cliwo\u015bci.<\/strong><\/p>\n\n\n\n<p><br><strong>+Jacek Jezierski,<\/strong> biskup elbl\u0105ski<\/p>\n\n\n\n<h1 class=\"wp-block-heading\">DLACZEGO MATKA BO\u017bA JEST GROMNICZNA?<\/h1>\n\n\n\n<p><strong> \u015awi\u0119to Ofiarowania Pa\u0144skiego (2 lutego) jest jednym z najstarszych \u015bwi\u0105t chrze\u015bcija\u0144skich. Znane by\u0142o ju\u017c w IV wieku w Jerozolimie, natomiast w liturgii rzymskiej zadomowi\u0142o si\u0119 w wieku VII. Przed 1969 rokiem na Zachodzie znane by\u0142o jako \u015awi\u0119to Oczyszczenia Naj\u015bwi\u0119tszej Maryi Panny. Po soborze zmieniono nazw\u0119, \u017ceby ukaza\u0107 chrystocentryczne znaczenie uroczysto\u015bci. W Polsce od gromnic \u015bwi\u0119conych tego dnia przyj\u0119\u0142a si\u0119 nazwa \u201eMatki Bo\u017cej Gromnicznej\u201d. <\/strong><\/p>\n\n\n\n<p>Od pocz\u0105tku celebracjom tego \u015bwi\u0119ta towarzyszy\u0142y procesje ze \u015bwiecami. Procesja ze \u015bwiat\u0142em nawi\u0105zuje do podr\u00f3\u017cy Maryi i J\u00f3zefa do \u015bwi\u0105tyni oraz hymnu Symeona (\u201e\u015awiat\u0142o na o\u015bwiecenie pogan\u201d). \u015awiat\u0142o oczywi\u015bcie oznacza Chrystusa (J 8, 12). Symbolik\u0119 wyja\u015bnia \u015bw. biskup Sofroniusz (VI\/VII w.), kt\u00f3rego pi\u0119kne kazanie jest w Godzinie Czyta\u0144 z tego dnia: \u201eId\u017amy wszyscy na spotkanie Chrystusa. Z ochoczym sercem pod\u0105\u017cajmy wielbi\u0105c Jego tajemnice. Niechaj nikogo nie zabraknie na tym spotkaniu, niech ka\u017cdy niesie zapalon\u0105 \u015bwiec\u0119. Blask gorej\u0105cych \u015bwiec oznacza najpierw Bo\u017c\u0105 chwa\u0142\u0119 Tego, kt\u00f3ry przychodzi, przez kt\u00f3rego wszystko ja\u015bnieje od czasu, kiedy blask \u015bwiat\u0142a wiecznego rozproszy\u0142 z\u0142e ciemno\u015bci. Oznacza tak\u017ce i nade wszystko, \u017ce trzeba nam z jasn\u0105 dusz\u0105 wyj\u015b\u0107 na spotkanie Chrystusa. <\/p>\n\n\n\n<p>Jak bowiem Bogurodzica, Dziewica niepokalana, nios\u0142a w swoich ramionach \u015awiat\u0142o prawdziwe id\u0105c na spotkanie tych, kt\u00f3rzy pozostawali w mroku \u015bmierci, tak te\u017c i my o\u015bwieceni jego promieniami i trzymaj\u0105c w r\u0119ku widoczny dla wszystkich p\u0142omie\u0144, po\u015bpieszajmy naprzeciw Tego, kt\u00f3ry jest prawdziwym \u015awiat\u0142em\u201d. \u015awi\u0119to Matki Boskiej Gromnicznej w Polsce zawsze obchodzono bardzo uroczy\u015bcie. \u015awiece, kt\u00f3re by\u0142y \u015bwi\u0119cone przed Msz\u0105, i z kt\u00f3rymi sz\u0142o si\u0119 w procesji, nazywano gromnicami. Nazwa pochodzi od grom\u00f3w, przed kt\u00f3rymi strzec mia\u0142y stawiane podczas burzy w oknach zapalone \u015bwiece. Niekt\u00f3rzy widzieli tu te\u017c znaczenie symboliczne \u2013 Maryja czczona jest jako \u0142ami\u0105ca strza\u0142y gniewu Bo\u017cego, kt\u00f3ry symbolizuj\u0105 r\u00f3wnie\u017c gromy\u2026 Gromnice te, jak wskazuje stara modlitwa na ich po\u015bwi\u0119cenie, mia\u0142y by\u0107 wykonane z pszczelego wosku. <\/p>\n\n\n\n<p>W r\u00f3\u017cnych regionach by\u0142y one r\u00f3\u017cnie przystrajane. Podczas Mszy trzymano je zapalone, cz\u0119sto starano si\u0119 je z tym po\u015bwi\u0119conym ogniem donie\u015b\u0107 do domu. Tam gospodarz b\u0142ogos\u0142awi\u0142 nimi dobytek, a dymem robi\u0142 krzy\u017cyk nad drzwiami i oknami, modl\u0105c si\u0119 o ochron\u0119 przed wszelkimi niebezpiecze\u0144stwami. Gromnic\u0119 zapala si\u0119 r\u00f3wnie\u017c przy konaj\u0105cym, by mia\u0142 przed oczami \u015bwiat\u0142o\u015b\u0107 wiekuist\u0105 oraz wzywa\u0142 Maryj\u0119, patronk\u0119 dobrej \u015bmierci. Ni\u017celi oczy zgasn\u0105 prosz\u0119 we\u017a gromnic\u0119, Post, ja\u0142mu\u017cny i spowied\u017a, poprzedzaj skonanie; A uj\u017arzysz z Symeonem mnie Bogarodzic\u0119, Rzeczesz: dzi\u015b mnie wypuszczasz s\u0142ug\u0119 Twego Panie. <\/p>\n\n\n\n<p>Od 1997 r. r\u00f3wnie\u017c 2 lutego Ko\u015bci\u00f3\u0142 powszechny obchodzi ustanowiony przez Jana Paw\u0142a II Dzie\u0144 \u017bycia Konsekrowanego, po\u015bwi\u0119cony modlitwie za osoby, kt\u00f3re odda\u0142y swoje \u017cycie na s\u0142u\u017cb\u0119 Bogu i ludziom w niezliczonych zakonach, zgromadzeniach i instytutach \u015bwieckich. Papie\u017c ustanowi\u0142 \u015awiatowy Dzie\u0144 \u017bycia Konsekrowanego, stwarzaj\u0105c okazj\u0119 do g\u0142\u0119bszej refleksji ca\u0142ego Ko\u015bcio\u0142a nad darem \u017cycia po\u015bwi\u0119conego Bogu.  <\/p>\n\n\n\n<p><\/p>\n\n\n\n<figure class=\"wp-block-image\"><a href=\"http:\/\/rafalk-elblag.pl\/wp-content\/uploads\/2021\/08\/ogloszenia-parafialne-baner-01a.jpg\"><img loading=\"lazy\" decoding=\"async\" width=\"720\" height=\"232\" src=\"http:\/\/rafalk-elblag.pl\/wp-content\/uploads\/2021\/08\/ogloszenia-parafialne-baner-01a.jpg\" alt=\"\" class=\"wp-image-4410\" srcset=\"https:\/\/rafalk-elblag.pl\/wp-content\/uploads\/2021\/08\/ogloszenia-parafialne-baner-01a.jpg 720w, https:\/\/rafalk-elblag.pl\/wp-content\/uploads\/2021\/08\/ogloszenia-parafialne-baner-01a-300x97.jpg 300w\" sizes=\"auto, (max-width: 720px) 100vw, 720px\" \/><\/a><\/figure>\n\n\n\n<h1 class=\"wp-block-heading\">Og\u0142oszenia parafialne 30.01.2022r<\/h1>\n\n\n\n<p><strong>1.<\/strong> Wolontariusze Caritas zbieraj\u0105 dzi\u015b ofiary przed ko\u015bcio\u0142em dla najubo\u017cszych i potrzebuj\u0105cych z naszej parafii. Za okazan\u0105 pomoc dzi\u0119kujemy.  Punkt Caritasu Parafialnego przy ul. Myliusa 1A czynny jest w  I i III czwartek miesi\u0105ca od 16:00 do 17:00. Zapraszamy. <\/p>\n\n\n\n<p><strong>2. UWAGA !!!<\/strong> Powracamy do Mszy \u015bw. w tygodniu o godz. 8:00 i 18:00. <\/p>\n\n\n\n<p><strong>3. <\/strong>W sobot\u0119 zako\u0144czyli\u015bmy wizyt\u0119 duszpastersk\u0105 w naszej parafii. Dzi\u0119kujemy naszym parafianom, kt\u00f3rzy wzi\u0119li udzia\u0142 we wsp\u00f3lnej Mszy \u015bw. o godz. 15:00. Serdecznie B\u00f3g zap\u0142a\u0107 wszystkim, kt\u00f3rzy z tej okazji z\u0142o\u017cyli ofiar\u0119 na potrzeby naszego ko\u015bcio\u0142a. <\/p>\n\n\n\n<p> <strong>4.<\/strong> Osoby, kt\u00f3re pragn\u0105 jeszcze zaprosi\u0107 kap\u0142ana do swego w ramach wizyty duszpasterskiej prosz\u0119 o zapisanie si\u0119 w zakrystii.  Do tych rodzin udamy si\u0119 po feriach zimowych tj. po 6 lutym br. <\/p>\n\n\n\n<p><strong>5.<\/strong> W \u015brod\u0119 przypada \u015awi\u0119to Ofiarowania Pa\u0144skiego. W ca\u0142ym Ko\u015bciele obchodzimy \u015awiatowy Dzie\u0144 \u017bycia Konsekrowanego. W tym dniu czcimy Chrystusa Pana &#8211; \u015awiat\u0142o\u015b\u0107 \u015awiata (symbolizuj\u0105 to \u015bwiece) i Jego Matk\u0119 pod nazw\u0105 Matki Bo\u017cej Gromnicznej. Po\u015bwi\u0119cenie \u015bwiec podczas ka\u017cdej Mszy \u015bw. o godz. 8:00, 11:00 i 18:00 <\/p>\n\n\n\n<p><strong>6.<\/strong> W czwartek wspomnienie \u015bw. B\u0142a\u017ceja patrona od chor\u00f3b gard\u0142a, natomiast w sobot\u0119 wspomnienie \u015bw. Agaty, dziewicy i m\u0119czennicy &#8211; w tym dniu po\u015bwiecenie chleba. Zapraszamy do wsp\u00f3lnej modlitwy podczas Mszy \u015bw. o godz. 8:00 i 18:00 za wstawiennictwem \u015bwi\u0119tych patron\u00f3w. <\/p>\n\n\n\n<p><strong>7.<\/strong> W tym tygodniu przypada pierwszy czwartek, pi\u0105tek i sobota miesi\u0105ca.  <br><br>\u2022 w pierwszy czwartek zapraszamy do wsp\u00f3lnej modlitwy o nowe powo\u0142ania kap\u0142a\u0144skie i zakonne. Msza \u015bw. o godz. 18:00, a po niej ,,Godzina \u015awi\u0119ta\u201d, czyli ADORACJA przed Naj\u015bwi\u0119tszym Sakramentem w powy\u017cszych intencjach.  <br><br>\u2022 w pierwszy pi\u0105tek spowied\u017a dla dzieci, m\u0142odzie\u017cy i doros\u0142ych w tygodniu od godz. 17:30 i Msza \u015bw. Wotywna o NSPJ dla wszystkich o godz.18:00. Zapraszam. <br><br>\u2022 w pierwsz\u0105 sobot\u0119 przed Msz\u0105 \u015bw. o godz. 17:00 zapraszamy na nabo\u017ce\u0144stwo wynagradzaj\u0105ce Niepokalanemu Sercu Maryi za zniewagi grzesznik\u00f3w. Tego dnia zmiana tajemnic dla \u017bywego R\u00f3\u017ca\u0144ca.  <\/p>\n\n\n\n<p><strong>8.<\/strong> Z racji pierwszego pi\u0105tku ksi\u0105dz Proboszcz uda si\u0119 do chorych 4 lutego od godz. 9:30, natomiast ks. Marcin uda si\u0119 do chorych wyj\u0105tkowo 12 lutego (sobota) od godz. 9:30.  <\/p>\n\n\n\n<p><strong>9. <\/strong>Wy\u017csze Seminarium Duchowne w Elbl\u0105gu zaprasza m\u0142odzie\u017c m\u0119sk\u0105 szk\u00f3\u0142 \u015brednich i student\u00f3w na REKOLEKCJE POWO\u0141ANIOWE. Odb\u0119d\u0105 si\u0119 one w dniach 5-9 lutego br. Towarzyszy im has\u0142o: \u201eNIE L\u0118KAJCIE SI\u0118!\u201d Rekolekcje poprowadzi ks. Karol Waga, prefekt seminarium. Wi\u0119cej informacji na stronie internetowej uczelni oraz diecezji. <\/p>\n\n\n\n<p><strong>10. <\/strong>Zach\u0119cam do nabywania nowego numeru \u201eGo\u015bcia Niedzielnego\u201d w cenie 8 z\u0142.                                   <\/p>\n\n\n\n<p><strong>11. <\/strong>Ofiary sk\u0142adane za tydzie\u0144 na tac\u0119 przeznaczone b\u0119d\u0105 na uregulowanie rachunku za ogrzewanie Ko\u015bcio\u0142a. Dzi\u0119kuj\u0119 za zrozumienie i z\u0142o\u017cone ofiary. <\/p>\n\n\n\n<p><strong>12.<\/strong> Pan powo\u0142a\u0142 do wieczno\u015bci: <\/p>\n\n\n\n<p><strong>\u2020 \u015bp. Ew\u0119 FUROWICZ <\/strong>lat 101 z ul. Brzechwy       <br><strong>\u2020 \u015bp. Wies\u0142aw\u0119 BANACH<\/strong> lat 72 z ul. Korczaka Wieczny <\/p>\n\n\n\n<p>odpoczynek racz im da\u0107 Panie! A \u015bwiat\u0142o\u015b\u0107 wiekuista niechaj im \u015bwieci. <\/p>\n\n\n\n<figure class=\"wp-block-image\"><img decoding=\"async\" src=\"http:\/\/rafalk-elblag.pl\/wp-content\/uploads\/2020\/04\/baner-intencje-mszy.jpg\" alt=\"\"\/><\/figure>\n\n\n\n<h1 class=\"wp-block-heading\">Intencje mszalne 30.01.2022r<\/h1>\n\n\n\n<p><br><strong>III Niedziela Zwyk\u0142a \/ 30 stycznia 2022<\/strong><br>8.00 \u2020 Jan BRALEWSKI w 21 rocznic\u0119 \u015bmierci, \u2020 Maciej BRALEWSKI<br>10.00 \u2020 Jadwiga, Kazimierz, Norbert<br>12.00 Dzi\u0119kczynna w 21 rocznic\u0119 urodzin, z pro\u015bb\u0105 o Bo\u017ce b\u0142ogos\u0142awie\u0144stwo, wszelkie potrzebne \u0142aski i opiek\u0119 Matki Bo\u017cej dla Adrianny i ca\u0142ej rodziny<br>15.00 W intencji Parafian<br>18.00 \u2020 Janina RYBCZY\u0143SKA w 2 rocznic\u0119 \u015bmierci, Jerzy RYBCZY\u0143SKI w 35 rocznic\u0119 \u015bmierci<br><\/p>\n\n\n\n<p><strong>PONIEDZIA\u0141EK \/ 31 stycznia 2022 r. \/ \u015bw. Jana Bosko, kap\u0142an<\/strong><br>8.00 \u2020 Franciszka (k), Stanis\u0142aw ZABOROWSCY i zmarli rodzice z obojga stron<br>18.00 \u2020 Antoni w 2 rocznic\u0119 \u015bmierci<br><\/p>\n\n\n\n<p><strong>WTOREK \/ 1 luty 2022 r.<\/strong><br>8.00 \u2020 Ryszard OBSZA\u0143SKI w 30 dzie\u0144 po pogrzebie<br>18.00 \u2020 Halina \u0141UKASZEWSKA w 30 dzie\u0144 po pogrzebie<br><\/p>\n\n\n\n<p><strong>\u015aRODA \/ 2 lutego 2022 r. \/ Ofiarowanie Pa\u0144skie &#8211; \u015bwi\u0119to<\/strong><br>8.00 \u2020 Lech NOSALSKI w 30 dzie\u0144 po pogrzebie<br>11.00 W intencji os\u00f3b \u017cycia konsekrowanego w dniu ich \u015bwi\u0119ta<br>18.00 \u2020 Jan MARCINKOWSKI w 1 rocznic\u0119 \u015bmierci<br><\/p>\n\n\n\n<p><strong>CZWARTEK \/ 3 lutego 2022 r. \/ \u015bw. B\u0142a\u017ceja, biskupa i m\u0119czennika<br>PIERWSZY CZWARTEK MIESI\u0104CA<\/strong><br>8.00 W intencji wsp\u00f3lnoty \u201ePrzemienienie\u201d<br>18.00 O powo\u0142ania kap\u0142a\u0144skie, zakonne i misyjne oraz o owocne rekolekcje powo\u0142aniowe w naszym Seminarium Duchownym<br><\/p>\n\n\n\n<p><strong>PI\u0104TEK \/ 4 lutego 2022 r.<br>PIERWSZY PI\u0104TEK MIESI\u0104CA<\/strong><br>8.00 O uzdrowienie duszy i cia\u0142a dla Joanny<br>18.00 \u2020 Walentyna MYSZK w 18 rocznic\u0119 \u015bmierci<br><\/p>\n\n\n\n<p><strong>SOBOTA \/ 5 lutego 2022 r. \/ \u015bw. Agaty, dziewica i m\u0119czennica<br>PIERWSZA SOBOTA MIESI\u0104CA<\/strong><br>8.00 O uzdrowienie duszy i cia\u0142a dla Joanny<br>18.00 W intencji \u017bywego R\u00f3\u017ca\u0144ca<br><\/p>\n\n\n\n<p><strong>IV Niedziela Zwyk\u0142a \/ 6 lutego 2022 r.<\/strong><br>8.00 O do\u015bwiadczenie Bo\u017cej mi\u0142o\u015bci dla Karoliny i Sebastiana<br>10.00 \u2020 Weronika FIODOROWICZ w 1 rocznic\u0119 \u015bmierci, \u2020 Jan<br>12.00 W intencji Parafian i ofiarodawc\u00f3w tej \u015bwi\u0105tyni<br>15.00 \u2020 Boles\u0142aw (m) KONDRAT, \u2020 Stanis\u0142aw (m) i Stanis\u0142awa (k) KONDRAT<br><strong>ADORACJA NAJ\u015aWIETSZEGO SAKRAMENTU<\/strong> od 16:00 do 18:00<br>18.00 \u2020 Janina PASTUSZKA w 5 rocznic\u0119 \u015bmierci, \u2020 Jan, Zbigniew, Tadeusz, Wojciech oraz zmarli z rodziny<\/p>\n","protected":false},"excerpt":{"rendered":"<p>Ewangelia (\u0141k 4, 21-30) Jezus odrzucony w Nazarecie S\u0142owa Ewangelii wed\u0142ug \u015awi\u0119tego \u0141ukasza Kiedy Jezus przyszed\u0142 do Nazaretu, przem\u00f3wi\u0142 do ludu w synagodze: \u00abDzi\u015b spe\u0142ni\u0142y si\u0119 te s\u0142owa Pisma, kt\u00f3re s\u0142yszeli\u015bcie\u00bb. A wszyscy przy\u015bwiadczali Mu i dziwili si\u0119 pe\u0142nym \u0142aski s\u0142owom, kt\u00f3re p\u0142yn\u0119\u0142y z ust Jego. I m\u00f3wili: \u00abCzy nie jest to syn J\u00f3zefa?\u00bb Wtedy [&hellip;]<\/p>\n","protected":false},"author":1,"featured_media":4596,"comment_status":"closed","ping_status":"closed","sticky":false,"template":"","format":"standard","meta":{"ngg_post_thumbnail":0,"footnotes":""},"categories":[11,8,4,3],"tags":[],"class_list":["post-4594","post","type-post","status-publish","format-standard","has-post-thumbnail","hentry","category-aktualnosci","category-blog","category-intencje","category-ogloszenia"],"_links":{"self":[{"href":"https:\/\/rafalk-elblag.pl\/index.php?rest_route=\/wp\/v2\/posts\/4594","targetHints":{"allow":["GET"]}}],"collection":[{"href":"https:\/\/rafalk-elblag.pl\/index.php?rest_route=\/wp\/v2\/posts"}],"about":[{"href":"https:\/\/rafalk-elblag.pl\/index.php?rest_route=\/wp\/v2\/types\/post"}],"author":[{"embeddable":true,"href":"https:\/\/rafalk-elblag.pl\/index.php?rest_route=\/wp\/v2\/users\/1"}],"replies":[{"embeddable":true,"href":"https:\/\/rafalk-elblag.pl\/index.php?rest_route=%2Fwp%2Fv2%2Fcomments&post=4594"}],"version-history":[{"count":1,"href":"https:\/\/rafalk-elblag.pl\/index.php?rest_route=\/wp\/v2\/posts\/4594\/revisions"}],"predecessor-version":[{"id":4597,"href":"https:\/\/rafalk-elblag.pl\/index.php?rest_route=\/wp\/v2\/posts\/4594\/revisions\/4597"}],"wp:featuredmedia":[{"embeddable":true,"href":"https:\/\/rafalk-elblag.pl\/index.php?rest_route=\/wp\/v2\/media\/4596"}],"wp:attachment":[{"href":"https:\/\/rafalk-elblag.pl\/index.php?rest_route=%2Fwp%2Fv2%2Fmedia&parent=4594"}],"wp:term":[{"taxonomy":"category","embeddable":true,"href":"https:\/\/rafalk-elblag.pl\/index.php?rest_route=%2Fwp%2Fv2%2Fcategories&post=4594"},{"taxonomy":"post_tag","embeddable":true,"href":"https:\/\/rafalk-elblag.pl\/index.php?rest_route=%2Fwp%2Fv2%2Ftags&post=4594"}],"curies":[{"name":"wp","href":"https:\/\/api.w.org\/{rel}","templated":true}]}}