{"id":4587,"date":"2022-01-23T21:46:00","date_gmt":"2022-01-23T21:46:00","guid":{"rendered":"http:\/\/rafalk-elblag.pl\/?p=4587"},"modified":"2022-01-26T09:43:30","modified_gmt":"2022-01-26T09:43:30","slug":"biuletyn-23-01-2022-iii-niedziela-zwykla","status":"publish","type":"post","link":"https:\/\/rafalk-elblag.pl\/?p=4587","title":{"rendered":"Biuletyn 23.01.2022, III Niedziela Zwyk\u0142a"},"content":{"rendered":"\n<figure class=\"wp-block-image size-large\"><img loading=\"lazy\" decoding=\"async\" width=\"800\" height=\"600\" src=\"https:\/\/rafalk-elblag.pl\/wp-content\/uploads\/2022\/01\/bosko-jan.jpg\" alt=\"\" class=\"wp-image-4589\" srcset=\"https:\/\/rafalk-elblag.pl\/wp-content\/uploads\/2022\/01\/bosko-jan.jpg 800w, https:\/\/rafalk-elblag.pl\/wp-content\/uploads\/2022\/01\/bosko-jan-300x225.jpg 300w, https:\/\/rafalk-elblag.pl\/wp-content\/uploads\/2022\/01\/bosko-jan-768x576.jpg 768w\" sizes=\"auto, (max-width: 800px) 100vw, 800px\" \/><figcaption>http:\/\/bosko.lt\/pl\/galerija\/nggallery\/istorija-pl\/zycie-sw-jana-bosko<\/figcaption><\/figure>\n\n\n\n<h1 class=\"wp-block-heading\">Ewangelia (\u0141k 1, 1-4; 4, 14-21)\nS\u0142owa Pisma spe\u0142ni\u0142y si\u0119 na Chrystusie<\/h1>\n\n\n\n<p><strong>S\u0142owa Ewangelii wed\u0142ug \u015awi\u0119tego \u0141ukasza<\/strong><\/p>\n\n\n\n<p>\n\n\nWielu ju\u017c stara\u0142o si\u0119 u\u0142o\u017cy\u0107 opowiadanie o zdarzeniach, kt\u00f3re si\u0119 dokona\u0142y po\u015br\u00f3d nas, tak jak nam je przekazali ci, kt\u00f3rzy od pocz\u0105tku byli naocznymi \u015bwiadkami i s\u0142ugami s\u0142owa. Postanowi\u0142em wi\u0119c i ja zbada\u0107 dok\u0142adnie wszystko od pierwszych chwil i opisa\u0107 ci po kolei, dostojny Teofilu, aby\u015b si\u0119 m\u00f3g\u0142 przekona\u0107 o ca\u0142kowitej pewno\u015bci nauk, kt\u00f3rych ci udzielono. W owym czasie:\n\nPowr\u00f3ci\u0142 Jezus moc\u0105 Ducha do Galilei, a wie\u015b\u0107 o Nim rozesz\u0142a si\u0119 po ca\u0142ej okolicy. On za\u015b naucza\u0142 w ich synagogach, wys\u0142awiany przez wszystkich.\n\nPrzyszed\u0142 r\u00f3wnie\u017c do Nazaretu, gdzie si\u0119 wychowa\u0142. W dzie\u0144 szabatu uda\u0142 si\u0119 swoim zwyczajem do synagogi i powsta\u0142, aby czyta\u0107.\n\nPodano Mu ksi\u0119g\u0119 proroka Izajasza. Rozwin\u0105wszy ksi\u0119g\u0119, znalaz\u0142 miejsce, gdzie by\u0142o napisane: \u00abDuch Pa\u0144ski spoczywa na Mnie, poniewa\u017c Mnie nama\u015bci\u0142 i pos\u0142a\u0142 Mnie, abym ubogim ni\u00f3s\u0142 dobr\u0105 nowin\u0119, wi\u0119\u017aniom g\u0142osi\u0142 wolno\u015b\u0107, a niewidomym przejrzenie; abym uci\u015bnionych odsy\u0142a\u0142 wolnymi, abym obwo\u0142ywa\u0142 rok \u0142aski Pana\u00bb.\n\nZwin\u0105wszy ksi\u0119g\u0119, odda\u0142 s\u0142udze i usiad\u0142; a oczy wszystkich w synagodze by\u0142y w Niego utkwione.\n\nPocz\u0105\u0142 wi\u0119c m\u00f3wi\u0107 do nich: \u00abDzi\u015b spe\u0142ni\u0142y si\u0119 te s\u0142owa Pisma, kt\u00f3re s\u0142yszeli\u015bcie\u00bb.\n<br>&nbsp;<\/p>\n\n\n\n<h1 class=\"wp-block-heading\">\u015aW. JAN BOSKO \u2013 KIM BY\u0141 PATRON M\u0141ODZIE\u017bY?<\/h1>\n\n\n\n<p><strong> \u015awi\u0119to\u015b\u0107 nie oznacza oderwania od rzeczywisto\u015bci, wr\u0119cz przeciwnie: B\u00f3g posy\u0142a niezwyk\u0142ych ludzi wtedy, gdy \u015bwiat ich najbardziej potrzebuje. S\u0105 oni idealnie wpasowani w czasy, w kt\u00f3rych \u017cyj\u0105, mocno st\u0105paj\u0105cy po ziemi, zdolni przekazywa\u0107 Ewangeli\u0119 ludziom sobie wsp\u00f3\u0142czesnym. Dlatego w\u0142a\u015bnie na prze\u0142omie epok, gdy era Napoleona mija\u0142a, ust\u0119puj\u0105c miejsca nadchodz\u0105cej rewolucji przemys\u0142owej, \u201epojawi\u0142 si\u0119 cz\u0142owiek pos\u0142any przez Boga\u201d. 16 sierpnia 1815 roku w le\u017c\u0105cej u st\u00f3p w\u0142oskich Alp wiosce Becchi urodzi\u0142 si\u0119 Janek Bosko. Gdy ch\u0142opiec mia\u0142 dwa lata, zmar\u0142 Franciszek, jego ojciec. <\/strong><\/p>\n\n\n\n<p>Matusia Ma\u0142gorzata \u2013 bo tak nazywali j\u0105 wszyscy, kt\u00f3rzy j\u0105 znali \u2013 by\u0142a kobiet\u0105 troskliw\u0105 i z silnym charakterem. Od samego pocz\u0105tku wpaja\u0142a swoim dzieciom szacunek do pracy. Ma\u0142gorzata by\u0142a dla nich wzorem chrze\u015bcija\u0144skiej prostoty i zaufania Bogu. To w\u0142a\u015bnie na jej kolanach Janek Bosko po raz pierwszy us\u0142ysza\u0142 w sercu cichy g\u0142os, wzywaj\u0105cy do wykonania szczeg\u00f3lnej misji. Ten g\u0142os zach\u0119ca\u0142 go r\u00f3wnie\u017c do odwiedzania zaniedbanych ch\u0142opc\u00f3w ze wsi \u2013 nie tylko jako towarzysz, ale r\u00f3wnie\u017c przyw\u00f3dca. Niejednokrotnie wraca\u0142 do domu z podbitym okiem lub podart\u0105 koszul\u0105. Zatroskanej matce wyja\u015bnia\u0142: \u201eCi ch\u0142opcy naprawd\u0119 nie s\u0105 \u017ali. Oni po prostu nie maj\u0105 dobrej mamy, kt\u00f3ra by ich wzi\u0119\u0142a do ko\u015bcio\u0142a i nauczy\u0142a modli\u0107. Kiedy ja jestem z nimi, zachowuj\u0105 si\u0119 lepiej\u201d. 5 czerwca 1841 r. w Turynie Jan Bosko przyj\u0105\u0142 \u015bwi\u0119cenia kap\u0142a\u0144skie.  Sakrament ten uwolni\u0142 w nim nowe pok\u0142ady duchowej energii i zapa\u0142u do dzia\u0142ania. <\/p>\n\n\n\n<p>W latach 40. XIX wieku na ulicach Turynu panowa\u0142o ogromne ub\u00f3stwo. M\u0142odzi ludzie bez wykszta\u0142cenia w\u0142\u00f3czyli si\u0119 po ulicach. W\u015br\u00f3d nich Jan Bosko wype\u0142nia\u0142 swoje zadanie. Sercem pe\u0142nym zaufania do Matki Bo\u017cej, powtarza\u0142 has\u0142o prymicyjne: \u201eDa mihi animas c\u00e6tera tolle\u201d (\u201eDaj mi dusze, reszt\u0119 zabierz\u201d). Cotygodniowe spotkania z ch\u0142opcami nazwa\u0142 \u201eOratorium\u201d \u2013 s\u0142owem, kt\u00f3re oznacza miejsce wsp\u00f3lnej modlitwy i rekreacji. W ka\u017cd\u0105 niedziel\u0119 spotykali si\u0119 gdzie indziej \u2013 w miejskim ko\u015bciele, kaplicy cmentarnej lub na niezamieszka\u0142ej dzia\u0142ce. Ksi\u0105dz Bosko udziela\u0142 sakramentu pokuty i pojednania oraz odprawia\u0142 Msz\u0119 \u015bwi\u0119t\u0105. Przybli\u017ca\u0142 prawdy wiary, a nast\u0119pnie sp\u0119dza\u0142 z ch\u0142opcami czas na grach i zabawach. Dzie\u0144 Oratorium ko\u0144czy\u0142o kr\u00f3tkie wieczorne \u201es\u0142\u00f3wko\u201d, kt\u00f3re porusza\u0142o serca i dodawa\u0142o otuchy na nadchodz\u0105ce dni. W ci\u0105gu tygodnia ksi\u0105dz Bosko w\u0119drowa\u0142 po mie\u015bcie, odwiedzaj\u0105c swoich podopiecznych w pracy. Od dzieci\u0144stwa nauczony ci\u0119\u017ckiej pracy, ksi\u0105dz Bosko mimo zm\u0119czenia nie ustawa\u0142 w opiece nad ch\u0142opcami. Po ca\u0142ym dniu sp\u0119dzonym w Oratorium nieraz zasypia\u0142 w ubraniu, kl\u0119cz\u0105c przy \u0142\u00f3\u017cku. Sypia\u0142 po pi\u0119\u0107 godzin na dob\u0119. W nocy pisa\u0142 listy do przyjaci\u00f3\u0142 i os\u00f3b prosz\u0105cych go o wsparcie, a tak\u017ce ksi\u0105\u017cki o literaturze, Pi\u015bmie \u015awi\u0119tym i historii Ko\u015bcio\u0142a.  <\/p>\n\n\n\n<p>Ksi\u0105dz Bosko wiedzia\u0142, \u017ce gdy B\u00f3g b\u0119dzie na pierwszym miejscu, to wszystko b\u0119dzie na w\u0142a\u015bciwym. Zapa\u0142 do pracy czerpa\u0142 ze \u017ar\u00f3d\u0142a, jakim by\u0142a dla niego modlitwa. Pod koniec \u017cycia dokonywa\u0142 cud\u00f3w \u2013 uzdrawia\u0142 chorych, posiada\u0142 dar proroctwa i czytania sumie\u0144, a jego b\u0142ogos\u0142awie\u0144stwo mia\u0142o w sobie niezwyk\u0142\u0105 moc. Widywano go czasem wpadaj\u0105cego w ekstaz\u0119 podczas odprawiania Mszy \u015bwi\u0119tej.  Ksi\u0105dz Bosko cz\u0119sto powtarza\u0142 swoim ch\u0142opcom, \u017ce \u015bwi\u0119to\u015b\u0107 jest \u0142atwa. Przyci\u0105ga\u0142 do siebie ludzi prostot\u0105, skromno\u015bci\u0105 i mi\u0142o\u015bci\u0105. M\u00f3wi\u0142: \u201eB\u00f3g pragnie naszego szcz\u0119\u015bcia. Po prostu wykonuj sw\u00f3j obowi\u0105zek w szkole, w domu, w pracy najlepiej jak potrafisz. Ofiaruj Bogu swoje \u017cycie: czas rado\u015bci i czas smutku. \u017bycie daje wiele okazji, by przy\u0142\u0105czy\u0107 si\u0119 do cierpie\u0144 Jezusa: z\u0142a pogoda, rozczarowania, choroba czy smutek sprawi\u0105, \u017ce staniecie si\u0119 \u015bwi\u0119tymi.\u201d Dominik Savio, jeden z jego wychowank\u00f3w, kt\u00f3ry zmar\u0142 w wieku 14 lat, jest dowodem na to, \u017ce \u015bwi\u0119to\u015b\u0107 jest dla ka\u017cdego.  <\/p>\n\n\n\n<p><\/p>\n\n\n\n<figure class=\"wp-block-image\"><a href=\"http:\/\/rafalk-elblag.pl\/wp-content\/uploads\/2021\/08\/ogloszenia-parafialne-baner-01a.jpg\"><img loading=\"lazy\" decoding=\"async\" width=\"720\" height=\"232\" src=\"http:\/\/rafalk-elblag.pl\/wp-content\/uploads\/2021\/08\/ogloszenia-parafialne-baner-01a.jpg\" alt=\"\" class=\"wp-image-4410\" srcset=\"https:\/\/rafalk-elblag.pl\/wp-content\/uploads\/2021\/08\/ogloszenia-parafialne-baner-01a.jpg 720w, https:\/\/rafalk-elblag.pl\/wp-content\/uploads\/2021\/08\/ogloszenia-parafialne-baner-01a-300x97.jpg 300w\" sizes=\"auto, (max-width: 720px) 100vw, 720px\" \/><\/a><\/figure>\n\n\n\n<h1 class=\"wp-block-heading\">Og\u0142oszenia parafialne 23.01.2022r<\/h1>\n\n\n\n<p><strong>1.<\/strong> <strong>PROSIMY O ZAMYKANIE DRZWI PRZY WCHODZENIU I WYCHODZENIU Z KO\u015aCIO\u0141A PONIEWA\u017b KO\u015aCI\u00d3\u0141 JEST OGRZEWANY. DZI\u0118KUJEMY. <\/strong><\/p>\n\n\n\n<p><strong>2. UWAGA!!!<\/strong> &#8211; Woda po\u015bwi\u0119cona znajduje si\u0119 w specjalnym naczyniu pod ch\u00f3rem. <\/p>\n\n\n\n<p><strong>3. <\/strong>Trwa Wizyta duszpasterska. Z powodu epidemii KOL\u0118DA sk\u0142ada si\u0119 z dw\u00f3ch cz\u0119\u015bci. Pierwsza cz\u0119\u015b\u0107 to nasze spotkanie w KO\u015aCIELE na Mszy \u015bw. o godz. 15:00 zako\u0144czonej SPECJALNYM B\u0141OGOS\u0141AWIE\u0143STWEM. Druga cz\u0119\u015b\u0107 to modlitwa i po\u015bwiecenie domu przez zaproszonego kap\u0142ana lub przez jednego z cz\u0142onk\u00f3w rodziny. W trzecim roku realizacji programu (2021\/2022) koncentrujemy si\u0119 na sprawowaniu EUCHARYSTII, st\u0105d tegoroczne has\u0142o duszpasterskie: \u201ePOS\u0141ANI W POKOJU CHRYSTUSA\u201d. Niech Msza \u015bw. stanie si\u0119 dla nas na nowo \u017ar\u00f3d\u0142em szczeg\u00f3lnej \u0142aski umocnienia wiary, nadziei i mi\u0142o\u015bci w naszych rodzinach.   <\/p>\n\n\n\n<figure class=\"wp-block-table\"><table><tbody><tr><td><strong>DATA<\/strong><\/td><td><strong>ULICA<\/strong><strong><\/strong><\/td><td><strong>GODZINA<\/strong><\/td><\/tr><tr><td><strong>24.01. 2022 <\/strong>(poniedzia\u0142ek)<\/td><td><strong>Sobieskiego od 2 do 26<\/strong><\/td><td>od 16:30<\/td><\/tr><tr><td><strong>25.01. 2022 <\/strong>(wtorek)<\/td><td><strong>Sobieskiego od 16A, 18A i od 28 do 40<\/strong><\/td><td>od 16:30<\/td><\/tr><tr><td><strong>26.01. 2022 <\/strong>(\u015broda)<\/td><td><strong>Sobieskiego 2A i 2B, Legion\u00f3w 42<\/strong> <strong>Fromborska 31<\/strong><\/td><td>od 16:30<\/td><\/tr><tr><td><strong>27.01. 2022 <\/strong>(czwartek)<\/td><td><strong>Myliusa od 1 do 19<\/strong><\/td><td>od 16:30<\/td><\/tr><tr><td><strong>28.01. 2022 <\/strong>(pi\u0105tek)<\/td><td><strong>Leszczy\u0144skiego od 1 do 31<\/strong><\/td><td>od 16:30<\/td><\/tr><tr><td><strong>29.01. 2022 <\/strong>(sobota)<\/td><td><strong>Mieszka, \u0141okietka i Krzywoustego<\/strong><\/td><td>od 11:30<\/td><\/tr><\/tbody><\/table><\/figure>\n\n\n\n<p><strong>4. <\/strong>Dzi\u0119kujemy naszym parafianom, kt\u00f3rzy wzi\u0119li udzia\u0142 we wsp\u00f3lnej Mszy \u015bw. o godz. 15:00 w ubieg\u0142ym tygodniu. Serdecznie B\u00f3g zap\u0142a\u0107 wszystkim, kt\u00f3rzy z tej okazji z\u0142o\u017cyli ofiar\u0119 kol\u0119dow\u0105.  <\/p>\n\n\n\n<p><strong>5. PRZYPOMINAMY <\/strong>o spotkaniu kandydat\u00f3w przygotowuj\u0105cych si\u0119 do Sakramentu Bierzmowania w naszej parafii dzisiaj:  \u2022 Rok I o godz.  17:30 w ko\u015bciele. \u2022 Rok II o godz. 19:00 w ko\u015bciele. Obecno\u015b\u0107 na tym spotkaniu wszystkich kandydat\u00f3w jest obowi\u0105zkowa i mile widziana. <\/p>\n\n\n\n<p><strong>6. <\/strong>Trwa TYDZIE\u0143 MODLITW O JEDNO\u015a\u0106 CHRZE\u015aCIJAN, kt\u00f3remu w tym roku towarzysz\u0105 s\u0142owa: \u201eZobaczyli\u015bmy Jego gwiazd\u0119 na Wschodzie i przyszli\u015bmy odda\u0107 Mu pok\u0142on\u201d (Mt 2,2). Zach\u0119camy do udzia\u0142u w nabo\u017ce\u0144stwach ekumenicznych. Szczeg\u00f3\u0142owy program znajdziemy na stronie internetowej diecezji elbl\u0105skiej.  <\/p>\n\n\n\n<p><strong>7.<\/strong> Wy\u017csze Seminarium Duchowne w Elbl\u0105gu zaprasza m\u0142odzie\u017c m\u0119sk\u0105 szk\u00f3\u0142 \u015brednich  i student\u00f3w na REKOLEKCJE POWO\u0141ANIOWE. Odb\u0119d\u0105 si\u0119 one w dniach 5-9 lutego br. Towarzyszy im has\u0142o: \u201eNIE L\u0118KAJCIE SI\u0118!\u201d Rekolekcje poprowadzi ks. Karol Waga, prefekt seminarium. Wi\u0119cej informacji na stronie internetowej uczelni oraz diecezji. <\/p>\n\n\n\n<p><strong>8. <\/strong>Zach\u0119cam do nabywania nowego numeru \u201eGo\u015bcia Niedzielnego\u201d w cenie 8 z\u0142 z dodatkiem \u201eGo\u015b\u0107 Elbl\u0105ski.  <\/p>\n\n\n\n<p><strong>9. <\/strong>Pan powo\u0142a\u0142 do wieczno\u015bci: <br><br><strong>\u2020 \u015bp. Iren\u0119 PUTKOWSK\u0104<\/strong> lat 73 z ul. Tuwima <br><strong>\u2020 \u015bp. Janin\u0119 WOJTYNA<\/strong> lat 89 z ul. Brzechwy <br><strong>\u2020 \u015bp. Andrzeja KLECHA<\/strong> lat 68 z ul. Myliusa <br><strong>\u2020 \u015bp. Teres\u0119 LE\u015aNIAK \u2013 ZAJDEL<\/strong> lat 67 z ul. Leszczy\u0144skiego   <\/p>\n\n\n\n<p>Wieczny odpoczynek racz im da\u0107 Panie! A \u015bwiat\u0142o\u015b\u0107 wiekuista niechaj im \u015bwieci.<\/p>\n\n\n\n<figure class=\"wp-block-image\"><img decoding=\"async\" src=\"http:\/\/rafalk-elblag.pl\/wp-content\/uploads\/2020\/04\/baner-intencje-mszy.jpg\" alt=\"\"\/><\/figure>\n\n\n\n<h1 class=\"wp-block-heading\">Intencje mszalne 23.01.2022r<\/h1>\n\n\n<p>&nbsp;<\/p>\n<p><strong>PONIEDZIA\u0141EK \/ 24 stycznia 2022 r. \/ \u015bw. Franciszka Salezego<\/strong><br>8.00 O zdrowie i potrzebne si\u0142y, oraz o Bo\u017ce b\u0142ogos\u0142awie\u0144stwo i opiek\u0119 Matki Bo\u017cej dla J\u00f3zefa (m), Henryki (k), Heleny i Barbary<br>15.00 Za wszystkie rodziny mieszkaj\u0105ce przy ulicach w kt\u00f3rych jest Kol\u0119da, prosz\u0105c o Bo\u017ce b\u0142ogos\u0142awie\u0144stwo i uwolnienie od pandemii Koronawirusa<\/p>\n<p><strong>WTOREK \/ 25 stycznia 2022 r.<\/strong><br><strong>Nawr\u00f3cenie \u015bw. Paw\u0142a Aposto\u0142a &#8211; \u015bwi\u0119to<\/strong><br>8.00 O \u0142ask\u0119 zdrowia i Bo\u017ce b\u0142ogos\u0142awie\u0144stwo dla Gra\u017cyny<br>15.00 Za wszystkie rodziny mieszkaj\u0105ce przy ulicach w kt\u00f3rych jest Kol\u0119da, prosz\u0105c o Bo\u017ce b\u0142ogos\u0142awie\u0144stwo i uwolnienie od pandemii Koronawirusa<br>15.00 Dzi\u0119kczynna w 30 rocznic\u0119 \u015blubu Jolanty i Artura KUSZELEWSKICH z pro\u015bb\u0105 o Bo\u017ce b\u0142ogos\u0142awie\u0144stwo i wszelkie potrzebne \u0142aski dla Per\u0142owych Jubilat\u00f3w<\/p>\n<p><strong>\u015aRODA \/ 26 stycznia 2022 r. \/ \u015bw. Tymoteusza i Tytusa, biskup\u00f3w<\/strong><br>8.00 \u2020 Genowefa PARADIS<br>15.00 Za wszystkie rodziny mieszkaj\u0105ce przy ulicach w kt\u00f3rych jest Kol\u0119da, prosz\u0105c o Bo\u017ce b\u0142ogos\u0142awie\u0144stwo i uwolnienie od pandemii Koronawirusa<br>15.00 \u2020 Kazimierz BAZUKIEWICZ w 30 dzie\u0144 po pogrzebie<\/p>\n<p><strong>CZWARTEK \/ 27 stycznia 2022 r.<\/strong><br>8.00 \u2020 Mieczys\u0142aw D\u0104BKOWSKI w 25 rocznic\u0119 \u015bmierci zmarli z rodziny<br>15.00 Za wszystkie rodziny mieszkaj\u0105ce przy ulicach w kt\u00f3rych jest Kol\u0119da, prosz\u0105c o Bo\u017ce b\u0142ogos\u0142awie\u0144stwo i uwolnienie od pandemii Koronawirusa<br>15.00 \u2020 Jan Kr\u00f3l w 1 rocznic\u0119 \u015bmierci<\/p>\n<p><strong>PI\u0104TEK \/ 28 stycznia 2022 r.<\/strong><br>\u015bw. Tomasza z Akwinu, kap\u0142ana i doktora ko\u015bcio\u0142a<br>8.00 \u2020 Czes\u0142aw MAZURO<br>15.00 Za wszystkie rodziny mieszkaj\u0105ce przy ulicach w kt\u00f3rych jest Kol\u0119da, prosz\u0105c o Bo\u017ce b\u0142ogos\u0142awie\u0144stwo i uwolnienie od pandemii Koronawirusa<br>15.00 \u2020 Henryka DUDEK w 30 dzie\u0144 po pogrzebie<\/p>\n<p><strong>SOBOTA \/ 29 stycznia 2022 r.<\/strong><br>8.00 Za wszystkie rodziny mieszkaj\u0105ce przy ulicach w kt\u00f3rych jest Kol\u0119da, prosz\u0105c o Bo\u017ce b\u0142ogos\u0142awie\u0144stwo i uwolnienie od pandemii Koronawirusa<br>8.00 \u2020 Witold BUCZEK w 10 rocznic\u0119 \u015bmierci<br>18.00 \u2020 Franciszek ZWOLICKI w 5 rocznic\u0119 \u015bmierci<\/p>\n<p><strong>IV Niedziela Zwyk\u0142a \/ 30 stycznia 2021 r.<\/strong><br>8.00 \u2020 Jan BRALEWSKI w 21 rocznic\u0119 \u015bmierci, \u2020 Maciej BRALEWSKI<br>10.00 \u2020 Jadwiga, Kazimierz, Norbert<br>12.00 Dzi\u0119kczynna w 21 rocznic\u0119 urodzin, z pro\u015bb\u0105 o Bo\u017ce b\u0142ogos\u0142awie\u0144stwo, wszelkie potrzebne \u0142aski i opiek\u0119 Matki Bo\u017cej dla Adrianny i ca\u0142ej rodziny<br>15.00 W intencji Parafian<br>18.00 \u2020 Janina RYBCZY\u0143SKA w 2 rocznic\u0119 \u015bmierci, Jerzy RYBCZY\u0143SKI w 35 rocznic\u0119 \u015bmierci<\/p>","protected":false},"excerpt":{"rendered":"<p>Ewangelia (\u0141k 1, 1-4; 4, 14-21) S\u0142owa Pisma spe\u0142ni\u0142y si\u0119 na Chrystusie S\u0142owa Ewangelii wed\u0142ug \u015awi\u0119tego \u0141ukasza Wielu ju\u017c stara\u0142o si\u0119 u\u0142o\u017cy\u0107 opowiadanie o zdarzeniach, kt\u00f3re si\u0119 dokona\u0142y po\u015br\u00f3d nas, tak jak nam je przekazali ci, kt\u00f3rzy od pocz\u0105tku byli naocznymi \u015bwiadkami i s\u0142ugami s\u0142owa. Postanowi\u0142em wi\u0119c i ja zbada\u0107 dok\u0142adnie wszystko od pierwszych chwil [&hellip;]<\/p>\n","protected":false},"author":1,"featured_media":4593,"comment_status":"closed","ping_status":"closed","sticky":false,"template":"","format":"standard","meta":{"ngg_post_thumbnail":0,"footnotes":""},"categories":[11,8,4,3],"tags":[],"class_list":["post-4587","post","type-post","status-publish","format-standard","has-post-thumbnail","hentry","category-aktualnosci","category-blog","category-intencje","category-ogloszenia"],"_links":{"self":[{"href":"https:\/\/rafalk-elblag.pl\/index.php?rest_route=\/wp\/v2\/posts\/4587","targetHints":{"allow":["GET"]}}],"collection":[{"href":"https:\/\/rafalk-elblag.pl\/index.php?rest_route=\/wp\/v2\/posts"}],"about":[{"href":"https:\/\/rafalk-elblag.pl\/index.php?rest_route=\/wp\/v2\/types\/post"}],"author":[{"embeddable":true,"href":"https:\/\/rafalk-elblag.pl\/index.php?rest_route=\/wp\/v2\/users\/1"}],"replies":[{"embeddable":true,"href":"https:\/\/rafalk-elblag.pl\/index.php?rest_route=%2Fwp%2Fv2%2Fcomments&post=4587"}],"version-history":[{"count":3,"href":"https:\/\/rafalk-elblag.pl\/index.php?rest_route=\/wp\/v2\/posts\/4587\/revisions"}],"predecessor-version":[{"id":4592,"href":"https:\/\/rafalk-elblag.pl\/index.php?rest_route=\/wp\/v2\/posts\/4587\/revisions\/4592"}],"wp:featuredmedia":[{"embeddable":true,"href":"https:\/\/rafalk-elblag.pl\/index.php?rest_route=\/wp\/v2\/media\/4593"}],"wp:attachment":[{"href":"https:\/\/rafalk-elblag.pl\/index.php?rest_route=%2Fwp%2Fv2%2Fmedia&parent=4587"}],"wp:term":[{"taxonomy":"category","embeddable":true,"href":"https:\/\/rafalk-elblag.pl\/index.php?rest_route=%2Fwp%2Fv2%2Fcategories&post=4587"},{"taxonomy":"post_tag","embeddable":true,"href":"https:\/\/rafalk-elblag.pl\/index.php?rest_route=%2Fwp%2Fv2%2Ftags&post=4587"}],"curies":[{"name":"wp","href":"https:\/\/api.w.org\/{rel}","templated":true}]}}