{"id":4579,"date":"2022-01-16T19:03:56","date_gmt":"2022-01-16T19:03:56","guid":{"rendered":"http:\/\/rafalk-elblag.pl\/?p=4579"},"modified":"2022-01-16T19:09:09","modified_gmt":"2022-01-16T19:09:09","slug":"biuletyn-16-01-2022-ii-niedziela-narodzenia-panskiego","status":"publish","type":"post","link":"https:\/\/rafalk-elblag.pl\/?p=4579","title":{"rendered":"Biuletyn 16.01.2022, II Niedziela Zwyk\u0142a"},"content":{"rendered":"\n<figure class=\"wp-block-image\"><a href=\"http:\/\/rafalk-elblag.pl\/wp-content\/uploads\/2022\/01\/baner-160122.jpg\"><img decoding=\"async\" src=\"http:\/\/rafalk-elblag.pl\/wp-content\/uploads\/2022\/01\/baner-160122.jpg\" alt=\"\" class=\"wp-image-4501\"\/><\/a><\/figure>\n\n\n\n<h1 class=\"wp-block-heading\">Ewangelia (J 2, 1-11) Pierwszy cud Jezusa w Kanie Galilejskiej<\/h1>\n\n\n\n<p><strong>S\u0142owa Ewangelii wed\u0142ug \u015awi\u0119tego Jana<\/strong><\/p>\n\n\n\n<p>\nW Kanie Galilejskiej odbywa\u0142o si\u0119 wesele i by\u0142a tam Matka Jezusa. Zaproszono na to wesele tak\u017ce Jezusa i Jego uczni\u00f3w. A kiedy zabrak\u0142o wina, Matka Jezusa rzek\u0142a do Niego: \u00abNie maj\u0105 wina\u00bb.\n\nJezus Jej odpowiedzia\u0142: \u00abCzy\u017c to moja lub Twoja sprawa, Niewiasto? Czy jeszcze nie nadesz\u0142a godzina moja?\u00bb\n\nWtedy Matka Jego powiedzia\u0142a do s\u0142ug: \u00abZr\u00f3bcie wszystko, cokolwiek wam powie\u00bb.\n\nSta\u0142o za\u015b tam sze\u015b\u0107 st\u0105gwi kamiennych przeznaczonych do \u017cydowskich oczyszcze\u0144, z kt\u00f3rych ka\u017cda mog\u0142a pomie\u015bci\u0107 dwie lub trzy miary.\n\nJezus rzek\u0142 do s\u0142ug: \u00abNape\u0142nijcie st\u0105gwie wod\u0105\u00bb. I nape\u0142nili je a\u017c po brzegi.\n\nPotem powiedzia\u0142 do nich: \u00abZaczerpnijcie teraz i zanie\u015bcie staro\u015bcie weselnemu\u00bb. Ci wi\u0119c zanie\u015bli.\n\nGdy za\u015b starosta weselny skosztowa\u0142 wody, kt\u00f3ra sta\u0142a si\u0119 winem \u2013 a nie wiedzia\u0142, sk\u0105d ono pochodzi, ale s\u0142udzy, kt\u00f3rzy czerpali wod\u0119, wiedzieli \u2013 przywo\u0142a\u0142 pana m\u0142odego i powiedzia\u0142 do niego: \u00abKa\u017cdy cz\u0142owiek stawia najpierw dobre wino, a gdy si\u0119 napij\u0105, w\u00f3wczas gorsze. Ty zachowa\u0142e\u015b dobre wino a\u017c do tej pory\u00bb.\n\nTaki to pocz\u0105tek znak\u00f3w uczyni\u0142 Jezus w Kanie Galilejskiej. Objawi\u0142 swoj\u0105 chwa\u0142\u0119 i uwierzyli w Niego Jego uczniowie.\n<br>&nbsp;<\/p>\n\n\n\n<h1 class=\"wp-block-heading\">OBJAWIENIE CHRYSTUSA NA WESELU W KANIE<\/h1>\n\n\n\n<p><strong>Opowiadanie o cudownej zamianie wody w wino jest jednym z najlepiej znanych fragment\u00f3w Dobrej Nowiny o Synu Bo\u017cym. Gdyby kto\u015b nas zapyta\u0142, co wydarzy\u0142o si\u0119 w Kanie Galilejskiej, bez wahania opowiedzieliby\u015bmy o nag\u0142ym braku wina na uczcie weselnej i cudownej interwencji Jezusa z Nazaretu, niejako \u201esprowokowanej\u201d przez Jego Matk\u0119. Jednak, aby tak naprawd\u0119 odkry\u0107 to wydarzenie, trzeba si\u0119gn\u0105\u0107 do Ewangelii. <\/strong> <\/p>\n\n\n\n<p>\u015aw. Jan Ewangelista zaraz na pocz\u0105tku oznajmia czytelnikowi, \u017ce w Kanie Galilejskiej by\u0142a \u201eMatka Jezusa\u201d. Ona zawsze jest pierwsza, przygotowuje miejsce swojemu Synowi i czeka na Niego. Dalej dopiero pisze: \u201eZaproszono na to wesele tak\u017ce Jezusa i Jego uczni\u00f3w\u201d. Mo\u017cna zatem odnie\u015b\u0107 wra\u017cenie, \u017ce zostali oni zaproszeni w\u0142a\u015bnie ze wzgl\u0119du na Maryj\u0119. Zasadniczo nie wiemy przecie\u017c nic o wi\u0119zach \u0142\u0105cz\u0105cych Nazaret z Kan\u0105.  Pierwszoplanowa rola Maryi ma r\u00f3wnie\u017c potwierdzenie w \u017cyciu Ko\u015bcio\u0142a. Maryja bowiem zawsze prowadzi do Jezusa, nigdy nie skupia uwagi wierz\u0105cego tylko na sobie. W Kanie Maryja jako kobieta i zarazem gospodyni domowa, od razu zauwa\u017cy\u0142a brak wina. Gdyby ta wiadomo\u015b\u0107 roznios\u0142a si\u0119 w\u015br\u00f3d zaproszonych go\u015bci albo, co gorsza, na stole nie stan\u0119\u0142yby naczynia z tym trunkiem, m\u0142oda para mia\u0142aby wielkie k\u0142opoty. Narazi\u0142aby si\u0119 na zarzuty nieprzygotowania do tego wa\u017cnego wydarzenia w ich \u017cyciu oraz na kpiny i niewybredne \u017carty.  Maryja o tym wiedzia\u0142a. <\/p>\n\n\n\n<p>Dlatego zwr\u00f3ci\u0142a si\u0119 o pomoc do swojego Syna. W ten spos\u00f3b pokaza\u0142a w ca\u0142ej pe\u0142ni swoj\u0105 trosk\u0119 o drugiego cz\u0142owieka, a jako kobieta &#8211; o nale\u017cyte przyj\u0119cie go\u015bci. To ona powiedzia\u0142a Jezusowi: \u201eNie maj\u0105 wina\u201d. Zauwa\u017cy\u0142a to jako pierwsza. Nie waha\u0142a si\u0119 i\u015b\u0107 z tym problemem do Syna, staj\u0105c si\u0119 rzeczniczk\u0105 m\u0142odych ma\u0142\u017conk\u00f3w. Wiedzia\u0142a wi\u0119c, \u017ce On jest w stanie zaradzi\u0107 temu problemowi. \u015aw. Jan Ewangelista, kt\u00f3ry opisa\u0142 wydarzenie z Kany Galilejskiej, wiedzia\u0142, \u017ce by\u0142o ono szczeg\u00f3lne. W tej Ewangelii czytamy o siedmiu cudach &#8211; znakach (por. 2, 11). Znak z wesela jest pierwszy i fundamentalny. Ods\u0142ania bowiem osob\u0119 Jezusa. Pozosta\u0142e cuda b\u0119d\u0105 jego kontynuacj\u0105. W\u0142a\u015bnie \u015bw. Jan zapisa\u0142 komentarz do cudu Jezusa: \u201eObjawi\u0142 swoj\u0105 chwa\u0142\u0119 i uwierzyli w Niego Jego uczniowie\u201d (2, 11). Wsp\u00f3\u0142cze\u015bnie wielu odmawia Jezusowi B\u00f3stwa. Nie wierz\u0105, \u017ce mo\u017ce nadal czyni\u0107 cuda. My natomiast stajemy razem z uczniami, aby wierzy\u0107 w moc, kt\u00f3ra p\u0142ynie od Jezusa i czyni wszystko nowym. Tajemnica Objawienia si\u0119 Jezusa na godach w Kanie Galilejskiej jest dla nas spotkaniem z Jezusem &#8211; Bogiem, dla kt\u00f3rego nie ma rzeczy niemo\u017cliwych. On da nam wszystko, czego potrzebujemy, je\u015bli tylko zechcemy \u017cy\u0107 wed\u0142ug Jego wskaza\u0144, przedk\u0142adaj\u0105c te\u017c nasze potrzeby Maryi. Ona powie Synowi, co ma czyni\u0107. <\/p>\n\n\n\n<p>Uczta weselna w Kanie prowadzi do sakramentu ma\u0142\u017ce\u0144stwa. Jezus z Nazaretu, rozpoczynaj\u0105c swoj\u0105 misj\u0119, idzie na wesele. Pokazuje swoj\u0105 decyzj\u0105, \u017ce ma\u0142\u017ce\u0144stwo &#8211; czyli zwi\u0105zek kobiety i m\u0119\u017cczyzny &#8211; zawarte przed Bogiem, jest czym\u015b dobrym i \u015bwi\u0119tym. Chrystus u\u015bwi\u0119ca ma\u0142\u017ce\u0144stwo swoj\u0105 obecno\u015bci\u0105. Jest przy ma\u0142\u017conkach, niczego im nie narzuca, nie zakazuje zabawy. Gdy jednak m\u0142odzi s\u0105 w niebezpiecze\u0144stwie, bez wahania wkracza i dzia\u0142a. Dobrze by\u0142oby, gdyby ma\u0142\u017conkowie zaprosili do swojego \u017cycia zar\u00f3wno Jego, jak i Maryj\u0119.  Jezus obecny jest w ka\u017cdej rodzinie. R\u00f3wnie\u017c w tych, kt\u00f3re prze\u017cywaj\u0105 kryzys lub trudno\u015bci. Mo\u017cna powiedzie\u0107, \u017ce czeka, aby Go poprosi\u0107 o cud. Tak wiele jest bowiem rodzin rozbitych i podzielonych.  <\/p>\n\n\n\n<p><\/p>\n\n\n\n<figure class=\"wp-block-image\"><a href=\"http:\/\/rafalk-elblag.pl\/wp-content\/uploads\/2021\/08\/ogloszenia-parafialne-baner-01a.jpg\"><img loading=\"lazy\" decoding=\"async\" width=\"720\" height=\"232\" src=\"http:\/\/rafalk-elblag.pl\/wp-content\/uploads\/2021\/08\/ogloszenia-parafialne-baner-01a.jpg\" alt=\"\" class=\"wp-image-4410\" srcset=\"https:\/\/rafalk-elblag.pl\/wp-content\/uploads\/2021\/08\/ogloszenia-parafialne-baner-01a.jpg 720w, https:\/\/rafalk-elblag.pl\/wp-content\/uploads\/2021\/08\/ogloszenia-parafialne-baner-01a-300x97.jpg 300w\" sizes=\"auto, (max-width: 720px) 100vw, 720px\" \/><\/a><\/figure>\n\n\n\n<h1 class=\"wp-block-heading\">Og\u0142oszenia parafialne 16.01.2022r<\/h1>\n\n\n\n<p><strong>1.<\/strong> PROSIMY O ZAMYKANIE DRZWI PRZY WCHODZENIU I WYCHODZENIU                             Z KO\u015aCIO\u0141A PONIEWA\u017b KO\u015aCI\u00d3\u0141 JEST OGRZEWANY. DZI\u0118KUJEMY. <\/p>\n\n\n\n<p><strong>2. UWAGA!!!<\/strong> &#8211; Woda po\u015bwi\u0119cona znajduje si\u0119 w specjalnym naczyniu pod ch\u00f3rem. <\/p>\n\n\n\n<p><strong>3. T<\/strong>rwa Wizyta Duszpasterska. Z powodu epidemii KOL\u0118DA sk\u0142ada si\u0119 z dw\u00f3ch cz\u0119\u015bci. Pierwsza cz\u0119\u015b\u0107 to nasze spotkanie w KO\u015aCIELE na Mszy \u015bw. o godz. 15:00 zako\u0144czonej SPECJALNYM B\u0141OGOS\u0141AWIE\u0143STWEM. Druga cz\u0119\u015b\u0107 to modlitwa i po\u015bwiecenie domu przez zaproszonego kap\u0142ana lub przez jednego z cz\u0142onk\u00f3w rodziny. W trzecim roku realizacji programu (2021\/2022) koncentrujemy si\u0119 na sprawowaniu EUCHARYSTII, st\u0105d tegoroczne has\u0142o duszpasterskie: \u201ePOS\u0141ANI W POKOJU CHRYSTUSA\u201d. Niech Msza \u015bw. stanie si\u0119 dla nas na nowo \u017ar\u00f3d\u0142em szczeg\u00f3lnej \u0142aski umocnienia wiary, nadziei i mi\u0142o\u015bci w naszych rodzinach. <\/p>\n\n\n\n<figure class=\"wp-block-table\"><table><tbody><tr><td><strong>DATA<\/strong><\/td><td><strong>ULICA<\/strong><strong><\/strong><\/td><td>GODZINA<\/td><\/tr><tr><td><strong>17.01. 2022 <\/strong>(poniedzia\u0142ek)<\/td><td><strong>Broniewskiego od 1 do 8<\/strong><\/td><td>od 16:30<\/td><\/tr><tr><td><strong>18.01. 2022 <\/strong>(wtorek)<\/td><td><strong>Broniewskiego od 9 do 22<\/strong><\/td><td>od 16:30<\/td><\/tr><tr><td><strong>19.01. 2022 <\/strong>(\u015broda)<\/td><td><strong>Broniewskiego od 23 do 35<\/strong><\/td><td>od 16:30<\/td><\/tr><tr><td><strong>20.01. 2022 <\/strong>(czwartek)<\/td><td><strong>K\u0142oczowskiego od 1 do 12 i 12 A<\/strong><\/td><td>od 16:30<\/td><\/tr><tr><td><strong>21.01. 2022 <\/strong>(pi\u0105tek)<\/td><td><strong>K\u0142oczowskiego od 13, 13A do 15<\/strong><\/td><td>od 16:30<\/td><\/tr><tr><td><strong>22.01. 2022 <\/strong>(sobota)<\/td><td><strong>K\u0142oczowskiego od 16 do 35<\/strong><\/td><td>od 11:00<\/td><\/tr><\/tbody><\/table><\/figure>\n\n\n\n<p><strong>4. <\/strong>DZI\u0118KUJEMY za z\u0142o\u017cone ofiary w ostatnim tygodniu na potrzeby naszej parafii.   <\/p>\n\n\n\n<p><strong>5. <\/strong>Zach\u0119camy do zamawiania Mszy \u015bw. dzi\u0119kczynnych (rodzinnych) za miniony rok z pro\u015bb\u0105 o dalsz\u0105 opiek\u0119 i Bo\u017ce b\u0142ogos\u0142awie\u0144stwo w Nowym Roku 2022. <\/p>\n\n\n\n<p><strong>6. <\/strong>Kandydat\u00f3w przygotowuj\u0105cych si\u0119 do Sakramentu Bierzmowania w naszej parafii zapraszamy na spotkania za tydzie\u0144 tj. 23 stycznia br.:  <br>\u2022 Rok I o godz.  17:30 w ko\u015bciele. <br>\u2022 Rok II o godz. 19:00 w ko\u015bciele. Obecno\u015b\u0107 na tym spotkaniu wszystkich kandydat\u00f3w jest obowi\u0105zkowa i mile widziana. <\/p>\n\n\n\n<p><strong>7. <\/strong>Od 18 stycznia br. w ko\u015bciele obchodzimy TYDZIE\u0143 MODLITW O JEDNO\u015a\u0106 CHRZE\u015aCIJAN. Zach\u0119camy wszystkich do wsp\u00f3lnej modlitwy.  <\/p>\n\n\n\n<p><strong>8. <\/strong>W tym tygodniu obchodzimy Dzie\u0144 Babci i Dziadka. Pami\u0119tajmy o nich w naszych modlitwach \u2013 pro\u015bmy dla \u017cyj\u0105cych o zdrowie i Bo\u017ce b\u0142ogos\u0142awie\u0144stwo, dla zmar\u0142ych \u2013   o \u017cycie wieczne w niebie. <\/p>\n\n\n\n<p><strong>9. <\/strong>Zach\u0119camy do nabywania nowego numeru \u201eGo\u015bcia Niedzielnego\u201d w cenie 8 z\u0142  z dodatkiem \u201eGo\u015b\u0107 Elbl\u0105ski.  <\/p>\n\n\n\n<p><strong>10.<\/strong> Pan powo\u0142a\u0142 do wieczno\u015bci: <br><br><strong>\u2020 \u015bp. Wiktori\u0119 PISKORSK\u0104<\/strong> lat 94 z ul. Leszczy\u0144skiego                                                     <strong>\u2020 \u015bp. Tadeusza TONGA<\/strong> lat 69 z ul. Myliusa                                                    <br><strong>\u2020 \u015bp. Stanis\u0142awa RUTKOWSKIEGO<\/strong> lat 63 z ul. K\u0142oczowskiego <\/p>\n\n\n\n<p>Wieczny odpoczynek racz im da\u0107 Panie! A \u015bwiat\u0142o\u015b\u0107 wiekuista niechaj im \u015bwieci.<\/p>\n\n\n\n<figure class=\"wp-block-image\"><img decoding=\"async\" src=\"http:\/\/rafalk-elblag.pl\/wp-content\/uploads\/2020\/04\/baner-intencje-mszy.jpg\" alt=\"\"\/><\/figure>\n\n\n\n<h1 class=\"wp-block-heading\">Intencje mszalne 16.01.2022r<\/h1>\n\n\n<p><strong><br>PONIEDZIA\u0141EK \/ 17 stycznia 2022 r. \/ \u015aw. Antoniego Opata<\/strong><br>8.00 \u2020 Karol WI\u015aNIEWSKI w 13 rocznic\u0119 \u015bmierci<br>15.00 \u2020 Stanis\u0142aw i Stanis\u0142awa (k) G\u0141OWACCY i Antoni i Franciszka (k) MENCA\u0141A<br>15.00 Za wszystkie rodziny mieszkaj\u0105ce przy ulicach w kt\u00f3rych jest Kol\u0119da, prosz\u0105c o Bo\u017ce b\u0142ogos\u0142awie\u0144stwo i uwolnienie od pandemii Koronawirusa<\/p>\n<p><strong>WTOREK \/ 18 stycznia 2022 r.<\/strong><br>8.00 O dar uzdrowienia duchowego i cielesnego dla Joanny<br>15.00 Za wszystkie rodziny mieszkaj\u0105ce przy ulicach w kt\u00f3rych jest Kol\u0119da, prosz\u0105c o Bo\u017ce b\u0142ogos\u0142awie\u0144stwo i uwolnienie od pandemii Koronawirusa<\/p>\n<p><strong>\u015aRODA \/ 19 stycznia 2022 r. \/ \u015bw. J\u00f3zefa Sebastiana Pelczara<\/strong><br>8.00 Za dusze w czy\u015b\u0107cu cierpi\u0105ce<br>15.00 Za wszystkie rodziny mieszkaj\u0105ce przy ulicach w kt\u00f3rych jest Kol\u0119da, prosz\u0105c o Bo\u017ce b\u0142ogos\u0142awie\u0144stwo i uwolnienie od pandemii Koronawirusa<\/p>\n<p><strong>CZWARTEK \/ 20 stycznia 2022 r.<\/strong><br>8.00 Za Sebastiana w dniu imienin, o wiar\u0119, nadziej\u0119 i mi\u0142o\u015b\u0107<br>8.00 O zdrowie, potrzebne \u0142aski w chorobie dla Andrzeja KLECHA i dla Leokadii DANIELEWICZ<br>15.00 Za wszystkie rodziny mieszkaj\u0105ce przy ulicach w kt\u00f3rych jest Kol\u0119da, prosz\u0105c o Bo\u017ce b\u0142ogos\u0142awie\u0144stwo i uwolnienie od pandemii Koronawirusa<\/p>\n<p><strong>PI\u0104TEK \/ 21 stycznia 2022 r. \/ \u015bw. Agnieszki \u2013 DZIE\u0143 BABCI<\/strong><br>8.00 \u2020 Teresa MA\u0141KOWSKA z okazji Dnia Babci<br>15.00 Za wszystkie rodziny mieszkaj\u0105ce przy ulicach w kt\u00f3rych jest Kol\u0119da, prosz\u0105c o Bo\u017ce b\u0142ogos\u0142awie\u0144stwo i uwolnienie od pandemii Koronawirusa<\/p>\n<p><strong>SOBOTA \/ 22 stycznia 2022 r.<\/strong><br>8.00 Za wszystkie rodziny mieszkaj\u0105ce przy ulicach w kt\u00f3rych jest Kol\u0119da, prosz\u0105c o Bo\u017ce b\u0142ogos\u0142awie\u0144stwo i uwolnienie od pandemii Koronawirusa<br>18.00 \u2020 Zbigniew ZAWISTOWSKI i Marian PIECIUKIEWICZ w I rocznic\u0119 \u015bmierci<\/p>\n<p><strong>III Niedziela Zwyk\u0142a \/ 23 stycznia 2021 r.<\/strong><br>8.00 \u2020 Apolonia i Marian CZARNOTA i zmarli z rodzin KURKOWSKICH i CZARNOT\u00d3W<br>10.00 Rez.<br>12.00 W intencji Parafian<br>15.00 \u2020 Stanis\u0142aw D\u0104BROWSKI w 1 rocznic\u0119 \u015bmierci<br>18.00 O \u0142ask\u0119 zdrowia i Bo\u017ce b\u0142ogos\u0142awie\u0144stwo dla Gra\u017cyny<\/p>","protected":false},"excerpt":{"rendered":"<p>Ewangelia (J 2, 1-11) Pierwszy cud Jezusa w Kanie Galilejskiej S\u0142owa Ewangelii wed\u0142ug \u015awi\u0119tego Jana W Kanie Galilejskiej odbywa\u0142o si\u0119 wesele i by\u0142a tam Matka Jezusa. Zaproszono na to wesele tak\u017ce Jezusa i Jego uczni\u00f3w. A kiedy zabrak\u0142o wina, Matka Jezusa rzek\u0142a do Niego: \u00abNie maj\u0105 wina\u00bb. Jezus Jej odpowiedzia\u0142: \u00abCzy\u017c to moja lub Twoja [&hellip;]<\/p>\n","protected":false},"author":1,"featured_media":4581,"comment_status":"closed","ping_status":"closed","sticky":false,"template":"","format":"standard","meta":{"ngg_post_thumbnail":0,"footnotes":""},"categories":[11,8,4,3],"tags":[],"class_list":["post-4579","post","type-post","status-publish","format-standard","has-post-thumbnail","hentry","category-aktualnosci","category-blog","category-intencje","category-ogloszenia"],"_links":{"self":[{"href":"https:\/\/rafalk-elblag.pl\/index.php?rest_route=\/wp\/v2\/posts\/4579","targetHints":{"allow":["GET"]}}],"collection":[{"href":"https:\/\/rafalk-elblag.pl\/index.php?rest_route=\/wp\/v2\/posts"}],"about":[{"href":"https:\/\/rafalk-elblag.pl\/index.php?rest_route=\/wp\/v2\/types\/post"}],"author":[{"embeddable":true,"href":"https:\/\/rafalk-elblag.pl\/index.php?rest_route=\/wp\/v2\/users\/1"}],"replies":[{"embeddable":true,"href":"https:\/\/rafalk-elblag.pl\/index.php?rest_route=%2Fwp%2Fv2%2Fcomments&post=4579"}],"version-history":[{"count":3,"href":"https:\/\/rafalk-elblag.pl\/index.php?rest_route=\/wp\/v2\/posts\/4579\/revisions"}],"predecessor-version":[{"id":4585,"href":"https:\/\/rafalk-elblag.pl\/index.php?rest_route=\/wp\/v2\/posts\/4579\/revisions\/4585"}],"wp:featuredmedia":[{"embeddable":true,"href":"https:\/\/rafalk-elblag.pl\/index.php?rest_route=\/wp\/v2\/media\/4581"}],"wp:attachment":[{"href":"https:\/\/rafalk-elblag.pl\/index.php?rest_route=%2Fwp%2Fv2%2Fmedia&parent=4579"}],"wp:term":[{"taxonomy":"category","embeddable":true,"href":"https:\/\/rafalk-elblag.pl\/index.php?rest_route=%2Fwp%2Fv2%2Fcategories&post=4579"},{"taxonomy":"post_tag","embeddable":true,"href":"https:\/\/rafalk-elblag.pl\/index.php?rest_route=%2Fwp%2Fv2%2Ftags&post=4579"}],"curies":[{"name":"wp","href":"https:\/\/api.w.org\/{rel}","templated":true}]}}