{"id":4570,"date":"2022-01-10T08:16:48","date_gmt":"2022-01-10T08:16:48","guid":{"rendered":"http:\/\/rafalk-elblag.pl\/?p=4570"},"modified":"2022-01-10T08:21:03","modified_gmt":"2022-01-10T08:21:03","slug":"biuletyn-09-01-2022-ii-niedziela-narodzenia-panskiego","status":"publish","type":"post","link":"https:\/\/rafalk-elblag.pl\/?p=4570","title":{"rendered":"Biuletyn 09.01.2022, II Niedziela Narodzenia Pa\u0144skiego"},"content":{"rendered":"\n<figure class=\"wp-block-image\"><a href=\"http:\/\/rafalk-elblag.pl\/wp-content\/uploads\/2022\/01\/baner-090122.jpg\"><img decoding=\"async\" src=\"http:\/\/rafalk-elblag.pl\/wp-content\/uploads\/2022\/01\/baner-090122.jpg\" alt=\"\" class=\"wp-image-4501\"\/><\/a><\/figure>\n\n\n\n<h1 class=\"wp-block-heading\">Ewangelia (\u0141k 3, 15-16.21-22)\nChrzest Jezusa<\/h1>\n\n\n\n<p><strong>S\u0142owa Ewangelii wed\u0142ug \u015awi\u0119tego \u0141ukasza<\/strong><\/p>\n\n\n\n<p>\nGdy lud oczekiwa\u0142 z napi\u0119ciem i wszyscy snuli domys\u0142y w swych sercach co do Jana, czy nie jest Mesjaszem, on tak przem\u00f3wi\u0142 do wszystkich: \u00abJa was chrzcz\u0119 wod\u0105; lecz idzie mocniejszy ode mnie, kt\u00f3remu nie jestem godzien rozwi\u0105za\u0107 rzemyka u sanda\u0142\u00f3w. On b\u0119dzie was chrzci\u0142 Duchem \u015awi\u0119tym i ogniem\u00bb.\n\nKiedy ca\u0142y lud przyst\u0119powa\u0142 do chrztu, Jezus tak\u017ce przyj\u0105\u0142 chrzest. A gdy si\u0119 modli\u0142, otworzy\u0142o si\u0119 niebo i Duch \u015awi\u0119ty zst\u0105pi\u0142 nad Niego, w postaci cielesnej niby go\u0142\u0119bica, a z nieba odezwa\u0142 si\u0119 g\u0142os: \u00abTy jeste\u015b moim Synem umi\u0142owanym, w Tobie mam upodobanie\u00bb.\n<br>&nbsp;<\/p>\n\n\n\n<h1 class=\"wp-block-heading\">CHRZEST \u2013 DLACZEGO PIERWSZY?<\/h1>\n\n\n\n<p><strong>Sakrament chrztu nazywany jest tak ze wzgl\u0119du na g\u0142\u00f3wny obrz\u0119d, przez kt\u00f3ry jest wype\u0142niany: chrzci\u0107 oznacza &#8222;zanurzy\u0107&#8221;, &#8222;pogr\u0105\u017cy\u0107&#8221; w wodzie. Do tego znaczenia nawi\u0105zuje obrz\u0119d udzielanego chrztu. Wyra\u017ca on powierzenie osoby przyjmuj\u0105cej chrzest Jezusowi Chrystusowi, kt\u00f3ry zanurzaj\u0105c j\u0105 w swoj\u0105 \u015bmier\u0107 udziela jej moc\u0105 swego zmartwychwstania &#8222;nowego&#8221; \u017cycia z Bogiem \u2013 nie\u015bmiertelno\u015bci. Zazwyczaj chrztu udziela si\u0119 dzieciom. W zwi\u0105zku z tym wielu zastanawia si\u0119, czy jest to s\u0142uszne, skoro one nie rozumiej\u0105 tego, w czym uczestnicz\u0105. <\/strong><\/p>\n\n\n\n<p>Powodem, dla kt\u00f3rego Ko\u015bci\u00f3\u0142 udziela chrztu ju\u017c niemowl\u0119tom, jest wiara w otrzymywanie za po\u015brednictwem tego sakramentu daru nowego \u017cycia, kt\u00f3rego dawc\u0105 jest Chrystus. Charakteryzuje je wsp\u00f3lnota \u017cycia z Jezusem Chrystusem i z wszystkimi, kt\u00f3rzy w Niego wierz\u0105. Tak wi\u0119c od chwili chrztu sam B\u00f3g w osobie Ducha \u015awi\u0119tego zamieszkuje w cz\u0142owieku. Dar Bo\u017cego \u017cycia czyni ochrzczonego domownikiem &#8222;domu Ojca&#8221;, a zamieszkuj\u0105cy w nim Duch \u015awi\u0119ty pozwala zwraca\u0107 si\u0119 do Niego: &#8222;Abba!&#8221; &#8211; &#8222;Ojcze!&#8221;. Otrzymywany w chrzcie \u015bwi\u0119tym dar wiary zwi\u0105zany jest z wiar\u0105 tych, kt\u00f3rzy wraz z nowoochrzczonym krocz\u0105 drog\u0105 Jezusa. Wsp\u00f3lnota wiary uwidacznia si\u0119 podczas udzielania chrztu. Dopiero gdy w wyznaniu wiary przyjmuj\u0105cy chrzest za\u015bwiadczy, \u017ce prawdziwie pragnie \u017cy\u0107 w duchu wiary wsp\u00f3lnoty wierz\u0105cych, mo\u017cna udzieli\u0107 mu chrztu. <\/p>\n\n\n\n<p>Natomiast przy chrzcie dziecka rodzice i chrzestni we w\u0142asnym imieniu wyrzekaj\u0105 si\u0119 z\u0142a, podobnie jak we w\u0142asnym imieniu wyznaj\u0105 wraz z zebranymi wiar\u0119 w Boga i Jego zbawcze dzia\u0142anie.  Czyni\u0105 to w poczuciu odpowiedzialno\u015bci za wychowanie dziecka w wierze, kt\u00f3r\u0105 sami wyznaj\u0105, i w poczuciu jedno\u015bci z Ko\u015bcio\u0142em, w wierze kt\u00f3rego dziecko otrzymuje chrzest. Aktowi temu towarzysz\u0105 inni wierz\u0105cy, aby uwidoczni\u0107 i podkre\u015bli\u0107 to, \u017ce ochrzczony zostaje przyj\u0119ty do Ludu Bo\u017cego &#8211; Ko\u015bcio\u0142a, a przez to wszczepiony w Cia\u0142o Chrystusa. Chrzest nie jest zatem spraw\u0105 &#8222;prywatn\u0105&#8221;, lecz wsp\u00f3ln\u0105 spraw\u0105 wszystkich wierz\u0105cych. <\/p>\n\n\n\n<p>Dlatego bardzo cz\u0119sto udziela si\u0119 go podczas sprawowania Eucharystii, kt\u00f3ra jest centrum \u017cycia Ko\u015bcio\u0142a. Wielko\u015b\u0107 daru otrzymanego w sakramencie chrztu daru: \u017cycie z Bogiem &#8211; zbawienie, jest rozstrzygaj\u0105cym argumentem Ko\u015bcio\u0142a za udzielaniem go ju\u017c w najwcze\u015bniejszym okresie \u017cycia. Nie bez znaczenie test te\u017c i to, \u017ce przez ten sakrament Chrystus oczyszcza cz\u0142owieka z grzechu pierworodnego i obdarowuje go wolno\u015bci\u0105 dziecka Bo\u017cego. Z tych te\u017c powod\u00f3w chrzest jest przyr\u00f3wnywany do bramy otwieraj\u0105cej przed cz\u0142owiekiem mo\u017cliwo\u015b\u0107 uczestnictwa w \u017cyciu samego Boga oraz daj\u0105cej dost\u0119p do innych sakrament\u00f3w. Zar\u00f3wno przy udzielaniu sakramentu chrztu jak te\u017c ka\u017cdego innego towarzyszy wiara prosz\u0105cych o dar Bo\u017cego \u017cycia &#8211; zbawienia. <\/p>\n\n\n\n<p>W kr\u0119gu naszej kultury wi\u0119kszo\u015b\u0107 ludzi otrzymuje chrzest zaraz po urodzeniu. Fakt ten \u2014 dobitniej jeszcze ni\u017c chrzest doros\u0142ych \u2014 \u015bwiadczy o tym, \u017ce nowe \u017cycie i przynale\u017cno\u015b\u0107 do spo\u0142eczno\u015bci wierz\u0105cych s\u0105 absolutnym darem udzielanym przez samego Boga. <\/p>\n\n\n\n<p><strong>Przy chrzcie dzieci mo\u017cna jednak przeoczy\u0107 co\u015b bardzo wa\u017cnego, mianowicie to, \u017ce chrzest i wiara nale\u017c\u0105 do siebie nierozdzielnie. Przyj\u0119cie chrztu poci\u0105ga za sob\u0105 konsekwencje. Cz\u0142owiek ochrzczony winien \u017cy\u0107 inaczej ni\u017c nieochrzczony, bowiem dla niego miar\u0105 \u017cycia sta\u0142 si\u0119 Jezus. Chrzest nie mo\u017ce by\u0107 wi\u0119c tylko wydarzeniem z przesz\u0142o\u015bci. Wynika z tego, \u017ce sakrament ten stawia przed ochrzczonymi zadanie nieustannego upodabniania si\u0119 do Jezusa. Dla chrze\u015bcijanina oznacza to przyj\u0119cie tego, co Jezus nakazuje: uznawania potrzeb bli\u017anich za swoje, stawania po stronie cierpi\u0105cych i s\u0142abych, szukania woli Bo\u017cej w ka\u017cdym zdarzeniu i jednoczenia si\u0119 przez mi\u0142o\u015b\u0107 z Bogiem. Ponadto domaga si\u0119 podejmowania wysi\u0142ku zg\u0142\u0119biania swojej wiary zgodnie z wiar\u0105 Ko\u015bcio\u0142a trwaj\u0105cego w jedno\u015bci wiary z biskupami i papie\u017cem. <\/strong><\/p>\n\n\n\n<p><\/p>\n\n\n\n<figure class=\"wp-block-image\"><a href=\"http:\/\/rafalk-elblag.pl\/wp-content\/uploads\/2021\/08\/ogloszenia-parafialne-baner-01a.jpg\"><img loading=\"lazy\" decoding=\"async\" width=\"720\" height=\"232\" src=\"http:\/\/rafalk-elblag.pl\/wp-content\/uploads\/2021\/08\/ogloszenia-parafialne-baner-01a.jpg\" alt=\"\" class=\"wp-image-4410\" srcset=\"https:\/\/rafalk-elblag.pl\/wp-content\/uploads\/2021\/08\/ogloszenia-parafialne-baner-01a.jpg 720w, https:\/\/rafalk-elblag.pl\/wp-content\/uploads\/2021\/08\/ogloszenia-parafialne-baner-01a-300x97.jpg 300w\" sizes=\"auto, (max-width: 720px) 100vw, 720px\" \/><\/a><\/figure>\n\n\n\n<h1 class=\"wp-block-heading\">Og\u0142oszenia parafialne 09.01.2022r<\/h1>\n\n\n\n<p><strong>1.<\/strong> PROSIMY O ZAMYKANIE DRZWI PRZY WCHODZENIU I WYCHODZENIU                             Z KO\u015aCIO\u0141A PONIEWA\u017b KO\u015aCI\u00d3\u0141 JEST OGRZEWANY. DZI\u0118KUJEMY. <\/p>\n\n\n\n<p><strong>2.<\/strong> Niedziela Chrztu Pa\u0144skiego ko\u0144czy okres Bo\u017cego Narodzenia &#8211; rozpoczyna si\u0119 Okres Zwyk\u0142y. Trwaj\u0105c w tradycji Ko\u015bcio\u0142a jeszcze do 2 lutego \u015bpiewamy kol\u0119dy.  <\/p>\n\n\n\n<p><strong>3. UWAGA!!!<\/strong> \u2022 Woda po\u015bwi\u0119cona znajduje si\u0119 te\u017c w specjalnym naczyniu pod ch\u00f3rem. <\/p>\n\n\n\n<p><strong>4. <\/strong>Spotkania dla rodzic\u00f3w dzieci klas III przygotowuj\u0105cych si\u0119 do I KOMUNII \u015aWI\u0118TEJ odb\u0119dzie si\u0119 w poniedzia\u0142ek 10 stycznia br. o godz. 19:00 w ko\u015bciele. Serdecznie zapraszamy na nasze comiesi\u0119czne spotkanie.  <\/p>\n\n\n\n<p><strong>5. PRZYPOMINAMY <\/strong>\u2013 od 1 stycznia 2022 roku ulega zmianie uk\u0142ad Mszy \u015awi\u0119tych Niedzielnych. Msze \u015bw. sprawowane b\u0119d\u0105 o godz. 8:00, 10:00, 12:00, 15:00 i 18:00.  <\/p>\n\n\n\n<p><strong>6. <\/strong>Tegoroczne Wizyty duszpasterskie rozpoczniemy od 10 stycznia 2022r. od                    ul. Og\u00f3lnej, Lubelskiej i Porazi\u0144skiej. Z powodu epidemii KOL\u0118DA sk\u0142ada\u0107 si\u0119 b\u0119dzie z dw\u00f3ch cz\u0119\u015bci. Pierwsza cz\u0119\u015b\u0107 to nasze spotkanie w KO\u015aCIELE na Mszy \u015bw. o godz. 15:00 zako\u0144czonej SPECJALNYM B\u0141OGOS\u0141AWIE\u0143STWEM. Druga cz\u0119\u015b\u0107 to modlitwa i po\u015bwiecenie domu przez zaproszonego kap\u0142ana lub przez jednego z cz\u0142onk\u00f3w rodziny.  Pozosta\u0142e informacje zawiera dodatkowa kartka z planem Wizyty Duszpasterskiej. W trzecim roku realizacji programu (2021\/2022) koncentrujemy si\u0119 na sprawowaniu EUCHARYSTII, st\u0105d tegoroczne has\u0142o duszpasterskie: \u201ePOS\u0141ANI W POKOJU CHRYSTUSA\u201d. Niech Msza \u015bw. stanie si\u0119 dla nas na nowo \u017ar\u00f3d\u0142em szczeg\u00f3lnej \u0142aski umocnienia wiary, nadziei i mi\u0142o\u015bci w naszych rodzinach.  <\/p>\n\n\n\n<figure class=\"wp-block-table is-style-stripes\"><table><tbody><tr><td><strong>DATA<\/strong><\/td><td><strong>ULICA<\/strong><strong><\/strong><\/td><td><strong>GODZINA<\/strong><\/td><\/tr><tr><td><strong>10.01. 2022 <\/strong>(poniedzia\u0142ek)<\/td><td><strong>Og\u00f3lna, Lubelska, Porazi\u0144skiej<\/strong><\/td><td>od 16:30<\/td><\/tr><tr><td><strong>11.01. 2022 <\/strong>(wtorek)<\/td><td><strong>Korczaka od 1 do 20<\/strong><\/td><td>od 16:30<\/td><\/tr><tr><td><strong>12.01. 2022 <\/strong>(\u015broda)<\/td><td><strong>Korczaka od 21 do 33<\/strong><\/td><td>od 16:30<\/td><\/tr><tr><td><strong>13.01. 2022 <\/strong>(czwartek)<\/td><td><strong>Brzechwy od 1 do 17<\/strong><\/td><td>od 16:30<\/td><\/tr><tr><td><strong>14.01. 2022 <\/strong>(pi\u0105tek)<\/td><td><strong>Brzechwy od 18 do 36<\/strong><\/td><td>od 16:30<\/td><\/tr><tr><td><strong>15.01. 2022 <\/strong>(sobota)<\/td><td><strong>Tuwima od 1 do 13<\/strong><\/td><td>od 11:00<\/td><\/tr><\/tbody><\/table><\/figure>\n\n\n\n<p>  <\/p>\n\n\n\n<p><strong>7. DZI\u0118KUJEMY<\/strong> za z\u0142o\u017cone ofiary w ostatnim tygodniu na potrzeby naszej parafii.   <\/p>\n\n\n\n<p><strong>8. <\/strong>Zach\u0119camy do zamawiania Mszy \u015bw. dzi\u0119kczynnych (rodzinnych) za miniony rok z pro\u015bb\u0105 o dalsz\u0105 opiek\u0119 i Bo\u017ce b\u0142ogos\u0142awie\u0144stwo w Nowym Roku 2022. <\/p>\n\n\n\n<p><strong>9. <\/strong>Zach\u0119cam do nabywania nowego numeru \u201eGo\u015bcia Niedzielnego\u201d w cenie 8 z\u0142 z dodatkiem \u201eGo\u015b\u0107 Elbl\u0105ski.  <\/p>\n\n\n\n<figure class=\"wp-block-image\"><img decoding=\"async\" src=\"http:\/\/rafalk-elblag.pl\/wp-content\/uploads\/2020\/04\/baner-intencje-mszy.jpg\" alt=\"\"\/><\/figure>\n\n\n\n<h1 class=\"wp-block-heading\">Intencje mszalne 09.01.2022r<\/h1>\n\n\n<p><strong>PONIEDZIA\u0141EK \/ 10 stycznia 2022 r.<\/strong><br>8.00 W podzi\u0119kowaniu za otrzymane \u0142aski w minionym roku, z pro\u015bb\u0105 o Bo\u017ce b\u0142ogos\u0142awie\u0144stwo i wszelkie potrzebne \u0142aski dla ca\u0142ej rodziny<br>15.00 \u2020 Ryszard KUJAWA w 30 dzie\u0144 po pogrzebie<br>15.00 Za wszystkie rodziny mieszkaj\u0105ce przy ulicach w kt\u00f3rych jest Kol\u0119da, prosz\u0105c o Bo\u017ce b\u0142ogos\u0142awie\u0144stwo i uwolnienie od pandemii Koronawirusa<\/p>\n<p><strong>WTOREK \/ 11 stycznia 2022 r.<\/strong><br>8.00 \u2020 Janina, Wac\u0142aw KLEPACCY i zmarli z rodziny GLI\u0143SKICH<br>15.00 Za wszystkie rodziny mieszkaj\u0105ce przy ulicach w kt\u00f3rych jest Kol\u0119da, prosz\u0105c o Bo\u017ce b\u0142ogos\u0142awie\u0144stwo i uwolnienie od pandemii Koronawirusa<br>15.00 \u2020 Anna PIEKARSKA z okazji ziemskich urodzin<\/p>\n<p><strong>\u015aRODA \/ 12 stycznia 2022 r.<\/strong><br>8.00<br>15.00 Za wszystkie rodziny mieszkaj\u0105ce przy ulicach w kt\u00f3rych jest Kol\u0119da, prosz\u0105c o Bo\u017ce b\u0142ogos\u0142awie\u0144stwo i uwolnienie od pandemii Koronawirusa<br>15.00 O Bo\u017ce b\u0142ogos\u0142awie\u0144stwo, dary Ducha \u015awi\u0119tego i opiek\u0119 Matki Bo\u017cej dla ks. Arkadiusza GRABOWSKIEGO \u2013 intencja od MARGARETEK<\/p>\n<p><strong>CZWARTEK \/ 13 stycznia 2022 r. \/ \u015bw. Hilarego<\/strong><br>8.00 \u2020 Halina Wiewi\u00f3rka w 30 dzie\u0144 po pogrzebie<br>15.00 Za wszystkie rodziny mieszkaj\u0105ce przy ulicach w kt\u00f3rych jest Kol\u0119da, prosz\u0105c o Bo\u017ce b\u0142ogos\u0142awie\u0144stwo i uwolnienie od pandemii Koronawirusa<br>15.00 Dzi\u0119kczynna w 30 rocznic\u0119 \u015blubu Ireny i Jerzego SA\u0141ATA z pro\u015bb\u0105 o Bo\u017ce b\u0142ogos\u0142awie\u0144stwo, wszelkie potrzebne \u0142aski oraz opiek\u0119 Matki Bo\u017cej<\/p>\n<p><strong>PI\u0104TEK \/ 14 stycznia 2022 r.<\/strong><br>8.00<br>15.00 Za wszystkie rodziny mieszkaj\u0105ce przy ulicach w kt\u00f3rych jest Kol\u0119da, prosz\u0105c o Bo\u017ce b\u0142ogos\u0142awie\u0144stwo i uwolnienie od pandemii Koronawirusa<\/p>\n<p><strong>SOBOTA \/ 15 stycznia 2022 r.<\/strong><br>8.00 Za wszystkie rodziny mieszkaj\u0105ce przy ulicach w kt\u00f3rych jest Kol\u0119da, prosz\u0105c o Bo\u017ce b\u0142ogos\u0142awie\u0144stwo i uwolnienie od pandemii Koronawirusa<br>8.00 Za dusze w czy\u015b\u0107cu cierpi\u0105ce (rezerwacja)<br>18.00 Za zmar\u0142ych z rodzin RENDA i RADZISZEWSKICH<\/p>\n<p><strong>II Niedziela Zwyk\u0142a \/ 16 stycznia 2021 r.<\/strong><br>8.00 \u2020 Stanis\u0142awa (k) w 10 rocznic\u0119 \u015bmierci i zmarli z rodziny DZIUGIE\u0141, MARTOWICZ,<br>\u2020 Halina RAJSKA<br>10.00 \u2020 Teresa JAK\u00d3BKIEWICZ w 2 rocznic\u0119 \u015bmierci i zmarli z rodzin: HERMAN, K\u0118DZIERSKICH i SOLECKICH<br>12.00 W intencji Parafian<br>15.00 \u2020 Genowefa, Stanis\u0142aw P\u0104CZKOWSCY<br>18.00 W intencji Bractwa Szkaplerznego i os\u00f3b, kt\u00f3re przyjm\u0105 szkaplerz<\/p>","protected":false},"excerpt":{"rendered":"<p>Ewangelia (\u0141k 3, 15-16.21-22) Chrzest Jezusa S\u0142owa Ewangelii wed\u0142ug \u015awi\u0119tego \u0141ukasza Gdy lud oczekiwa\u0142 z napi\u0119ciem i wszyscy snuli domys\u0142y w swych sercach co do Jana, czy nie jest Mesjaszem, on tak przem\u00f3wi\u0142 do wszystkich: \u00abJa was chrzcz\u0119 wod\u0105; lecz idzie mocniejszy ode mnie, kt\u00f3remu nie jestem godzien rozwi\u0105za\u0107 rzemyka u sanda\u0142\u00f3w. On b\u0119dzie was [&hellip;]<\/p>\n","protected":false},"author":1,"featured_media":4572,"comment_status":"closed","ping_status":"closed","sticky":false,"template":"","format":"standard","meta":{"ngg_post_thumbnail":0,"footnotes":""},"categories":[11,8,4,3],"tags":[],"class_list":["post-4570","post","type-post","status-publish","format-standard","has-post-thumbnail","hentry","category-aktualnosci","category-blog","category-intencje","category-ogloszenia"],"_links":{"self":[{"href":"https:\/\/rafalk-elblag.pl\/index.php?rest_route=\/wp\/v2\/posts\/4570","targetHints":{"allow":["GET"]}}],"collection":[{"href":"https:\/\/rafalk-elblag.pl\/index.php?rest_route=\/wp\/v2\/posts"}],"about":[{"href":"https:\/\/rafalk-elblag.pl\/index.php?rest_route=\/wp\/v2\/types\/post"}],"author":[{"embeddable":true,"href":"https:\/\/rafalk-elblag.pl\/index.php?rest_route=\/wp\/v2\/users\/1"}],"replies":[{"embeddable":true,"href":"https:\/\/rafalk-elblag.pl\/index.php?rest_route=%2Fwp%2Fv2%2Fcomments&post=4570"}],"version-history":[{"count":3,"href":"https:\/\/rafalk-elblag.pl\/index.php?rest_route=\/wp\/v2\/posts\/4570\/revisions"}],"predecessor-version":[{"id":4577,"href":"https:\/\/rafalk-elblag.pl\/index.php?rest_route=\/wp\/v2\/posts\/4570\/revisions\/4577"}],"wp:featuredmedia":[{"embeddable":true,"href":"https:\/\/rafalk-elblag.pl\/index.php?rest_route=\/wp\/v2\/media\/4572"}],"wp:attachment":[{"href":"https:\/\/rafalk-elblag.pl\/index.php?rest_route=%2Fwp%2Fv2%2Fmedia&parent=4570"}],"wp:term":[{"taxonomy":"category","embeddable":true,"href":"https:\/\/rafalk-elblag.pl\/index.php?rest_route=%2Fwp%2Fv2%2Fcategories&post=4570"},{"taxonomy":"post_tag","embeddable":true,"href":"https:\/\/rafalk-elblag.pl\/index.php?rest_route=%2Fwp%2Fv2%2Ftags&post=4570"}],"curies":[{"name":"wp","href":"https:\/\/api.w.org\/{rel}","templated":true}]}}