{"id":4545,"date":"2022-01-02T19:04:46","date_gmt":"2022-01-02T19:04:46","guid":{"rendered":"http:\/\/rafalk-elblag.pl\/?p=4545"},"modified":"2022-01-04T14:07:54","modified_gmt":"2022-01-04T14:07:54","slug":"biuletyn-02-12-2021-ii-niedziela-narodzenia-panskiego","status":"publish","type":"post","link":"https:\/\/rafalk-elblag.pl\/?p=4545","title":{"rendered":"Biuletyn 02.01.2022, II Niedziela Narodzenia Pa\u0144skiego"},"content":{"rendered":"\n<figure class=\"wp-block-image\"><a href=\"http:\/\/rafalk-elblag.pl\/wp-content\/uploads\/2022\/01\/baner-020122.jpg\"><img decoding=\"async\" src=\"http:\/\/rafalk-elblag.pl\/wp-content\/uploads\/2022\/01\/baner-020122.jpg\" alt=\"\" class=\"wp-image-4501\"\/><\/a><\/figure>\n\n\n\n<h1 class=\"wp-block-heading\">Ewangelia (J 1, 1-5. 9-14)<br>S\u0142owo sta\u0142o si\u0119 cia\u0142em i zamieszka\u0142o mi\u0119dzy nami<\/h1>\n\n\n\n<p><strong>S\u0142owa Ewangelii wed\u0142ug \u015awi\u0119tego Jana<\/strong><\/p>\n\n\n\n<p>Na pocz\u0105tku by\u0142o S\u0142owo, a S\u0142owo by\u0142o u Boga, i Bogiem by\u0142o S\u0142owo. Ono by\u0142o na pocz\u0105tku u Boga. Wszystko przez Nie si\u0119 sta\u0142o, a bez Niego nic si\u0119 nie sta\u0142o, z tego, co si\u0119 sta\u0142o.<\/p>\n\n\n\n<p>W Nim by\u0142o \u017cycie, a \u017cycie by\u0142o \u015bwiat\u0142o\u015bci\u0105 ludzi, a \u015bwiat\u0142o\u015b\u0107 w ciemno\u015bci \u015bwieci i ciemno\u015b\u0107 jej nie ogarn\u0119\u0142a.<\/p>\n\n\n\n<p>By\u0142a \u015bwiat\u0142o\u015b\u0107 prawdziwa, kt\u00f3ra o\u015bwieca ka\u017cdego cz\u0142owieka, gdy na \u015bwiat przychodzi.<\/p>\n\n\n\n<p>Na \u015bwiecie by\u0142o S\u0142owo, a \u015bwiat sta\u0142 si\u0119 przez Nie, lecz \u015bwiat Go nie pozna\u0142. Przysz\u0142o do swojej w\u0142asno\u015bci, a swoi Go nie przyj\u0119li. Wszystkim tym jednak, kt\u00f3rzy Je przyj\u0119li, da\u0142o moc, aby si\u0119 stali dzie\u0107mi Bo\u017cymi, tym, kt\u00f3rzy wierz\u0105 w imi\u0119 Jego \u2013 kt\u00f3rzy ani z krwi, ani z \u017c\u0105dzy cia\u0142a, ani z woli m\u0119\u017ca, ale z Boga si\u0119 narodzili.<\/p>\n\n\n\n<p>A S\u0142owo sta\u0142o si\u0119 cia\u0142em i zamieszka\u0142o w\u015br\u00f3d nas. I ogl\u0105dali\u015bmy Jego chwa\u0142\u0119, chwa\u0142\u0119, jak\u0105 Jednorodzony otrzymuje od Ojca, pe\u0142en \u0142aski i prawdy.<br>&nbsp;<\/p>\n\n\n\n<h1 class=\"wp-block-heading\">WIZYTA DUSZPASTERSKA 2022<\/h1>\n\n\n\n<p><strong>Drodzy Parafianie! Tegoroczna Wizyta Duszpasterska z powodu trwaj\u0105cej kolejnej fali epidemii, b\u0119dzie mog\u0142a mie\u0107 dwie formy. Wzorem lat ubieg\u0142ych w czasie kol\u0119dy b\u0119dziemy sprawowali EUCHARYSTI\u0118 za wszystkich mieszka\u0144c\u00f3w naszej parafii. W wyznaczone dni zapraszamy mieszka\u0144c\u00f3w poszczeg\u00f3lnych ulic do uczestnictwa we Mszach \u015bw. podczas kt\u00f3rych b\u0119dziemy prosi\u0107 o Bo\u017ce b\u0142ogos\u0142awie\u0144stwo, potrzebne \u0142aski i opiek\u0119 Matki Bo\u017cej dla Was i Waszych Rodzin. (w czasie Mszy \u015bw. b\u0119dzie mo\u017cliwo\u015b\u0107 z\u0142o\u017cenia ofiary kol\u0119dowej na cele parafii).<\/strong><\/p>\n\n\n\n<p>W zwi\u0105zku z tym, \u017ce w naszej parafii pos\u0142uguje tylko dw\u00f3ch kap\u0142an\u00f3w Msze \u015bw. od 10 stycznia do 29 stycznia (tj. na czas wizyt duszpasterskich) sprawowane b\u0119d\u0105 od poniedzia\u0142ku do pi\u0105tku o godz. 15:00 (nie ma Mszy \u015bw. o godz. 18:00) oraz w soboty o godz. 18:00 (liturgia niedzielna). Msze \u015bw. parafialne o godz. 8:00 pozostaj\u0105 bez zmian.<\/p>\n\n\n\n<div class=\"wp-block-buttons aligncenter is-layout-flex wp-block-buttons-is-layout-flex\">\n<div class=\"wp-block-button\"><a class=\"wp-block-button__link has-white-color has-midnight-gradient-background has-text-color has-background\" href=\"https:\/\/rafalk-elblag.pl\/?page_id=4554\" style=\"border-radius:30px; padding:50px; font-size:20px;\" target=\"_blank\" rel=\"noreferrer noopener\"><strong>PLAN KOL\u0118DY 2022<\/strong><\/a><\/div>\n<\/div>\n\n\n\n<p class=\"has-text-align-left\">KOCHANI! Je\u017celi s\u0105 rodziny lub poszczeg\u00f3lne osoby, kt\u00f3re chcia\u0142yby, aby kol\u0119da odby\u0142a si\u0119 w spos\u00f3b tradycyjny to zapraszamy kap\u0142ana do domu. Mo\u017cna to uczyni\u0107 poprzez z\u0142o\u017cenie wype\u0142nionego zg\u0142oszenia w zakrystii lub na tac\u0119 do 9 stycznia 2022 roku tj. do przysz\u0142ej niedzieli. Plan kol\u0119dy i kartki zg\u0142osze\u0144 wy\u0142o\u017cone s\u0105 na stoliku obok Biuletynu Parafialnego. Zaproszenie kap\u0142ana mo\u017cna te\u017c zg\u0142osi\u0107 w formie telefonicznej pod numer 516 161 688 w godzinach od 19:00 do 20:00 do 9 stycznia (niedziela).<\/p>\n\n\n\n<p class=\"has-text-align-left\"><br>Informujemy, \u017ce obydwaj kap\u0142ani s\u0105 w pe\u0142ni zaszczepieni i na kol\u0119d\u0119 udadz\u0105 si\u0119 od 10 stycznia bez pomocy ministrant\u00f3w. Prosz\u0119 zapozna\u0107 si\u0119 z planem kol\u0119dowym, gdy\u017c z uwagi na pandemi\u0119 ministranci wcze\u015bniej o tym nie poinformuj\u0105.<\/p>\n\n\n\n<p class=\"has-text-align-left\"><br><strong>Kancelaria Parafialna na czas kol\u0119dy czynna b\u0119dzie w soboty od 10:00 do 11:00 lub w sprawach wa\u017cnych bezpo\u015brednio po Mszy \u015bw. o godz. 8:00.<\/strong><\/p>\n\n\n\n<p><\/p>\n\n\n\n<h1 class=\"wp-block-heading\">TRZEJ KR\u00d3LOWIE<\/h1>\n\n\n\n<p><strong>Marco Polo w swoim dzienniku z podr\u00f3\u017cy na Daleki Wsch\u00f3d zapisa\u0142: \u201eJest w Persji miasto Savah, z kt\u00f3rego wyszyli trzej Magowie, kiedy udali si\u0119, aby z\u0142o\u017cy\u0107 pok\u0142on Jezusowi Chrystusowi. W mie\u015bcie tym znajduj\u0105 si\u0119 trzy wspania\u0142e i pot\u0119\u017cne grobowce, w kt\u00f3rych zosta\u0142y z\u0142o\u017cone cia\u0142a Mag\u00f3w. S\u0105 one tak pi\u0119knie zachowane, \u017ce mo\u017cna ogl\u0105da\u0107 ich w\u0142osy i brody\u201d. Archeolodzy biblijni maj\u0105 jednak w\u0105tpliwo\u015bci. Dla nich Trzej Kr\u00f3lowie to wci\u0105\u017c wielka zagadka historii.<\/strong><\/p>\n\n\n\n<p><br>Ewangelia wg \u015bw. Mateusza jest jedyn\u0105, w kt\u00f3rej w og\u00f3le wspomniano o przybyciu do Betlejem trzech tajemniczych M\u0119drc\u00f3w ze Wschodu. \u015aw. Mateusz, opisuj\u0105c to wydarzenie, nie u\u017cy\u0142 okre\u015blenia \u201eTrzej Kr\u00f3lowie\u201d. Dopiero \u015bredniowieczna Europa, w kt\u00f3rej zacz\u0105\u0142 rozwija\u0107 si\u0119 kult trzech dostojnych przybysz\u00f3w, nazwa\u0142a ich kr\u00f3lami. W trzech sekretnych postaciach obdarowuj\u0105cych ma\u0142ego Jezusa z\u0142otem, kadzid\u0142em i mirr\u0105 Europejczycy widzieli symbol wy\u017cszo\u015bci w\u0142adzy Chrystusowej nad w\u0142adz\u0105 ziemsk\u0105. W XV w. kr\u00f3lowie zacz\u0119li reprezentowa\u0107 w\u0142adz\u0119 poszczeg\u00f3lnych kontynent\u00f3w, a poniewa\u017c \u00f3wcze\u015bni ludzie wiedzieli o istnieniu trzech wielkich l\u0105d\u00f3w na Ziemi, Trzech Monarch\u00f3w kumulowa\u0142o w sobie symbolicznie w\u0142adz\u0119 na ca\u0142ej Ziemi. Od tamtego czasu M\u0119drc\u00f3w przedstawia si\u0119 jako przedstawicieli r\u00f3\u017cnych ras oraz przypisuje si\u0119 im imiona: Kacper, Melchior i Baltazar.<\/p>\n\n\n\n<p><br>Tymczasem na Wschodzie, gdzie ma swojej korzenie kult Trzech M\u0119drc\u00f3w, chrze\u015bcijanie postrzegaj\u0105 t\u0119 histori\u0119 w zupe\u0142nie inny spos\u00f3b. Bliskowschodni chrze\u015bcijanie przechowali najstarsz\u0105 wersj\u0119 legendy o Magach (czyli Trzech Kr\u00f3lach). A oto najstarsza z zachowanych legend: Magowie &#8211; zwani przez tamtejsze gminy chrze\u015bcija\u0144skie M\u0119drcami &#8211; wyruszyli z Mezopotamii, kt\u00f3ra w czasie narodzin Jezusa w wi\u0119kszo\u015bci opanowana by\u0142a przez wyznaj\u0105cych mazdaizm Pers\u00f3w. Magowie mogli by\u0107 zatem albo perskimi kap\u0142anami ognia, albo chaldejskimi astrologami. Anio\u0142 przekaza\u0142 im nowin\u0119 o maj\u0105cych nast\u0105pi\u0107 niezwyk\u0142ych narodzinach. Dwunastu mag\u00f3w dotar\u0142o do p\u00f3\u0142nocnej Mezopotamii, opanowanej przez Rzymian. Znalezienie drogi do Betlejem nie by\u0142o wcale proste. Magowie d\u0142ugo b\u0142\u0105dzili, a\u017c zatrzymali si\u0119 w mie\u015bcie Hah. Tam rozdzielili si\u0119: dziewi\u0119ciu pozosta\u0142o na miejscu, a trzech wyruszy\u0142o dalej do Betlejem. Nazwa istniej\u0105cego po dzi\u015b dzie\u0144 miasta Hah ma zwi\u0105zek z Magami. Pochodzi od syryjskiego s\u0142owa nehto oznaczaj\u0105cego spoczynek, a tam w\u0142a\u015bnie odpoczywali.<\/p>\n\n\n\n<p><\/p>\n\n\n\n<figure class=\"wp-block-image\"><a href=\"http:\/\/rafalk-elblag.pl\/wp-content\/uploads\/2021\/08\/ogloszenia-parafialne-baner-01a.jpg\"><img loading=\"lazy\" decoding=\"async\" width=\"720\" height=\"232\" src=\"http:\/\/rafalk-elblag.pl\/wp-content\/uploads\/2021\/08\/ogloszenia-parafialne-baner-01a.jpg\" alt=\"\" class=\"wp-image-4410\" srcset=\"https:\/\/rafalk-elblag.pl\/wp-content\/uploads\/2021\/08\/ogloszenia-parafialne-baner-01a.jpg 720w, https:\/\/rafalk-elblag.pl\/wp-content\/uploads\/2021\/08\/ogloszenia-parafialne-baner-01a-300x97.jpg 300w\" sizes=\"auto, (max-width: 720px) 100vw, 720px\" \/><\/a><\/figure>\n\n\n\n<h1 class=\"wp-block-heading\">Og\u0142oszenia parafialne 02.01.2022r<\/h1>\n\n\n\n<p><strong>1. <\/strong>PROSIMY O ZAMYKANIE DRZWI PRZY WCHODZENIU I WYCHODZENIU Z KO\u015aCIO\u0141A PONIEWA\u017b KO\u015aCI\u00d3\u0141 JEST OGRZEWANY. DZI\u0118KUJEMY.<br><\/p>\n\n\n\n<p><strong>2.<\/strong> Zapraszamy dzisiaj na comiesi\u0119czn\u0105 Adoracj\u0119 Naj\u015bwi\u0119tszego Sakramentu od godz. 16:00 do 18:00. Przyjd\u017a i oddaj Panu Bogu rozpocz\u0119ty Nowy Rok 2022.<br><\/p>\n\n\n\n<p><strong>3.<\/strong> Ofiary sk\u0142adane dzisiaj na tac\u0119 przeznaczone s\u0105 na uregulowanie rachunku za ogrzewanie Ko\u015bcio\u0142a. Dzi\u0119kuj\u0119 za zrozumienie i z\u0142o\u017cone ofiary.<br><\/p>\n\n\n\n<p><strong>4.<\/strong> W czwartek obchodzi\u0107 b\u0119dziemy UROCZYSTO\u015a\u0106 OBJAWIENIA PA\u0143SKIEGO (TRZECH KR\u00d3LI). Msze \u015awi\u0119te w tym dniu o godz. 8:00, 10:00, 12:00 i 18:00. Jest to dzie\u0144 modlitw za misje, dlatego pami\u0119tajmy o misjonarzach pochodz\u0105cych z naszej parafii. Ofiary zbierane do puszek przeznaczone b\u0119d\u0105 na pomoc dla o. Dariusza Maruta CSSp pracuj\u0105cego na Madagaskarze. B\u00f3g zap\u0142a\u0107 za zrozumienie. W tym dniu podczas ka\u017cdej Mszy \u015awi\u0119tej po\u015bwi\u0119cenie kredy i wody, kt\u00f3r\u0105 mo\u017cemy zabra\u0107 do domu.<br><\/p>\n\n\n\n<p><strong>5.<\/strong> W tym tygodniu przypada pierwszy czwartek i pi\u0105tek miesi\u0105ca:<br>\u2022 I czwartek miesi\u0105ca \u2013 zapraszamy na Msz\u0119 \u015bw. o godz. 18:00, a po niej na Adoracj\u0119 Naj\u015bwi\u0119tszego Sakramentu tj. na \u201eGODZIN\u0118 \u015aWI\u0118T\u0104\u201d. Zapraszamy wszystkie \u201eMargaretki\u201d do wsp\u00f3lnej modlitwy.<br>\u2022 I pi\u0105tek miesi\u0105ca (7.01.) zapraszamy do spowiedzi dzieci z klas IV w tygodniu, wed\u0142ug ustalonego porz\u0105dku tj.: poniedzia\u0142ek od godz. 17:30 klasa IVA, wtorek od godz. 17:30 klasa IVB \u015broda od godz. 17:30 klasa IVC, czwartek od godz. 17:30 klasa IVD i w pi\u0105tek od godz. 16:00 pozosta\u0142e dzieci z innych klas. Msza \u015bw. dla wszystkich dzieci w I pi\u0105tek 7 listopada o godz. 16:30. Natomiast spowied\u017a dla doros\u0142ych i m\u0142odzie\u017cy od godz. 17:30. Msza \u015bw. Wotywna o Naj\u015bwi\u0119tszym Sercu Jezusa o godz. 18:00<br><\/p>\n\n\n\n<p><strong>6.<\/strong> W pierwszy pi\u0105tek miesi\u0105ca (7. 01.) z Panem Jezusem udamy si\u0119 do chorych od godz. 9:30.<br><\/p>\n\n\n\n<p><strong>7.<\/strong> PRZYPOMINAMY \u2013 \u017ce od 1 stycznia 2022 roku ulega zmianie uk\u0142ad Mszy \u015awi\u0119tych Niedzielnych. Msze \u015bw. sprawowane b\u0119d\u0105 o godz. 8:00, 10:00, 12:00, 15:00 i 18:00.<br>Msze \u015bw. w dni powszechne pozostaj\u0105 bez zmian.<br><\/p>\n\n\n\n<p><strong>8.<\/strong> Tegoroczne Wizyty duszpasterskie rozpoczniemy od 10 stycznia 2022r. od ul. Og\u00f3lnej, Lubelskiej i Porazi\u0144skiej. Z powodu epidemii KOL\u0118DA sk\u0142ada\u0107 si\u0119 b\u0119dzie z dw\u00f3ch cz\u0119\u015bci. Pierwsza cz\u0119\u015b\u0107 to nasze spotkanie w KO\u015aCIELE na Mszy \u015bw. o godz. 15:00 zako\u0144czonej SPECJALNYM B\u0141OGOS\u0141AWIE\u0143STWEM. Druga cz\u0119\u015b\u0107 to modlitwa i po\u015bwiecenie domu przez zaproszonego kap\u0142ana lub przez jednego z cz\u0142onk\u00f3w rodziny. Pozosta\u0142e informacje zawiera dodatkowa kartka z planem Wizyty Duszpasterskiej. W trzecim roku realizacji programu (2021\/2022) koncentrujemy si\u0119 na sprawowaniu EUCHARYSTII, st\u0105d tegoroczne has\u0142o duszpasterskie: \u201ePOS\u0141ANI W POKOJU CHRYSTUSA\u201d. Niech Msza \u015bw. stanie si\u0119 dla nas na nowo \u017ar\u00f3d\u0142em szczeg\u00f3lnej \u0142aski umocnienia wiary, nadziei i mi\u0142o\u015bci w naszych rodzinach.<br><\/p>\n\n\n\n<p><strong>9.<\/strong> Zach\u0119cam do nabywania nowego numeru \u201eGo\u015bcia Niedzielnego\u201d w cenie 8 z\u0142 z dodatkiem \u201eGo\u015b\u0107 Elbl\u0105ski.<br><\/p>\n\n\n\n<p><strong>10.<\/strong> Pan powo\u0142a\u0142 do wieczno\u015bci: <\/p>\n\n\n\n<p><strong>\u2020 \u015bp. Kazimierza BAZUKIEWICZA <\/strong>lat 83 z ul. Porazi\u0144skiej<br><strong>\u2020 \u015bp. Ryszarda OBSZA\u0143SKIEGO <\/strong>lat 72 z ul. Broniewskiego<br><strong>\u2020 \u015bp. Lecha NOSALSKI EGO<\/strong> lat 75 z ul. Korczaka<br><\/p>\n\n\n\n<p>Wieczny odpoczynek racz im da\u0107 Panie! A \u015bwiat\u0142o\u015b\u0107 wiekuista niechaj im \u015bwieci.<\/p>\n\n\n\n<figure class=\"wp-block-image\"><img decoding=\"async\" src=\"http:\/\/rafalk-elblag.pl\/wp-content\/uploads\/2020\/04\/baner-intencje-mszy.jpg\" alt=\"\"\/><\/figure>\n\n\n\n<h1 class=\"wp-block-heading\">Intencje mszalne 02.01.2022r<\/h1>\n\n\n\n<p><strong>PONIEDZIA\u0141EK \/ 3 stycznia 2022 r. \/ Naj\u015bwi\u0119tszego Imienia Jezus<\/strong><br>8.00<br>18.00 \u2020 Apoloniusz KOMUDA w 8 rocznic\u0119 \u015bmierci, zmarli rodzice oraz rodze\u0144stwo z obojga stron<br><\/p>\n\n\n\n<p><strong>WTOREK \/ 4 stycznia 2022 r.<\/strong><br>8.00<br>18.00<br><\/p>\n\n\n\n<p><strong>\u015aRODA \/ 5 stycznia 2022 r.<\/strong><br>8.00 Dzi\u0119kczynna za otrzymane \u0142aski z pro\u015bb\u0105 o dalsz\u0105 opiek\u0119 i Bo\u017ce b\u0142ogos\u0142awie\u0144stwo dla Jadwigi RO\u017bENTALSKIEJ<br>18.00 \u2020 Jan PRZEDWOJEWSKI w 3 rocznic\u0119 \u015bmierci, Krystyna i Gra\u017cyna<br><\/p>\n\n\n\n<p><strong>CZWARTEK \/ 6 stycznia 2022 r. \/ Uroczysto\u015b\u0107 Objawienia Pa\u0144skiego \/ I-czwartek<\/strong><br>8.00 Za wsp\u00f3lnot\u0119 \u201ePRZEMIENIENIE\u201d<br>10.00 \u2020 Bronis\u0142aw MALINOWSKI w 3 rocznic\u0119 \u015bmierci<br>12.00 W intencji Parafian \/ ofiarodawc\u00f3w naszej \u015bwi\u0105tyni<br>18.00 \u2020 Edward MA\u0141YSZKO w 1 rocznic\u0119 \u015bmierci i rodzice z obojga stron<br><\/p>\n\n\n\n<p><strong>PI\u0104TEK \/ 7 stycznia 2022 r. \/ I-pi\u0105tek<\/strong><br>8.00 \u2020 Krystyna KAMI\u0143SKA w 8 rocznic\u0119 \u015bmierci<br>16.30 W intencji czcicieli Naj\u015bwi\u0119tszego Serca Pana Jezusa<br>18.00 \u2020 Ignacy ROKOWSKI w 11 miesi\u0105c po pogrzebie<br><\/p>\n\n\n\n<p><strong>SOBOTA \/ 8 stycznia 2022 r.<\/strong><br>8.00<br>18.00<br><\/p>\n\n\n\n<p><strong>Niedziela Chrztu Pa\u0144skiego \/ 9 stycznia 2022 r.<\/strong><br>8.00 O Bo\u017ce b\u0142ogos\u0142awie\u0144stwo dla Nikodema i ca\u0142ej Jego rodziny, Agnieszki i ca\u0142ej rodziny zakonnej oraz o szcz\u0119\u015bliwe rozwi\u0105zanie dla Magdaleny<br>10.00 \u2020 Stanis\u0142aw (m) WASZAK w 14 rocznic\u0119 \u015bmierci i zmarli z rodziny<br>12.00 W intencji Parafian \/ ofiarodawc\u00f3w naszej \u015bwi\u0105tyni<br>15.00 \u2020 Jadwiga \u0141ASTOWSKA w 1 rocznic\u0119 \u015bmierci i Micha\u0142 \u0141ASTOWSKI<br>18.00 \u2020 Jadwiga i Teofil oraz zmarli rodzice z obojga stron<\/p>\n","protected":false},"excerpt":{"rendered":"<p>Ewangelia (J 1, 1-5. 9-14)S\u0142owo sta\u0142o si\u0119 cia\u0142em i zamieszka\u0142o mi\u0119dzy nami S\u0142owa Ewangelii wed\u0142ug \u015awi\u0119tego Jana Na pocz\u0105tku by\u0142o S\u0142owo, a S\u0142owo by\u0142o u Boga, i Bogiem by\u0142o S\u0142owo. Ono by\u0142o na pocz\u0105tku u Boga. Wszystko przez Nie si\u0119 sta\u0142o, a bez Niego nic si\u0119 nie sta\u0142o, z tego, co si\u0119 sta\u0142o. W Nim [&hellip;]<\/p>\n","protected":false},"author":1,"featured_media":4547,"comment_status":"closed","ping_status":"closed","sticky":false,"template":"","format":"standard","meta":{"ngg_post_thumbnail":0,"footnotes":""},"categories":[11,8,4,3],"tags":[],"class_list":["post-4545","post","type-post","status-publish","format-standard","has-post-thumbnail","hentry","category-aktualnosci","category-blog","category-intencje","category-ogloszenia"],"_links":{"self":[{"href":"https:\/\/rafalk-elblag.pl\/index.php?rest_route=\/wp\/v2\/posts\/4545","targetHints":{"allow":["GET"]}}],"collection":[{"href":"https:\/\/rafalk-elblag.pl\/index.php?rest_route=\/wp\/v2\/posts"}],"about":[{"href":"https:\/\/rafalk-elblag.pl\/index.php?rest_route=\/wp\/v2\/types\/post"}],"author":[{"embeddable":true,"href":"https:\/\/rafalk-elblag.pl\/index.php?rest_route=\/wp\/v2\/users\/1"}],"replies":[{"embeddable":true,"href":"https:\/\/rafalk-elblag.pl\/index.php?rest_route=%2Fwp%2Fv2%2Fcomments&post=4545"}],"version-history":[{"count":12,"href":"https:\/\/rafalk-elblag.pl\/index.php?rest_route=\/wp\/v2\/posts\/4545\/revisions"}],"predecessor-version":[{"id":4573,"href":"https:\/\/rafalk-elblag.pl\/index.php?rest_route=\/wp\/v2\/posts\/4545\/revisions\/4573"}],"wp:featuredmedia":[{"embeddable":true,"href":"https:\/\/rafalk-elblag.pl\/index.php?rest_route=\/wp\/v2\/media\/4547"}],"wp:attachment":[{"href":"https:\/\/rafalk-elblag.pl\/index.php?rest_route=%2Fwp%2Fv2%2Fmedia&parent=4545"}],"wp:term":[{"taxonomy":"category","embeddable":true,"href":"https:\/\/rafalk-elblag.pl\/index.php?rest_route=%2Fwp%2Fv2%2Fcategories&post=4545"},{"taxonomy":"post_tag","embeddable":true,"href":"https:\/\/rafalk-elblag.pl\/index.php?rest_route=%2Fwp%2Fv2%2Ftags&post=4545"}],"curies":[{"name":"wp","href":"https:\/\/api.w.org\/{rel}","templated":true}]}}