{"id":4539,"date":"2021-12-26T11:41:23","date_gmt":"2021-12-26T11:41:23","guid":{"rendered":"http:\/\/rafalk-elblag.pl\/?p=4539"},"modified":"2021-12-26T11:41:23","modified_gmt":"2021-12-26T11:41:23","slug":"biuletyn-26-12-2021-niedziela-swietej-rodziny","status":"publish","type":"post","link":"https:\/\/rafalk-elblag.pl\/?p=4539","title":{"rendered":"Biuletyn 26.12.2021, Niedziela \u015awi\u0119tej Rodziny"},"content":{"rendered":"<p><a href=\"http:\/\/rafalk-elblag.pl\/wp-content\/uploads\/2021\/12\/boze-narodzenie-ikona.jpg\"><img loading=\"lazy\" decoding=\"async\" class=\"alignnone wp-image-4501 size-full\" src=\"http:\/\/rafalk-elblag.pl\/wp-content\/uploads\/2021\/12\/boze-narodzenie-ikona.jpg\" alt=\"\" width=\"780\" height=\"780\"><\/a><\/p>\n<h1>Ewangelia (\u0141k 2, 41-52)<br \/>\nRodzice znajduj\u0105 Jezusa w \u015bwi\u0105tyni<\/h1>\n<p><strong>S\u0142owa Ewangelii wed\u0142ug \u015awi\u0119tego \u0141ukasza<\/strong><\/p>\n<p>Rodzice Jezusa chodzili co roku do Jeruzalem na \u015awi\u0119to Paschy. Gdy mia\u0142 lat dwana\u015bcie, udali si\u0119 tam zwyczajem \u015bwi\u0105tecznym. Kiedy wracali po sko\u0144czonych uroczysto\u015bciach, zosta\u0142 m\u0142ody Jezus w Jerozolimie, a tego nie zauwa\u017cyli Jego Rodzice. Przypuszczaj\u0105c, \u017ce jest w\u015br\u00f3d p\u0105tnik\u00f3w, uszli dzie\u0144 drogi i szukali Go mi\u0119dzy krewnymi i znajomymi. Gdy Go nie znale\u017ali, wr\u00f3cili do Jeruzalem, szukaj\u0105c Go.<\/p>\n<p>Dopiero po trzech dniach odnale\u017ali Go w \u015bwi\u0105tyni, gdzie siedzia\u0142 mi\u0119dzy nauczycielami, przys\u0142uchiwa\u0142 si\u0119 im i zadawa\u0142 pytania. Wszyscy za\u015b, kt\u00f3rzy Go s\u0142uchali, byli zdumieni bystro\u015bci\u0105 Jego umys\u0142u i odpowiedziami.<\/p>\n<p>Na ten widok zdziwili si\u0119 bardzo, a Jego Matka rzek\u0142a do Niego: \u00abSynu, czemu nam to uczyni\u0142e\u015b? Oto ojciec Tw\u00f3j i ja z b\u00f3lem serca szukali\u015bmy Ciebie\u00bb. Lecz on im odpowiedzia\u0142: \u00abCzemu Mnie szukali\u015bcie? Czy nie wiedzieli\u015bcie, \u017ce powinienem by\u0107 w tym, co nale\u017cy do mego Ojca?\u00bb Oni jednak nie zrozumieli tego, co im powiedzia\u0142.<\/p>\n<p>Potem poszed\u0142 z nimi i wr\u00f3ci\u0142 do Nazaretu; i by\u0142 im poddany. A Matka Jego chowa\u0142a wiernie wszystkie te sprawy w swym sercu. Jezus za\u015b czyni\u0142 post\u0119py w m\u0105dro\u015bci, w latach i w \u0142asce u Boga i u ludzi.<\/p>\n<p>&nbsp;<\/p>\n<h1>RODZINA<\/h1>\n<p><strong>Po Bo\u017cym Narodzeniu liturgia zach\u0119ca nas do spojrzenia na \u015awi\u0119t\u0105 Rodzin\u0119, Jezusa, Mari\u0119 i J\u00f3zefa. Wspaniale jest zastanowi\u0107 si\u0119 nad tym, \u017ce Syn Bo\u017cy, podobnie jak wszystkie dzieci, potrzebowa\u0142 ciep\u0142a rodziny. W\u0142a\u015bnie dlatego rodzina z Nazaretu jest rodzin\u0105 wzorcow\u0105, w kt\u00f3rej wszystkie rodziny \u015bwiata mog\u0105 znale\u017a\u0107 pewny punkt odniesienia oraz inspiracj\u0119.<\/strong><\/p>\n<p>W Nazarecie rozpocz\u0119\u0142o si\u0119 ludzkie \u017cycie Syna Bo\u017cego, kiedy zosta\u0142 pocz\u0119ty przez Ducha \u015awi\u0119tego w dziewiczym \u0142onie Maryi. W go\u015bcinnych murach domu w Nazarecie dzieci\u0144stwo Jezusa przebiega\u0142o w rado\u015bci, otoczone macierzy\u0144sk\u0105 opiek\u0105 Maryi i trosk\u0105 J\u00f3zefa, w kt\u00f3rym Jezus m\u00f3g\u0142 widzie\u0107 czu\u0142o\u015b\u0107 Boga. Na wz\u00f3r \u015awi\u0119tej Rodziny, jeste\u015bmy powo\u0142ani do ponownego odkrycia wychowawczej warto\u015bci rodziny: musi by\u0107 ona oparta na mi\u0142o\u015bci, kt\u00f3ra nieustannie odnawia relacje i otwiera perspektywy nadziei.<\/p>\n<p>W rodzinie mo\u017cna do\u015bwiadczy\u0107 szczerej komunii, gdy jest ona domem modlitwy, gdy mi\u0142o\u015b\u0107 jest prawdziwa, g\u0142\u0119boka i czysta, gdy przebaczenie przewa\u017ca nad niezgod\u0105, gdy codzienna chropowato\u015b\u0107 \u017cycia jest \u0142agodzona przez wzajemn\u0105 czu\u0142o\u015b\u0107 i pogodn\u0105 akceptacj\u0119 woli Boga. W ten spos\u00f3b rodzina otwiera si\u0119 na rado\u015b\u0107, kt\u00f3r\u0105 B\u00f3g daje tym wszystkim, kt\u00f3rzy potrafi\u0105 dawa\u0107 z rado\u015bci\u0105.<\/p>\n<p>R\u00f3wnocze\u015bnie odnajduje duchow\u0105 energi\u0119, by otworzy\u0107 si\u0119 na \u015bwiat zewn\u0119trzny, na innych, na s\u0142u\u017cb\u0119 braciom, na wsp\u00f3\u0142prac\u0119 w budowaniu coraz to nowego i lepszego \u015bwiata; zdolna zatem sta\u0107 si\u0119 no\u015bnikiem pozytywnych bod\u017ac\u00f3w. Rodzina ewangelizuje przyk\u0142adem \u017cycia. Poza tym, w rodzinie s\u0105 trzy s\u0142owa, kt\u00f3rych nale\u017cy zawsze strzec: \u201eprosz\u0119\u201d, \u201edzi\u0119kuj\u0119\u201d i \u201eprzepraszam\u201d. \u201eProsz\u0119\u201d \u2013 aby nie narzuca\u0107 si\u0119 innym. \u201eProsz\u0119\u201d, czy mog\u0119 co\u015b zrobi\u0107, czy s\u0105dzisz, \u017ce m\u00f3g\u0142bym ci co\u015b zrobi\u0107? \u201eProsz\u0119\u201d, nigdy si\u0119 nie narzucaj\u0105c. \u201eProsz\u0119\u201d \u2013 to pierwsze s\u0142owo. \u201eDzi\u0119kuj\u0119\u201d.<\/p>\n<p>W rodzinie tak cz\u0119sto pomagamy sobie, s\u0142u\u017cymy. Zawsze dzi\u0119kujmy. Wdzi\u0119czno\u015b\u0107 jest krwi\u0105 p\u0142yn\u0105c\u0105 w szlachetnej duszy. \u201eDzi\u0119kuj\u0119\u201d. I wreszcie, najtrudniejsze do wypowiedzenia: \u201eprzepraszam\u201d. Bo wci\u0105\u017c robimy z\u0142e rzeczy i wielokrotnie kto\u015b czuje si\u0119 ura\u017cony. Wi\u0119c: \u201ewybacz mi, przepraszam\u201d. Nie zapominajcie o tych trzech s\u0142owach: \u201eprosz\u0119\u201d, \u201edzi\u0119kuj\u0119\u201d, \u201eprzepraszam\u201d. Je\u015bli w rodzinie, w rodzinnym \u015brodowisku s\u0105 obecne te trzy s\u0142owa, rodzina ma si\u0119 dobrze.<\/p>\n<p>W pi\u0105tek 19 marca 2021 r. rozpocz\u0105\u0142 si\u0119 ustanowiony przez Papie\u017ca Franciszka Roku Rodziny Amoris Laetitia, kt\u00f3ry potrwa do 26 czerwca 2022 r. i zako\u0144czy si\u0119 podczas X Spotkania Rodzin w Rzymie.<\/p>\n<p>Papie\u017c do Polak\u00f3w o rozpocz\u0119ciu obchod\u00f3w Roku Rodziny \u201eAmoris laetitia\u201d:<\/p>\n<p><em>Niech Maryja, Kr\u00f3lowa Polski wyprasza wszystkim dar pi\u0119knej mi\u0142o\u015bci, by fundamentem waszych rodzin by\u0142a ewangeliczna wizja ma\u0142\u017ce\u0144stwa, wzajemne zrozumienie i szacunek dla \u017cycia ludzkiego \u2013 powiedzia\u0142 papie\u017c Franciszek w pozdrowieniach do Polak\u00f3w podczas audiencji generalnej w Watykanie.<\/em><\/p>\n<p>&nbsp;<br \/>\n<a href=\"http:\/\/rafalk-elblag.pl\/wp-content\/uploads\/2021\/08\/ogloszenia-parafialne-baner-01a.jpg\"><img loading=\"lazy\" decoding=\"async\" class=\"alignnone size-full wp-image-4410\" src=\"http:\/\/rafalk-elblag.pl\/wp-content\/uploads\/2021\/08\/ogloszenia-parafialne-baner-01a.jpg\" alt=\"\" width=\"720\" height=\"232\" srcset=\"https:\/\/rafalk-elblag.pl\/wp-content\/uploads\/2021\/08\/ogloszenia-parafialne-baner-01a.jpg 720w, https:\/\/rafalk-elblag.pl\/wp-content\/uploads\/2021\/08\/ogloszenia-parafialne-baner-01a-300x97.jpg 300w\" sizes=\"auto, (max-width: 720px) 100vw, 720px\" \/><\/a><\/p>\n<h1>Og\u0142oszenia parafialne 26.12.2021r<\/h1>\n<p>1. PROSIMY O ZAMYKANIE DRZWI PRZY WCHODZENIU I WYCHODZENIU Z KO\u015aCIO\u0141A PONIEWA\u017b KO\u015aCI\u00d3\u0141 JEST OGRZEWANY. DZI\u0118KUJEMY.<\/p>\n<p>2. Dzi\u0119kuj\u0119 tym wszystkim, kt\u00f3rzy w\u0142\u0105czyli si\u0119 w przygotowanie naszego Ko\u015bcio\u0142a do \u015awi\u0105t Bo\u017cego Narodzenia. Szczeg\u00f3lne wyrazy wdzi\u0119czno\u015bci sk\u0142adam panu Zbigniewowi Kimso i Ko\u015bcielnym &#8211; panu Edmundowi i Zbigniewowi oraz wszystkim kt\u00f3rzy po\u015bwiecili sw\u00f3j czas. B\u00f3g zap\u0142a\u0107.<\/p>\n<p>3. W drugi dzie\u0144 \u015bwi\u0105t, taca przeznaczona jest na KATOLICKI UNIWERSYTET LUBELSKI oraz na Wy\u017csze Seminarium Duchowne Diecezji Elbl\u0105skiej, gdzie studiuj\u0105 nasi klerycy Krzysztof Lewandowski i Amadeusz Babiel. B\u00f3g zap\u0142a\u0107 za z\u0142o\u017cone ofiary.<br \/>\nMsze \u015bw. w tym dniu o godz. 7:00, 9:00, 10:30, 12:00, 15:00 i o godz. 18:00.<\/p>\n<p>4. Trwa Oktawa Narodzenia Pa\u0144skiego, kt\u00f3ra jest przed\u0142u\u017ceniem rado\u015bci wierz\u0105cych z przyj\u015bcia na \u015bwiat Syna Bo\u017cego. Zapraszamy na Msze \u015bw. o godz. 8:00 i 18:00.<\/p>\n<p>5. Parafian, kt\u00f3rzy pragn\u0105 podzi\u0119kowa\u0107 za ko\u0144cz\u0105cy si\u0119 ROK 2021 zapraszamy na godz. 17:00 w pi\u0105tek (31 grudnia) na nabo\u017ce\u0144stwo dzi\u0119kczynno-przeb\u0142agalne przed Naj\u015bwi\u0119tszym Sakramentem oraz na Msz\u0119 \u015bw. o godz.18:00.<\/p>\n<p>6. W sobot\u0119 Nowy Rok. Ko\u015bci\u00f3\u0142 obchodzi Uroczysto\u015b\u0107 \u015awi\u0119tej Bo\u017cej Rodzicielki Maryi. Jest to \u015awiatowy Dzie\u0144 Modlitw o Pok\u00f3j. Uwaga &#8211; pierwsza Msza \u015bw. w tym dniu o godz. 8:00, a nast\u0119pne o godz. 10:00, 12:00 i 18:00.<\/p>\n<p>7. W tym tygodniu przypada pierwsza sobota miesi\u0105ca:<br \/>\n\u2022 w pierwsz\u0105 sobot\u0119 o godz. 17:00 zapraszamy na NABO\u017bE\u0143STWO WYNAGRADZAJ\u0104CE ZA BLU\u0179NIERSTWA, PRZEZ KT\u00d3RE USI\u0141UJE SI\u0118 WPOI\u0106 W SERCA DZIECI OBOJ\u0118TNO\u015a\u0106, WZGARD\u0118 I NIENAWI\u015a\u0106 WOBEC MARYI.<br \/>\nNabo\u017ce\u0144stwo odb\u0119dzie w ramach pierwszych pi\u0119ciu sob\u00f3t miesi\u0105ca.<\/p>\n<p>8. Za tydzie\u0144 comiesi\u0119czna Adoracja Naj\u015bwi\u0119tszego Sakramentu od godz. 16:00 do 18:00. Przyjd\u017a i oddaj Panu Bogu rozpocz\u0119ty Nowy Rok 2022.<\/p>\n<p>9. PRZYPOMINAM \u2013 \u017ce od Nowego Roku 2022 ulega zmianie uk\u0142ad Mszy \u015awi\u0119tych Niedzielnych. Msze \u015bw. sprawowane b\u0119d\u0105 o godz. 8:00, 10:00, 12:00, 15:00 i 18:00.<br \/>\nMsze \u015bw. w dni powszechne pozostaj\u0105 bez zmian.<\/p>\n<p>10. Kancelaria Parafialna w tym tygodniu, b\u0119dzie czynna tylko w \u015brod\u0119 od godz. 16:00 do 17:30. Zapraszamy.<\/p>\n<p>11. Wszystkim Jubilatom i Solenizantom tego tygodnia \u017cyczymy wielu \u0142ask Bo\u017cych i opieki Matki Bo\u017cej Szkaplerznej.<\/p>\n<p>12. Za tydzie\u0144 ofiary z\u0142o\u017cone na tac\u0119 przeznaczone b\u0119d\u0105 uregulowanie rachunku za ogrzewanie Ko\u015bcio\u0142a. Dzi\u0119kuj\u0119 za zrozumienie i z\u0142o\u017cone ofiary.<br \/>\n&nbsp;<\/p>\n<p><img decoding=\"async\" src=\"http:\/\/rafalk-elblag.pl\/wp-content\/uploads\/2020\/04\/baner-intencje-mszy.jpg\"><\/p>\n<h1>Intencje mszalne 26.12.2021r<\/h1>\n<p><strong>PONIEDZIA\u0141EK \/ 27 grudnia 2021r.<\/strong><br \/>\n\u015aWI\u0118TO \u015aW. JANA APOSTO\u0141A I EWANGELISTY<br \/>\n8.00 \u015bp. Marta i Pawe\u0142 SZWEDA<br \/>\n18.00 \u015bp. Adam ZIELI\u0143SKI w 7 rocznic\u0119 \u015bmierci<\/p>\n<p><strong>WTOREK \/ 28 grudnia 2021r.<\/strong><br \/>\n<strong>\u015aWI\u0118TO \u015aWI\u0118TYCH M\u0141ODZIANK\u00d3W M\u0118CZENNIK\u00d3W<\/strong><br \/>\n8.00<br \/>\n18.00 \u015bp. Bronis\u0142aw SOSNOWSKI w 1 rocznic\u0119 \u015bmierci<br \/>\n18.00 Dzi\u0119kczynna w 60 rocznic\u0119 \u015blubu Genowefy i Stanis\u0142awa SZWEDA z pro\u015bb\u0105 o Bo\u017ce b\u0142ogos\u0142awie\u0144stwo i potrzebne \u0142aski dla DIAMENTOWYCH JUBILAT\u00d3W<\/p>\n<p><strong>\u015aRODA \/ 29 grudnia 2021r.<\/strong><br \/>\n8.00 Dzi\u0119kczynna w dniu 11 urodzin Zuzanny WI\u015aNIEWSKIEJ z pro\u015bba o zdrowie, Bo\u017ce b\u0142ogos\u0142awie\u0144stwo, potrzebne \u0142aski i opiek\u0119 Matki Bo\u017cej<br \/>\n18.00 \u015bp. Jan PRZEWORSKI i zmar\u0142ych rodzic\u00f3w Albina(k) i Tadeusz LESZCZY\u0143SCY<\/p>\n<p><strong>CZWARTEK \/ 30 grudnia 2021r. \/<\/strong><br \/>\n8.00 Dzi\u0119kczynna z okazji imienin Eugeniusza WILE\u0143SKIEGO z pro\u015bba o zdrowie, potrzebne \u0142aski i Bo\u017ce b\u0142ogos\u0142awie\u0144stwo na kolejne dni<br \/>\n18.00 \u015bp. Marta SZYD\u0141OWSKA w 16 rocz. \u015bmierci, \u015bp. Maksymilian SZYD\u0141OWSKI w 35 rocz. \u015bmierci<\/p>\n<p><strong>PI\u0104TEK \/ 31 grudnia 2021r. \/ SYLWESTER<\/strong><br \/>\n8.00<br \/>\n18.00 W intencji Parafian &#8211; Msza \u015bw. \u2013 dzi\u0119kczynno &#8211; przeb\u0142agalna<\/p>\n<p><strong>SOBOTA \/ 1 stycznia 2022r.<\/strong><br \/>\n<strong>UROCZYSTO\u015a\u0106 \u015aWI\u0118TEJ BO\u017bEJ RODZICIELKI MARYI<\/strong><br \/>\n8.00 O Bo\u017ce b\u0142ogos\u0142awie\u0144stwo potrzebne \u0142aski, opiek\u0119 Matki Bo\u017cej dla Mieczys\u0142awa LENCKOWSKIEGO w dniu urodzin i imienin \u2013 intencja od zony i rodziny<br \/>\n10.00 Dzi\u0119kczynna za wszelkie otrzymane \u0142aski z pro\u015bb\u0105 o dalsz\u0105 opiek\u0119 i Bo\u017ce b\u0142ogos\u0142awie\u0144stwo w Nowym Roku dla rodzin JANKOWSKICH I GRABOWSKICH<br \/>\n12.00 Za parafian<br \/>\n18.00 W intencji \u017bYWEGO R\u00d3\u017bANCA &#8211; pierwsza sobota miesi\u0105ca<\/p>\n<p><strong>NIEDZIELA \/ 2 stycznia 2022r.<\/strong><br \/>\n8.00 \u015bp. Stanis\u0142aw i Stefania(k) \u017bUROMSCY<br \/>\n10.00 Rez.<br \/>\n12.00 W intencji Parafian<br \/>\n15.00 Rez.<br \/>\n18.00 Dzi\u0119kczynna za otrzymane \u0142aski w minionym roku<\/p>\n","protected":false},"excerpt":{"rendered":"<p>Ewangelia (\u0141k 2, 41-52) Rodzice znajduj\u0105 Jezusa w \u015bwi\u0105tyni S\u0142owa Ewangelii wed\u0142ug \u015awi\u0119tego \u0141ukasza Rodzice Jezusa chodzili co roku do Jeruzalem na \u015awi\u0119to Paschy. Gdy mia\u0142 lat dwana\u015bcie, udali si\u0119 tam zwyczajem \u015bwi\u0105tecznym. Kiedy wracali po sko\u0144czonych uroczysto\u015bciach, zosta\u0142 m\u0142ody Jezus w Jerozolimie, a tego nie zauwa\u017cyli Jego Rodzice. Przypuszczaj\u0105c, \u017ce jest w\u015br\u00f3d p\u0105tnik\u00f3w, uszli [&hellip;]<\/p>\n","protected":false},"author":1,"featured_media":4540,"comment_status":"closed","ping_status":"closed","sticky":false,"template":"","format":"standard","meta":{"ngg_post_thumbnail":0,"footnotes":""},"categories":[11,8,4,3],"tags":[],"class_list":["post-4539","post","type-post","status-publish","format-standard","has-post-thumbnail","hentry","category-aktualnosci","category-blog","category-intencje","category-ogloszenia"],"_links":{"self":[{"href":"https:\/\/rafalk-elblag.pl\/index.php?rest_route=\/wp\/v2\/posts\/4539","targetHints":{"allow":["GET"]}}],"collection":[{"href":"https:\/\/rafalk-elblag.pl\/index.php?rest_route=\/wp\/v2\/posts"}],"about":[{"href":"https:\/\/rafalk-elblag.pl\/index.php?rest_route=\/wp\/v2\/types\/post"}],"author":[{"embeddable":true,"href":"https:\/\/rafalk-elblag.pl\/index.php?rest_route=\/wp\/v2\/users\/1"}],"replies":[{"embeddable":true,"href":"https:\/\/rafalk-elblag.pl\/index.php?rest_route=%2Fwp%2Fv2%2Fcomments&post=4539"}],"version-history":[{"count":1,"href":"https:\/\/rafalk-elblag.pl\/index.php?rest_route=\/wp\/v2\/posts\/4539\/revisions"}],"predecessor-version":[{"id":4542,"href":"https:\/\/rafalk-elblag.pl\/index.php?rest_route=\/wp\/v2\/posts\/4539\/revisions\/4542"}],"wp:featuredmedia":[{"embeddable":true,"href":"https:\/\/rafalk-elblag.pl\/index.php?rest_route=\/wp\/v2\/media\/4540"}],"wp:attachment":[{"href":"https:\/\/rafalk-elblag.pl\/index.php?rest_route=%2Fwp%2Fv2%2Fmedia&parent=4539"}],"wp:term":[{"taxonomy":"category","embeddable":true,"href":"https:\/\/rafalk-elblag.pl\/index.php?rest_route=%2Fwp%2Fv2%2Fcategories&post=4539"},{"taxonomy":"post_tag","embeddable":true,"href":"https:\/\/rafalk-elblag.pl\/index.php?rest_route=%2Fwp%2Fv2%2Ftags&post=4539"}],"curies":[{"name":"wp","href":"https:\/\/api.w.org\/{rel}","templated":true}]}}