{"id":4530,"date":"2021-12-18T17:00:18","date_gmt":"2021-12-18T17:00:18","guid":{"rendered":"http:\/\/rafalk-elblag.pl\/?p=4530"},"modified":"2021-12-20T08:03:03","modified_gmt":"2021-12-20T08:03:03","slug":"biuletyn-19-12-2021-iv-niedziela-adwentu","status":"publish","type":"post","link":"https:\/\/rafalk-elblag.pl\/?p=4530","title":{"rendered":"Biuletyn 19.12.2021, IV Niedziela Adwentu"},"content":{"rendered":"<p><a href=\"http:\/\/rafalk-elblag.pl\/wp-content\/uploads\/2021\/12\/baner-191221.jpg\"><img loading=\"lazy\" decoding=\"async\" class=\"alignnone wp-image-4501 size-full\" src=\"http:\/\/rafalk-elblag.pl\/wp-content\/uploads\/2021\/12\/baner-191221.jpg\" alt=\"\" width=\"780\" height=\"525\"><\/a><\/p>\n<h1>Ewangelia (\u0141k 1, 39-45)<br \/>\nMaryja jest Matk\u0105 oczekiwanego Mesjasza<\/h1>\n<p><strong>S\u0142owa Ewangelii wed\u0142ug \u015awi\u0119tego \u0141ukasza<\/strong><\/p>\n<p>W tym czasie Maryja wybra\u0142a si\u0119 i posz\u0142a z po\u015bpiechem w g\u00f3ry do pewnego miasta w ziemi Judy. Wesz\u0142a do domu Zachariasza i pozdrowi\u0142a El\u017cbiet\u0119.<\/p>\n<p>Gdy El\u017cbieta us\u0142ysza\u0142a pozdrowienie Maryi, poruszy\u0142o si\u0119 dzieci\u0105tko w jej \u0142onie, a Duch \u015awi\u0119ty nape\u0142ni\u0142 El\u017cbiet\u0119. Wyda\u0142a ona g\u0142o\u015bny okrzyk i powiedzia\u0142a: \u00abB\u0142ogos\u0142awiona jeste\u015b mi\u0119dzy niewiastami i b\u0142ogos\u0142awiony jest owoc Twojego \u0142ona. A sk\u0105d\u017ce mi to, \u017ce Matka mojego Pana przychodzi do mnie? Oto bowiem, skoro g\u0142os Twego pozdrowienia zabrzmia\u0142 w moich uszach, poruszy\u0142o si\u0119 z rado\u015bci dzieci\u0105tko w moim \u0142onie. B\u0142ogos\u0142awiona jest, kt\u00f3ra uwierzy\u0142a, \u017ce spe\u0142ni\u0105 si\u0119 s\u0142owa powiedziane Jej od Pana\u00bb.<\/p>\n<p>&nbsp;<\/p>\n<h1>REKOLEKCJE ADWENTOWE<\/h1>\n<p><iframe loading=\"lazy\" title=\"Rekolekcje Adwentowe 2021 - Dzie\u0144 1 -  Parafia Rafa\u0142a Kalinowskiego w Elbl\u0105gu\" width=\"900\" height=\"506\" src=\"https:\/\/www.youtube.com\/embed\/ii0nXF2nwXg?feature=oembed\" frameborder=\"0\" allow=\"accelerometer; autoplay; clipboard-write; encrypted-media; gyroscope; picture-in-picture\" allowfullscreen><\/iframe><\/p>\n<p><iframe loading=\"lazy\" title=\"Rekolekcje Adwentowe 2021 - Dzie\u0144 2 - Parafia Rafa\u0142a Kalinowskiego w Elbl\u0105gu\" width=\"900\" height=\"506\" src=\"https:\/\/www.youtube.com\/embed\/RJ_1TmmnidE?feature=oembed\" frameborder=\"0\" allow=\"accelerometer; autoplay; clipboard-write; encrypted-media; gyroscope; picture-in-picture\" allowfullscreen><\/iframe><\/p>\n<p><iframe loading=\"lazy\" title=\"Rekolekcje Adwentowe 2021 - Dzie\u0144 3 - Parafia Rafa\u0142a Kalinowskiego w Elbl\u0105gu\" width=\"900\" height=\"506\" src=\"https:\/\/www.youtube.com\/embed\/KjQtXPcVxSA?feature=oembed\" frameborder=\"0\" allow=\"accelerometer; autoplay; clipboard-write; encrypted-media; gyroscope; picture-in-picture\" allowfullscreen><\/iframe><br \/>\n&nbsp;<\/p>\n<h1>\u017bYCZENIA<\/h1>\n<p><strong>Zdumieni, jak co roku, stajemy przed tajemnic\u0105 betlejemskiej groty i wpatrujemy si\u0119 w J\u00f3zefa, Maryj\u0119 i Dzieci\u0105tko Jezus, podziwiamy Pasterzy, kt\u00f3rzy jako pierwsi oddali pok\u0142on Nowonarodzonemu Zbawicielowi i uczymy si\u0119 od M\u0119drc\u00f3w odwagi, pokory i wytrwa\u0142o\u015bci w poszukiwaniu Jezusa, aby m\u00f3c Go jeszcze owocniej nie\u015b\u0107 innym ludziom.<\/strong><\/p>\n<p>Z okazji \u015awi\u0105t Bo\u017cego Narodzenia, \u017cyczymy Wam, aby B\u00f3g, kt\u00f3ry zamieszka\u0142 w\u015br\u00f3d ludzi i przychodzi do nas ka\u017cdego dnia w Eucharystii, umacnia\u0142 Was swoimi \u0142askami. Niech prze\u017cyta na nowo tajemnica Wcielenia, uczyni Was skutecznym znakiem nadziei i stanie si\u0119 \u017ar\u00f3d\u0142em pokoju i rado\u015bci.<\/p>\n<p>Z \u017cyczeniami dla ca\u0142ej Wsp\u00f3lnoty Parafialnej i przyby\u0142ych Go\u015bci:<br \/>\nKs. Proboszcz Wojciech Zwolicki i ks. Marcin Dopiera\u0142a<\/p>\n<h1>&nbsp;<\/h1>\n<h1>DOM I CHLEB<\/h1>\n<p><strong>Gdzie tylko piecze si\u0119 chleb, tam nie jest on tylko pokarmem. Jest niesiony i ca\u0142owany, gdy przybywaj\u0105 dostojni go\u015bcie. Znaczy si\u0119 go krzy\u017cem, zanim si\u0119 przekroi, by podawa\u0107 na st\u00f3\u0142. Gdy jego kawa\u0142ek upadnie na pod\u0142og\u0119, podnosi si\u0119 go i ca\u0142uje.<\/strong><\/p>\n<p>Chleb wyra\u017ca wi\u0119cej ni\u017c pokarm najpierwszy cz\u0142owieka. Nie maj\u0105 na chleb, to znaczy, \u017ce ju\u017c nic nie maj\u0105. Kto w Biblii spo\u017cywa chleb rado\u015bci, ten jest szcz\u0119\u015bliwym cz\u0142owiekiem.<\/p>\n<p>Jezus urodzi\u0142 si\u0119 w nieciekawym miejscu, ale za to o pi\u0119knej nazwie, w Bet-Lechem, czyli w domu chleba. Dom i chleb to dwa s\u0142owa, kt\u00f3re najlepiej okre\u015blaj\u0105 to, czego potrzebujemy w \u017cyciu. Z narodzin Jezusa w Betlejem czerpiemy nadziej\u0119 na lepsze jutro, na pok\u00f3j, kt\u00f3ry od Boga pochodzi i na spotkanie z lud\u017ami dobrej woli, o kt\u00f3rych \u015bpiewaj\u0105 anio\u0142owie.<\/p>\n<p>Niechaj te \u015bwi\u0119ta, kt\u00f3re maj\u0105 sw\u00f3j pocz\u0105tek w Betlejem, sprawi\u0105, by\u015bmy mieli sw\u00f3j dom, czyli takie \u015brodowisko, grono os\u00f3b, bliskich, przyjaci\u00f3\u0142, z kt\u00f3rymi czujemy si\u0119 bezpieczni. Niech ten najbardziej prosty chleb, bo sk\u0142adaj\u0105cy si\u0119 tylko z m\u0105ki i wody, niech op\u0142atek \u0142amany z najbli\u017cszymi i innymi, b\u0119dzie znakiem wszystkiego, czego nam potrzeba, by \u017cy\u0107 godnie i z wiar\u0105, a czego spodziewamy si\u0119 od Ojca, kt\u00f3ry jest w niebie.<\/p>\n<h1>&nbsp;<\/h1>\n<h1>MODLITWA PRZED DZIELENIEM SI\u0118 OP\u0141ATKIEM<\/h1>\n<p>Panie Bo\u017ce, Ty sprawi\u0142e\u015b, \u017ce ta \u015bwi\u0119ta noc, kiedy wspominamy pami\u0105tk\u0119 Wcielenia Twojego Syna dla naszego zbawienia, zaja\u015bnia\u0142a blaskiem Twej \u015bwiat\u0142o\u015bci. Spraw, aby\u015bmy, opromienieni tym blaskiem, z otwartym sercem przyj\u0119li Jezusa jako naszego Odkupiciela. Pob\u0142ogos\u0142aw nas i te op\u0142atki, kt\u00f3rymi si\u0119 podzielimy na znak mi\u0142o\u015bci i przebaczenia. Naucz nas, Panie Bo\u017ce, dzieli\u0107 si\u0119 chlebem, mi\u0142o\u015bci\u0105 i \u017cyczliwo\u015bci\u0105 ze wszystkimi lud\u017ami, a zw\u0142aszcza z tymi, w\u015br\u00f3d kt\u00f3rych \u017cyjemy.<\/p>\n<p>Prosimy o to przez Chrystusa, Pana naszego. Amen<\/p>\n<p>&nbsp;<br \/>\n<a href=\"http:\/\/rafalk-elblag.pl\/wp-content\/uploads\/2021\/08\/ogloszenia-parafialne-baner-01a.jpg\"><img loading=\"lazy\" decoding=\"async\" class=\"alignnone size-full wp-image-4410\" src=\"http:\/\/rafalk-elblag.pl\/wp-content\/uploads\/2021\/08\/ogloszenia-parafialne-baner-01a.jpg\" alt=\"\" width=\"720\" height=\"232\" srcset=\"https:\/\/rafalk-elblag.pl\/wp-content\/uploads\/2021\/08\/ogloszenia-parafialne-baner-01a.jpg 720w, https:\/\/rafalk-elblag.pl\/wp-content\/uploads\/2021\/08\/ogloszenia-parafialne-baner-01a-300x97.jpg 300w\" sizes=\"auto, (max-width: 720px) 100vw, 720px\" \/><\/a><\/p>\n<h1>Og\u0142oszenia parafialne 19.12.2021r<\/h1>\n<p><strong>1.<\/strong> PROSIMY O ZAMYKANIE DRZWI PRZY WCHODZENIU I WYCHODZENIU Z KO\u015aCIO\u0141A PONIEWA\u017b KO\u015aCI\u00d3\u0141 JEST OGRZEWANY. DZI\u0118KUJEMY.<\/p>\n<p><strong>2.<\/strong> Je\u015bli kto\u015b nie ma jeszcze po\u015bwi\u0119conego op\u0142atka na st\u00f3\u0142 wigilijny, mo\u017ce go naby\u0107 w zakrystii u pana ko\u015bcielnego. Zapraszamy.<\/p>\n<p><strong>3.<\/strong> S\u0142u\u017cba Liturgiczna O\u0142tarza &#8211; Ministranci rozprowadzaj\u0105 dzi\u015b przed ko\u015bcio\u0142em za dobrowoln\u0105 ofiar\u0119 sianko na st\u00f3\u0142 wigilijny.<\/p>\n<p><strong>4. Wszystkich Parafian doros\u0142ych zapraszamy na ostatnie MSZE \u015aW. RORATNIE ku czci Matki Bo\u017cej o godz. 6:30. M\u0142odzie\u017c zapraszam w pi\u0105tki o godz. 6:30. Dzieci zapraszam na Msze RORATNIE w poniedzia\u0142ek i czwartek r\u00f3wnie\u017c o godz. 6:30.<\/strong><br \/>\nProsimy, by dzieci przychodzi\u0142y z opiekunami i przynosi\u0142y z sob\u0105 LAMPIONY.<\/p>\n<p><strong>5.<\/strong> Osoby pragn\u0105ce pom\u00f3c przy Szopce i dekoracji Ko\u015bcio\u0142a zapraszam jutro (poniedzia\u0142ek) tj. 20 grudnia br. na godz. 9:00. Pro\u015bba, aby w\u015br\u00f3d ch\u0119tnych nie zabrak\u0142o m\u0119\u017cczyzn.<\/p>\n<p><strong>6.<\/strong> Przed nami ostatnie dni ADWENTU 2021 roku i Bo\u017ce Narodzenie. Mo\u017cliwo\u015b\u0107 SAKRAMENTU POKUTY: od godz. 17:30.<br \/>\nSzczeg\u00f3lnie zapraszam w dniu 23 grudnia od godz. 19:00 do godz. 20:00 do naszej \u015bwi\u0105tyni na ADORACJ\u0118 z mo\u017cliwo\u015bci\u0105 skorzystania z SAKRAMENTU SPOWIEDZI. Uczy\u0144my wszystko, by tegoroczne \u015bwi\u0119ta prze\u017cywa\u0107 w prawdziwej rado\u015bci z Narodzin Dzieci\u0105tka Jezus.<\/p>\n<p><strong>7.<\/strong> Zach\u0119camy do godnego prze\u017cycia WIGILII BO\u017bEGO NARODZENIA. W tym roku mamy mo\u017cliwo\u015b\u0107 wybra\u0107 si\u0119 na Pasterk\u0119 o godz. 22:00 i o godz. 24:00. W Uroczysto\u015b\u0107 Narodzenia Pa\u0144skiego Msze b\u0119d\u0105 odprawiane o godz. 9:00, 10:30, 12:00 i 18:00. Nie ma Mszy \u015aw. o godz. 7:00 i 15:00. Przypominamy, \u017ce wed\u0142ug tradycji, wieczerza wigilijna powinna by\u0107 posi\u0142kiem bezmi\u0119snym i rozpoczyna\u0107 si\u0119 odczytaniem fragmentu Ewangelii i modlitw\u0105. Na stole wigilijnym niech zap\u0142onie \u015bwieca Caritas.<\/p>\n<p><strong>8.<\/strong> W drugi dzie\u0144 \u015bwi\u0105t: \u015bw. Szczepana, pierwszego m\u0119czennika. Taca z tego dnia przeznaczona jest na KATOLICKI UNIWERSYTET LUBELSKI oraz na Wy\u017csze Seminarium Duchowne Diecezji Elbl\u0105skiej, gdzie studiuj\u0105 nasi klerycy Krzysztof Lewandowski i Amadeusz Babiel. B\u00f3g zap\u0142a\u0107 za z\u0142o\u017cone ofiary. <strong>Msze \u015bw. w tym dniu o godz. 7:00, 9:00, 10:30, 12:00, 15:00 i o godz. 18:00<\/strong>.<\/p>\n<p><strong>9.<\/strong> Od 27 grudnia rozpoczyna si\u0119 Oktawa Narodzenia Pa\u0144skiego, kt\u00f3ra jest przed\u0142u\u017ceniem rado\u015bci wierz\u0105cych z przyj\u015bcia na \u015bwiat Syna Bo\u017cego.<br \/>\nUWAGA! Powracamy do porz\u0105dku Mszy \u015bw. o godz. 8:00 i 18:00.<\/p>\n<p><strong>10.<\/strong> INFORMUJEMY \u2013 \u017ce od Nowego Roku 2022 ulega zmianie uk\u0142ad Mszy \u015awi\u0119tych Niedzielnych. Msze \u015bw. sprawowane b\u0119d\u0105 o godz. 8:00, 10:00, 12:00, 15:00 i 18:00. Msze \u015bw. w dni powszechne pozostaj\u0105 bez zmian.<\/p>\n<p><strong>11.<\/strong> Kancelaria Parafialna w tym tygodniu, b\u0119dzie czynna tylko w \u015brod\u0119 od godz. 16:00 do 17:30. Zapraszamy.<\/p>\n<p><strong>12.<\/strong> Wszystkim Jubilatom i Solenizantom tego tygodnia \u017cyczymy wielu \u0142ask Bo\u017cych i opieki Matki Bo\u017cej Szkaplerznej.<br \/>\n&nbsp;<\/p>\n<p><img decoding=\"async\" src=\"http:\/\/rafalk-elblag.pl\/wp-content\/uploads\/2020\/04\/baner-intencje-mszy.jpg\"><\/p>\n<h1>Intencje mszalne 19.12.2021r<\/h1>\n<p><strong>PONIEDZIA\u0141EK \/ 20 grudnia 2021r.<\/strong><br \/>\n6.30 \u015bp. Adam ZASADA w 34 rocznic\u0119 \u015bmierci, \u015bp. El\u017cbieta PIWNIKIEWICZ w 1 rocz. \u015bmierci, \u015bp. Tomasz PIWNIKIEWICZ w 7 rocz. \u015bmierci<br \/>\n18.00 \u015bp. Julian i Stanis\u0142aw POZNAJSCY<\/p>\n<p><strong>WTOREK \/ 21 grudnia 2021r.<\/strong><br \/>\n6.30 \u015bp. Weronika i Boles\u0142aw ZWOLICCY<br \/>\n18.00 \u015bp. Weronika WITKOWSKA w 30 dzie\u0144 po pogrzebie<\/p>\n<p><strong>\u015aRODA \/ 22 grudnia 2021r.<\/strong><br \/>\n6.30 \u015bp. Dariusz MORZY<br \/>\n18.00 \u015bp. Franciszek OSSOWSKI w 1 rocz. \u015bmierci i zmar\u0142ych z rodziny<\/p>\n<p><strong>CZWARTEK \/ 23 grudnia 2021r. \/<\/strong><br \/>\n6.30 \u015bp. Jadwiga NOWOCI\u0143SKA w 1 rocz. \u015bmierci, \u015bp. Adam i Jan OGONOWSKI, \u015bp. Antoni NOWOCI\u0143SKI, \u015bp. Regina NAKIELNA<br \/>\n18.00 \u015bp. Marcin KIERZKOWSKI w 1 rocznic\u0119 \u015bmierci<\/p>\n<p><strong>PI\u0104TEK \/ 24 grudnia 2021r. \/ Wigilia Narodzenia Pa\u0144skiego<\/strong><br \/>\n6.30 \u015bp. Alfreda(k) i Henryk(m) WALKOWIAK, \u015bp. Apolonia(k) GROSZYK w 18 rocznic\u0119 \u015bmierci<br \/>\n22.00 W intencji Parafian<br \/>\n22.00 O Bo\u017ce b\u0142ogos\u0142awie\u0144stwo dla Wsp\u00f3lnoty \u201ePRZEMIENIE\u201d<br \/>\n24.00 W intencji Parafian<br \/>\n24.00 \u015bp. Jolanta w 9 rocz. \u015bmierci i zmar\u0142ych z rodziny KARMAN<\/p>\n<p><strong>SOBOTA \/ 25 grudnia 2021r. \/ Uroczysto\u015b\u0107 Narodzenia Pa\u0144skiego<\/strong><br \/>\n9.00 \u015bp. Sylwia KOWALEWSKA i zmarli rodzice Hanna i Kazimierz<br \/>\n10.30 Dzi\u0119kczynna w dniu 9 urodzin Marka i \u0141ukasza z pro\u015bb\u0105 o Bo\u017ce b\u0142ogos\u0142awie\u0144stwo, opiek\u0119 Matki Bo\u017cej<br \/>\n12.00 \u015bp. Edward, Janina, Czes\u0142aw z rodziny Skotnickich<br \/>\n18.00 Dzi\u0119kczynna w 15 rocznic\u0119 \u015blubu Magdy i Piotra ASIUKIEWICZ, za wszelkie otrzymane \u0142aski, dar rodzicielstwa z pro\u015bb\u0105 o Bo\u017ce b\u0142ogos\u0142awie\u0144stwo dla ca\u0142ej rodziny<\/p>\n<p><strong>NIEDZIELA \/ 26 grudnia 2021r.<\/strong><br \/>\n7.00 W intencji Parafian<br \/>\n9.00 \u015bp. Jacek WINIARCZYK w 1 rocznic\u0119 \u015bmierci<br \/>\n10.30 Dzi\u0119kczynna za dzieci , wnuki i prawnuczk\u0119 z pro\u015bb\u0105 o Bo\u017ce b\u0142ogos\u0142awie\u0144stwo, \u017cyw\u0105 wiar\u0119, nadziej\u0119 i mi\u0142o\u015b\u0107 w ich rodzinach<br \/>\n12.00 \u015bp. Henryk JANKOWSKI w 30 po pogrzebie wieloletniego ko\u015bcielnego naszej parafii<br \/>\n15.00 \u015bp. Barbara ULKOWSKA w 15 rocznice \u015bmierci<br \/>\n18.00 \u015bp. El\u017cbieta \u0179aczek<\/p>\n","protected":false},"excerpt":{"rendered":"<p>Ewangelia (\u0141k 1, 39-45) Maryja jest Matk\u0105 oczekiwanego Mesjasza S\u0142owa Ewangelii wed\u0142ug \u015awi\u0119tego \u0141ukasza W tym czasie Maryja wybra\u0142a si\u0119 i posz\u0142a z po\u015bpiechem w g\u00f3ry do pewnego miasta w ziemi Judy. Wesz\u0142a do domu Zachariasza i pozdrowi\u0142a El\u017cbiet\u0119. Gdy El\u017cbieta us\u0142ysza\u0142a pozdrowienie Maryi, poruszy\u0142o si\u0119 dzieci\u0105tko w jej \u0142onie, a Duch \u015awi\u0119ty nape\u0142ni\u0142 El\u017cbiet\u0119. [&hellip;]<\/p>\n","protected":false},"author":1,"featured_media":4532,"comment_status":"closed","ping_status":"closed","sticky":false,"template":"","format":"standard","meta":{"ngg_post_thumbnail":0,"footnotes":""},"categories":[11,8,4,3],"tags":[],"class_list":["post-4530","post","type-post","status-publish","format-standard","has-post-thumbnail","hentry","category-aktualnosci","category-blog","category-intencje","category-ogloszenia"],"_links":{"self":[{"href":"https:\/\/rafalk-elblag.pl\/index.php?rest_route=\/wp\/v2\/posts\/4530","targetHints":{"allow":["GET"]}}],"collection":[{"href":"https:\/\/rafalk-elblag.pl\/index.php?rest_route=\/wp\/v2\/posts"}],"about":[{"href":"https:\/\/rafalk-elblag.pl\/index.php?rest_route=\/wp\/v2\/types\/post"}],"author":[{"embeddable":true,"href":"https:\/\/rafalk-elblag.pl\/index.php?rest_route=\/wp\/v2\/users\/1"}],"replies":[{"embeddable":true,"href":"https:\/\/rafalk-elblag.pl\/index.php?rest_route=%2Fwp%2Fv2%2Fcomments&post=4530"}],"version-history":[{"count":3,"href":"https:\/\/rafalk-elblag.pl\/index.php?rest_route=\/wp\/v2\/posts\/4530\/revisions"}],"predecessor-version":[{"id":4537,"href":"https:\/\/rafalk-elblag.pl\/index.php?rest_route=\/wp\/v2\/posts\/4530\/revisions\/4537"}],"wp:featuredmedia":[{"embeddable":true,"href":"https:\/\/rafalk-elblag.pl\/index.php?rest_route=\/wp\/v2\/media\/4532"}],"wp:attachment":[{"href":"https:\/\/rafalk-elblag.pl\/index.php?rest_route=%2Fwp%2Fv2%2Fmedia&parent=4530"}],"wp:term":[{"taxonomy":"category","embeddable":true,"href":"https:\/\/rafalk-elblag.pl\/index.php?rest_route=%2Fwp%2Fv2%2Fcategories&post=4530"},{"taxonomy":"post_tag","embeddable":true,"href":"https:\/\/rafalk-elblag.pl\/index.php?rest_route=%2Fwp%2Fv2%2Ftags&post=4530"}],"curies":[{"name":"wp","href":"https:\/\/api.w.org\/{rel}","templated":true}]}}