{"id":4525,"date":"2021-12-12T14:11:56","date_gmt":"2021-12-12T14:11:56","guid":{"rendered":"http:\/\/rafalk-elblag.pl\/?p=4525"},"modified":"2021-12-12T14:11:56","modified_gmt":"2021-12-12T14:11:56","slug":"biuletyn-12-12-2021-iii-niedziela-adwentu","status":"publish","type":"post","link":"https:\/\/rafalk-elblag.pl\/?p=4525","title":{"rendered":"Biuletyn 12.12.2021, III Niedziela Adwentu"},"content":{"rendered":"<p><a href=\"http:\/\/rafalk-elblag.pl\/wp-content\/uploads\/2021\/12\/baner-121221.jpg\"><img loading=\"lazy\" decoding=\"async\" class=\"alignnone wp-image-4501 size-full\" src=\"http:\/\/rafalk-elblag.pl\/wp-content\/uploads\/2021\/12\/baner-121221.jpg\" alt=\"\" width=\"780\" height=\"525\"><\/a><\/p>\n<h1>Ewangelia (\u0141k 3, 10-18)<br \/>\nZapowied\u017a nowego chrztu<\/h1>\n<p><strong>S\u0142owa Ewangelii wed\u0142ug \u015awi\u0119tego \u0141ukasza<\/strong><\/p>\n<p>Gdy Jan naucza\u0142 nad Jordanem, pyta\u0142y go t\u0142umy: \u00abC\u00f3\u017c mamy czyni\u0107?\u00bb On im odpowiada\u0142: \u00abKto ma dwie suknie, niech si\u0119 podzieli z tym, kt\u00f3ry nie ma; a kto ma \u017cywno\u015b\u0107, niech tak samo czyni\u00bb.<\/p>\n<p>Przyszli tak\u017ce celnicy, \u017ceby przyj\u0105\u0107 chrzest, i rzekli do niego: \u00abNauczycielu, co mamy czyni\u0107?\u00bb On im powiedzia\u0142: \u00abNie pobierajcie nic wi\u0119cej ponad to, co wam wyznaczono\u00bb.<\/p>\n<p>Pytali go te\u017c i \u017co\u0142nierze: \u00aba my co mamy czyni\u0107?\u00bb On im odpowiedzia\u0142: \u00abNa nikim pieni\u0119dzy nie wymuszajcie i nikogo nie uciskajcie, lecz poprzestawajcie na waszym \u017co\u0142dzie\u00bb.<\/p>\n<p>Gdy wi\u0119c lud oczekiwa\u0142 z napi\u0119ciem i wszyscy snuli domys\u0142y w swych sercach co do Jana, czy nie jest Mesjaszem, on tak przem\u00f3wi\u0142 do wszystkich: \u00abJa was chrzcz\u0119 wod\u0105; lecz idzie mocniejszy ode mnie, kt\u00f3remu nie jestem godzien rozwi\u0105za\u0107 rzemyka u sanda\u0142\u00f3w. On b\u0119dzie was chrzci\u0142 Duchem \u015awi\u0119tym i ogniem. Ma on wiejad\u0142o w r\u0119ku dla oczyszczenia swego om\u0142otu: pszenic\u0119 zbierze do spichlerza, a plewy spali w ogniu nieugaszonym\u00bb.<\/p>\n<p>Wiele te\u017c innych napomnie\u0144 dawa\u0142 ludowi i g\u0142osi\u0142 dobr\u0105 nowin\u0119.<br \/>\n&nbsp;<\/p>\n<h1>\nPRZE\u017bYWA\u0106 ADWENT Z MARYJ\u0104&nbsp;<br \/>\nCZEGO NAS NAUCZY\u0141 ROK \u015aW. J\u00d3ZEFA?<\/h1>\n<p><strong>Przy nim Chrystus sta\u0142 si\u0119 cz\u0142owiekiem. \u015aw. J\u00f3zef przy Jezusie sta\u0142 si\u0119 ojcem. Dla dorastaj\u0105cego Jezusa J\u00f3zef by\u0142 obrazem Ojca niebieskiego. A dla nas dzisiaj jest szalenie kontrkulturowy, rzucaj\u0105cy wyzwanie temu, co uwa\u017camy za wa\u017cne, znacz\u0105ce, za sukces i poczucie spe\u0142nienia. Co nam da\u0142 i co zostawi\u0142 zako\u0144czony w\u0142a\u015bnie Rok \u015bw. J\u00f3zefa?<\/strong><\/p>\n<p>Ta wielka tajemnica, \u017ce \u2013 jak powie \u015bw. Ignacy w \u0106wiczeniach Duchowych \u2013 B\u00f3g patrz\u0105c na ziemi\u0119, decyduje, \u017ce druga osoba Boska stanie si\u0119 cz\u0142owiekiem, realizuje si\u0119 w\u0142a\u015bnie ze \u015bw. J\u00f3zefem. Nie do przecenienia jest zatem rola ojca w kszta\u0142towaniu cz\u0142owiecze\u0144stwa swoich dzieci. I zapewne ocena tego, przyjrzenie si\u0119 temu powinno si\u0119 sta\u0107 jednym z wa\u017cniejszych punkt\u00f3w rachunku sumienia ojc\u00f3w w odniesieniu do swoich dzieci.<\/p>\n<p>No w\u0142a\u015bnie, \u015bw. J\u00f3zef nie by\u0142 ojcem fizycznym Jezusa, ale przez swoje odniesienie do Niego \u201esta\u0142 si\u0119\u201d ojcem. To jest proces. J\u00f3zef sta\u0142 si\u0119 prawdziwym ojcem nie przez udzia\u0142 w pocz\u0119ciu Syna Bo\u017cego, ale przez odpowiedzialno\u015b\u0107 i trosk\u0119, kt\u00f3r\u0105 Mu okaza\u0142. J\u00f3zef wzi\u0105\u0142 na siebie odpowiedzialno\u015b\u0107 za losy Maryi i ma\u0142ego Jezusa. Mo\u017cemy to nazywa\u0107, \u017ce by\u0142 ojczymem, opiekunem, ale te\u017c prawdziwe jest stwierdzenie, \u017ce sprawowa\u0142 wobec Chrystusa ojcostwo.<\/p>\n<p>I dlatego ile razy bierzemy odpowiedzialno\u015b\u0107 za \u017cycie drugiego, troszczymy si\u0119 o niego, tyle razy stajemy si\u0119 dla niego ojcem. J\u00f3zef zosta\u0142 mocno zakwestionowany w swoich planach i decyzjach. Na nasze standardy by\u0142 cz\u0142owiekiem przegranym, a jednak pozosta\u0142 otwarty na rzeczywisto\u015b\u0107 tak\u0105, jaka jest. Nie my\u015bla\u0142 \u017cyczeniowo. Nie obra\u017ca\u0142 si\u0119 na \u015bwiat. \u015aw. J\u00f3zef nie by\u0142 konformist\u0105, ubolewaj\u0105cym nad tym, \u017ce rzeczy nie id\u0105 po jego my\u015bli. Jego postawa jest kontrkulturowa. Rzuca wyzwanie naszym pretensjom do \u015bwiata, do innych, do Boga.<\/p>\n<p>Pomaga nam z odwag\u0105 przyj\u0105\u0107 Bo\u017ce prowadzenie, jakiekolwiek by ono nie by\u0142o. Przynajmniej to niech nam zostanie po Roku \u015bw. J\u00f3zefa.<\/p>\n<p>&nbsp;<\/p>\n<h1>PROGRAM REKOLEKCJI ADWENTOWYCH 2021<\/h1>\n<h2>CZWARTEK 16 grudnia 2021<\/h2>\n<p><strong>6.30<\/strong> Msza \u015bw. Roratnia z nauk\u0105 dla doros\u0142ych<br \/>\n<strong>11.00<\/strong> Msza \u015bw. z nauk\u0105 dla doros\u0142ych \/ 10.30 &#8211; Spowied\u017a<br \/>\n<strong>16.30<\/strong> Nauka dla klas 0-III Szko\u0142y Podstawowej<br \/>\n<strong>17.00<\/strong> Nauka dla klas IV-VII Szko\u0142y Podstawowej<br \/>\n<strong>18.00<\/strong> Msza \u015bw. z nauk\u0105 dla doros\u0142ych \/ 17.30 \u2013 Spowied\u017a<br \/>\n<strong>19.00<\/strong> Nauka dla klas VIII Szko\u0142y Podstawowej<br \/>\ni kandydat\u00f3w przygotowuj\u0105cych<br \/>\ndo SAKRAMENTU BIERZMOWANIA i m\u0142odzie\u017cy<br \/>\n<strong>20.00<\/strong> Msza \u015bw. z nauk\u0105 dla doros\u0142ych \/ 19.30 &#8211; Spowied\u017a<\/p>\n<h2>PI\u0104TEK 17 grudnia 2021<\/h2>\n<p><strong>6.30<\/strong> Msza \u015bw. Roratnia z nauk\u0105 dla doros\u0142ych<br \/>\n<strong>11.00<\/strong> Msza \u015bw. z nauk\u0105 dla doros\u0142ych \/ 10.30 &#8211; Spowied\u017a<br \/>\n<strong>16.30<\/strong> Nauka dla klas 0-III Szko\u0142y Podstawowej<br \/>\n<strong>17.00<\/strong> Nauka dla klas IV-VII Szko\u0142y Podstawowej<br \/>\n<strong>18.00<\/strong> Msza \u015bw. z nauk\u0105 dla doros\u0142ych \/ 17.30 &#8211; Spowied\u017a<br \/>\n<strong>19.00<\/strong> Nabo\u017ce\u0144stwo Pokutne dla m\u0142odzie\u017cy i doros\u0142ych<br \/>\n<strong>20.00<\/strong> Msza \u015bw. z nauk\u0105 dla doros\u0142ych \/19.30 &#8211; Spowied\u017a<\/p>\n<h2>SOBOTA 18 grudnia 2021<\/h2>\n<p><strong>6.30<\/strong> Msza \u015bw. Roratnia z nauk\u0105 dla doros\u0142ych<br \/>\n<strong>9.30<\/strong> Msza \u015bw. dla SP, Klasy I-VII \/ 9.15 &#8211; Spowied\u017a<br \/>\n<strong>11.00<\/strong> Msza \u015bw. z nauk\u0105 dla doros\u0142ych \/ 10.30 &#8211; Spowied\u017a<br \/>\n<strong>18.00<\/strong> Msza \u015bw. z nauk\u0105 dla doros\u0142ych \/ 17.30 &#8211; Spowied\u017a<br \/>\n<strong>20.00<\/strong> Msza \u015bw. z nauk\u0105 dla klas VIII, Bierzmowanych i m\u0142odzie\u017cy \/ 19.30 \u2013 Spowied\u017a<\/p>\n<p>ZACH\u0118CAMY DO SPOWIEDZI \u015aWI\u0118TEJ<br \/>\nNA P\u00d3\u0141 GODZINY PRZED MSZ\u0104 \u015aWI\u0118T\u0104<\/p>\n<p>&nbsp;<br \/>\n<a href=\"http:\/\/rafalk-elblag.pl\/wp-content\/uploads\/2021\/08\/ogloszenia-parafialne-baner-01a.jpg\"><img loading=\"lazy\" decoding=\"async\" class=\"alignnone size-full wp-image-4410\" src=\"http:\/\/rafalk-elblag.pl\/wp-content\/uploads\/2021\/08\/ogloszenia-parafialne-baner-01a.jpg\" alt=\"\" width=\"720\" height=\"232\" srcset=\"https:\/\/rafalk-elblag.pl\/wp-content\/uploads\/2021\/08\/ogloszenia-parafialne-baner-01a.jpg 720w, https:\/\/rafalk-elblag.pl\/wp-content\/uploads\/2021\/08\/ogloszenia-parafialne-baner-01a-300x97.jpg 300w\" sizes=\"auto, (max-width: 720px) 100vw, 720px\" \/><\/a><\/p>\n<h1>Og\u0142oszenia parafialne 12.12.2021r<\/h1>\n<p><strong>1.<\/strong> <strong>PROSIMY O ZAMYKANIE DRZWI PRZY WCHODZENIU I WYCHODZENIU Z KO\u015aCIO\u0141A PONIEWA\u017b KO\u015aCI\u00d3\u0141 JEST OGRZEWANY. DZI\u0118KUJEMY.<\/strong><\/p>\n<p><strong>2.<\/strong> Witamy w naszej wsp\u00f3lnocie ks. Kajetana Jakubowskiego \u2013 studenta Katolickiego Uniwersytetu Lubelskiego, kt\u00f3ry poprowadzi tegoroczne Rekolekcje Adwentowe w naszej parafii. Rozpoczynamy dzisiaj a kontynuowa\u0107 b\u0119dziemy w dniach 16, 17, 18 grudnia. Pro\u015bmy o \u015bwiat\u0142o Ducha \u015awi\u0119tego dla Rekolekcjonisty i ca\u0142ej parafii. Zaplanujmy dobrze swoje obowi\u0105zki domowe, by wzi\u0105\u0107 udzia\u0142 w duchowym przygotowaniu do \u015bwi\u0105t Narodzenia Pa\u0144skiego. Dok\u0142adny program w Biuletynie Parafialnym.<\/p>\n<p><strong>3.<\/strong> Mamy jeszcze mo\u017cliwo\u015b\u0107 nabycia \u015bwiecy na st\u00f3\u0142 wigilijny w ramach akcji \u201eWigilijne Dzie\u0142o Pomocy Dzieciom\u201d w cenie: 10 z\u0142. Nabywaj\u0105c \u015bwiece okazujesz serce tym, kt\u00f3rzy licz\u0105 na Tw\u0105 dobro\u0107. Je\u015bli kto\u015b nie ma jeszcze po\u015bwi\u0119conego op\u0142atka na st\u00f3\u0142 wigilijny, mo\u017ce go naby\u0107 przed ko\u015bcio\u0142em.<\/p>\n<p><strong>4.<\/strong> Wszystkich Parafian doros\u0142ych zapraszamy na MSZE \u015aW. RORATNIE ku czci Matki Bo\u017cej o godz. 6:30. M\u0142odzie\u017c i kandydata\u00f3w do Sakramentu Bierzmowania zapraszamy w pi\u0105tki o godz. 6:30. Dla dzieci Msze RORATNIE odprawiane s\u0105 w poniedzia\u0142ki i czwartki r\u00f3wnie\u017c o godz. 6:30.<br \/>\nProsimy, by dzieci przychodzi\u0142y z opiekunami i przynosi\u0142y z sob\u0105 LAMPIONY.<\/p>\n<p><strong>5.<\/strong> Rodzic\u00f3w dzieci klas III Szko\u0142y Podstawowej przygotowuj\u0105cych si\u0119 do I Spowiedzi i Komunii \u015bw. zapraszam jutro (13 grudnia) na comiesi\u0119czne spotkanie do ko\u015bcio\u0142a na godz. 19:00. Obecno\u015b\u0107 obowi\u0105zkowa.<\/p>\n<p><strong>6.<\/strong> W czwartek (16 grudnia) o godz. 18:00 Msza \u015bw. i spotkanie formacyjno &#8211; modlitewne dla Rodziny Karmelita\u0144skiej i Bractwa Szkaplerznego. Zapraszamy.<\/p>\n<p><strong>7.<\/strong> Osoby pragn\u0105ce pom\u00f3c przy Szopce i dekoracji Ko\u015bcio\u0142a zapraszamy w poniedzia\u0142ek tj. 20 grudnia br. na godz. 9:00. Pro\u015bba, aby w\u015br\u00f3d ch\u0119tnych nie zabrak\u0142o m\u0119\u017cczyzn.<\/p>\n<p><strong>8.<\/strong> INFORMUJEMY \u2013 \u017ce od Nowego Roku 2022 ulega zmianie uk\u0142ad Mszy \u015awi\u0119tych Niedzielnych. Msze \u015bw. sprawowane b\u0119d\u0105 o godz. 8:00, 10:00, 12:00, 15:00 i 18:00.<br \/>\nMsze \u015bw. w dni powszechne pozostaj\u0105 bez zmian.<\/p>\n<p><strong>9.<\/strong> PIELGRZYMKA W ROKU 2022 !!! Parafia organizuje samolotow\u0105 pielgrzymk\u0119 do W\u0142och Po\u0142udniowych w dniach 21 \u2013 28 wrze\u015bnia 2022 roku. Zobaczymy takie miejsca jak: Bari, San Giovanni Rotondo, Monte Sant Angelo, Matera, Pietrelcina, Pompeje, Salerno, Neapol oraz wypoczynek nad Morzem Adriatyckim. Koszt 3990 z\u0142. plus 150 euro.<br \/>\nZapisy u ks. Proboszcza do ko\u0144ca grudnia 2021 r. Wpisowe 500 z\u0142.<br \/>\nPomy\u015bl i zaplanuj ju\u017c dzi\u015b Tw\u00f3j wyjazd do tak wa\u017cnych i cudownych miejsc.<\/p>\n<p><strong>10.<\/strong> Wszystkim Jubilatom i Solenizantom tego tygodnia \u017cyczymy wielu \u0142ask Bo\u017cych i opieki Matki Bo\u017cej Szkaplerznej.<\/p>\n<p><strong>11.<\/strong> Zach\u0119cam do nabywania nowego numeru \u201eGo\u015bcia Niedzielnego\u201d w cenie 6 z\u0142 z dodatkiem \u201eGo\u015b\u0107 Elbl\u0105ski.<\/p>\n<p>12. Pan powo\u0142a\u0142 do wieczno\u015bci:<\/p>\n<p><strong>\u2020 \u015bp. Ryszard KUJAWA lat 72<\/strong> z ul. Broniewskiego<\/p>\n<p>Wieczny odpoczynek racz jej da\u0107 Panie\u2026<br \/>\n&nbsp;<\/p>\n<p><img decoding=\"async\" src=\"http:\/\/rafalk-elblag.pl\/wp-content\/uploads\/2020\/04\/baner-intencje-mszy.jpg\"><\/p>\n<h1>Intencje mszalne 12.12.2021r<\/h1>\n<p><strong>III Niedziela Adwentu \/ 12 grudnia 2021 r. GAUDETE<\/strong><br \/>\n7.00 Dzi\u0119kczynna za wszelkie otrzymane \u0142aski w rodzinie Nikodema, w rodzinie zakonnej Agnieszki oraz w rodzinie Magdaleny<br \/>\n9.00 Dzi\u0119kczynna z okazji 15 rocznicy urodzin Maksa BANASIUKA<br \/>\n10.30 O Bo\u017ce b\u0142ogos\u0142awie\u0144stwo i opiek\u0119 Matki Bo\u017cej dla Sylwii SZCZEPANIK z okazji urodzin<br \/>\n12.00 W intencji Parafian<br \/>\n15.00 \u015bp. Stefania(k) LITKA w 9 rocz. \u015bmierci, \u015bp. Krzysztof, Mariusz, Bazyli(m)<br \/>\n18.00 Dzi\u0119kczynna w 9 urodziny Tatiany CABAN z pro\u015bb\u0105 o Bo\u017ce b\u0142ogos\u0142awie\u0144stwo,<br \/>\npotrzebne \u0142aski dla ca\u0142ej rodziny<\/p>\n<p><strong>PONIEDZIA\u0141EK \/ 13 grudnia 2021r. \/ \u015bw. \u0141ucji, dziewicy i m\u0119czennicy<\/strong><br \/>\n6.30 W intencji Dawida i Natana o \u0142ask\u0119 powrotu do wiary oraz dla ich rodzic\u00f3w<br \/>\n18.00 \u015bp. Waldemar MALINOWSKI w 5 rocz. \u015bmierci i zmar\u0142ych z rodzin MALINOWSKICH I BO\u0141BA<\/p>\n<p><strong>WTOREK \/ 14 grudnia 2021r. \/ \u015bw. Jana od Krzy\u017ca, kap\u0142ana<\/strong><br \/>\n6.30 \u015bp. J\u00f3zefa(k) SONGIN<br \/>\n18.00 \u015bp. Celina KOWALSKA w 30 dzie\u0144 po pogrzebie<\/p>\n<p><strong>\u015aRODA \/ 15 grudnia 2021r.<\/strong><br \/>\n6.30 Za dusze w czy\u015b\u0107cu cierpi\u0105ce<br \/>\n18.00 \u015bp. Piotr LIETZ z okazji ziemskich urodzin i za zmar\u0142ych rodzic\u00f3w z obojga stron<\/p>\n<p><strong>CZWARTEK \/ 16 grudnia 2021r. \/ REKOLEKCJE ADWENTOWE<\/strong><br \/>\n6.30<br \/>\n11.00 \u015bp. Kazimierz POLASIK w 30 dzie\u0144 po pogrzebie<br \/>\n18.00 W intencji BRACTWA SZKAPLERZNEGO i os\u00f3b kt\u00f3re przyjm\u0105 szkaplerz<br \/>\n20.00 O zdrowie i Bo\u017ce b\u0142ogos\u0142awie\u0144stwo oraz potrzebne \u0142aski dla Zofii FLISEK<\/p>\n<p><strong>PI\u0104TEK \/ 17 grudnia 2021r. \/ REKOLEKCJE ADWENTOWE<\/strong><br \/>\n6.30<br \/>\n11.00 \u015bp. Jerzy WI\u015aNIEWSKI w 30 dzie\u0144 po pogrzebie<br \/>\n18.00 \u015bp. Marian &#8211; Tadeusz SAWICZ w 51 rocz. \u015bmierci<br \/>\n20.00 \u015bp. Stanis\u0142awa(k) i Stanis\u0142aw KLONKOWSCY<\/p>\n<p><strong>SOBOTA \/ 18 grudnia 2021r. \/ REKOLEKCJE ADWENTOWO<\/strong><br \/>\n6.30<br \/>\n9.30 W intencji dzieci i m\u0142odzie\u017cy o \u017cyw\u0105 wiar\u0119 oraz o dary Ducha \u015awi\u0119tego<br \/>\n11.00 \u015bp. Karolina i Boles\u0142aw RASZKOWSCY<br \/>\n18.00 O zdrowie, potrzebne \u0142aski w chorobie dla Jadwigi oraz o opiek\u0119 Maki Bo\u017cej<br \/>\n20.00 \u015bp. Roman W\u0104SOWSKI w 1 rocz. \u015bmierci, \u015bp. Irena W\u0104SOWSKA w 16 rocz. \u015bmierci<\/p>\n","protected":false},"excerpt":{"rendered":"<p>Ewangelia (\u0141k 3, 10-18) Zapowied\u017a nowego chrztu S\u0142owa Ewangelii wed\u0142ug \u015awi\u0119tego \u0141ukasza Gdy Jan naucza\u0142 nad Jordanem, pyta\u0142y go t\u0142umy: \u00abC\u00f3\u017c mamy czyni\u0107?\u00bb On im odpowiada\u0142: \u00abKto ma dwie suknie, niech si\u0119 podzieli z tym, kt\u00f3ry nie ma; a kto ma \u017cywno\u015b\u0107, niech tak samo czyni\u00bb. Przyszli tak\u017ce celnicy, \u017ceby przyj\u0105\u0107 chrzest, i rzekli do [&hellip;]<\/p>\n","protected":false},"author":1,"featured_media":4528,"comment_status":"closed","ping_status":"closed","sticky":false,"template":"","format":"standard","meta":{"ngg_post_thumbnail":0,"footnotes":""},"categories":[11,8,4,3],"tags":[],"class_list":["post-4525","post","type-post","status-publish","format-standard","has-post-thumbnail","hentry","category-aktualnosci","category-blog","category-intencje","category-ogloszenia"],"_links":{"self":[{"href":"https:\/\/rafalk-elblag.pl\/index.php?rest_route=\/wp\/v2\/posts\/4525","targetHints":{"allow":["GET"]}}],"collection":[{"href":"https:\/\/rafalk-elblag.pl\/index.php?rest_route=\/wp\/v2\/posts"}],"about":[{"href":"https:\/\/rafalk-elblag.pl\/index.php?rest_route=\/wp\/v2\/types\/post"}],"author":[{"embeddable":true,"href":"https:\/\/rafalk-elblag.pl\/index.php?rest_route=\/wp\/v2\/users\/1"}],"replies":[{"embeddable":true,"href":"https:\/\/rafalk-elblag.pl\/index.php?rest_route=%2Fwp%2Fv2%2Fcomments&post=4525"}],"version-history":[{"count":1,"href":"https:\/\/rafalk-elblag.pl\/index.php?rest_route=\/wp\/v2\/posts\/4525\/revisions"}],"predecessor-version":[{"id":4529,"href":"https:\/\/rafalk-elblag.pl\/index.php?rest_route=\/wp\/v2\/posts\/4525\/revisions\/4529"}],"wp:featuredmedia":[{"embeddable":true,"href":"https:\/\/rafalk-elblag.pl\/index.php?rest_route=\/wp\/v2\/media\/4528"}],"wp:attachment":[{"href":"https:\/\/rafalk-elblag.pl\/index.php?rest_route=%2Fwp%2Fv2%2Fmedia&parent=4525"}],"wp:term":[{"taxonomy":"category","embeddable":true,"href":"https:\/\/rafalk-elblag.pl\/index.php?rest_route=%2Fwp%2Fv2%2Fcategories&post=4525"},{"taxonomy":"post_tag","embeddable":true,"href":"https:\/\/rafalk-elblag.pl\/index.php?rest_route=%2Fwp%2Fv2%2Ftags&post=4525"}],"curies":[{"name":"wp","href":"https:\/\/api.w.org\/{rel}","templated":true}]}}