{"id":4518,"date":"2021-12-04T19:28:33","date_gmt":"2021-12-04T19:28:33","guid":{"rendered":"http:\/\/rafalk-elblag.pl\/?p=4518"},"modified":"2021-12-04T19:29:23","modified_gmt":"2021-12-04T19:29:23","slug":"biuletyn-05-12-2021-ii-niedziela-adwentu","status":"publish","type":"post","link":"https:\/\/rafalk-elblag.pl\/?p=4518","title":{"rendered":"Biuletyn 05.12.2021, II Niedziela Adwentu"},"content":{"rendered":"<p><a href=\"http:\/\/rafalk-elblag.pl\/wp-content\/uploads\/2021\/12\/baner-051221.jpg\"><img loading=\"lazy\" decoding=\"async\" class=\"alignnone wp-image-4501 size-full\" src=\"http:\/\/rafalk-elblag.pl\/wp-content\/uploads\/2021\/12\/baner-051221.jpg\" alt=\"\" width=\"780\" height=\"525\"><\/a><\/p>\n<h1>Ewangelia (\u0141k 3, 1-6)<br \/>\nWszyscy ludzie ujrz\u0105 zbawienie Bo\u017ce<\/h1>\n<p><strong>S\u0142owa Ewangelii wed\u0142ug \u015awi\u0119tego \u0141ukasza<\/strong><\/p>\n<p>By\u0142o to w pi\u0119tnastym roku rz\u0105d\u00f3w Tyberiusza Cezara. Gdy Poncjusz Pi\u0142at by\u0142 namiestnikiem Judei, Herod tetrarch\u0105 Galilei, brat jego Filip tetrarch\u0105 Iturei i Trachonitydy, Lizaniasz tetrarch\u0105 Abileny; za najwy\u017cszych kap\u0142an\u00f3w Annasza i Kajfasza skierowane zosta\u0142o s\u0142owo Bo\u017ce do Jana, syna Zachariasza, na pustyni.<\/p>\n<p>Obchodzi\u0142 wi\u0119c ca\u0142\u0105 okolic\u0119 nad Jordanem i g\u0142osi\u0142 chrzest nawr\u00f3cenia dla odpuszczenia grzech\u00f3w, jak jest napisane w ksi\u0119dze m\u00f3w proroka Izajasza: \u00abG\u0142os wo\u0142aj\u0105cego na pustyni: Przygotujcie drog\u0119 Panu, prostujcie \u015bcie\u017cki dla Niego! Ka\u017cda dolina zostanie wype\u0142niona, ka\u017cda g\u00f3ra i pag\u00f3rek zr\u00f3wnane, drogi kr\u0119te stan\u0105 si\u0119 prostymi, a wyboiste drogami g\u0142adkimi! I wszyscy ludzie ujrz\u0105 zbawienie Bo\u017ce\u00bb.<\/p>\n<h1>&nbsp;<br \/>\nPRZE\u017bYWA\u0106 ADWENT Z MARYJ\u0104<\/h1>\n<p>&nbsp;<br \/>\n<strong>\u201eRaduje si\u0119 duch m\u00f3j w Bogu, Zbawcy moim\u2026\u201d<\/strong><br \/>\n<strong>Przewodniczk\u0105 w duchowej w\u0119dr\u00f3wce do Betlejem przez reszt\u0119 adwentowych dni b\u0119dzie Maryja \u2013 Matka Boga przychodz\u0105cego na \u015bwiat w ludzkim ciele &#8211; dla ciebie i dla mnie. Ona wska\u017ce, jak\u0105 postaw\u0119 przyj\u0105\u0107, aby B\u00f3g naprawd\u0119 narodzi\u0142 si\u0119 nie tylko przed wiekami w betlejemskim \u017c\u0142obie, ale TERAZ w moim sercu.<\/strong><\/p>\n<p>Kiedy czekam na kogo\u015b dla mnie wa\u017cnego, mo\u017ce troch\u0119 si\u0119 niepokoj\u0119, jak przebiegnie spotkanie, ale ciesz\u0119 si\u0119 na nie. Adwent to czas oczekiwania na przyj\u015bcie KOGO\u015a dla cz\u0142owieka najwa\u017cniejszego. Dla Maryi adwent zacz\u0105\u0142 si\u0119 w momencie Zwiastowania. Zapewne nie zrozumia\u0142a wszystkiego, co powiedzia\u0142 Jej w\u00f3wczas anio\u0142, ale nowina, kt\u00f3r\u0105 oznajmi\u0142, sprawi\u0142a Jej rado\u015b\u0107. Chocia\u017c wszystko by\u0142o takie niezwyk\u0142e: niezwyk\u0142y go\u015b\u0107, niezwyk\u0142e pocz\u0119cie, niezwyk\u0142e Dziecko, kt\u00f3re ma urodzi\u0107: \u201eB\u0119dzie On wielki i b\u0119dzie nazwany Synem Najwy\u017cszego\u201d \/\u0141k 1,32\/. Maryja z rado\u015bci\u0105 oczekiwa\u0142a narodzin Swego Syna i Swego Zbawiciela: \u201eRaduje si\u0119 duch m\u00f3j w Bogu, Zbawcy moim\u201d \/\u0141k 1,47\/ &#8211; zwierzy\u0142a si\u0119 El\u017cbiecie.<\/p>\n<p>Warto chyba zada\u0107 sobie pytania: Co sprawia mi w \u017cyciu rado\u015b\u0107? Dobro, czy ludzkie potkni\u0119cia? Dawanie czy branie? Czy moje prze\u017cywanie wiary jest radosne? Czy s\u0142uchanie S\u0142owa Bo\u017cego, Eucharystia, modlitwa, daj\u0105 mi rado\u015b\u0107? Co jest powodem moich smutk\u00f3w? Panuj\u0105ca epidemia? K\u0142opoty \u017cyciowe, trudno\u015bci?<\/p>\n<p>Maryja przyj\u0119\u0142a Jezusa z wiar\u0105. Wielkiej wiary trzeba by\u0142o, by zgodzi\u0107 si\u0119 zosta\u0107 Jego Matk\u0105, by dziewi\u0119\u0107 miesi\u0119cy p\u00f3\u017aniej w ma\u0142ym dziecku dostrzec Bo\u017cego Syna, by jeszcze p\u00f3\u017aniej nie za\u0142ama\u0107 si\u0119, patrz\u0105c na okrutn\u0105 \u015bmier\u0107 Boga\u2026WIERZY\u0141A. Ona \u2013 Matka \u2013 by\u0142a WIERN\u0104 UCZENNIC\u0104 SWEGO SYNA. Wierzy\u0142a, \u017ce Jezus jest Mesjaszem, Bo\u017cym Synem, Zbawicielem \u015bwiata\u2026<\/p>\n<p>Maryja uczy nas ufno\u015bci wobec Boga. Stan\u0119\u0142a przed bardzo trudnym wyborem. Anio\u0142 og\u0142asza Jej, \u017ce znalaz\u0142a \u0142ask\u0119 u Boga, \u017ce pocznie i porodzi Jego Syna. To nie jest tylko radosna wie\u015b\u0107. Nara\u017ca\u0142a si\u0119 na ha\u0144b\u0119 i upokorzenie, a by\u0107 mo\u017ce tak\u017ce na \u015bmier\u0107. Mog\u0142a straci\u0107 J\u00f3zefa \u2013 cz\u0142owieka, kt\u00f3rego kocha\u0142a\u2026 propozycja Boga wymaga\u0142a wi\u0119c ZAUFANIA, \u017ce cokolwiek by si\u0119 nie sta\u0142o, tak ma by\u0107, tak jest dobrze, bo tak chce B\u00f3g!<\/p>\n<p>Maryja staje przed nami, jako pos\u0142uszna Bogu we wszystkim \u201eS\u0142u\u017cebnica Pa\u0144ska\u201d. B\u00f3g ca\u0142kowicie odmieni\u0142 Jej plany i \u2013 po ludzku rzecz bior\u0105c \u2013 skomplikowa\u0142 jej \u017cycie. W Jej r\u0119ce z\u0142o\u017cy\u0142 losy \u015bwiata. Potrzebowa\u0142 Jej FIAT, aby zst\u0105pi\u0107 na ziemi\u0119 i nas zbawi\u0107. Trudno by\u0107 pos\u0142usznym, kiedy nie wszystko si\u0119 rozumie. Czy Maryja rozumia\u0142a? Zapewne nie. Ale nie targowa\u0142a si\u0119 z Bogiem, pe\u0142na ufno\u015bci pos\u0142usznie przyjmowa\u0142a jego wol\u0119. Bo pos\u0142usze\u0144stwo rodzi si\u0119 z zaufania. Maryja, przyjmuj\u0105c Jezusa, nie szuka\u0142a dla siebie zaszczyt\u00f3w i poklasku. Wyda\u0142a na \u015bwiat Bo\u017cego Syna, opiekowa\u0142a si\u0119 Nim, wychowa\u0142a Go, ale gdy rozpocz\u0105\u0142 swoj\u0105 publiczn\u0105 dzia\u0142alno\u015b\u0107, usun\u0119\u0142a si\u0119 w cie\u0144. By\u0142a potem przy Nim w chwili \u015bmierci. To niczego nie zmieni\u0142o, ale by\u0142a z Nim. Prawdziwa mi\u0142o\u015b\u0107 nie szuka siebie., ale dobra drugiego cz\u0142owieka. Jest bezinteresowna i odpowiedzialna. Takiej postawy uczy mnie dzisiaj Maryja.<\/p>\n<p>Je\u015bli nie traktujesz serio nauki Jezusa, a zwracasz si\u0119 do Niego tylko wtedy, gdy czego\u015b bardzo potrzebujesz, to chyba nie do ko\u0144ca kochasz&#8230; B\u00f3g wart jest tego, by przyj\u0105\u0107 Go z mi\u0142o\u015bci\u0105. Nie dla spodziewanej nagrody, ale dla Niego Samego. Wart jest tego, by dla Niego, dla Jego sprawy po\u015bwi\u0119ci\u0107 swoje \u017cycie.<\/p>\n<p>&nbsp;<br \/>\n<a href=\"http:\/\/rafalk-elblag.pl\/wp-content\/uploads\/2021\/08\/ogloszenia-parafialne-baner-01a.jpg\"><img loading=\"lazy\" decoding=\"async\" class=\"alignnone size-full wp-image-4410\" src=\"http:\/\/rafalk-elblag.pl\/wp-content\/uploads\/2021\/08\/ogloszenia-parafialne-baner-01a.jpg\" alt=\"\" width=\"720\" height=\"232\" srcset=\"https:\/\/rafalk-elblag.pl\/wp-content\/uploads\/2021\/08\/ogloszenia-parafialne-baner-01a.jpg 720w, https:\/\/rafalk-elblag.pl\/wp-content\/uploads\/2021\/08\/ogloszenia-parafialne-baner-01a-300x97.jpg 300w\" sizes=\"auto, (max-width: 720px) 100vw, 720px\" \/><\/a><\/p>\n<h1>Og\u0142oszenia parafialne 05.12.2021r<\/h1>\n<p><strong>1.<\/strong> Zapraszamy dzi\u015b na Adoracj\u0119 Naj\u015bwi\u0119tszego Sakramentu od godz. 16:00. Wykorzystaj ten czas ADWENTU i znajd\u017a chwil\u0119 na ADORACJ\u0118, by w ko\u0144cz\u0105cym si\u0119 ROKU \u015aWI\u0118TEGO J\u00d3ZEFA, za Jego wstawiennictwem powierza\u0107 Bogu nasze rodziny.<\/p>\n<p><strong>2.<\/strong> Dzisiejsza taca przeznaczona jest na potrzeby inwestycyjne naszej parafii. B\u00f3g zap\u0142a\u0107 za z\u0142o\u017cone ofiary.<strong> PROSIMY O ZAMYKANIE DRZWI PRZY WCHODZENIU I WYCHODZENIU Z KO\u015aCIO\u0141A PONIEWA\u017b KO\u015aCI\u00d3\u0141 JEST OGRZEWANY. DZI\u0118KUJEMY.<\/strong><\/p>\n<p><strong>3.<\/strong> W ramach og\u00f3lnopolskiej akcji \u201eWigilijne Dzie\u0142o Pomocy Dzieciom\u201d Wolontariusze Caritas rozprowadzaj\u0105 dzisiaj \u015bwiece na st\u00f3\u0142 wigilijny w cenie: 10 z\u0142 \u2013 ma\u0142e \u015bwiece i 20 z\u0142 du\u017ce \u015bwiece. Mamy tez mo\u017cliwo\u015b\u0107 nabycia za dobrowoln\u0105 ofiar\u0119 po\u015bwi\u0119conego op\u0142atka na st\u00f3\u0142 wigilijny przed Ko\u015bcio\u0142em.<\/p>\n<p><strong>4.<\/strong> Wszystkich Parafian doros\u0142ych zapraszamy na MSZE \u015aW. RORATNIE ku czci Matki Bo\u017cej o godz. 6:30. M\u0142odzie\u017c wraz z kandydatami do Sakramentu Bierzmowania zapraszamy w pi\u0105tki o godz. 6:30. Dla dzieci Msze RORATNIE odprawiane b\u0119d\u0105 w poniedzia\u0142ki i czwartki r\u00f3wnie\u017c o godz. 6:30.<br \/>\nProsimy, by dzieci przychodzi\u0142y z opiekunami i przynosi\u0142y z sob\u0105 LAMPIONY.<\/p>\n<p><strong>5.<\/strong> W \u015brod\u0119 8 grudnia obchodzimy Uroczysto\u015b\u0107 Niepokalanego Pocz\u0119cia NMP. Dzie\u0144 ten jest \u015bwi\u0119tem patronalnym Ruchu \u015awiat\u0142o-\u017bycie, a w nim ga\u0142\u0119zi Domowego Ko\u015bcio\u0142a. Tego dnia zapraszamy o godz. 17:30 na wsp\u00f3lny \u015bpiew GODZINEK KU CZCI NIEPOKALANEGO POCZ\u0118CIA NMP w intencji dzi\u0119kczynnej za dar \u015aWI\u0118TEGO JANA PAW\u0141A II, kt\u00f3ry zawierzy\u0142 ca\u0142y \u015bwiat NIEPOKALANEJ.<\/p>\n<p><strong>6.<\/strong> W Uroczysto\u015b\u0107 Niepokalanego Pocz\u0119cia NMP zapraszamy na nabo\u017ce\u0144stwo przed Naj\u015bwi\u0119tszym Sakramentem i skorzystania z GODZINY \u0141ASKI od 12:00 do godz. 13:00. Matka Bo\u017ca przekaza\u0142a \u015bwiatu: \u201eDzi\u0119ki modlitwie w tej godzinie, ze\u015bl\u0119 wiele \u0142ask dla duszy i cia\u0142a. B\u0119d\u0105 masowe nawr\u00f3cenia. Dusze zatwardzia\u0142e i zimne jak marmur poruszone b\u0119d\u0105 \u0142ask\u0105 Bo\u017c\u0105 i zn\u00f3w stan\u0105 si\u0119 wierne i mi\u0142uj\u0105ce Boga. Jest moim \u017cyczeniem, aby ta Godzina by\u0142a rozpowszechniona\u201d.<\/p>\n<p><strong>7.<\/strong> REKOLEKCJE ADWENTOWE w naszej parafii odb\u0119d\u0105 si\u0119 w dniach: 12 grudnia (niedziela) oraz 16, 17, 18 grudnia. W tym roku rekolekcje poprowadzi ks. Kajetan Jakubowski \u2013 student Katolickiego Uniwersytetu Lubelskiego. Zaplanujmy dobrze swoje obowi\u0105zki domowe, by wzi\u0105\u0107 udzia\u0142 w duchowym przygotowaniu do \u015bwi\u0105t Narodzenia Pa\u0144skiego.<\/p>\n<h3><strong>8.<\/strong> INFORMUJEMY \u2013 \u017ce od Nowego Roku 2022 ulega zmianie uk\u0142ad Mszy \u015awi\u0119tych Niedzielnych. Msze \u015bw. sprawowane b\u0119d\u0105 o godz. 8:00, 10:00, 12:00, 15:00 i 18:00.<br \/>\nMsze \u015bw. w dni powszechne pozostaj\u0105 bez zmian.<\/h3>\n<p><strong>9. PIELGRZYMKA W ROKU 2022 !!!<\/strong> Parafia organizuje samolotow\u0105 pielgrzymk\u0119 do W\u0142och Po\u0142udniowych w dniach 21 \u2013 28 wrze\u015bnia 2022 roku. Zobaczymy takie miejsca jak: Bari, San Giovanni Rotondo, Monte Sant Angelo, Matera, Pietrelcina, Pompeje, Salerno, Neapol oraz wypoczynek nad Morzem Adriatyckim. Koszt 3990 z\u0142. plus 150 euro.<br \/>\nZapisy u ks. Proboszcza do ko\u0144ca grudnia 2021 r. Wpisowe 500 z\u0142.<br \/>\nPomy\u015bl i zaplanuj ju\u017c dzi\u015b Tw\u00f3j wyjazd do tak wa\u017cnych i cudownych miejsc.<\/p>\n<p>&nbsp;<\/p>\n<p><img decoding=\"async\" src=\"http:\/\/rafalk-elblag.pl\/wp-content\/uploads\/2020\/04\/baner-intencje-mszy.jpg\"><\/p>\n<h1>Intencje mszalne 05.12.2021r<\/h1>\n<p><strong>II Niedziela Adwentu \/ 5 grudnia 2021 r.<\/strong><br \/>\n7.00 \u015bp. Barbara ( z okazji imienin) i \u015bp. Roman w 26 rocz. \u015bmierci KAMI\u0143SCY oraz zmarli z rodziny Kami\u0144skich<br \/>\n9.00 O do\u015bwiadczenie Bo\u017cej mi\u0142o\u015bci dla Karoliny i Sebastiana<br \/>\n10.30 \u015bp. Jolanta KO\u015aCI\u0143SKA, \u015bp. Anna RZEPKA w 5 rocz. \u015bmierci<br \/>\n12.00 W intencji Parafian<br \/>\n15.00 Za ks. Tomasza WIECZORKA i ks. Daniela KUROWSKIEGO o Bo\u017ce b\u0142ogos\u0142awie\u0144stwo, opiek\u0119 Matki Bo\u017cej na dalsze lata pos\u0142ugi kap\u0142a\u0144skiej<br \/>\nADORACJA NAJ\u015aWI\u0118TSZEGO SAKRAMENTU &#8211; zapraszamy<br \/>\n18.00 \u015bp. Ignacy ROKOWSKI w 10 miesi\u0105c po pogrzebie<\/p>\n<p><strong>PONIEDZIA\u0141EK \/ 6 grudnia 2021r. \/ \u015bw. Miko\u0142aja<\/strong><br \/>\n6.30 \u015bp. J\u00f3zef SIELEWICZ w 9 rocz. \u015bmierci<br \/>\n18.00 \u015bp. Franciszek(m) i Stefania(k) KARWACCY w 12 rocz. \u015bmierci<\/p>\n<p><strong>WTOREK \/ 7 grudnia 2021r. \u015bw. Ambro\u017cego<\/strong><br \/>\n6.30 Dzi\u0119kczynna za dar \u017cycia w 70 rocznic\u0119 urodzin Zuzanny STAN z pro\u015bb\u0105 o Bo\u017ce b\u0142ogos\u0142awie\u0144stwo, potrzebne \u0142aski i opiek\u0119 Matki Bo\u017cej Szkaplerznej<br \/>\n18.00 \u015bp. Marianna M\u0141YNARSKA, \u015bp. J\u00f3zef, Zbigniew, S\u0142awomir M\u0141YNARSCY, \u015bp. Anna NADOLSKA<br \/>\n18.00 \u015bp. Lucjan KACHNOWICZ w 6 rocz. \u015bmierci i zmar\u0142ych z rodzin BAJSON, JASI\u0143SKICH I KACNOWICZ<\/p>\n<p><strong>\u015aRODA \/ 8 grudnia 2021r.<\/strong><br \/>\nUROCZYSTO\u015a\u0106 NIEPOKALANEGO POCZECIA NMP<br \/>\n6.30 \u015bp. Maria ZA\u0141\u0118SKA<br \/>\n18.00 Dzi\u0119kczynna za otrzymane dobro z pro\u015bb\u0105 o Bo\u017ce b\u0142ogos\u0142awie\u0144stwo dla wszystkich darczy\u0144c\u00f3w i przyjaci\u00f3\u0142<\/p>\n<p><strong>CZWARTEK \/ 9 grudnia 2021r.<\/strong><br \/>\n6.30 \u015bp. Micha\u0142 JAKUBIAK w 7 rocz. \u015bmierci<br \/>\n18.00 \u015bp. Jolanta, Bogumi\u0142, Przemek z rodziny SOLECKICH w 20 rocz. \u015bmierci<\/p>\n<p><strong>PI\u0104TEK \/ 10 grudnia 2021r.<\/strong><br \/>\n6.30 \u015bp. Bronis\u0142awa(k), Leon PRONDZYNSCY, \u015bp. Genowefa, Marian FR\u0104TCZAK, \u015bp. Krystyna i Kazimierz<br \/>\n18.00 \u015bp. Adela DEMSKA w 3 rocz. \u015bmierci<br \/>\n18.00 \u015bp. Krystyna MA\u0106KO w 11 rocz. \u015bmierci<\/p>\n<p><strong>SOBOTA \/ 11 grudnia 2021r<\/strong><br \/>\n6.30 \u015bp. W\u0142adys\u0142awa(k) KISIELEWSKA w 1 rocz. \u015bmierci<br \/>\n18.00 \u015bp. Czes\u0142aw NOWAK w 1 rocz. \u015bmierci<br \/>\n18.00 \u015bp. Norbert w 26 rocz. \u015bmierci, \u015bp. Kazimierz i Jadwiga<\/p>\n","protected":false},"excerpt":{"rendered":"<p>Ewangelia (\u0141k 3, 1-6) Wszyscy ludzie ujrz\u0105 zbawienie Bo\u017ce S\u0142owa Ewangelii wed\u0142ug \u015awi\u0119tego \u0141ukasza By\u0142o to w pi\u0119tnastym roku rz\u0105d\u00f3w Tyberiusza Cezara. Gdy Poncjusz Pi\u0142at by\u0142 namiestnikiem Judei, Herod tetrarch\u0105 Galilei, brat jego Filip tetrarch\u0105 Iturei i Trachonitydy, Lizaniasz tetrarch\u0105 Abileny; za najwy\u017cszych kap\u0142an\u00f3w Annasza i Kajfasza skierowane zosta\u0142o s\u0142owo Bo\u017ce do Jana, syna Zachariasza, [&hellip;]<\/p>\n","protected":false},"author":1,"featured_media":4521,"comment_status":"closed","ping_status":"closed","sticky":false,"template":"","format":"standard","meta":{"ngg_post_thumbnail":0,"footnotes":""},"categories":[11,8,4,3],"tags":[],"class_list":["post-4518","post","type-post","status-publish","format-standard","has-post-thumbnail","hentry","category-aktualnosci","category-blog","category-intencje","category-ogloszenia"],"_links":{"self":[{"href":"https:\/\/rafalk-elblag.pl\/index.php?rest_route=\/wp\/v2\/posts\/4518","targetHints":{"allow":["GET"]}}],"collection":[{"href":"https:\/\/rafalk-elblag.pl\/index.php?rest_route=\/wp\/v2\/posts"}],"about":[{"href":"https:\/\/rafalk-elblag.pl\/index.php?rest_route=\/wp\/v2\/types\/post"}],"author":[{"embeddable":true,"href":"https:\/\/rafalk-elblag.pl\/index.php?rest_route=\/wp\/v2\/users\/1"}],"replies":[{"embeddable":true,"href":"https:\/\/rafalk-elblag.pl\/index.php?rest_route=%2Fwp%2Fv2%2Fcomments&post=4518"}],"version-history":[{"count":3,"href":"https:\/\/rafalk-elblag.pl\/index.php?rest_route=\/wp\/v2\/posts\/4518\/revisions"}],"predecessor-version":[{"id":4526,"href":"https:\/\/rafalk-elblag.pl\/index.php?rest_route=\/wp\/v2\/posts\/4518\/revisions\/4526"}],"wp:featuredmedia":[{"embeddable":true,"href":"https:\/\/rafalk-elblag.pl\/index.php?rest_route=\/wp\/v2\/media\/4521"}],"wp:attachment":[{"href":"https:\/\/rafalk-elblag.pl\/index.php?rest_route=%2Fwp%2Fv2%2Fmedia&parent=4518"}],"wp:term":[{"taxonomy":"category","embeddable":true,"href":"https:\/\/rafalk-elblag.pl\/index.php?rest_route=%2Fwp%2Fv2%2Fcategories&post=4518"},{"taxonomy":"post_tag","embeddable":true,"href":"https:\/\/rafalk-elblag.pl\/index.php?rest_route=%2Fwp%2Fv2%2Ftags&post=4518"}],"curies":[{"name":"wp","href":"https:\/\/api.w.org\/{rel}","templated":true}]}}