{"id":4514,"date":"2021-11-28T10:58:32","date_gmt":"2021-11-28T10:58:32","guid":{"rendered":"http:\/\/rafalk-elblag.pl\/?p=4514"},"modified":"2021-12-04T19:14:00","modified_gmt":"2021-12-04T19:14:00","slug":"biuletyn-28-11-2021-jezusa-chrystusa-krola-wszechswiata","status":"publish","type":"post","link":"https:\/\/rafalk-elblag.pl\/?p=4514","title":{"rendered":"Biuletyn 28.11.2021, I Niedziela Adwentu"},"content":{"rendered":"<p><a href=\"http:\/\/rafalk-elblag.pl\/wp-content\/uploads\/2021\/11\/baner-281121.jpg\"><img loading=\"lazy\" decoding=\"async\" class=\"alignnone wp-image-4501 size-full\" src=\"http:\/\/rafalk-elblag.pl\/wp-content\/uploads\/2021\/11\/baner-281121.jpg\" alt=\"\" width=\"780\" height=\"525\"><\/a><\/p>\n<h1>Ewangelia (\u0141k 21, 25-28. 34-36)<br \/>\nOczekiwanie na powt\u00f3rne przyj\u015bcie Chrystusa<\/h1>\n<p><strong>S\u0142owa Ewangelii wed\u0142ug \u015awi\u0119tego \u0141ukasza<\/strong><\/p>\n<p>Jezus powiedzia\u0142 do swoich uczni\u00f3w:<\/p>\n<p>\u00abB\u0119d\u0105 znaki na s\u0142o\u0144cu, ksi\u0119\u017cycu i gwiazdach, a na ziemi trwoga narod\u00f3w bezradnych wobec huku morza i jego nawa\u0142nicy. Ludzie mdle\u0107 b\u0119d\u0105 ze strachu w oczekiwaniu wydarze\u0144 zagra\u017caj\u0105cych ziemi. Albowiem moce niebios zostan\u0105 wstrz\u0105\u015bni\u0119te. Wtedy ujrz\u0105 Syna Cz\u0142owieczego, nadchodz\u0105cego w ob\u0142oku z moc\u0105 i wielk\u0105 chwa\u0142\u0105. A gdy si\u0119 to dzia\u0107 zacznie, nabierzcie ducha i podnie\u015bcie g\u0142owy, poniewa\u017c zbli\u017ca si\u0119 wasze odkupienie.<\/p>\n<p>Uwa\u017cajcie na siebie, aby wasze serca nie by\u0142y oci\u0119\u017ca\u0142e wskutek ob\u017carstwa, pija\u0144stwa i trosk doczesnych, \u017ceby ten dzie\u0144 nie spad\u0142 na was znienacka jak potrzask. Przyjdzie on bowiem na wszystkich, kt\u00f3rzy mieszkaj\u0105 na ca\u0142ej ziemi.<\/p>\n<p>Czuwajcie wi\u0119c i m\u00f3dlcie si\u0119 w ka\u017cdym czasie, aby\u015bcie mogli unikn\u0105\u0107 tego wszystkiego, co ma nast\u0105pi\u0107, i stan\u0105\u0107 przed Synem Cz\u0142owieczym\u00bb.<\/p>\n<h1>&nbsp;<br \/>\nRADOSNY CZAS OCZEKIWANIA<\/h1>\n<p>&nbsp;<br \/>\n<strong>Wielu z nas znana jest posta\u0107 \u015bw. Augustyna, biskupa Hippony. Augustyn pozostawi\u0142 potomnym \u015bwiadectwo swego nawr\u00f3cenia, opisane w duchowej autobiografii pt. Wyznania. Kiedy dojrzewa\u0142o w nim pragnienie ostatecznej decyzji przyj\u0119cia chrztu, modl\u0105c si\u0119 us\u0142ysza\u0142 g\u0142os dziecka: \u201eWe\u017a to, czytaj!\u201d. Wezwanie to uzna\u0142 jako g\u0142os Bo\u017cy. Si\u0119gn\u0105\u0142 wi\u0119c do pisma aposto\u0142a Paw\u0142a i zacz\u0105\u0142 czyta\u0107 fragment, kt\u00f3ry us\u0142yszymy w dzisiejszej liturgii: \u201eNie w hulankach i pijatykach, nie w rozpu\u015bcie i wyuzdaniu, nie w k\u0142\u00f3tni i zazdro\u015bci. Ale przyobleczcie si\u0119 w Pana Jezusa Chrystusa i nie troszczcie si\u0119 zbytnio o cia\u0142o, dogadzaj\u0105c \u017c\u0105dzom\u201d. Nie trzeba by\u0142o wi\u0119cej. Augustyn odpowiedzia\u0142 na ten g\u0142os Bo\u017cy i podj\u0105\u0142 decyzj\u0119 o przyj\u0119ciu chrztu. Jego \u017cycie ca\u0142kowicie si\u0119 odmieni\u0142o. Sta\u0142 si\u0119 wiernym s\u0142ug\u0105 Jezusa Chrystusa i Jego aposto\u0142em.<\/strong><\/p>\n<p>S\u0142owo \u015bw. Paw\u0142a, kt\u00f3re tak bardzo poruszy\u0142o serce \u015bw. Augustyna jest skierowane dzisiaj, u pocz\u0105tku Adwentu, tak\u017ce do nas. Jest ono bardzo wa\u017cne dla ka\u017cdego z nas, kt\u00f3rym czas pandemii pokaza\u0142, jak kruche jest nasze \u017cycie, jak niewiele zale\u017cy od cz\u0142owieka. Cz\u0142owiek mo\u017ce planowa\u0107 wiele rzeczy, mo\u017ce mu si\u0119 wydawa\u0107, \u017ce zapanowa\u0142 nad ca\u0142ym \u015bwiatem, a tymczasem jeden wirus zmienia ca\u0142kowicie nasz\u0105 codzienno\u015b\u0107. I wszystko zdarzy\u0142o si\u0119 zupe\u0142nie nagle i niespodziewanie. Jak\u017ce bliskie w tym kontek\u015bcie staj\u0105 si\u0119 s\u0142owa Pana Jezusa z dzisiejszej Ewangelii: \u201eJak by\u0142o za dni Noego, tak b\u0119dzie z przyj\u015bciem Syna Cz\u0142owieczego.<\/p>\n<p>Albowiem jak w czasie przed potopem jedli i pili, \u017cenili si\u0119 i za m\u0105\u017c wydawali a\u017c do dnia, kiedy Noe wszed\u0142 do arki, i nie spostrzegli si\u0119, a\u017c przyszed\u0142 potop i poch\u0142on\u0105\u0142 wszystkich, tak r\u00f3wnie\u017c b\u0119dzie z przyj\u015bciem Syna Cz\u0142owieczego\u201d.<\/p>\n<p>Adwent jest wi\u0119c po to, aby dokona\u0107 rewizji swojego zaanga\u017cowania w otaczaj\u0105c\u0105 nas rzeczywisto\u015b\u0107. Czy wszystko, co robimy jest zgodne z wol\u0105 Bo\u017c\u0105, z nauczaniem zwartym w Ewangelii? To pierwsze zadanie, jakie przynosi nam odczytane dzisiaj s\u0142owo Bo\u017ce.<\/p>\n<p>Drugie zadanie stawia przed nami \u015bw. Pawe\u0142: \u201eOdrzu\u0107my wi\u0119c uczynki ciemno\u015bci, a przyobleczmy si\u0119 w zbroj\u0119 \u015bwiat\u0142a. \u017byjmy przyzwoicie jak w jasny dzie\u0144\u201d (Rz 13, 12). Jest to wezwanie do walki z grzechem, z wadami, z tym wszystkim, co jest ciemn\u0105 stron\u0105 naszego \u017cycia. Ucze\u0144 Pana Jezusa jest powo\u0142any, a przede wszystkim uzdolniony dzi\u0119ki \u0142asce Bo\u017cej do innego \u017cycia, do \u017cycia w \u015bwietle mi\u0142o\u015bci, prawdy, wra\u017cliwo\u015bci, wierno\u015bci, rado\u015bci, pokoju. To \u015bwiat\u0142o jest potrzebne temu \u015bwiatu, kt\u00f3ry jak to widzimy i s\u0142yszymy pogr\u0105\u017ca si\u0119 w ciemno\u015bci nienawi\u015bci, k\u0142\u00f3tni, k\u0142amstwa, rozwi\u0105z\u0142o\u015bci, braku wierno\u015bci, zazdro\u015bci i wojny. \u015awiat\u0142o Ewangelii jest potrzebne temu \u015bwiatu, jest potrzebne naszym rodzinom, dzieciom i m\u0142odzie\u017cy.<\/p>\n<p><strong>I to jest zadanie dla nas na ten Adwent: nie\u015b\u0107 \u015bwiat\u0142o Ewangelii zwyczajnym, codziennym \u017cyciem ucznia Pana Jezusa. \u015aw. Jan Chryzostom powiedzia\u0142 kiedy\u015b znacz\u0105ce s\u0142owa, kt\u00f3re warto rozwa\u017cy\u0107 i wzi\u0105\u0107 je sobie do serca: \u201eGdyby\u015b powiedzia\u0142, \u017ce s\u0142o\u0144ce niezdolne jest \u015bwieci\u0107, obra\u017casz je; gdyby\u015b powiedzia\u0142, i\u017c chrze\u015bcijanin nie mo\u017ce by\u0107 u\u017cyteczny, obra\u017casz Boga i czynisz Go k\u0142amc\u0105. \u0141atwiej jest bowiem s\u0142o\u0144cu nie ogrzewa\u0107 ani \u015bwieci\u0107 ni\u017c chrze\u015bcijaninowi nie o\u015bwietla\u0107. Ju\u017c raczej \u015bwiat\u0142o stanie si\u0119 ciemno\u015bci\u0105 ni\u017c to\u201d.<\/strong><\/p>\n<p>M\u00f3dlmy si\u0119 gor\u0105co, aby Adwent sta\u0142 si\u0119 czasem naszej odnowy, by\u015bmy po raz kolejny ucieszyli si\u0119 z naszej wiary, by\u015bmy byli z niej dumni i w pokorze serca chcieli si\u0119 ni\u0105 dzieli\u0107 z innymi.<\/p>\n<p>&nbsp;<br \/>\n<a href=\"http:\/\/rafalk-elblag.pl\/wp-content\/uploads\/2021\/08\/ogloszenia-parafialne-baner-01a.jpg\"><img loading=\"lazy\" decoding=\"async\" class=\"alignnone size-full wp-image-4410\" src=\"http:\/\/rafalk-elblag.pl\/wp-content\/uploads\/2021\/08\/ogloszenia-parafialne-baner-01a.jpg\" alt=\"\" width=\"720\" height=\"232\" srcset=\"https:\/\/rafalk-elblag.pl\/wp-content\/uploads\/2021\/08\/ogloszenia-parafialne-baner-01a.jpg 720w, https:\/\/rafalk-elblag.pl\/wp-content\/uploads\/2021\/08\/ogloszenia-parafialne-baner-01a-300x97.jpg 300w\" sizes=\"auto, (max-width: 720px) 100vw, 720px\" \/><\/a><\/p>\n<h1>Og\u0142oszenia parafialne 28.11.2021r<\/h1>\n<p><strong>1.<\/strong> W ko\u015bciele, zakrystii, kancelarii parafialnej, u\u017cywamy maseczek os\u0142aniaj\u0105cych usta i nos. Na stolikach przy g\u0142\u00f3wnym i bocznym wej\u015bciu do ko\u015bcio\u0142a umieszczone s\u0105 dozowniki z p\u0142ynem do dezynfekcji r\u0105k.<\/p>\n<p><strong>2. Dzi\u015b rozpoczynamy OKRES ADWENTU, kt\u00f3ry jest pocz\u0105tkiem Nowego Roku Liturgicznego w Ko\u015bciele.<\/strong><\/p>\n<p><strong>3.<\/strong> Parafialny Oddzia\u0142 Caritas przy naszej parafii czynny b\u0119dzie od grudnia br. w 1 i 3 czwartek miesi\u0105ca. Zapraszamy do punktu przy ul. Myliusa 1 A.<\/p>\n<p><strong>4.<\/strong> Przed nami ostatnie dwa dni listopada, kiedy to w spos\u00f3b szczeg\u00f3lny modlimy si\u0119 za zmar\u0142ych. W naszym Ko\u015bciele codziennie o godz. 18:00 oprawiamy Msz\u0119 \u015awi\u0119t\u0105 Zbiorow\u0105 a bezpo\u015brednio po Mszy \u015bw. na WYPOMINKI po\u0142\u0105czone z Koronk\u0105 do Mi\u0142osierdzia Bo\u017cego. Pami\u0119tajmy: \u201e\u015awi\u0119t\u0105 i zbawienn\u0105 rzecz\u0105 jest modli\u0107 si\u0119 za \u017cywych i zmar\u0142ych.\u201d Czy to ju\u017c uczyni\u0142e\u015b?<\/p>\n<p><strong>5.<\/strong> Nasz Parafianin pan Andrzej Jurgielewicz, po odbyciu wymaganej formacji liturgiczno-duchowej, dekretem Biskupa Elbl\u0105skiego z dnia 20 listopada br. zosta\u0142 ustanowiony SZAFARZEM NADZWYCZAJNYM KOMUNII \u015aWI\u0118TEJ. Niech ta pos\u0142uga przyniesie Jemu i naszej parafii b\u0142ogos\u0142awione owoce.<\/p>\n<p><strong>6.<\/strong> Dzisiaj podczas Mszy \u015bw. o godz. 12:00 zostan\u0105 po\u015bwi\u0119cone op\u0142atki na st\u00f3\u0142 wigilijny. Przy okazji informujemy, \u017ce nikt w imieniu parafii nie roznosi op\u0142atk\u00f3w po domach. Op\u0142atki za dobrowolna ofiar\u0119 mo\u017cna nabywa\u0107 w kancelarii parafialnej, w zakrystii i u os\u00f3b rozprowadzaj\u0105cych \u015aWIECE CARITASU.<\/p>\n<p><strong>7.<\/strong> W ramach og\u00f3lnopolskiej akcji \u201eWigilijne Dzie\u0142o Pomocy Dzieciom\u201d od przysz\u0142ej niedzieli (5 grudnia) Wolontariusze Caritas b\u0119d\u0105 rozprowadza\u0107 \u015bwiece na st\u00f3\u0142 wigilijny w cenie: 10 z\u0142 \u2013 ma\u0142e \u015bwiece i 20 z\u0142 du\u017ce \u015bwiece. B\u0119dzie te\u017c mo\u017cliwo\u015b\u0107 nabycia za dobrowoln\u0105 ofiar\u0119 po\u015bwi\u0119conego op\u0142atka na st\u00f3\u0142 wigilijny.<\/p>\n<p><strong>8.<\/strong> Zapraszamy w ADWENCIE na wsp\u00f3lne \u015bpiewanie GODZINEK KU CZCI NIEPOKALANEGO POCZ\u0118CIA NMP &#8211; niedziela godz. 8:40.<\/p>\n<p><strong>9.<\/strong> Wszystkich Parafian doros\u0142ych zapraszamy na MSZE \u015aW. RORATNIE ku czci Matki Bo\u017cej o godz. 6:30. M\u0142odzie\u017c wraz z kandydatami do Sakramentu Bierzmowania zapraszamy w pi\u0105tki o godz. 6:30. Dla dzieci Msze RORATNIE odprawiane b\u0119d\u0105 w poniedzia\u0142ki i czwartki r\u00f3wnie\u017c o godz. 6:30.<br \/>\nProsimy, by dzieci przychodzi\u0142y z opiekunami i przynosi\u0142y z sob\u0105 LAMPIONY.<\/p>\n<p><strong>10.<\/strong> W tym tygodniu przypada pierwszy czwartek, pi\u0105tek i sobota miesi\u0105ca:<\/p>\n<ul>\n<li>I czwartek miesi\u0105ca \u2013 zapraszamy na Msz\u0119 \u015bw. o godz. 18:00, a po niej na Adoracj\u0119 Naj\u015bwi\u0119tszego Sakramentu tj. na \u201eGODZIN\u0118 \u015aWI\u0118T\u0104\u201d. Zapraszamy wszystkie \u201eMargaretki\u201d do wsp\u00f3lnej modlitwy.<\/li>\n<li>I pi\u0105tek miesi\u0105ca: spowied\u017a dla dzieci, m\u0142odzie\u017cy i doros\u0142ych w tygodniu od 17:30, szczeg\u00f3lnie do spowiedzi zapraszamy dzieci klas IV dla kt\u00f3rych Msza \u015bw. b\u0119dzie odprawiona o godz. 16:30 a dla pozosta\u0142ych os\u00f3b o godz. 18:00<\/li>\n<li>I sobota miesi\u0105ca: zapraszamy wszystkich czcicieli Matki Bo\u017cej na nabo\u017ce\u0144stwo po\u0142\u0105czone z Adoracj\u0105 Naj\u015bwi\u0119tszego Sakramentu od godz. 17:00.<\/li>\n<\/ul>\n<p><strong>11.<\/strong> W pierwszy pi\u0105tek miesi\u0105ca (3. XII.) z Panem Jezusem udamy si\u0119 do chorych od godz. 9:30.<\/p>\n<h3><strong>12. INFORMUJEMY \u2013 \u017ce od Nowego Roku 2022 ulegnie zmianie porz\u0105dek Mszy \u015awi\u0119tych Niedzielnych. Msze \u015bw. sprawowane b\u0119d\u0105 o godz. 8:00, 10:00, 12:00, 15:00 i 18:00.<\/strong><\/h3>\n<h3><strong>Msze \u015bw. w dni powszechne pozostaj\u0105 bez zmian.<\/strong><\/h3>\n<p><strong>13.<\/strong> Zach\u0119cam do nabywania nowego numeru \u201eGo\u015bcia Niedzielnego\u201d w cenie 6 z\u0142 z dodatkiem \u201eGo\u015b\u0107 Elbl\u0105ski.<\/p>\n<p><strong>14.<\/strong> Pan powo\u0142a\u0142 do wieczno\u015bci:<\/p>\n<p><strong>\u2020 \u015bp. Weronik\u0119 WITKOWSK\u0104<\/strong> lat 75 z ul. Brzechwy<br \/>\n<strong>\u2020 \u015bp. Kazimierza POLASIK<\/strong> lat 72 z ul. Brzechwy<br \/>\n<strong>\u2020 \u015bp. Henryka JANKOWSKIEGO<\/strong> lat 78 z ul. Tuwima<\/p>\n<p>&nbsp;<\/p>\n<p><img decoding=\"async\" src=\"http:\/\/rafalk-elblag.pl\/wp-content\/uploads\/2020\/04\/baner-intencje-mszy.jpg\"><\/p>\n<h1>Intencje mszalne 28.11.2021r<\/h1>\n<p><strong>I Niedziela Adwentu \/ 28 listopada 2021 r.<\/strong><br \/>\n7.00 \u015bp. W\u0142odzimierz PURZYCKI w 30 dzie\u0144 po pogrzebie<br \/>\n9.00 \u015bp. Sylwia KOWALEWSKA<br \/>\n10.30 \u015bp. Marek PIETRZAK<br \/>\n12.00 W intencji Parafian<br \/>\n15.00 \u015bp. Wiktor IDZIKOWSKI<br \/>\n18.00 Msza \u015awi\u0119ta Zbiorowa (28)<\/p>\n<p><strong>PONIEDZIA\u0141EK \/ 29 listopada 2021r.<\/strong><br \/>\n6.30 \u015bp. J\u00f3zefa(k) i Micha\u0142 oraz za te\u015bci\u00f3w \u2013 intencja od Zbigniewa Jackiewicza<br \/>\n18.00 sp. J\u00f3zef KWIATOSZ w 8 rocznic\u0119 \u015bmierci<br \/>\n18.00 Msza \u015awi\u0119ta Zbiorowa (29)<\/p>\n<p><strong>WTOREK \/ 30 listopada 2021r. \/ \u015aWI\u0118TO \u015aW. ANDRZEJA, APOSTO\u0141A<\/strong><br \/>\n6.30 Dzi\u0119kczynna w 99 urodziny \u0141UCJI z pro\u015bb\u0105 o Bo\u017ce b\u0142ogos\u0142awie\u0144stwo, potrzebne \u0142aski i opiek\u0119 Matki Bo\u017cej<br \/>\n18.00 \u015bp. Bronis\u0142awa(k), Stanis\u0142aw, Maria, Stanis\u0142awa(k), Edward, Wojciech z rodziny WALA, \u015bp. Stanis\u0142awa(k), J\u00f3zef, Edward, Barbara z rodziny Osowskich, \u015bp. Teresa PIGO\u0143<br \/>\n18.00 Msza \u015awi\u0119ta Zbiorowa (30)<\/p>\n<p><strong>\u015aRODA \/ 1 grudnia 2021r.<\/strong><br \/>\n6.30<br \/>\n18.00 Dzi\u0119kczynna w 40 rocznic\u0119 \u015blubu Hanny i Zdzis\u0142awa SZULC pro\u015bb\u0105 o Bo\u017ce b\u0142ogos\u0142awie\u0144stwo dla Rubinowych Jubilat\u00f3w<br \/>\n18.00 \u015bp. Genowefa WOCIAL w 30 dzie\u0144 po pogrzebie<\/p>\n<p><strong>CZWARTEK \/ 2 grudnia 2021r. \/ I CZWARTEK MIESI\u0104CA<\/strong><br \/>\n6.30 O wiar\u0119, nadziej\u0119 i mi\u0142o\u015b\u0107 dla Zbigniewa JACKIEWICZA, \u017cony Wies\u0142awy, dzieci i wnuk\u00f3w<br \/>\n18.00 \u015bp. Stanis\u0142aw i Genowefa OLEWNIK, \u015bp. Stanis\u0142aw(m) i Czes\u0142awa(k) KOWALSCY, \u015bp. Wanda GRAD, \u015bp. J\u00f3zef i Wiktoria SZWARC<br \/>\n18.00 Z okazji urodzin i imienin z pro\u015bb\u0105 o wszelkie potrzebne \u0142aski. Bo\u017ce b\u0142ogos\u0142. i opiek\u0119 Matki Bo\u017cej dla BARBARY<\/p>\n<p><strong>PI\u0104TEK \/ 3 grudnia 2021r. \/ I PI\u0104TEK MIESI\u0104CA<\/strong><br \/>\n<strong>\u015aW. FRANCISZKA KSAWEREGO, KAP\u0141ANA<\/strong><br \/>\n6.30 \u015bp. Henryka(k) MARCINKOWSKA w 30 dzie\u0144 po pogrzebie<br \/>\n16.30 W intencji czcicieli Naj\u015bwi\u0119tszego Serca Pana Jezusa<br \/>\n18.00 \u015bp. Roman KAMI\u0143SKI w 26 rocz. \u015bmierci<\/p>\n<p><strong>SOBOTA \/ 4 grudnia 2021r \/ I SOBOTA MIESI\u0104CA<\/strong><br \/>\n<strong>\u015aWI\u0118TEJ BARBARY, dziewicy i m\u0119czennicy<\/strong><br \/>\n6.30 \u015bp. Monika i Jan OSTROWSCY<br \/>\n18.00 W INTENCJI \u017bYWEGO R\u00d3\u017bANCA<\/p>\n","protected":false},"excerpt":{"rendered":"<p>Ewangelia (\u0141k 21, 25-28. 34-36) Oczekiwanie na powt\u00f3rne przyj\u015bcie Chrystusa S\u0142owa Ewangelii wed\u0142ug \u015awi\u0119tego \u0141ukasza Jezus powiedzia\u0142 do swoich uczni\u00f3w: \u00abB\u0119d\u0105 znaki na s\u0142o\u0144cu, ksi\u0119\u017cycu i gwiazdach, a na ziemi trwoga narod\u00f3w bezradnych wobec huku morza i jego nawa\u0142nicy. Ludzie mdle\u0107 b\u0119d\u0105 ze strachu w oczekiwaniu wydarze\u0144 zagra\u017caj\u0105cych ziemi. Albowiem moce niebios zostan\u0105 wstrz\u0105\u015bni\u0119te. Wtedy [&hellip;]<\/p>\n","protected":false},"author":1,"featured_media":4516,"comment_status":"closed","ping_status":"closed","sticky":false,"template":"","format":"standard","meta":{"ngg_post_thumbnail":0,"footnotes":""},"categories":[11,8,4,3],"tags":[],"class_list":["post-4514","post","type-post","status-publish","format-standard","has-post-thumbnail","hentry","category-aktualnosci","category-blog","category-intencje","category-ogloszenia"],"_links":{"self":[{"href":"https:\/\/rafalk-elblag.pl\/index.php?rest_route=\/wp\/v2\/posts\/4514","targetHints":{"allow":["GET"]}}],"collection":[{"href":"https:\/\/rafalk-elblag.pl\/index.php?rest_route=\/wp\/v2\/posts"}],"about":[{"href":"https:\/\/rafalk-elblag.pl\/index.php?rest_route=\/wp\/v2\/types\/post"}],"author":[{"embeddable":true,"href":"https:\/\/rafalk-elblag.pl\/index.php?rest_route=\/wp\/v2\/users\/1"}],"replies":[{"embeddable":true,"href":"https:\/\/rafalk-elblag.pl\/index.php?rest_route=%2Fwp%2Fv2%2Fcomments&post=4514"}],"version-history":[{"count":2,"href":"https:\/\/rafalk-elblag.pl\/index.php?rest_route=\/wp\/v2\/posts\/4514\/revisions"}],"predecessor-version":[{"id":4519,"href":"https:\/\/rafalk-elblag.pl\/index.php?rest_route=\/wp\/v2\/posts\/4514\/revisions\/4519"}],"wp:featuredmedia":[{"embeddable":true,"href":"https:\/\/rafalk-elblag.pl\/index.php?rest_route=\/wp\/v2\/media\/4516"}],"wp:attachment":[{"href":"https:\/\/rafalk-elblag.pl\/index.php?rest_route=%2Fwp%2Fv2%2Fmedia&parent=4514"}],"wp:term":[{"taxonomy":"category","embeddable":true,"href":"https:\/\/rafalk-elblag.pl\/index.php?rest_route=%2Fwp%2Fv2%2Fcategories&post=4514"},{"taxonomy":"post_tag","embeddable":true,"href":"https:\/\/rafalk-elblag.pl\/index.php?rest_route=%2Fwp%2Fv2%2Ftags&post=4514"}],"curies":[{"name":"wp","href":"https:\/\/api.w.org\/{rel}","templated":true}]}}