{"id":4507,"date":"2021-11-21T18:41:00","date_gmt":"2021-11-21T18:41:00","guid":{"rendered":"http:\/\/rafalk-elblag.pl\/?p=4507"},"modified":"2021-11-23T19:04:58","modified_gmt":"2021-11-23T19:04:58","slug":"biuletyn-14-11-2021-jezusa-chrystusa-krola-wszechswiata","status":"publish","type":"post","link":"https:\/\/rafalk-elblag.pl\/?p=4507","title":{"rendered":"Biuletyn 21.11.2021, Jezusa Chrystusa Kr\u00f3la Wszech\u015bwiata"},"content":{"rendered":"<p><a href=\"http:\/\/rafalk-elblag.pl\/wp-content\/uploads\/2021\/11\/baner-211121.jpg\"><img loading=\"lazy\" decoding=\"async\" class=\"alignnone wp-image-4501 size-full\" src=\"http:\/\/rafalk-elblag.pl\/wp-content\/uploads\/2021\/11\/baner-211121.jpg\" alt=\"\" width=\"780\" height=\"525\"><\/a><\/p>\n<h1>Ewangelia (J 18, 33b-37)<br \/>\nKr\u00f3lestwo Chrystusa nie jest z tego \u015bwiata<\/h1>\n<p><strong>S\u0142owa Ewangelii wed\u0142ug \u015awi\u0119tego Jana<\/strong><br \/>\nPi\u0142at powiedzia\u0142 do Jezusa: \u00abCzy Ty jeste\u015b Kr\u00f3lem \u017cydowskim?\u00bb<\/p>\n<p>Jezus odpowiedzia\u0142: \u00abCzy to m\u00f3wisz od siebie, czy te\u017c inni powiedzieli ci o Mnie?\u00bb<\/p>\n<p>Pi\u0142at odpar\u0142: \u00abCzy ja jestem \u017bydem? Nar\u00f3d Tw\u00f3j i arcykap\u0142ani wydali mi Ciebie. Co uczyni\u0142e\u015b?\u00bb<\/p>\n<p>Odpowiedzia\u0142 Jezus: \u00abKr\u00f3lestwo moje nie jest z tego \u015bwiata. Gdyby kr\u00f3lestwo moje by\u0142o z tego \u015bwiata, s\u0142udzy moi biliby si\u0119, abym nie zosta\u0142 wydany \u017bydom. Teraz za\u015b kr\u00f3lestwo moje nie jest st\u0105d\u00bb.<\/p>\n<p>Pi\u0142at zatem powiedzia\u0142 do Niego: \u00abA wi\u0119c jeste\u015b kr\u00f3lem?\u00bb<\/p>\n<p>Odpowiedzia\u0142 Jezus: \u00abTak, jestem kr\u00f3lem. Ja si\u0119 na to narodzi\u0142em i na to przyszed\u0142em na \u015bwiat, aby da\u0107 \u015bwiadectwo prawdzie. Ka\u017cdy, kto jest z prawdy, s\u0142ucha mojego g\u0142osu\u00bb.<\/p>\n<h1>&nbsp;<br \/>\nPRZEDZIWNY KR\u00d3L I JEGO KR\u00d3LESTWO<\/h1>\n<p>&nbsp;<\/p>\n<p><strong>Dzi\u015b w Uroczysto\u015b\u0107 Chrystusa Kr\u00f3la Wszech\u015bwiata Ko\u015bci\u00f3\u0142 pragnie nam u\u015bwiadomi\u0107 pe\u0142ni\u0119 \u017cycia i szcz\u0119\u015bcia w Chrystusie naszym Panu. On wszed\u0142 do chwa\u0142y Ojca przechodz\u0105c ze \u015bmierci do \u017cycia, aby z tej chwa\u0142y doda\u0107 nam wszystkim nowej odwagi do pe\u0142nienia dobra, kt\u00f3ra kieruje nas ku \u017cyciu wiecznemu.<\/strong><\/p>\n<p>Nasz B\u00f3g pragnie nam zaoferowa\u0107 rado\u015b\u0107 nie tylko w Kr\u00f3lestwie \u017cycia wiecznego, ale pragnie tak\u017ce, aby nasze \u017cycie doczesne by\u0142o lepsze ni\u017c sprawiamy to sami sobie lub te\u017c sprawiaj\u0105 ci, kt\u00f3rzy rz\u0105dz\u0105 tym \u015bwiatem doczesnym. B\u00f3g pragnie nasze obecne \u017cycie \u2013 poddane r\u00f3\u017cnym pr\u00f3bom cierpienia i biedy \u2013 wydoby\u0107 z poni\u017caj\u0105cego, zniewalaj\u0105cego grzechu, z cienia \u015bmierci. Poprzez swoj\u0105, pe\u0142n\u0105 mi\u0142o\u015bci Opatrzno\u015b\u0107 chce, aby\u015bmy znali Go za Ojca, kt\u00f3ry zawsze i dla ka\u017cdego chce tego, co najlepsze. Chce, aby\u015bmy mieli \u015bwiadomo\u015b\u0107 naszej przynale\u017cno\u015bci do Kr\u00f3lestwa Chrystusowego, aby\u015bmy wsp\u00f3\u0142pracowali przy budowaniu cywilizacji mi\u0142o\u015bci i przy realizacji Jego obietnic.<\/p>\n<p>Tak, wi\u0119c dzisiejsze \u015bwi\u0119to powinno nam jednoznacznie u\u015bwiadomi\u0107, \u017ce Chrystus jest KR\u00d3LEM serc, Kr\u00f3lem dobroci, mi\u0142o\u015bci, jedno\u015bci, pokoju, Kr\u00f3lem ufno\u015bci, nadziei, wierno\u015bci, Kr\u00f3lem przemiany tego \u015bwiata i \u201e\u017cycia wewn\u0119trznego\u201d ka\u017cdego poszczeg\u00f3lnego cz\u0142owieka.<\/p>\n<p>Chrystus chce SWOJE KR\u00d3LESTWO budowa\u0107 tam, gdzie ludzie przy wielu mo\u017cliwo\u015bciach s\u0105 zawsze gotowi pom\u00f3c innym w ka\u017cdej sytuacji.<br \/>\nW naszym upodabnianiu si\u0119 do mi\u0142osiernego Chrystusa Kr\u00f3la wa\u017cne jest najpierw ws\u0142uchiwanie si\u0119 w Jego wol\u0119, na wz\u00f3r \u015bw. Faustyny Kowalskiej. Jezus powiedzia\u0142 jej m.in.: \u201e\u017b\u0105dam od ciebie uczynk\u00f3w mi\u0142osierdzia, kt\u00f3re maj\u0105 wyp\u0142ywa\u0107 z mi\u0142o\u015bci ku mnie. Mi\u0142osierdzie masz okazywa\u0107 zawsze i wsz\u0119dzie bli\u017anim, nie mo\u017cesz si\u0119 od tego usun\u0105\u0107 ani wym\u00f3wi\u0107, ani uniewinni\u0107 (\u2026) bo nawet wiara najsilniejsza nic nie pomo\u017ce bez uczynk\u00f3w\u201d (Dz. 742). Z powy\u017cszych s\u0142\u00f3w wynika jasno, \u017ce \u015bwiadectwo mi\u0142osierdzia polega w tym wypadku na postawie mi\u0142osierdzia wobec bli\u017anich. Faustyna jako \u201e\u015bwiadek mi\u0142osierdzia\u201d, nie tylko g\u0142osi\u0142a mi\u0142osierdzie Bo\u017ce, ale przede wszystkim czyni\u0142a je wzgl\u0119dem bli\u017anich.<\/p>\n<p>Tak rozumiana realizacja mi\u0142osierdzia, objawiona przez Jezusa, jest bardzo trudna dla wsp\u00f3\u0142czesnego cz\u0142owieka, gdy\u017c wymaga osobistej \u015bwi\u0119to\u015bci i systematycznej formacji, aby t\u0105 drog\u0105 d\u0105\u017cy\u0107 do coraz pe\u0142niejszego zjednoczenia z Bogiem i do coraz ofiarniej s\u0142u\u017cby drugiemu cz\u0142owiekowi. Warto wi\u0119c nieustannie przypomina\u0107 sobie, \u017ce pierwszym zadaniem cz\u0142owieka wierz\u0105cego w mi\u0142osierdzie Boga, jest realizacja go w czynie. Dopiero na drugim miejscu jest s\u0142owo, a na ko\u0144cu modlitwa. Dlatego \u2013 jak m\u00f3wi Jezus \u2013 \u201egdyby dusze umia\u0142y gromadzi\u0107 sobie skarby wieczne, nie by\u0142yby s\u0105dzone \u2013 uprzedzaj\u0105c s\u0105dy moje mi\u0142osierdziem\u201d (Dz. 1317).<\/p>\n<p><strong>Jedyny W\u0142adco pa\u0144stw, narod\u00f3w i ca\u0142ego stworzenia, Kr\u00f3lu kr\u00f3l\u00f3w i Panie panuj\u0105cych! Zawierzamy Ci Pa\u0144stwo Polskie i rz\u0105dz\u0105cych Polsk\u0105. Spraw, aby wszystkie podmioty w\u0142adzy sprawowa\u0142y rz\u0105dy sprawiedliwie i stanowi\u0142y prawa zgodne z Prawami Twoimi. Chryste Kr\u00f3lu, z ufno\u015bci\u0105 zawierzamy Twemu Mi\u0142osierdziu wszystko, co Polsk\u0119 stanowi, a zw\u0142aszcza tych cz\u0142onk\u00f3w Narodu, kt\u00f3rzy nie pod\u0105\u017caj\u0105 Twymi drogami. Obdarz ich sw\u0105 \u0142ask\u0105, o\u015bwie\u0107 moc\u0105 Ducha \u015awi\u0119tego i wszystkich nas doprowad\u017a do wiecznej jedno\u015bci z Ojcem. W imi\u0119 mi\u0142o\u015bci bratniej zawierzamy Tobie wszystkie narody \u015bwiata. Spraw, by rozpozna\u0142y w Tobie swego prawowitego Pana i Kr\u00f3la i wykorzysta\u0142y czas dany im przez Ojca na dobrowolne poddanie si\u0119 Twojemu panowaniu. Panie Jezu Chryste, Kr\u00f3lu naszych serc, racz uczyni\u0107 serca nasze na wz\u00f3r Naj\u015bwi\u0119tszego Serca Twego. Niech Tw\u00f3j \u015awi\u0119ty Duch zst\u0105pi i odnowi oblicze ziemi, tej ziemi.<\/strong><\/p>\n<p>&nbsp;<br \/>\n<a href=\"http:\/\/rafalk-elblag.pl\/wp-content\/uploads\/2021\/08\/ogloszenia-parafialne-baner-01a.jpg\"><img loading=\"lazy\" decoding=\"async\" class=\"alignnone size-full wp-image-4410\" src=\"http:\/\/rafalk-elblag.pl\/wp-content\/uploads\/2021\/08\/ogloszenia-parafialne-baner-01a.jpg\" alt=\"\" width=\"720\" height=\"232\" srcset=\"https:\/\/rafalk-elblag.pl\/wp-content\/uploads\/2021\/08\/ogloszenia-parafialne-baner-01a.jpg 720w, https:\/\/rafalk-elblag.pl\/wp-content\/uploads\/2021\/08\/ogloszenia-parafialne-baner-01a-300x97.jpg 300w\" sizes=\"auto, (max-width: 720px) 100vw, 720px\" \/><\/a><\/p>\n<h1>Og\u0142oszenia parafialne 21.11.2021r<\/h1>\n<p>1. W ko\u015bciele, zakrystii, kancelarii parafialnej, u\u017cywamy maseczek os\u0142aniaj\u0105cych usta i nos. Na stolikach przy g\u0142\u00f3wnym i bocznym wej\u015bciu do ko\u015bcio\u0142a umieszczone s\u0105 dozowniki z p\u0142ynem do dezynfekcji r\u0105k.<\/p>\n<p>2. Dzisiaj po Mszach \u015bw. przy drzwiach ko\u015bcio\u0142a zbierane b\u0119d\u0105 ofiary do puszek, w zwi\u0105zku z sytuacj\u0105 na granicy polsko-bia\u0142oruskiej. Zostan\u0105 one przekazane Caritas Polska, kt\u00f3ra organizowa\u0107 b\u0119dzie pomoc humanitarn\u0105 wobec migrant\u00f3w, gdyby taka okaza\u0142a si\u0119 niezb\u0119dn\u0105. Caritas musi by\u0107 przygotowana na ewentualne dzia\u0142ania pomocowe.<\/p>\n<p>3. W listopadzie w spos\u00f3b szczeg\u00f3lny pochylamy si\u0119 nad mogi\u0142ami, w kt\u00f3rych spoczywaj\u0105 nasi bliscy. Najg\u0142\u0119bszym wyrazem naszej mi\u0142o\u015bci jest nasza modlitwa za nich. Dlatego zapraszamy do wsp\u00f3lnej modlitwy za zmar\u0142ych codziennie o godz. 18:00 na Msz\u0119 \u015bw. Zbiorow\u0105 a bezpo\u015brednio po Mszy \u015bw. na WYPOMINKI po\u0142\u0105czone z Koronk\u0105 do Mi\u0142osierdzia Bo\u017cego. Pami\u0119tajmy: \u201e\u015awi\u0119t\u0105 i zbawienn\u0105 rzecz\u0105 jest modli\u0107 si\u0119 za \u017cywych i zmar\u0142ych.\u201d Czy to ju\u017c uczyni\u0142e\u015b?<\/p>\n<p>4. Panu Piotrowi naszemu Organi\u015bcie, pani Cecylii Wi\u015bniewskiej, Scholce Parafialnej oraz Zespo\u0142owi M\u0142odzie\u017cowemu \u017cycz\u0119, by \u015bw. Cecylia &#8211; patronka muzyki ko\u015bcielnej wyprasza\u0142a potrzebne \u0142aski do dalszego pos\u0142ugiwania swym \u015bpiewem i muzyk\u0105 na Bo\u017c\u0105 chwa\u0142\u0119.<\/p>\n<p>5. Wszystkich chc\u0105cych pog\u0142\u0119bi\u0107 swoj\u0105 wiedz\u0119 i relacj\u0119 z Bogiem poprzez Pismo \u015awi\u0119te, zapraszamy na spotkanie Kr\u0119gu Biblijnego w \u015brod\u0119 24 listopada o godz. 18.45 kt\u00f3re odb\u0119dzie w salce na plebanii.<\/p>\n<p>6. ZAPRASZAM DO WSP\u00d3LNEGO WYJ\u015aCIA DO MULTIKINA w Elbl\u0105gu \u2013 Ogrody, dniu 24 listopada br.(\u015broda): godz. 19:30 na film o \u015bw. Bracie Albercie pt. \u201eN\u0118DZARZ I MADAME\u201d. Film ukazuje artystyczn\u0105 i duchow\u0105 drog\u0119 polskiego powsta\u0144ca styczniowego, artysty-malarza oraz dobroczy\u0144cy ubogich \u2013 Adama Chmielowskiego, kt\u00f3ry po latach burzliwej m\u0142odo\u015bci postanawia porzuci\u0107 swoje dotychczasowe \u017cycie, a \u015bwiat poznaje go jako Brata Alberta. Buntownicza natura i niezgoda na z\u0142o sprawiaj\u0105, \u017ce ucieka fortelem z carskiej niewoli ukryty w trumnie. Kiedy osi\u0105gnie s\u0142aw\u0119, nie zawaha si\u0119 porzuci\u0107 sztuki, aby umrze\u0107 dla wielkiego \u015bwiata i odda\u0107 si\u0119 s\u0142u\u017cbie ludziom. Jego tragiczny los wie\u0144czy za\u0142amanie, wydalenie z zakonu jezuit\u00f3w oraz zamkni\u0119cie w zak\u0142adzie dla umys\u0142owo chorych. Autorem scenariusza i re\u017cyserem filmu jest Witold Ludwig. W rolach Adama Chmielowskiego i Brata Alberta wyst\u0119puj\u0105: Piotr Zaj\u0105czkowski i Krzysztof Wakuli\u0144ski.<br \/>\nCena biletu 11 z\u0142. wp\u0142acamy przy wej\u015bciu do sali kinowej.<\/p>\n<p>7. W sobot\u0119, 4 grudnia, Parafia \u015bw. Wojciecha w Elbl\u0105gu, organizuje pielgrzymk\u0119 autokarow\u0105, do narodowego sanktuarium \u015bw. J\u00f3zefa w Kaliszu i Maryjnego sanktuarium w Licheniu, na podzi\u0119kowanie za ko\u0144cz\u0105cy si\u0119 rok \u015bw. J\u00f3zefa. Koszt wyjazdu wraz z ubezpieczeniem 100 z\u0142. Wy\u017cywienie w\u0142asne. Odjazd autobusu sprzed ko\u015bcio\u0142a \u015bw. Wojciecha, od ul. Podg\u00f3rnej, o godz. 05:00. Zapisy w kancelarii parafialnej, przy ul. Wiejskiej 4.<\/p>\n<p>8. Zach\u0119cam w tym tygodniu do korzystania z Sakramentu Spowiedzi \u015awi\u0119tej codziennie od godz. 7:45 oraz od godz. 17:30.<\/p>\n<p>9. Zach\u0119cam do nabywania nowego numeru \u201eGo\u015bcia Niedzielnego\u201d w cenie 6 z\u0142 z dodatkiem \u201eGo\u015b\u0107 Elbl\u0105ski.<\/p>\n<p>10. Wszystkim Jubilatom i Solenizantom tego tygodnia \u017cyczymy wielu \u0142ask Bo\u017cych i opieki Matki Bo\u017cej Szkaplerznej.<\/p>\n<p>11. Pan powo\u0142a\u0142 do wieczno\u015bci:<\/p>\n<p><strong>\u2020 \u015bp. Celin\u0119 KOWALSK\u0104<\/strong> lat 92 z ul. Korczaka<br \/>\n<strong>\u2020 \u015bp. Jerzego WI\u015aNIEWSKIEGO<\/strong> lat 71 z ul. Leszczy\u0144skiego<br \/>\n<strong>\u2020 \u015bp. Weronik\u0119 WITKOWSK\u0104<\/strong> lat 75 z ul. Brzechwy<\/p>\n<p>Wieczny odpoczynek racz jej da\u0107 Panie\u2026<\/p>\n<p>&nbsp;<\/p>\n<p><img decoding=\"async\" src=\"http:\/\/rafalk-elblag.pl\/wp-content\/uploads\/2020\/04\/baner-intencje-mszy.jpg\"><\/p>\n<h1>Intencje mszalne 21.11.2021r<\/h1>\n<p><strong>Uroczysto\u015b\u0107 Jezusa Chrystusa Kr\u00f3la Wszech\u015bwiata \/ 21 listopada 2021 r.<\/strong><br \/>\n7.00 \u015bp. Florentyna KR\u00d3L w 16 rocznic\u0119 \u015bmierci, \u015bp. Sabina KOROTKIEWICZ w 11 rocz.<br \/>\n9.00 \u015bp. Helena WI\u015aNIEWSKI w 27 rocz. \u015bmierci, \u015bp. Wincenty WI\u015aNIEWSKI w 34 rocz.<br \/>\n10.30 Za zmar\u0142ych z rodzin: BUREK i FR\u0104SZCZAK<br \/>\n12.00 W intencji Parafian<br \/>\n15.00 \u015bp. Marta i Kazimierz PRZYBOROWSCY w 15 rocznic\u0119 \u015bmierci<br \/>\n18.00 Msza \u015awi\u0119ta Zbiorowa (21)<\/p>\n<p><strong>PONIEDZIA\u0141EK \/ 22 listopada 2021r. \/ \u015bw. Cecylii, dziewicy i m\u0119czennicy<\/strong><br \/>\n8.00 \u015bp. Dariusz MORZY<br \/>\n8.00 Dzi\u0119kczynna w intencji Cecylii WI\u015aNIEWSKIEJ, Sylwii i TOMASZA SZCZEPANIK i Piotra Zbierzchowskiego oraz tych wszystkich kt\u00f3rzy tworz\u0105 SCHOLK\u0118 i ZESP\u00d3\u0141 M\u0141ODZIEZOWY z okazji wspomnienia patronki muzyki ko\u015bcielnej<br \/>\n18.00 \u015bp. Cecylia i J\u00f3zef CHMIEL<br \/>\n18.00 Msza \u015awi\u0119ta Zbiorowa (22)<\/p>\n<p><strong>WTOREK \/ 23 listopada 2021r. \/<\/strong><br \/>\n8.00 \u015bp. Tadeusz CIE\u015aLI\u0143SKI w 26 rocz. \u015bmierci. \u015bp. Stanis\u0142awa(k) CIE\u015aLI\u0143SKA w 18 rocz. \u015bmieci, \u015bp. J\u00f3zef i Krystyna z rodziny CIE\u015aLI\u0143SKICH, \u015bp. Weronika i Konstanty z rodz. GA\u0141ASZKO<br \/>\n18.00 \u015bp. Ewa TUCHOLSKA w 2 miesi\u0105c po pogrzebie \u2013 intencja od Zofii Czajkowskiej<br \/>\n18.00 Msza \u015awi\u0119ta Zbiorowa (23)<\/p>\n<p><strong>\u015aRODA \/ 24 listopada 2021r. \/<\/strong><br \/>\n\u015awi\u0119tych M\u0119czennik\u00f3w Andrzeja Dung- lac, kap\u0142ana i towarzyszy<br \/>\n8.00 \u015bp. Wiktoria, Teofil, Edmund, Henryk<br \/>\n18.00 \u015bp. Wanda B\u0104K w 1 rocz. \u015bmierci<br \/>\n18.00 \u015bp. Maria SZTYCHMILER w 1 rocz. \u015bmierci<br \/>\n18.00 Msza \u015awi\u0119ta Zbiorowa (24)<\/p>\n<p><strong>CZWARTEK \/ 25 listopada 2021r. \/<\/strong><br \/>\n8.00 \u015bp. Adam \u017bUKOWSKI, \u015bp. W\u0142adys\u0142aw i Zofia NAZAREK i zmar\u0142ych z rodziny<br \/>\n18.00 \u015bp. Stefan \u015aWIDER w 5 rocz. \u015bmierci<br \/>\n18.00 Msza \u015awi\u0119ta Zbiorowa (25)<\/p>\n<p><strong>PI\u0104TEK \/ 26 listopada 2021r. \/<\/strong><br \/>\n8.00 \u015bp. Mieczys\u0142aw BA\u0141DYGA w 30 dzie\u0144 po pogrzebie<br \/>\n18.00 \u015bp. Kazimierz KACZOR w 9 rocz. \u015bmierci<br \/>\n18.00 Msza \u015awi\u0119ta Zbiorowa (26)<\/p>\n<p><strong>SOBOTA \/ 27 listopada 2021r \/<\/strong><br \/>\n8.00 \u015bp. Izydor(m) w rocz. \u015bmierci i zmar\u0142ych z rodziny BINKOWSKICH<br \/>\n18.00 \u015bp. Tadeusz RECZEK w 4 rocz. \u015bmierci o wieczne szcz\u0119\u015bcie w Kr\u00f3lestwie Niebieskim<br \/>\n18.00 O Bo\u017ce b\u0142ogos\u0142awie\u0144stwo opiek\u0119 Matki Bo\u017cej dla ELIZY z okazji 2 urodzin<br \/>\n18.00 Msza \u015awi\u0119ta Zbiorowa (27)<\/p>\n","protected":false},"excerpt":{"rendered":"<p>Ewangelia (J 18, 33b-37) Kr\u00f3lestwo Chrystusa nie jest z tego \u015bwiata S\u0142owa Ewangelii wed\u0142ug \u015awi\u0119tego Jana Pi\u0142at powiedzia\u0142 do Jezusa: \u00abCzy Ty jeste\u015b Kr\u00f3lem \u017cydowskim?\u00bb Jezus odpowiedzia\u0142: \u00abCzy to m\u00f3wisz od siebie, czy te\u017c inni powiedzieli ci o Mnie?\u00bb Pi\u0142at odpar\u0142: \u00abCzy ja jestem \u017bydem? Nar\u00f3d Tw\u00f3j i arcykap\u0142ani wydali mi Ciebie. Co uczyni\u0142e\u015b?\u00bb Odpowiedzia\u0142 [&hellip;]<\/p>\n","protected":false},"author":1,"featured_media":4509,"comment_status":"closed","ping_status":"closed","sticky":false,"template":"","format":"standard","meta":{"ngg_post_thumbnail":0,"footnotes":""},"categories":[11,8,4,3],"tags":[],"class_list":["post-4507","post","type-post","status-publish","format-standard","has-post-thumbnail","hentry","category-aktualnosci","category-blog","category-intencje","category-ogloszenia"],"_links":{"self":[{"href":"https:\/\/rafalk-elblag.pl\/index.php?rest_route=\/wp\/v2\/posts\/4507","targetHints":{"allow":["GET"]}}],"collection":[{"href":"https:\/\/rafalk-elblag.pl\/index.php?rest_route=\/wp\/v2\/posts"}],"about":[{"href":"https:\/\/rafalk-elblag.pl\/index.php?rest_route=\/wp\/v2\/types\/post"}],"author":[{"embeddable":true,"href":"https:\/\/rafalk-elblag.pl\/index.php?rest_route=\/wp\/v2\/users\/1"}],"replies":[{"embeddable":true,"href":"https:\/\/rafalk-elblag.pl\/index.php?rest_route=%2Fwp%2Fv2%2Fcomments&post=4507"}],"version-history":[{"count":3,"href":"https:\/\/rafalk-elblag.pl\/index.php?rest_route=\/wp\/v2\/posts\/4507\/revisions"}],"predecessor-version":[{"id":4512,"href":"https:\/\/rafalk-elblag.pl\/index.php?rest_route=\/wp\/v2\/posts\/4507\/revisions\/4512"}],"wp:featuredmedia":[{"embeddable":true,"href":"https:\/\/rafalk-elblag.pl\/index.php?rest_route=\/wp\/v2\/media\/4509"}],"wp:attachment":[{"href":"https:\/\/rafalk-elblag.pl\/index.php?rest_route=%2Fwp%2Fv2%2Fmedia&parent=4507"}],"wp:term":[{"taxonomy":"category","embeddable":true,"href":"https:\/\/rafalk-elblag.pl\/index.php?rest_route=%2Fwp%2Fv2%2Fcategories&post=4507"},{"taxonomy":"post_tag","embeddable":true,"href":"https:\/\/rafalk-elblag.pl\/index.php?rest_route=%2Fwp%2Fv2%2Ftags&post=4507"}],"curies":[{"name":"wp","href":"https:\/\/api.w.org\/{rel}","templated":true}]}}