{"id":4500,"date":"2021-11-14T20:29:49","date_gmt":"2021-11-14T20:29:49","guid":{"rendered":"http:\/\/rafalk-elblag.pl\/?p=4500"},"modified":"2021-11-18T08:25:00","modified_gmt":"2021-11-18T08:25:00","slug":"biuletyn-14-11-2021-xxxiii-niedziela-zwykla","status":"publish","type":"post","link":"https:\/\/rafalk-elblag.pl\/?p=4500","title":{"rendered":"Biuletyn 14.11.2021, XXXIII NIEDZIELA ZWYK\u0141A"},"content":{"rendered":"<p><a href=\"http:\/\/rafalk-elblag.pl\/wp-content\/uploads\/2021\/11\/baner-141121.jpg\"><img loading=\"lazy\" decoding=\"async\" class=\"alignnone wp-image-4501 size-full\" src=\"http:\/\/rafalk-elblag.pl\/wp-content\/uploads\/2021\/11\/baner-141121.jpg\" alt=\"\" width=\"780\" height=\"525\" srcset=\"https:\/\/rafalk-elblag.pl\/wp-content\/uploads\/2021\/11\/baner-141121.jpg 780w, https:\/\/rafalk-elblag.pl\/wp-content\/uploads\/2021\/11\/baner-141121-300x202.jpg 300w, https:\/\/rafalk-elblag.pl\/wp-content\/uploads\/2021\/11\/baner-141121-768x517.jpg 768w\" sizes=\"auto, (max-width: 780px) 100vw, 780px\" \/><\/a><\/p>\n<h1>Ewangelia (Mk 13, 24-32)<br \/>\nS\u0105d ostateczny<\/h1>\n<p><strong>S\u0142owa Ewangelii wed\u0142ug \u015awi\u0119tego Marka<\/strong><br \/>\nJezus powiedzia\u0142 do swoich uczni\u00f3w:<\/p>\n<p>\u00abW owe dni, po wielkim ucisku, \u201es\u0142o\u0144ce si\u0119 za\u0107mi i ksi\u0119\u017cyc nie da swego blasku. Gwiazdy b\u0119d\u0105 spada\u0107 z nieba i moce na niebie\u201d zostan\u0105 wstrz\u0105\u015bni\u0119te.<\/p>\n<p>W\u00f3wczas ujrz\u0105 Syna Cz\u0142owieczego, przychodz\u0105cego w ob\u0142okach z wielk\u0105 moc\u0105 i chwa\u0142\u0105. Wtedy po\u015ble On anio\u0142\u00f3w i \u201ezgromadzi swoich wybranych z czterech stron \u015bwiata, od kra\u0144ca ziemi po kraniec nieba\u201d.<\/p>\n<p>A od figowca uczcie si\u0119 przez podobie\u0144stwo. Kiedy ju\u017c jego ga\u0142\u0105\u017a nabrzmiewa sokami i wypuszcza li\u015bcie, poznajecie, \u017ce blisko jest lato. Tak i wy, gdy ujrzycie te wydarzenia, wiedzcie, \u017ce to blisko jest, u drzwi.<\/p>\n<p>Zaprawd\u0119, powiadam wam: Nie przeminie to pokolenie, a\u017c si\u0119 to wszystko stanie. Niebo i ziemia przemin\u0105, ale s\u0142owa moje nie przemin\u0105. Lecz o dniu owym lub godzinie nikt nie wie, ani anio\u0142owie w niebie, ani Syn, tylko Ojciec\u00bb.<\/p>\n<h1>&nbsp;<br \/>\nODPUST PARAFIALNY<\/h1>\n<h3><strong>W najbli\u017csz\u0105 sobot\u0119 \u2013 20 listopada b\u0119dziemy obchodzi\u0107 coroczn\u0105 uroczysto\u015b\u0107 parafialn\u0105 \u2013 Odpust ku czci patrona naszej \u015bwi\u0105tyni i parafii \u2013 \u015bw. Rafa\u0142a Kalinowskiego. Warto przy tej okazji pochyli\u0107 si\u0119 nad znaczeniem tego wydarzenia.<\/strong><\/h3>\n<p>Odpust parafialny jest \u015bwi\u0119tem patronalnym ko\u015bcio\u0142a parafialnego. W pierwszych wiekach chrze\u015bcijanie nie budowali ko\u015bcio\u0142\u00f3w do sprawowania kultu. Eucharysti\u0119 sprawowano w prywatnych domach, kt\u00f3re nazywano \u201eDomus Ecclesiae\u201d, czyli \u201eKo\u015bcio\u0142y Domowe\u201d. Od IV wieku, po uzyskaniu wolno\u015bci zacz\u0119to budowa\u0107 ko\u015bcio\u0142y. By\u0142y to przede wszystkim bazyliki i tak zwane \u201eaedicula\u201d (ma\u0142y budynek, ko\u015bci\u00f3\u0142ek) lub po grecku \u201etropaion\u201d (znak zwyci\u0119stwa). Te ostatnie wznoszono na grobach lub w miejscach m\u0119cze\u0144skiej \u015bmierci chrze\u015bcijan. Z czasem ma\u0142e pomniki i o\u0142tarze stawa\u0142y si\u0119 budynkami ko\u015bcielnymi. Wyb\u00f3r miejsca nie by\u0142 wi\u0119c przypadkowy. Budowano ko\u015bcio\u0142y w miejscach, gdzie istnia\u0142 kult \u015bwi\u0119tych, zw\u0142aszcza m\u0119czennik\u00f3w. Dzi\u0119ki temu ko\u015bcio\u0142y otrzymywa\u0142y swoich \u015bwi\u0119tych patron\u00f3w. Troszczono si\u0119 tak\u017ce, aby w nowym ko\u015bciele znajdowa\u0142y si\u0119 relikwie \u015bwi\u0119tego. Pierwsze ko\u015bcio\u0142y przyjmowa\u0142y za swoich patron\u00f3w zw\u0142aszcza Aposto\u0142\u00f3w i \u015bwi\u0119tych m\u0119czennik\u00f3w.<\/p>\n<p>Potem dedykowano nowe ko\u015bcio\u0142y Naj\u015bwi\u0119tszej Maryi Pannie, a w wiekach p\u00f3\u017aniejszych tak\u017ce Jezusowi Chrystusowi, Duchowi \u015awi\u0119temu oraz odwo\u0142ywano si\u0119 do przymiot\u00f3w boskich (np. Opatrzno\u015bci Bo\u017cej, Mi\u0142osierdzia Bo\u017cego) i wydarze\u0144 zbawczych. Dzie\u0144 nadania tytu\u0142u ko\u015bcio\u0142owi stawa\u0142 si\u0119 \u015bwi\u0119tem ko\u015bcio\u0142a i parafii.<br \/>\nBudowa nowego ko\u015bcio\u0142a, a zw\u0142aszcza o\u0142tarza wymaga\u0142a posiadania relikwii jakiego\u015b \u015bwi\u0119tego. \u015awi\u0119ty, kt\u00f3rego relikwie zdobyto i umieszczono w o\u0142tarzu w spos\u00f3b naturalny stawa\u0142 si\u0119 patronem ko\u015bcio\u0142a. Poniewa\u017c w ko\u015bcio\u0142ach budowano zwykle kilka o\u0142tarzy, w kt\u00f3rych umieszczano relikwie wielu \u015bwi\u0119tych, st\u0105d mia\u0142y one wielu patron\u00f3w.<\/p>\n<p>Dzie\u0144, w kt\u00f3rym wspominano w liturgii \u015bwi\u0119tego patrona, stawa\u0142 si\u0119 \u015bwi\u0119tem ko\u015bcio\u0142a i parafii z nim zwi\u0105zanej. W parafialne \u015bwi\u0119to, opr\u00f3cz uroczystej Mszy \u015bwi\u0119tej, organizowano procesje, przedstawienia obrazuj\u0105ce \u017cycie czczonego \u015bwi\u0119tego, urz\u0105dzano wsp\u00f3lne zabawy i uczty. W p\u00f3\u017aniejszych wiekach uczestnictwo w \u015bwi\u0119cie patrona ko\u015bcio\u0142a dawa\u0142o mo\u017cliwo\u015b\u0107 uzyskania odpust\u00f3w. Wtedy te\u017c \u015bwi\u0119to patronalne ko\u015bcio\u0142a zacz\u0119to nazywa\u0107 odpustem parafialnym. Mo\u017cliwo\u015b\u0107 uzyskania odpust\u00f3w zmieni\u0142a charakter parafialnego \u015bwi\u0119ta. Podkre\u015blano konieczno\u015b\u0107 pokuty i nawr\u00f3cenia. Przed uroczysto\u015bci\u0105 odpustow\u0105 organizowano specjalne przygotowania, gdzie wa\u017cne miejsce zajmowa\u0142a spowied\u017a.<\/p>\n<p>Odpust parafialny, czyli \u015bwi\u0119to patronalne ko\u015bcio\u0142a parafialnego jest przede wszystkim \u015bwi\u0119tem wsp\u00f3lnoty wiernych tworz\u0105cej dan\u0105 parafi\u0119. To szczeg\u00f3lny czas \u0142aski i Bo\u017cego mi\u0142osierdzia. To dzie\u0144, w kt\u00f3rym ka\u017cdy wierz\u0105cy ma okazj\u0119 do\u015bwiadczy\u0107 w spos\u00f3b bardzo konkretny \u0142aski Bo\u017cej mi\u0142o\u015bci, wyra\u017caj\u0105cej si\u0119 w darze odpustu. W ko\u0144cu daje okazj\u0119 poznania \u015bwi\u0119tego patrona parafii i uwielbienia Boga za jego or\u0119downictwo i opiek\u0119. \u015awi\u0119towanie odpustu parafialnego przypomina tak\u017ce o powo\u0142aniu do \u015bwi\u0119to\u015bci ka\u017cdego chrze\u015bcijanina.<\/p>\n<p>&nbsp;<br \/>\n<a href=\"http:\/\/rafalk-elblag.pl\/wp-content\/uploads\/2021\/08\/ogloszenia-parafialne-baner-01a.jpg\"><img loading=\"lazy\" decoding=\"async\" class=\"alignnone size-full wp-image-4410\" src=\"http:\/\/rafalk-elblag.pl\/wp-content\/uploads\/2021\/08\/ogloszenia-parafialne-baner-01a.jpg\" alt=\"\" width=\"720\" height=\"232\" srcset=\"https:\/\/rafalk-elblag.pl\/wp-content\/uploads\/2021\/08\/ogloszenia-parafialne-baner-01a.jpg 720w, https:\/\/rafalk-elblag.pl\/wp-content\/uploads\/2021\/08\/ogloszenia-parafialne-baner-01a-300x97.jpg 300w\" sizes=\"auto, (max-width: 720px) 100vw, 720px\" \/><\/a><\/p>\n<h1>Og\u0142oszenia parafialne 14.11.2021r<\/h1>\n<p><strong>1.<\/strong> W ko\u015bciele, zakrystii, kancelarii parafialnej, u\u017cywamy maseczek os\u0142aniaj\u0105cych usta i nos. Na stolikach przy g\u0142\u00f3wnym i bocznym wej\u015bciu do ko\u015bcio\u0142a umieszczone s\u0105 dozowniki z p\u0142ynem do dezynfekcji r\u0105k.<\/p>\n<p><strong>2.<\/strong> W naszej parafii trwa Nowenna do \u015bw. Rafa\u0142a Kalinowskiego, przygotowuj\u0105ca duchowo do ODPUSTU PARAFIALNEGO. Nowenn\u0119 odmawiamy na zako\u0144czenie Mszy \u015bw.<\/p>\n<p><strong>3.<\/strong> W listopadzie w spos\u00f3b szczeg\u00f3lny pochylamy si\u0119 nad mogi\u0142ami, w kt\u00f3rych spoczywaj\u0105 nasi bliscy. Najg\u0142\u0119bszym wyrazem naszej mi\u0142o\u015bci jest nasza modlitwa za nich. Dlatego zapraszamy do wsp\u00f3lnej modlitwy za zmar\u0142ych codziennie o godz. 18:00 na Mszy \u015bw. Zbiorowej a bezpo\u015brednio po na WYPOMINKI po\u0142\u0105czone z Koronk\u0105 do Mi\u0142osierdzia Bo\u017cego.<\/p>\n<p><strong>4.<\/strong> UWAGA!!! Kandydat\u00f3w do Sakramentu Bierzmowania przygotowuj\u0105cych si\u0119 drugi rok przy parafii zapraszamy w tym tygodniu: w poniedzia\u0142ek, \u015brod\u0119 i czwartek na spotkania w wyznaczonych grupach o godz. 19:00 do salce na plebanii.<\/p>\n<p><strong>5.<\/strong> Dzieci wraz z opiekunami zapraszamy na modlitw\u0119 za zmar\u0142ych 16 listopada (wtorek) o godz. 16:30. Prosimy, aby dzieci przynios\u0142y ze sob\u0105 znicze.<\/p>\n<p><strong>6.<\/strong> We wtorek 16 listopada dzie\u0144 spotkania BRACTWA SZKAPLERZNEGO. Serdecznie zapraszamy na Msz\u0119 \u015bw. o godz. 18:00 oraz po Mszy \u015bw. na WYPOMINKI po\u0142\u0105czone z Koronk\u0105 do Bo\u017cego Mi\u0142osierdzia, zako\u0144czon\u0105 NOWENN\u0104 I APELEM MARYJNYM.<\/p>\n<p><strong>7.<\/strong> W \u015brod\u0119 &#8211; 17 listopada przypada trzecia rocznica KONSEKRACJI NASZEGO KO\u015aCIO\u0141A. W powy\u017csz\u0105 Uroczysto\u015b\u0107 w ko\u015bciele b\u0119d\u0105 zapalone ZACHEUSZKI tj. \u015bwieczki na \u015bcianach symbolizuj\u0105ce miejsca namaszczenia olejem \u015bwi\u0119tym mur\u00f3w naszego Ko\u015bcio\u0142a. Zapraszamy w tym dniu na Msze \u015bw. o godz. 8:00 oraz o godz. 18:00.<\/p>\n<p><strong>8.<\/strong> W pi\u0105tek &#8211; 19 listopada obchodzimy PARAFIALNY DZIE\u0143 OBRONY \u017bYCIA. W tym dniu na Mszy \u015bw. o godz. 18:00 b\u0119dzie mo\u017cliwo\u015b\u0107 podj\u0119cia Duchowej Adopcji Dziecka Pocz\u0119tego, zagro\u017conego ABORCJ\u0104. Zapraszamy wszystkie osoby, pragn\u0105ce w\u0142\u0105czy\u0107 w OBRON\u0118 \u017bYCIA poprzez modlitw\u0119.<br \/>\nPrzy Biuletynie znajdziemy kartki do wype\u0142nienia w celu podj\u0119cia tego dzie\u0142a.<\/p>\n<h2><strong>9. UROCZYSTO\u015aCI ODPUSTOWE KU CZCI \u015aW. RAFA\u0141A KALINOWSKIEGO obchodzi\u0107 b\u0119dziemy w sobot\u0119 &#8211; 20 listopada. Msze \u015bw. sprawowane b\u0119d\u0105 o godz.: 8:00, 11:00 (z udzia\u0142em ksi\u0119\u017cy z Dekanatu) i o godz. 18:00. Serdecznie zapraszamy do skorzystania z \u0142aski odpustu parafialnego. To r\u00f3wnie\u017c Twoje imieniny &#8211; nie mo\u017ce Ci\u0119 zabrakn\u0105\u0107. Niech \u015bw. Rafa\u0142 Kalinowski wyprasza nam wszelkie potrzebne \u0142aski, umacnia wiar\u0119 i dodaje si\u0142 w codziennych zmaganiach.<\/strong><\/h2>\n<p><strong>10<\/strong>. Zach\u0119cam w tym tygodniu do korzystania z Sakramentu Spowiedzi \u015awi\u0119tej codziennie od godz. 7:45 oraz od godz. 17:30.<\/p>\n<p><strong>11.<\/strong> Najpi\u0119kniejsz\u0105 modlitw\u0105 Ko\u015bcio\u0142a jest Msza \u015bwi\u0119ta, kt\u00f3r\u0105 mo\u017cna zamawia\u0107 za \u017cywych i umar\u0142ych lub ofiarowa\u0107 jako wspania\u0142y chrze\u015bcija\u0144ski prezent z okazji rocznicy \u015blubu, chrztu, urodzin i imienin prosz\u0105c o \u0142aski lub za nie dzi\u0119kuj\u0105c. Mo\u017cna zamawia\u0107 i rezerwowa\u0107 Msze \u015bw. na rok 2022.<\/p>\n<p><strong>12.<\/strong> Zach\u0119camy do nabywania nowego numeru \u201eGo\u015bcia Niedzielnego\u201d w cenie 6 z\u0142 z dodatkiem \u201eGo\u015b\u0107 Elbl\u0105ski.<\/p>\n<p><strong>13.<\/strong> Pan powo\u0142a\u0142 do wieczno\u015bci:<\/p>\n<p><strong>\u2020 \u015bp. Henryka(k) MARCINKOWSKA<\/strong> lat 95 z ul. Brzechwy<\/p>\n<p>Wieczny odpoczynek racz jej da\u0107 Panie\u2026<\/p>\n<p>&nbsp;<\/p>\n<p><img decoding=\"async\" src=\"http:\/\/rafalk-elblag.pl\/wp-content\/uploads\/2020\/04\/baner-intencje-mszy.jpg\"><\/p>\n<h1>Intencje mszalne 14.11.2021r<\/h1>\n<p><strong>XXXIII Niedziela Zwyk\u0142a \/ 14 listopada 2021 r.<\/strong><br \/>\n7.00 \u015bp. W\u0142odzimierz KOWALSKI w 1 rocz. \u015bmierci<br \/>\n9.00 O Bo\u017ce B\u0142ogos\u0142awie\u0144stwo, wszelkie potrzebne \u0142aski dla Nikodema i jego rodziny, Agnieszki i ca\u0142ej rodziny zakonnej oraz Magdaleny i Macieja<br \/>\n10.30 O Bo\u017ce b\u0142ogos\u0142awie\u0144stwo i opiek\u0119 dla Patryka SZCZEPANIKA z okazji urodzin<br \/>\n12.00 W intencji Parafian<br \/>\n15.00 \u015bp. Wanda JAB\u0141O\u0143SKA w 1 rocz. \u015bmierci, \u015bp. Boles\u0142aw (m) JAB\u0141O\u0143SKI w 26 rocz.<br \/>\n18.00 Msza \u015awi\u0119ta Zbiorowa (14)<\/p>\n<p><strong>PONIEDZIA\u0141EK \/ 15 listopada 2021r.<\/strong><br \/>\n8.00 Za dusze w czy\u015b\u0107cu cierpi\u0105ce<br \/>\n18:00 \u015bp. Eugeniusz DEMBI\u0143SKI w 4 rocz. \u015bmierci oraz za zmar\u0142ych z rodzin DEMBI\u0143SKICH I JEGIELSKICH<br \/>\n18.00 Msza \u015awi\u0119ta Zbiorowa (15)<\/p>\n<p><strong>WTOREK \/ 16 listopada 2021r. \/ N.M.P. Ostrobramskiej, Matki Mi\u0142osierdzia<\/strong><br \/>\n8.00 \u015bp. Leokadia &#8211; Stefania SAKOWSKA w 2 rocz. \u015bmierci<br \/>\n18.00 W intencji Bractwa i Rodziny Szkaplerznej oraz os\u00f3b, kt\u00f3re przyjm\u0105 Szkaplerz Karmelita\u0144ski<br \/>\n18.00 Msza \u015awi\u0119ta Zbiorowa (16)<\/p>\n<p><strong>\u015aRODA \/ 17 listopada 2021r.<\/strong><br \/>\n<strong>III ROCZNICA PO\u015aWI\u0118CENIA NASZEGO KO\u015aCIO\u0141A<\/strong><br \/>\n8.00 W intencji Damiana i Karoliny o uratowanie ma\u0142\u017ce\u0144stwa, Bo\u017ce b\u0142ogos\u0142awie\u0144stwo i \u015bwiat\u0142o Ducha \u015awi\u0119tego<br \/>\n18.00 Za zmar\u0142ych ofiarodawc\u00f3w i budowniczych Ko\u015bcio\u0142a o \u0142ask\u0119 nieba a dla \u017cyj\u0105cych o Bo\u017ce b\u0142ogos\u0142. i potrzebne \u0142aski przez wstawiennictwo \u015bw. Rafa\u0142a Kalinowskiego patrona parafii<br \/>\n18.00 Msza \u015awi\u0119ta Zbiorowa (17)<\/p>\n<p><strong>CZWARTEK \/ 18 listopada 2021r. \/ b\u0142. Karoliny K\u00f3zk\u00f3wny, dziewicy i m\u0119czennicy<\/strong><br \/>\n8.00 O Bo\u017ce b\u0142ogos\u0142awie\u0144stwo i potrzebne \u0142aski dla KAROLINY z okazji urodzin<br \/>\n18.00 \u015bp. Zdzis\u0142aw BOROWSKI w 5 rocz. \u015bmierci, \u015bp. Stanis\u0142aw HUMELT w 11 rocz. \u015bmierci i zmar\u0142ych z rodziny<br \/>\n18.00 Msza \u015awi\u0119ta Zbiorowa (18)<\/p>\n<p><strong>PI\u0104TEK \/ 19 listopada 2021r.<\/strong><br \/>\n8.00 O dary Ducha \u015awi\u0119tego, Bo\u017ce b\u0142ogos\u0142awie\u0144stwo, opiek\u0119 Matki Bo\u017cej dla Rados\u0142awa<br \/>\n18.00 \u015bp. Rajmund Zbigniew DULJAN \u2013 intencja od s\u0105siad\u00f3w<br \/>\n18.00 Msza \u015awi\u0119ta Zbiorowa (19)<\/p>\n<p><strong>SOBOTA \/ 20 listopada 2021r \/ UROCZYSTO\u015a\u0106 \u015aW. RAFA\u0141A KALINOWSKIEGO<\/strong><br \/>\n8.00 O \u0142ask\u0119 nieba dla Miko\u0142aja i Ewy i wszystkich zmar\u0142ych z rodziny BARANIAK I RU\u015aNIAK<br \/>\n11.00 ZA CA\u0141\u0104 WSP\u00d3LNOT\u0118 PARAFIALN\u0104<br \/>\n18.00 ZA CA\u0141\u0104 WSP\u00d3LNOT\u0118 PARAFIAN\u0104<br \/>\n18.00 Msza \u015awi\u0119ta Zbiorowa (20)<\/p>\n","protected":false},"excerpt":{"rendered":"<p>Ewangelia (Mk 13, 24-32) S\u0105d ostateczny S\u0142owa Ewangelii wed\u0142ug \u015awi\u0119tego Marka Jezus powiedzia\u0142 do swoich uczni\u00f3w: \u00abW owe dni, po wielkim ucisku, \u201es\u0142o\u0144ce si\u0119 za\u0107mi i ksi\u0119\u017cyc nie da swego blasku. Gwiazdy b\u0119d\u0105 spada\u0107 z nieba i moce na niebie\u201d zostan\u0105 wstrz\u0105\u015bni\u0119te. W\u00f3wczas ujrz\u0105 Syna Cz\u0142owieczego, przychodz\u0105cego w ob\u0142okach z wielk\u0105 moc\u0105 i chwa\u0142\u0105. Wtedy [&hellip;]<\/p>\n","protected":false},"author":1,"featured_media":4502,"comment_status":"closed","ping_status":"closed","sticky":false,"template":"","format":"standard","meta":{"ngg_post_thumbnail":0,"footnotes":""},"categories":[11,8,4,3],"tags":[],"class_list":["post-4500","post","type-post","status-publish","format-standard","has-post-thumbnail","hentry","category-aktualnosci","category-blog","category-intencje","category-ogloszenia"],"_links":{"self":[{"href":"https:\/\/rafalk-elblag.pl\/index.php?rest_route=\/wp\/v2\/posts\/4500","targetHints":{"allow":["GET"]}}],"collection":[{"href":"https:\/\/rafalk-elblag.pl\/index.php?rest_route=\/wp\/v2\/posts"}],"about":[{"href":"https:\/\/rafalk-elblag.pl\/index.php?rest_route=\/wp\/v2\/types\/post"}],"author":[{"embeddable":true,"href":"https:\/\/rafalk-elblag.pl\/index.php?rest_route=\/wp\/v2\/users\/1"}],"replies":[{"embeddable":true,"href":"https:\/\/rafalk-elblag.pl\/index.php?rest_route=%2Fwp%2Fv2%2Fcomments&post=4500"}],"version-history":[{"count":2,"href":"https:\/\/rafalk-elblag.pl\/index.php?rest_route=\/wp\/v2\/posts\/4500\/revisions"}],"predecessor-version":[{"id":4505,"href":"https:\/\/rafalk-elblag.pl\/index.php?rest_route=\/wp\/v2\/posts\/4500\/revisions\/4505"}],"wp:featuredmedia":[{"embeddable":true,"href":"https:\/\/rafalk-elblag.pl\/index.php?rest_route=\/wp\/v2\/media\/4502"}],"wp:attachment":[{"href":"https:\/\/rafalk-elblag.pl\/index.php?rest_route=%2Fwp%2Fv2%2Fmedia&parent=4500"}],"wp:term":[{"taxonomy":"category","embeddable":true,"href":"https:\/\/rafalk-elblag.pl\/index.php?rest_route=%2Fwp%2Fv2%2Fcategories&post=4500"},{"taxonomy":"post_tag","embeddable":true,"href":"https:\/\/rafalk-elblag.pl\/index.php?rest_route=%2Fwp%2Fv2%2Ftags&post=4500"}],"curies":[{"name":"wp","href":"https:\/\/api.w.org\/{rel}","templated":true}]}}