{"id":4495,"date":"2021-11-07T20:43:00","date_gmt":"2021-11-07T20:43:00","guid":{"rendered":"http:\/\/rafalk-elblag.pl\/?p=4495"},"modified":"2021-11-18T08:25:11","modified_gmt":"2021-11-18T08:25:11","slug":"biuletyn-07-11-2021-xxxii-niedziela-zwykla","status":"publish","type":"post","link":"https:\/\/rafalk-elblag.pl\/?p=4495","title":{"rendered":"Biuletyn 07.11.2021, XXXII NIEDZIELA ZWYK\u0141A"},"content":{"rendered":"<p><a href=\"http:\/\/rafalk-elblag.pl\/wp-content\/uploads\/2021\/11\/baner-071121.jpg\"><img loading=\"lazy\" decoding=\"async\" class=\"alignnone wp-image-4491 size-full\" src=\"http:\/\/rafalk-elblag.pl\/wp-content\/uploads\/2021\/11\/baner-071121.jpg\" alt=\"\" width=\"780\" height=\"400\"><\/a><\/p>\n<h1>Ewangelia (Mk 12, 38-44)<br \/>\nWdowi grosz<\/h1>\n<p><strong>S\u0142owa Ewangelii wed\u0142ug \u015awi\u0119tego Marka<\/strong><br \/>\nJezus, nauczaj\u0105c rzesze, m\u00f3wi\u0142:<\/p>\n<p>\u00abStrze\u017ccie si\u0119 uczonych w Pi\u015bmie. Z upodobaniem chodz\u0105 oni w pow\u0142\u00f3czystych szatach, lubi\u0105 pozdrowienia na rynku, pierwsze krzes\u0142a w synagogach i zaszczytne miejsca na ucztach. Objadaj\u0105 domy wd\u00f3w i dla pozoru odprawiaj\u0105 d\u0142ugie modlitwy. Ci tym surowszy dostan\u0105 wyrok\u00bb.<\/p>\n<p>Potem, usiad\u0142szy naprzeciw skarbony, przypatrywa\u0142 si\u0119, jak t\u0142um wrzuca\u0142 drobne pieni\u0105dze do skarbony. Wielu bogatych wrzuca\u0142o wiele. Przysz\u0142a te\u017c jedna uboga wdowa i wrzuci\u0142a dwa pieni\u0105\u017cki, czyli jeden grosz.<\/p>\n<p>Wtedy przywo\u0142a\u0142 swoich uczni\u00f3w i rzek\u0142 do nich: \u00abZaprawd\u0119, powiadam wam: Ta uboga wdowa wrzuci\u0142a najwi\u0119cej ze wszystkich, kt\u00f3rzy k\u0142adli do skarbony. Wszyscy bowiem wrzucali z tego, co im zbywa\u0142o; ona za\u015b ze swego niedostatku wrzuci\u0142a wszystko, co mia\u0142a na swe utrzymanie\u00bb.<\/p>\n<h1>&nbsp;<br \/>\nB\u00d3G, HONOR I OJCZYZNA<\/h1>\n<p><strong>Wydaje si\u0119, \u017ce niestety (zw\u0142aszcza w ostatnich latach) wielu zapomnia\u0142o, co tak naprawd\u0119 znaczy to has\u0142o, jak nale\u017cy je rozumie\u0107 i co ono ze sob\u0105 niesie. Cnoty, kt\u00f3re odr\u00f3\u017cniaj\u0105 Polak\u00f3w od innych Narod\u00f3w, kt\u00f3re stawiaj\u0105 ich moralnie o jeden poziom wy\u017cej \u2013 nie ujmuj\u0105c innym. To w\u0142a\u015bnie te warto\u015bci powinien sob\u0105 reprezentowa\u0107 ka\u017cdy nazywaj\u0105cy si\u0119 patriot\u0105.<\/strong><br \/>\n<strong>Zacznijmy jednak od pocz\u0105tku: Sk\u0105d wzi\u0119\u0142o si\u0119 to motto i jakie znaczenie mia\u0142o w historii naszej ojczyzny? Jak si\u0119 okazuje niezwykle wielkie&#8230;<\/strong><\/p>\n<p>Dewiza ta pochodzi nie z Polski, a z Francji, z czas\u00f3w napoleo\u0144skich, jego wielkich podboj\u00f3w, zwyci\u0119stw, gdy to ca\u0142a \u201ewolna\u201d Europa, wraz z okupowanymi Polakami na czele chcia\u0142a podbi\u0107 ca\u0142y \u015bwiat u jego boku. Ustanowi\u0142 w 1802 roku order Legii Honorowej, kt\u00f3rego motto brzmia\u0142o \u201eHonneur et Patrie\u201d, co na Polski t\u0142umaczy si\u0119 jako \u201eHonor i ojczyzna\u201d. Odznaczenie by\u0142o w kszta\u0142cie gwiazdy, wyra\u017anie wskazuj\u0105c r\u00f3\u017cnic\u0119 z dzisiejszym orderem, kt\u00f3remu przypisuje si\u0119 nasze motto \u2013 w kszta\u0142cie krzy\u017ca.<\/p>\n<p>Has\u0142o to tak bardzo zapad\u0142o Polakom w pami\u0119\u0107, \u017ce postanowili\u015bmy je ustawowo uchwali\u0107. Tak sta\u0142o si\u0119 w roku 1919, kiedy to tej dewizy u\u017cywa\u0142o niemal\u017ce ka\u017cde wojsko polskie w II Rzeczypospolitej. Podczas dwudziestolecia mi\u0119dzywojennego nie zapomniano o ha\u015ble, jednak by\u0142o ono u\u017cywane rzadziej ni\u017c podczas wojny.<\/p>\n<p>Wr\u00f3ci\u0142o ono w swojej nowej formie dopiero w roku 1943, kiedy to \u00f3wczesny Prezydent Polski W\u0142adys\u0142aw Raczkiewicz przebywaj\u0105cy na uchod\u017astwie poleci\u0142 umieszczenie dewizy \u201eB\u00f3g, Honor, Ojczyzna\u201e na sztandarach oddzia\u0142\u00f3w Polskich Si\u0142 Zbrojnych. Motto to jednak by\u0142o u\u017cywane przez konspirant\u00f3w przebywaj\u0105cych w Polsce, harcerzy, oraz \u017co\u0142nierzy Pa\u0144stwa Podziemnego. Mocno te\u017c przylgn\u0119\u0142o do powsta\u0144c\u00f3w warszawskich, kt\u00f3rzy id\u0105c na pewn\u0105 \u015bmier\u0107, krzyczeli je przed rozpocz\u0119ciem walki z Nazistami. Od tamtej pory jego si\u0142a nie zmala\u0142a, by\u0142o u\u017cywane jednak rzadziej ze wzgl\u0119du na cenzur\u0119. Dopiero 19 lutego 1993 roku Sejm RP uchwali\u0142 ustaw\u0119 o znakach Si\u0142 Zbrojnych Rzeczypospolitej Polskiej, kt\u00f3ra ostatecznie pozwoli\u0142a na rozpowszechnienie si\u0119 dewizy w XXI wieku.<\/p>\n<p>Istot\u0105 tej dewizy i zarazem najwi\u0119ksz\u0105 zalet\u0105 jest sp\u00f3jno\u015b\u0107 tych cn\u00f3t, bo one tworz\u0105 nas Polakami, buduj\u0105 to\u017csamo\u015b\u0107 narodow\u0105, wychowuj\u0105 m\u0142odych patriot\u00f3w, pozwalaj\u0105 na zachowanie tradycji, wiedzy o naszej przesz\u0142o\u015bci oraz to\u017csamo\u015bci, nie pozwalaj\u0105 nam zapomnie\u0107 o naszych korzeniach, wspania\u0142ych korzeniach. Wa\u017cniejsze od znajomo\u015bci tej dewizy, jej genezy, czy poprzednik\u00f3w jest stosowanie jej na co dzie\u0144, \u017cycie wed\u0142ug tych zasad, wyznawanie tych warto\u015bci, stawianie ich na r\u00f3wni i pami\u0119tanie, \u017ce jedna bez drugiej jest s\u0142absza.<\/p>\n<p>Na koniec warto jeszcze wspomnie\u0107 o przesz\u0142o\u015bci, z jak\u0105 uto\u017csamiany jest nasz nar\u00f3d, bo wi\u0119zy tego, co by\u0142o przed laty, by\u0142y bardzo silne. To dzi\u0119ki temu w\u0142a\u015bnie mo\u017cemy \u017cy\u0107 w takiej, a nie innej Polsce \u2013 wolnej i niepodleg\u0142ej. Przez d\u0142ugie lata zabor\u00f3w, w trakcie wojny oraz r\u00f3wnie\u017c po niej rodzina i Ko\u015bci\u00f3\u0142 uczy\u0142 m\u0142odych o naszej pi\u0119knej historii, naucza\u0142 ich jak \u017cy\u0107 z zasadami, nie pozwala\u0142 zapomnie\u0107 j\u0119zyka\u2026 To samo robili ludzie, kt\u00f3rzy kochali ojczyzn\u0119, mimo zakaz\u00f3w ryzykowali po to, aby nasz nar\u00f3d przetrwa\u0142, a honorowi ludzie walczyli z niegodziwo\u015bci\u0105 i niesprawiedliwo\u015bci\u0105 tamtych czas\u00f3w \u2013 prawdziwi patrioci.<\/p>\n<p>&nbsp;<br \/>\n<a href=\"http:\/\/rafalk-elblag.pl\/wp-content\/uploads\/2021\/08\/ogloszenia-parafialne-baner-01a.jpg\"><img loading=\"lazy\" decoding=\"async\" class=\"alignnone size-full wp-image-4410\" src=\"http:\/\/rafalk-elblag.pl\/wp-content\/uploads\/2021\/08\/ogloszenia-parafialne-baner-01a.jpg\" alt=\"\" width=\"720\" height=\"232\" srcset=\"https:\/\/rafalk-elblag.pl\/wp-content\/uploads\/2021\/08\/ogloszenia-parafialne-baner-01a.jpg 720w, https:\/\/rafalk-elblag.pl\/wp-content\/uploads\/2021\/08\/ogloszenia-parafialne-baner-01a-300x97.jpg 300w\" sizes=\"auto, (max-width: 720px) 100vw, 720px\" \/><\/a><\/p>\n<h1>Og\u0142oszenia parafialne 07.11.2021r<\/h1>\n<p>1. Diakon naszego Seminarium ADAM GAPYS, rozprowadza dzisiaj przed ko\u015bcio\u0142em, kalendarze \u015bcienne na rok 2022 za dobrowoln\u0105 ofiar\u0119. Nabywaj\u0105c kalendarz wspieramy Wy\u017csze Seminarium Duchowne w Elbl\u0105gu. Dzi\u0119kujemy za zrozumienie.<\/p>\n<p>2. W ko\u015bciele, zakrystii, kancelarii parafialnej, u\u017cywamy maseczek os\u0142aniaj\u0105cych usta i nos. Na stolikach przy g\u0142\u00f3wnym i bocznym wej\u015bciu do ko\u015bcio\u0142a umieszczone s\u0105 dozowniki z p\u0142ynem do dezynfekcji r\u0105k.<\/p>\n<p>3. W pierwsze niedziele miesi\u0105ca ofiary z\u0142o\u017cone na tac\u0119 przeznaczone s\u0105 na inwestycje parafialne. Obecnie sp\u0142acamy koszty remontu kuchni i refektarza. B\u00f3g zap\u0142a\u0107 za sk\u0142adane ofiary.<\/p>\n<p>4. Rodzic\u00f3w dzieci klas III Szko\u0142y Podstawowej przygotowuj\u0105cych si\u0119 do I Spowiedzi i Komunii \u015bw. zapraszam jutro (8 listopada) na comiesi\u0119czne spotkanie do ko\u015bcio\u0142a na godz. 19:00. Obecno\u015b\u0107 obowi\u0105zkowa.<\/p>\n<p>5. W listopadzie w spos\u00f3b szczeg\u00f3lny pochylamy si\u0119 nad mogi\u0142ami, w kt\u00f3rych spoczywaj\u0105 nasi bliscy. Najg\u0142\u0119bszym wyrazem naszej mi\u0142o\u015bci jest nasza modlitwa za nich. Dlatego zapraszamy do wsp\u00f3lnej modlitwy za zmar\u0142ych codziennie o godz. 18:00 na Mszy \u015bw. Zbiorowej a bezpo\u015brednio po na WYPOMINKI po\u0142\u0105czone z Koronk\u0105 do Mi\u0142osierdzia Bo\u017cego.<\/p>\n<p>6. Dzieci wraz z rodzicami lub opiekunami zapraszamy na modlitw\u0119 za zmar\u0142ych 9 i 16 listopada (wtorek) na godz. 16:30. Prosimy, aby dzieci przynios\u0142y ze sob\u0105 znicze.<\/p>\n<p>7. W \u015brod\u0119 10 listopada br. zapraszamy wszystkich ch\u0119tnych na spotkanie Kr\u0119gu Biblijnego po Mszy \u015bw. wieczornej \u2013 ok. godz. 18.45.<\/p>\n<p>8. W czwartek (11 listopada), Msza \u015bw. o godz. 11:00, w 103 rocznic\u0119 odzyskania przez Polsk\u0119 Niepodleg\u0142o\u015bci. Dzi\u0119kowa\u0107 b\u0119dziemy za dar wolno\u015bci i prosi\u0107 o dary Ducha \u015awi\u0119tego dla wszystkich odpowiedzialnych za losy Polskiego Narodu. Szczeg\u00f3lnie prosi\u0107 b\u0119dziemy o jedno\u015b\u0107 i zgod\u0119 w naszej Ojczy\u017anie. Zapraszamy do wsp\u00f3lnej modlitwy.<\/p>\n<p>9. Zapraszamy 11 listopada br. na Msz\u0119 \u015bw. o godz. 11:00 w intencji ks. Marcina z okazji Jego imienin. Niech Pan B\u00f3g Mu b\u0142ogos\u0142awi a Maryja nieustannie czuwa i umacnia na drodze \u017cycia kap\u0142a\u0144skiego.<\/p>\n<p>10. Od 11 do 19 listopada b\u0119dzie trwa\u0142a Nowenna do \u015bw. Rafa\u0142a Kalinowskiego, przygotowuj\u0105ca nas duchowo do ODPUSTU PARAFIALNEGO. Nowenn\u0119 b\u0119dziemy odmawia\u0107 na zako\u0144czenie Mszy \u015bw. Zapraszamy do wsp\u00f3lnej modlitwy.<\/p>\n<p>11. Najpi\u0119kniejsz\u0105 modlitw\u0105 Ko\u015bcio\u0142a jest Msza \u015bwi\u0119ta, kt\u00f3r\u0105 mo\u017cna zamawia\u0107 za \u017cywych i umar\u0142ych lub ofiarowa\u0107 jako wspania\u0142y chrze\u015bcija\u0144ski prezent z okazji rocznicy \u015blubu, chrztu, urodzin i imienin prosz\u0105c o \u0142aski lub za nie dzi\u0119kuj\u0105c. Mo\u017cna zamawia\u0107 i rezerwowa\u0107 Msze \u015bw. na rok 2022.<\/p>\n<p>12. Wzorem lat ubieg\u0142ych Elbl\u0105ska Szko\u0142a Biblijna zaprasza na otwarte spotkania z Pismem \u015awi\u0119tym. Spotkania prowadz\u0105 bibli\u015bci ks. dr Zbigniew Grochowski, ks. dr hab. Marek Karczewski, oraz zaproszeni go\u015bcie. Jedno spotkanie obejmuje trzy wyk\u0142ady w wybrane soboty po ok. 50 min ka\u017cdy oraz przerwy na kaw\u0119 w czasie od 9:00 -12:00. Miejsce spotka\u0144 &#8211; aula Wy\u017cszego Seminarium Duchownego w Elbl\u0105gu, ul. Bo\u017cego Cia\u0142a 10. Udzia\u0142 w spotkaniach jest darmowy. Terminy spotka\u0144 w I semestrze: 13.11 &#8211; 11.12. &#8211; 22.01. W ramach spotka\u0144 omawiane s\u0105 kwestie z zakresu historii i archeologii biblijnej, interpretacji Starego i Nowego Testamentu oraz wybrane zagadnienia szczeg\u00f3\u0142owe.<\/p>\n<p>&nbsp;<\/p>\n<p><img decoding=\"async\" src=\"http:\/\/rafalk-elblag.pl\/wp-content\/uploads\/2020\/04\/baner-intencje-mszy.jpg\"><\/p>\n<h1>Intencje mszalne 07.11.2021r<\/h1>\n<p><strong>PONIEDZIA\u0141EK \/ 8 listopada 2021r.<\/strong><br \/>\n8.00 \u015bp. Ryszard SAWICKI w 30 dzie\u0144 po pogrzebie<br \/>\n18:00 \u015bp. Monika KOWALSKA w 7 rocz. \u015bmierci<br \/>\n18.00 Msza \u015awi\u0119ta Zbiorowa (8)<\/p>\n<p><strong>WTOREK \/ 9 listopada 2021r. \u015awi\u0119to Rocznicy Po\u015bwiecenia Bazyliki Latera\u0144skiej<\/strong><br \/>\n8.00 O realizacj\u0119 planu Bo\u017cego w \u017cyciu Martyny, Bogdana i Paw\u0142a SOWIJAK\u00d3W<br \/>\n18.00 O zdrowie i Bo\u017ce b\u0142ogos\u0142awie\u0144stwo dla Jolanty i Miros\u0142awa(m) i ich rodzin<br \/>\n18.00 Msza \u015awi\u0119ta Zbiorowa (9)<\/p>\n<p><strong>\u015aRODA \/ 10 listopada 2021r. \/ \u015bw. Leona Wielkiego, papie\u017ca i doktora ko\u015bcio\u0142a<\/strong><br \/>\n8.00 \u015ap. Stefania(k) KASZUBOWSKA w 30 dzie\u0144 po pogrzebie<br \/>\n18.00 Dzi\u0119kczynna z okazji 70 urodzin Danieli HOCHLEITNER z pro\u015bb\u0105 o Bo\u017ce b\u0142ogos\u0142awie\u0144stwo i potrzebne \u0142aski na dalsze lata dla Jubilatki<br \/>\n18.00 Msza \u015awi\u0119ta Zbiorowa (10)<\/p>\n<p><strong>CZWARTEK \/ 11 listopada 2021r. \/ \u015bw. Marcina z Tours, biskupa<\/strong><br \/>\n8.00 O Bo\u017ce B\u0142ogos\u0142awie\u0144stwo dla Klaudii z okazji urodzin<br \/>\n11.00 ZA OJCZYZN\u0118 W 103 ROCZNIC\u0118 ODZYSKANIA NIEPODLEG\u0141O\u015aCI<br \/>\n11.00 W intencji ks. Marcina DOPIERA\u0141\u0118 o potrzebne \u0142aski i dary Ducha \u015awi\u0119tego w pos\u0142udze kap\u0142a\u0144skiej oraz przez wstawiennictwo \u015bw. Marcina w dniu imienin<br \/>\n18.00 Msza \u015awi\u0119ta Zbiorowa (11)<\/p>\n<p><strong>PI\u0104TEK \/ 12 listopada 2021r. \/ \u015bw. Jozafata, biskupa i m\u0119czennika<\/strong><br \/>\n8.00 O wiar\u0119, nadziej\u0119 i mi\u0142o\u015b\u0107 dla Zbigniewa Jackiewicza, \u017cony Wies\u0142awy oraz dla dzieci i wnuk\u00f3w<br \/>\n18.00 Za zmar\u0142ych rodzic\u00f3w z obojga stron, \u015bp. Maria i Antoni KOROLKO, \u015bp. Maria i Micha\u0142 \u017bY\u0141A oraz za siostr\u0119 Helen\u0119 i brata Zygmunta<br \/>\n18.00 Msza \u015awi\u0119ta Zbiorowa (12)<\/p>\n<p><strong>SOBOTA \/ 13 listopada 2021r.<\/strong><br \/>\n\u015bw. Benedykta, Jana, Mateusza, Izaaka i Krystyna, pierwszych m\u0119czennik\u00f3w Polski<br \/>\n8.00 O wiar\u0119, nadziej\u0119 i mi\u0142o\u015b\u0107 dla Zbigniewa Jackiewicza, \u017cony Wies\u0142awy oraz dla dzieci i wnuk\u00f3w<br \/>\n18.00 \u015bp. Bernard KURKOWSKI w 1 rocz. \u015bmierci i zmar\u0142ych z rodziny CZARNOT\u00d3R<br \/>\n18.00 Msza \u015awi\u0119ta Zbiorowa (13)<\/p>\n<p><strong>XXXIII Niedziela Zwyk\u0142a \/ 14 listopada 2021 r.<\/strong><br \/>\n7.00 \u015bp. W\u0142odzimierz KOWALSKI w 1 rocz. \u015bmierci<br \/>\n9.00 O Bo\u017ce B\u0142ogos\u0142awie\u0144stwo, wszelkie potrzebne \u0142aski dla Nikodema i jego rodziny, Agnieszki i ca\u0142ej rodziny zakonnej oraz Magdaleny i Macieja<br \/>\n10.30 O Bo\u017ce b\u0142ogos\u0142awie\u0144stwo i opiek\u0119 dla Patryka SZCZEPANIKA z okazji urodzin<br \/>\n12.00 W intencji Parafian<br \/>\n15.00 \u015bp. Wanda JAB\u0141O\u0143SKA w 1 rocz. \u015bmierci, \u015bp. Boles\u0142aw (m) JAB\u0141O\u0143SKI w 26 rocz. \u015bmierci<br \/>\n18.00 Msza \u015awi\u0119ta Zbiorowa (14)<\/p>\n","protected":false},"excerpt":{"rendered":"<p>Ewangelia (Mk 12, 38-44) Wdowi grosz S\u0142owa Ewangelii wed\u0142ug \u015awi\u0119tego Marka Jezus, nauczaj\u0105c rzesze, m\u00f3wi\u0142: \u00abStrze\u017ccie si\u0119 uczonych w Pi\u015bmie. Z upodobaniem chodz\u0105 oni w pow\u0142\u00f3czystych szatach, lubi\u0105 pozdrowienia na rynku, pierwsze krzes\u0142a w synagogach i zaszczytne miejsca na ucztach. Objadaj\u0105 domy wd\u00f3w i dla pozoru odprawiaj\u0105 d\u0142ugie modlitwy. Ci tym surowszy dostan\u0105 wyrok\u00bb. Potem, [&hellip;]<\/p>\n","protected":false},"author":1,"featured_media":4497,"comment_status":"closed","ping_status":"closed","sticky":false,"template":"","format":"standard","meta":{"ngg_post_thumbnail":0,"footnotes":""},"categories":[11,8,4,3],"tags":[],"class_list":["post-4495","post","type-post","status-publish","format-standard","has-post-thumbnail","hentry","category-aktualnosci","category-blog","category-intencje","category-ogloszenia"],"_links":{"self":[{"href":"https:\/\/rafalk-elblag.pl\/index.php?rest_route=\/wp\/v2\/posts\/4495","targetHints":{"allow":["GET"]}}],"collection":[{"href":"https:\/\/rafalk-elblag.pl\/index.php?rest_route=\/wp\/v2\/posts"}],"about":[{"href":"https:\/\/rafalk-elblag.pl\/index.php?rest_route=\/wp\/v2\/types\/post"}],"author":[{"embeddable":true,"href":"https:\/\/rafalk-elblag.pl\/index.php?rest_route=\/wp\/v2\/users\/1"}],"replies":[{"embeddable":true,"href":"https:\/\/rafalk-elblag.pl\/index.php?rest_route=%2Fwp%2Fv2%2Fcomments&post=4495"}],"version-history":[{"count":3,"href":"https:\/\/rafalk-elblag.pl\/index.php?rest_route=\/wp\/v2\/posts\/4495\/revisions"}],"predecessor-version":[{"id":4506,"href":"https:\/\/rafalk-elblag.pl\/index.php?rest_route=\/wp\/v2\/posts\/4495\/revisions\/4506"}],"wp:featuredmedia":[{"embeddable":true,"href":"https:\/\/rafalk-elblag.pl\/index.php?rest_route=\/wp\/v2\/media\/4497"}],"wp:attachment":[{"href":"https:\/\/rafalk-elblag.pl\/index.php?rest_route=%2Fwp%2Fv2%2Fmedia&parent=4495"}],"wp:term":[{"taxonomy":"category","embeddable":true,"href":"https:\/\/rafalk-elblag.pl\/index.php?rest_route=%2Fwp%2Fv2%2Fcategories&post=4495"},{"taxonomy":"post_tag","embeddable":true,"href":"https:\/\/rafalk-elblag.pl\/index.php?rest_route=%2Fwp%2Fv2%2Ftags&post=4495"}],"curies":[{"name":"wp","href":"https:\/\/api.w.org\/{rel}","templated":true}]}}