{"id":4490,"date":"2021-10-30T20:27:41","date_gmt":"2021-10-30T20:27:41","guid":{"rendered":"http:\/\/rafalk-elblag.pl\/?p=4490"},"modified":"2021-10-30T20:27:41","modified_gmt":"2021-10-30T20:27:41","slug":"biuletyn-31-10-2021-xxxi-niedziela-zwykla","status":"publish","type":"post","link":"https:\/\/rafalk-elblag.pl\/?p=4490","title":{"rendered":"Biuletyn 31.10.2021, XXXI NIEDZIELA ZWYK\u0141A"},"content":{"rendered":"<p><a href=\"http:\/\/rafalk-elblag.pl\/wp-content\/uploads\/2021\/10\/baner-301021.jpg\"><img loading=\"lazy\" decoding=\"async\" class=\"alignnone wp-image-4491 size-full\" src=\"http:\/\/rafalk-elblag.pl\/wp-content\/uploads\/2021\/10\/baner-301021.jpg\" alt=\"\" width=\"780\" height=\"400\" srcset=\"https:\/\/rafalk-elblag.pl\/wp-content\/uploads\/2021\/10\/baner-301021.jpg 780w, https:\/\/rafalk-elblag.pl\/wp-content\/uploads\/2021\/10\/baner-301021-300x154.jpg 300w, https:\/\/rafalk-elblag.pl\/wp-content\/uploads\/2021\/10\/baner-301021-768x394.jpg 768w\" sizes=\"auto, (max-width: 780px) 100vw, 780px\" \/><\/a><\/p>\n<h1>Ewangelia (Mk 12, 28b-34), Pierwsze ze wszystkich przykaza\u0144<\/h1>\n<p><strong>S\u0142owa Ewangelii wed\u0142ug \u015awi\u0119tego Marka<\/strong><\/p>\n<p>Jeden z uczonych w Pi\u015bmie podszed\u0142 do Jezusa i zapyta\u0142 Go: \u00abKt\u00f3re jest pierwsze ze wszystkich przykaza\u0144?\u00bb<\/p>\n<p>Jezus odpowiedzia\u0142: \u00abPierwsze jest: \u201eS\u0142uchaj, Izraelu, Pan B\u00f3g nasz jest jedynym Panem. B\u0119dziesz mi\u0142owa\u0142 Pana, Boga swego, ca\u0142ym swoim sercem, ca\u0142\u0105 swoj\u0105 dusz\u0105, ca\u0142ym swoim umys\u0142em i ca\u0142\u0105 swoj\u0105 moc\u0105\u201d. Drugie jest to: \u201eB\u0119dziesz mi\u0142owa\u0142 swego bli\u017aniego jak siebie samego\u201d. Nie ma innego przykazania wi\u0119kszego od tych\u00bb.<\/p>\n<p>Rzek\u0142 Mu uczony w Pi\u015bmie: \u00abBardzo dobrze, Nauczycielu, s\u0142usznie powiedzia\u0142e\u015b, bo Jeden jest i nie ma innego pr\u00f3cz Niego. Mi\u0142owa\u0107 Go ca\u0142ym sercem, ca\u0142ym umys\u0142em i ca\u0142\u0105 moc\u0105 i mi\u0142owa\u0107 bli\u017aniego jak siebie samego znaczy daleko wi\u0119cej ni\u017c wszystkie ca\u0142opalenia i ofiary\u00bb.<\/p>\n<p>Jezus, widz\u0105c, \u017ce rozumnie odpowiedzia\u0142, rzek\u0142 do niego: \u00abNiedaleko jeste\u015b od kr\u00f3lestwa Bo\u017cego\u00bb. I nikt ju\u017c nie odwa\u017cy\u0142 si\u0119 Go wi\u0119cej pyta\u0107.<\/p>\n<p>&nbsp;<\/p>\n<h1>JAK ZOSTA\u0106 \u015aWI\u0118TYM?<\/h1>\n<p><strong>Bardzo cz\u0119sto m\u00f3wi si\u0119 i pisze o ludziach sukcesu. Cz\u0142owiek sukcesu to kto\u015b, komu si\u0119 powiod\u0142o. Zazwyczaj my\u015bli si\u0119 o doczesnych wymiarach \u017cycia, jak: ekonomia, polityka, nauka, sztuka, sport. Doczesny wymiar \u017cycia nie jest jednak\u017ce ani jedyny, ani najwa\u017cniejszy.<\/strong><\/p>\n<p>1. \u015awi\u0119ci, kt\u00f3rych zast\u0119py b\u0119d\u0105 jutro przesuwa\u0107 si\u0119 przed naszymi oczyma, s\u0105 swego rodzaju \u201elud\u017ami sukcesu\u201d, ale w innym, bo religijnym wymiarze. Nie pozostaje on w opozycji do \u015bwieckiego jego wymiaru. Dlatego w wielkiej rzeszy \u015bwi\u0119tych rozpoznajemy ludzi maj\u0119tnych, polityk\u00f3w, naukowc\u00f3w, artyst\u00f3w, sportowc\u00f3w. Ten wymiar \u017cycia zosta\u0142 jednak w ich przypadku dope\u0142niony wymiarem religijnym. Religijny wymiar \u017cycia stwarza szans\u0119 osi\u0105gni\u0119cia \u201esukcesu\u201d nawet tym, kt\u00f3rzy jej nie maj\u0105 w \u015bwieckim wymiarze. Wi\u0119cej! Szansa zmienia si\u0119 tu w obowi\u0105zek! Patrz\u0105c na \u017cycie milioner\u00f3w, nie musz\u0119 my\u015ble\u0107 o robieniu wielkich interes\u00f3w. Podziwiaj\u0105c rozgrywki polityk\u00f3w, nie musz\u0119 my\u015ble\u0107 o politycznej karierze. Korzystaj\u0105c z wiedzy uczonych, nie musz\u0119 my\u015ble\u0107 o pracy naukowej. Oklaskuj\u0105c aktor\u00f3w, nie musz\u0119 my\u015ble\u0107 o aktorstwie. Kibicuj\u0105c, nie musz\u0119 my\u015ble\u0107 o uprawianiu sportu.<\/p>\n<p>Ogl\u0105daj\u0105c chwa\u0142\u0119 \u015bwi\u0119tych, musz\u0119 jednak pomy\u015ble\u0107 o upodobnieniu si\u0119 do nich. Przecie\u017c ich droga jest moj\u0105 drog\u0105, ich powo\u0142anie jest moim powo\u0142aniem, ich szcz\u0119\u015bcie jest moim przeznaczeniem. Czy potrafi\u0119 jednak sprosta\u0107 czekaj\u0105cemu mnie zadaniu?<\/p>\n<p>2. \u015awi\u0119to\u015b\u0107 jest Bo\u017cym darem. W szczeg\u00f3lny spos\u00f3b otrzymuj\u0105 go kanonizowani \u015bwi\u0119ci, gdy\u017c B\u00f3g powo\u0142uje ich do specjalnych zada\u0144 w Ko\u015bciele i w \u015bwiecie. Ale nie tylko oni. Wszak do grona wszystkich \u015bwi\u0119tych nale\u017c\u0105 i ci zapomniani, nieznani, niekanonizowani, kt\u00f3rzy w Bogu osi\u0105gn\u0119li cel \u017cycia. Dar powo\u0142ania do \u015bwi\u0119to\u015bci otrzymali\u015bmy na chrzcie. Mamy zatem szans\u0119 do\u0142\u0105czy\u0107 do grona wszystkich \u015bwi\u0119tych, je\u015bli go rozwiniemy. \u015awi\u0119to\u015b\u0107 to sprawa wiary, ale nie byle jakiej wiary, tylko wiary poj\u0119tej jako ca\u0142kowite zawierzenie komu\u015b, kto kocha, i kogo si\u0119 kocha. \u015aw. Pawe\u0142 m\u00f3wi: wiem, komu zawierzy\u0142em. \u015aw. Jan zapewnia nas, \u017ce kto w Bogu pok\u0142ada nadziej\u0119, u\u015bwi\u0119ca si\u0119, podobnie jak On jest \u015bwi\u0119ty. \u015awi\u0119to\u015b\u0107 to sprawa wierno\u015bci.<\/p>\n<p>Jej dziedziny ukazuje Jezus w kazaniu na g\u00f3rze. S\u0142uchaj\u0105c wyg\u0142aszanych przez Niego b\u0142ogos\u0142awie\u0144stw, wnioskujemy, \u017ce chodzi nie tyle o wierno\u015b\u0107 pewnym praktykom \u017cycia pobo\u017cnego, aczkolwiek wa\u017cnym, ile o wierno\u015b\u0107 warto\u015bciom, kt\u00f3re s\u0105 kamieniem w\u0119gielnym nowego \u0142adu w \u015bwiecie zwanym kr\u00f3lestwem Bo\u017cym. Wierno\u015b\u0107 zak\u0142ada gotowo\u015b\u0107 na prze\u015bladowanie, a nawet na \u015bmier\u0107! \u0141aski krwawego m\u0119cze\u0144stwa dost\u0119puje niewielu \u015bwi\u0119tych. Dla wi\u0119kszo\u015bci z nich m\u0119cze\u0144stwo zosta\u0142o roz\u0142o\u017cone na dni, miesi\u0105ce i lata d\u0142ugiej nieraz \u017cyciowej drogi, przyjmuj\u0105c posta\u0107 heroicznej walki o dochowanie wierno\u015bci. \u015awi\u0119to\u015b\u0107 to sprawa uleg\u0142o\u015bci Duchowi \u015awi\u0119temu.<\/p>\n<p>Pragnienie dochowania wierno\u015bci stawia cz\u0119sto w sytuacjach, jakich nie uwzgl\u0119dniaj\u0105 nie tylko rachunki sumienia, ale nawet podr\u0119czniki teologii moralnej. \u017bycie niesamowicie pomys\u0142owe! Pytany w\u00f3wczas: co wybra\u0107? Jak si\u0119 zachowa\u0107? Wobec tych pyta\u0144 nie pozostajemy sami. Mieszka w nas Duch \u015awi\u0119ty, z kt\u00f3rego poucze\u0144 nale\u017cy korzysta\u0107. Wymaga to wyciszenia, skupienia, modlitwy, gdy\u017c tylko w takich warunkach mo\u017cemy odebra\u0107 Jego natchnienia.<\/p>\n<p>3. Kanonizacja Edyty Stein, najpierw uczonej, nast\u0119pnie karmelitanki i m\u0119czennicy, odby\u0142a si\u0119 w 1998 roku w Kolonii na stadionie, na kt\u00f3rym zawodnicy walcz\u0105 o osi\u0105gni\u0119cie sportowego sukcesu. By\u0142 to znak dany wsp\u00f3\u0142czesnemu \u015bwiatu, \u017ce ze wszystkich sukces\u00f3w \u2013 nie tylko sportowych \u2013 najwi\u0119kszym jest zosta\u0107 \u015bwi\u0119tym.<\/p>\n<p>Poszukiwali\u015bmy przez chwil\u0119 odpowiedzi na pytanie, jak nim zosta\u0107. Czy j\u0105 znale\u017ali\u015bmy? Odpowiedzi na to pytanie mo\u017ce by\u0107 przecie\u017c tyle, ilu jest uczestnicz\u0105cych na Eucharystii. Pragniesz pozna\u0107 w\u0142asn\u0105 odpowied\u017a? Zapytaj o to Chrystusa.<\/p>\n<p>Gerard Siwek CSsR<\/p>\n<p>&nbsp;<\/p>\n<p>&nbsp;<br \/>\n<a href=\"http:\/\/rafalk-elblag.pl\/wp-content\/uploads\/2021\/08\/ogloszenia-parafialne-baner-01a.jpg\"><img loading=\"lazy\" decoding=\"async\" class=\"alignnone size-full wp-image-4410\" src=\"http:\/\/rafalk-elblag.pl\/wp-content\/uploads\/2021\/08\/ogloszenia-parafialne-baner-01a.jpg\" alt=\"\" width=\"720\" height=\"232\" srcset=\"https:\/\/rafalk-elblag.pl\/wp-content\/uploads\/2021\/08\/ogloszenia-parafialne-baner-01a.jpg 720w, https:\/\/rafalk-elblag.pl\/wp-content\/uploads\/2021\/08\/ogloszenia-parafialne-baner-01a-300x97.jpg 300w\" sizes=\"auto, (max-width: 720px) 100vw, 720px\" \/><\/a><\/p>\n<h1>Og\u0142oszenia parafialne 31.10.2021r<\/h1>\n<p><strong>1.<\/strong> W ko\u015bciele, zakrystii, kancelarii parafialnej, u\u017cywamy maseczek os\u0142aniaj\u0105cych usta i nos. Na stolikach przy g\u0142\u00f3wnym i bocznym wej\u015bciu do ko\u015bcio\u0142a umieszczone s\u0105 dozowniki z p\u0142ynem do dezynfekcji r\u0105k.<\/p>\n<p><strong>2.<\/strong> W listopadzie w spos\u00f3b szczeg\u00f3lny pochylamy si\u0119 nad mogi\u0142ami, w kt\u00f3rych spoczywaj\u0105 nasi bliscy. Najg\u0142\u0119bszym wyrazem naszej mi\u0142o\u015bci jest nasza modlitwa za nich. Dlatego zapraszamy do wsp\u00f3lnej modlitwy za zmar\u0142ych codziennie o godz. 18:00 na Mszy \u015bw. Zbiorowej a bezpo\u015brednio po na WYPOMINKI po\u0142\u0105czone z Koronk\u0105 do Mi\u0142osierdzia Bo\u017cego.<\/p>\n<p>3. Uwaga! 1 listopada( poniedzia\u0142ek) Msze \u015bwi\u0119te odprawione b\u0119d\u0105 na Cmentarzach: AGRYKOLA \u2013 godz. 11:30, D\u0118BICA (Stara Kaplica) \u2013 12:00; \u015aW. WOJCIECH godz. 14:00, a po nich procesja po\u0142\u0105czona z modlitwami za zmar\u0142ych.<\/p>\n<p><strong>4. W poniedzia\u0142ek 1 listopada &#8211; Uroczysto\u015b\u0107 Wszystkich \u015awi\u0119tych. Msze \u015bw. o godz.: 7:00, 9:00, 10:30 i 18:00. Msza \u015bw. o godz. 18:00 jest pierwsz\u0105 Msz\u0105 \u015bw. Zbiorow\u0105. Przypominamy, \u017ce od 1 do 8 listopada w\u0142\u0105cznie mo\u017cna uzyska\u0107 ODPUST ZUPE\u0141NY.<\/strong><\/p>\n<p><strong>5.<\/strong> We wtorek 2 listopada &#8211; Wspomnienie Wszystkich Wiernych Zmar\u0142ych, czyli Dzie\u0144 Zaduszny. Msze \u015bw. o godz. 8:00, 11:00 i o godz. 18:00. W tym dniu szczeg\u00f3lnie zapraszamy rodziny zmar\u0142ych w ostatnim roku parafian, na Msz\u0119 \u015bw. o godz. 18:00 podczas kt\u00f3rej zostan\u0105 wyczytani i poleceni Bo\u017cemu Mi\u0142osierdziu.<\/p>\n<p><strong>6.<\/strong> Zach\u0119camy, aby modlitw\u0119 przy grobach bliskich nam zmar\u0142ym roz\u0142o\u017cy\u0107 w czasie.<br \/>\nChodzi o to, aby unika\u0107 przebywania w t\u0142umie os\u00f3b na cmentarzu.<\/p>\n<p><strong>7.<\/strong> W tym tygodniu przypada:<\/p>\n<p>\u2022 I czwartek miesi\u0105ca (4.XI.) \u2013 zapraszamy na Msz\u0119 \u015bw. o godz. 18:00, a po na Adoracj\u0119 Naj\u015bwi\u0119tszego Sakramentu tj. na \u201eGODZIN\u0118 \u015aWI\u0118T\u0104\u201d po\u0142\u0105czon\u0105 z WYPOMINKAMI. Zapraszamy wszystkie \u201eMargaretki\u201d do wsp\u00f3lnej modlitwy za kap\u0142an\u00f3w.<\/p>\n<p>\u2022 I pi\u0105tek miesi\u0105ca (5.XI.) zapraszamy do spowiedzi dzieci z klas IV w tygodniu, wed\u0142ug ustalonego porz\u0105dku tj.: poniedzia\u0142ek od godz. 17:30 klasa IVA, wtorek od godz. 17:30 klasa IVB \u015broda od godz. 17:30 klasa IVC, czwartek od godz. 17:30 klasa IVD i w pi\u0105tek od godz. 16:00 pozosta\u0142e dzieci z innych klas. Msza \u015bw. dla wszystkich dzieci w I pi\u0105tek 5 listopada o godz. 16:30. Natomiast spowied\u017a dla doros\u0142ych i m\u0142odzie\u017cy od godz. 17:30. Msza \u015bw. Wotywna o Naj\u015bwi\u0119tszym Sercu Jezusa o godz. 18:00<\/p>\n<p>\u2022 I sobota miesi\u0105ca (6.XI.) zapraszamy wszystkich czcicieli Matki Bo\u017cej na nabo\u017ce\u0144stwo po\u0142\u0105czone z Adoracj\u0105 Naj\u015bwi\u0119tszego Sakramentu od godz. 17:00.<\/p>\n<p><strong>8.<\/strong> W I pi\u0105tek miesi\u0105ca LISTOPADA (5.XI.) z Panem Jezusem udamy si\u0119 do chorych: ks. Proboszcz i ks. Marcin od godz. 9:30. Do chorych ks. Kamila w tym dniu przyjdzie ks. Marcin.<\/p>\n<p><strong>9.<\/strong> Dzisiaj 31 pa\u017adziernika br. w parafii \u015bw. Wojciecha w Elbl\u0105gu, ul. Wiejska 4 od godz. 17:30 rozpocznie si\u0119 V ELBL\u0104SKA NOC \u015aWI\u0118TYCH. B\u0119dzie to radosny czas modlitwy, skupienia, \u015bpiewu, adoracji i uwielbienia Boga. Prosimy zabra\u0107 ze sob\u0105 lampion. Szczeg\u00f3\u0142y na plakacie.<\/p>\n<p><strong>10.<\/strong> Wzorem lat ubieg\u0142ych Elbl\u0105ska Szko\u0142a Biblijna zaprasza na otwarte spotkania z Pismem \u015awi\u0119tym. Spotkania prowadz\u0105 bibli\u015bci ks. dr Zbigniew Grochowski, ks. dr hab. Marek Karczewski, oraz zaproszeni go\u015bcie. Jedno spotkanie obejmuje trzy wyk\u0142ady w wybrane soboty po ok. 50 min ka\u017cdy oraz przerwy na kaw\u0119 w czasie od 9:00 -12:00. Miejsce spotka\u0144 &#8211; aula Wy\u017cszego Seminarium Duchownego w Elbl\u0105gu, ul. Bo\u017cego Cia\u0142a 10. Udzia\u0142 w spotkaniach jest darmowy. Terminy spotka\u0144 w I semestrze: 13.11 &#8211; 11.12. &#8211; 22.01. W ramach spotka\u0144 omawiane s\u0105 kwestie z zakresu historii i archeologii biblijnej, interpretacji Starego i Nowego Testamentu oraz wybrane zagadnienia szczeg\u00f3\u0142owe.<\/p>\n<p><strong>11.<\/strong> Zach\u0119camy do nabywania nowego numeru \u201eGo\u015bcia Niedzielnego\u201d w cenie 6 z\u0142 z dodatkiem \u201eGo\u015b\u0107 Elbl\u0105ski. Natomiast Ksi\u0105dz Diakon po Mszy \u015awi\u0119tej b\u0119dzie rozprowadza\u0107 kalendarze seminaryjne za dobrowoln\u0105 ofiar\u0105.<\/p>\n<p>12. W ostatnim czasie do wieczno\u015bci odeszli:<\/p>\n<p><strong>\u2020 \u015bp. Mieczys\u0142aw(m) BA\u0141DYGA<\/strong> lat 69 z ul. Broniewskiego<\/p>\n<p>Wieczny odpoczynek racz Mu da\u0107 Panie\u2026<\/p>\n<p>&nbsp;<\/p>\n<p><img decoding=\"async\" src=\"http:\/\/rafalk-elblag.pl\/wp-content\/uploads\/2020\/04\/baner-intencje-mszy.jpg\"><\/p>\n<h1>Intencje mszalne 31.10.2021r<\/h1>\n<p><strong>PONIEDZIA\u0141EK \/ 1 listopada 2021r. \/ Wszystkich \u015awi\u0119tych<\/strong><br \/>\n7.00 \u2020 Irena, Antoni, Ewa, J\u00f3zef, Ferdynand, Maria, Antoni, Wac\u0142aw, Anna i Boles\u0142aw<br \/>\n9.00 \u2020 Robert WI\u015aNIEWSKI (28 r. \u015bm.) oraz zmarli rodzice i zmarli z rodziny<br \/>\n10:30 \u2020 Jan PRZEWORSKI<br \/>\n18.00 Msza \u015awi\u0119ta Zbiorowa (1)<\/p>\n<p><strong>WTOREK \/ 2 listopada 2021r. \/ Wszystkich Zmar\u0142ych<\/strong><br \/>\n8.00 \u2020 Halina BUGAJSKA (Intencja od rodzic\u00f3w, siostry i ca\u0142ej rodziny)<br \/>\n11.00 \u2020 Hieronim KOWALSKI (30 r. \u015bm.) oraz Helena KOWALSKA; Marta i Gerwazy SZYD\u0141OWSCY<br \/>\n18.00 Msza \u015awi\u0119ta Zbiorowa (2)<\/p>\n<p><strong>\u015aRODA \/ 3 listopada 2021r.<\/strong><br \/>\n8.00 O zdrowie, opiek\u0119 Matki Bo\u017cej i potrzebne \u0142aski dla Wies\u0142awy (k) i Sebastiana.<br \/>\n18.00 \u2020 Dionizy SZERSZE\u0143 (6 r. \u015bm.)<br \/>\n18.00 Msza \u015awi\u0119ta Zbiorowa (3)<\/p>\n<p><strong>CZWARTEK \/ 4 listopada 2021r. \/ \u015aw. Karola Boromeusza<\/strong><br \/>\n8.00 O zdrowie, Bo\u017ce B\u0142ogos\u0142awie\u0144stwo dla Ewy i Piotra BORYSZEWSKICH i ca\u0142ej rodziny<br \/>\n18.00 \u2020 Krystyna KONDRAT (3 r. \u015bm.) oraz Zofia i Witold HUSZCZO<br \/>\n18.00 Msza \u015awi\u0119ta Zbiorowa (4)<\/p>\n<p><strong>PI\u0104TEK \/ 5 listopada 2021r.<\/strong><br \/>\n8.00 O wiar\u0119, nadziej\u0119 i mi\u0142o\u015b\u0107 dla Zbigniewa JACKIEWICZA, jego \u017cony Wies\u0142awy, dzieci i wnuk\u00f3w<br \/>\n18.00 O Bo\u017ce B\u0142ogos\u0142awie\u0144stwo dla Wsp\u00f3lnoty Przemienienie<br \/>\n18.00 Msza \u015awi\u0119ta Zbiorowa (5)<\/p>\n<p><strong>SOBOTA \/ 6 listopada 2021r.<\/strong><br \/>\n8.00 \u2020 Anastazja HUSZCZA (1 r. \u015bm.)<br \/>\n18.00 Rezerwacja (w intencji \u017bywego R\u00f3\u017ca\u0144ca)<br \/>\n18.00 Msza \u015awi\u0119ta Zbiorowa (6)<\/p>\n<p><strong>XXXII Niedziela Zwyk\u0142a \/ 7 listopada 2021 r.<\/strong><br \/>\n7.00 \u2020 Lucjan LASEK (26 r. \u015bm.) oraz zmarli Marianna, Feliks, Sylwester BA\u0141DYGA<br \/>\n9.00 O do\u015bwiadczenie Bo\u017cej mi\u0142o\u015bci dla Karoliny i Sebastiana<br \/>\n9.00 \u2020 W\u0142adys\u0142aw BAJSON (39 r. \u015bm.) i zmarli z rodziny BAJSON, JASI\u0143SKICH i KACHNOWICZ<br \/>\n10.30 \u2020 Ignacy ROKOWSKI (w 9 miesi\u0105c po pogrzebie)<br \/>\n12.00 W intencji Parafian<br \/>\n15.00 \u2020 Marek MALINOWSKI (1 r. \u015bm.)<br \/>\n18.00 Msza \u015awi\u0119ta Zbiorowa (7)<\/p>\n","protected":false},"excerpt":{"rendered":"<p>Ewangelia (Mk 12, 28b-34), Pierwsze ze wszystkich przykaza\u0144 S\u0142owa Ewangelii wed\u0142ug \u015awi\u0119tego Marka Jeden z uczonych w Pi\u015bmie podszed\u0142 do Jezusa i zapyta\u0142 Go: \u00abKt\u00f3re jest pierwsze ze wszystkich przykaza\u0144?\u00bb Jezus odpowiedzia\u0142: \u00abPierwsze jest: \u201eS\u0142uchaj, Izraelu, Pan B\u00f3g nasz jest jedynym Panem. B\u0119dziesz mi\u0142owa\u0142 Pana, Boga swego, ca\u0142ym swoim sercem, ca\u0142\u0105 swoj\u0105 dusz\u0105, ca\u0142ym swoim [&hellip;]<\/p>\n","protected":false},"author":1,"featured_media":4492,"comment_status":"closed","ping_status":"closed","sticky":false,"template":"","format":"standard","meta":{"ngg_post_thumbnail":0,"footnotes":""},"categories":[11,8,4,3],"tags":[],"class_list":["post-4490","post","type-post","status-publish","format-standard","has-post-thumbnail","hentry","category-aktualnosci","category-blog","category-intencje","category-ogloszenia"],"_links":{"self":[{"href":"https:\/\/rafalk-elblag.pl\/index.php?rest_route=\/wp\/v2\/posts\/4490","targetHints":{"allow":["GET"]}}],"collection":[{"href":"https:\/\/rafalk-elblag.pl\/index.php?rest_route=\/wp\/v2\/posts"}],"about":[{"href":"https:\/\/rafalk-elblag.pl\/index.php?rest_route=\/wp\/v2\/types\/post"}],"author":[{"embeddable":true,"href":"https:\/\/rafalk-elblag.pl\/index.php?rest_route=\/wp\/v2\/users\/1"}],"replies":[{"embeddable":true,"href":"https:\/\/rafalk-elblag.pl\/index.php?rest_route=%2Fwp%2Fv2%2Fcomments&post=4490"}],"version-history":[{"count":1,"href":"https:\/\/rafalk-elblag.pl\/index.php?rest_route=\/wp\/v2\/posts\/4490\/revisions"}],"predecessor-version":[{"id":4493,"href":"https:\/\/rafalk-elblag.pl\/index.php?rest_route=\/wp\/v2\/posts\/4490\/revisions\/4493"}],"wp:featuredmedia":[{"embeddable":true,"href":"https:\/\/rafalk-elblag.pl\/index.php?rest_route=\/wp\/v2\/media\/4492"}],"wp:attachment":[{"href":"https:\/\/rafalk-elblag.pl\/index.php?rest_route=%2Fwp%2Fv2%2Fmedia&parent=4490"}],"wp:term":[{"taxonomy":"category","embeddable":true,"href":"https:\/\/rafalk-elblag.pl\/index.php?rest_route=%2Fwp%2Fv2%2Fcategories&post=4490"},{"taxonomy":"post_tag","embeddable":true,"href":"https:\/\/rafalk-elblag.pl\/index.php?rest_route=%2Fwp%2Fv2%2Ftags&post=4490"}],"curies":[{"name":"wp","href":"https:\/\/api.w.org\/{rel}","templated":true}]}}