{"id":4482,"date":"2021-10-24T19:39:00","date_gmt":"2021-10-24T19:39:00","guid":{"rendered":"http:\/\/rafalk-elblag.pl\/?p=4482"},"modified":"2021-10-26T19:47:31","modified_gmt":"2021-10-26T19:47:31","slug":"biuletyn-24-10-2021-xxx-niedziela-zwykla","status":"publish","type":"post","link":"https:\/\/rafalk-elblag.pl\/?p=4482","title":{"rendered":"Biuletyn 24.10.2021, XXX NIEDZIELA ZWYK\u0141A"},"content":{"rendered":"<p><a href=\"http:\/\/rafalk-elblag.pl\/wp-content\/uploads\/2021\/10\/baner-241021.jpg\"><img loading=\"lazy\" decoding=\"async\" class=\"alignnone wp-image-4483 size-full\" src=\"http:\/\/rafalk-elblag.pl\/wp-content\/uploads\/2021\/10\/baner-241021.jpg\" alt=\"\" width=\"760\" height=\"507\" srcset=\"https:\/\/rafalk-elblag.pl\/wp-content\/uploads\/2021\/10\/baner-241021.jpg 760w, https:\/\/rafalk-elblag.pl\/wp-content\/uploads\/2021\/10\/baner-241021-300x200.jpg 300w\" sizes=\"auto, (max-width: 760px) 100vw, 760px\" \/><\/a><\/p>\n<h1>Ewangelia (Mk 10, 46b-52), Uzdrowienie niewidomego<\/h1>\n<p><strong>S\u0142owa Ewangelii wed\u0142ug \u015awi\u0119tego Marka<\/strong><\/p>\n<p>Gdy Jezus wraz z uczniami i sporym t\u0142umem wychodzi\u0142 z Jerycha, niewidomy \u017cebrak, Bartymeusz, syn Tymeusza, siedzia\u0142 przy drodze. A s\u0142ysz\u0105c, \u017ce to jest Jezus z Nazaretu, zacz\u0105\u0142 wo\u0142a\u0107: \u00abJezusie, Synu Dawida, ulituj si\u0119 nade mn\u0105!\u00bb Wielu nastawa\u0142o na niego, \u017ceby umilk\u0142. Lecz on jeszcze g\u0142o\u015bniej wo\u0142a\u0142: \u00abSynu Dawida, ulituj si\u0119 nade mn\u0105!\u00bb<\/p>\n<p>Jezus przystan\u0105\u0142 i rzek\u0142: \u00abZawo\u0142ajcie go\u00bb. I przywo\u0142ali niewidomego, m\u00f3wi\u0105c mu: \u00abB\u0105d\u017a dobrej my\u015bli, wsta\u0144, wo\u0142a ci\u0119\u00bb. On zrzuci\u0142 z siebie p\u0142aszcz, zerwa\u0142 si\u0119 na nogi i przyszed\u0142 do Jezusa.<\/p>\n<p>A Jezus przem\u00f3wi\u0142 do niego: \u00abCo chcesz, abym ci uczyni\u0142?\u00bb<\/p>\n<p>Powiedzia\u0142 Mu niewidomy: \u00abRabbuni, \u017cebym przejrza\u0142\u00bb.<\/p>\n<p>Jezus mu rzek\u0142: \u00abId\u017a, twoja wiara ci\u0119 uzdrowi\u0142a\u00bb. Natychmiast przejrza\u0142 i szed\u0142 za Nim drog\u0105.<\/p>\n<p>&nbsp;<\/p>\n<h1>\u017bEBYM PRZEJRZA\u0141<\/h1>\n<p><strong>1. Mamy przed sob\u0105 \u015blepca \u2013 Bartymeusza. To cz\u0142owiek chory, niepe\u0142nosprawny. W naszym \u015bwiecie, mimo \u017ce jest XXI wiek i wsz\u0119dzie mowa o cz\u0142owiecze\u0144stwie, post\u0119pie, cywilizacji, humanizmie i dobru cz\u0142owieka, ludzie chorzy i niepe\u0142nosprawni musz\u0105 walczy\u0107 o swoje prawa, i w\u0142a\u015bciwe traktowanie. Musz\u0105 pokonywa\u0107 wiele trudno\u015bci, je\u015bli chc\u0105 naprawd\u0119 realizowa\u0107 swoje marzenia, plany, nawet te dotycz\u0105ce spraw najprostszych. Pomy\u015blmy przez chwil\u0119, jak wygl\u0105da\u0142o \u017cycie ludzi chorych przed wiekami. \u017bycie chorego cz\u0142owieka nie by\u0142o \u0142atwe. Trudno\u015bci i cierpienia spowodowane chorob\u0105 by\u0142y jeszcze powi\u0119kszane przez brak akceptacji spo\u0142ecznej.<\/strong><\/p>\n<p>\u015alepiec Bartymeusz dobrze zna\u0142 smak takiego \u017cycia. Zapewne, kiedy us\u0142ysza\u0142 o nauczaniu Jezusa, o znakach uczynionych przez Niego, o uzdrowieniach, pomy\u015bla\u0142 sobie, \u017ce to w\u0142a\u015bnie szansa dla niego. Nie mia\u0142 mo\u017cliwo\u015bci pod\u0105\u017cy\u0107 za Jezusem, wi\u0119c siedzia\u0142 i czeka\u0142. Mia\u0142 nadziej\u0119. Wierzy\u0142. I sta\u0142o si\u0119 \u2013 Jezus przechodzi\u0142 drog\u0105 do Jerycha. By\u0142 prawie na wyci\u0105gni\u0119cie r\u0119ki Bartymeusza. Zacz\u0105\u0142 wzywa\u0107 Jezusa: \u201eJezusie, Synu Dawida, ulituj si\u0119 nade mn\u0105\u201d. Taka demonstracja nie podoba\u0142a si\u0119 ludziom id\u0105cym za Jezusem Zacz\u0119li ucisza\u0107 \u015blepca, ale on jakby im na przek\u00f3r krzycza\u0142 jeszcze g\u0142o\u015bniej. G\u0142o\u015bniej i g\u0142o\u015bniej.<\/p>\n<p>Mia\u0142 \u015bwiadomo\u015b\u0107, \u017ce tu\u017c obok jest Ten, kt\u00f3ry mo\u017ce mu pom\u00f3c. Dlatego nie pozwoli\u0142 si\u0119 uciszy\u0107. Musia\u0142 zrobi\u0107 wszystko, co by\u0142o w jego mocy, by zwr\u00f3ci\u0107 na siebie uwag\u0119 Jezusa. Jezus us\u0142ysza\u0142 g\u0142o\u015bne wo\u0142anie i kaza\u0142 przyprowadzi\u0107 do siebie \u015blepca. Jak przekazuje Ewangelista, Bartymeusz zostawi\u0142 p\u0142aszcz, zerwa\u0142 si\u0119 i pobieg\u0142 do Jezusa. Nie poszed\u0142, ale pobieg\u0142, przynaglany potrzeb\u0105 spotkania mog\u0105cego odmieni\u0107 Jego los. Na pytanie Jezusa: \u201dCo chcesz, \u017cebym ci uczyni\u0142?\u201d, Bartymeusz m\u00f3wi nazywaj\u0105c Jezusa Rabbuni, czyli Mistrzem: \u201e\u017cebym przejrza\u0142\u201d. Nie powiedzia\u0142: \u201e chc\u0119 odzyska\u0107 wzrok, uczy\u0144 mnie zdrowym, chc\u0119 widzie\u0107\u201d. Ten \u015blepiec chcia\u0142 przejrze\u0107, a kiedy ju\u017c przejrza\u0142 dzi\u0119ki \u0142asce Jezusa, poszed\u0142 za Tym, kt\u00f3ry go uzdrowi\u0142. Przejrza\u0142, zobaczy\u0142 to, na co naprawd\u0119 warto widzie\u0107, to co trzeba widzie\u0107 i poszed\u0142 bez wahania w\u0142a\u015bciw\u0105 drog\u0105.<\/p>\n<p><strong>2. Ta historia powinna wzbudzi\u0107 w nas \u017cyw\u0105 refleksj\u0119 nad w\u0142asn\u0105 wiar\u0105, nad w\u0142asn\u0105 determinacj\u0105. Czy potrafimy z tak wielk\u0105 wiar\u0105 jak Bartymeusz siedzie\u0107 przy drodze do Jerycha i wierzy\u0107, \u017ce Chrystus oka\u017ce nam sw\u0105 \u0142ask\u0119? Czy potrafimy krzycze\u0107 tak g\u0142o\u015bno jak Bartymeusz, by Jezus nas us\u0142ysza\u0142? Czy potrafimy krzycze\u0107 nawet wtedy, gdy inni nas uciszaj\u0105?<\/strong><\/p>\n<p>Naszym krzykiem jest modlitwa. Zatem, czy potrafimy naprawd\u0119 si\u0119 modli\u0107? Jak g\u0142\u0119boka jest nasza modlitwa, jak wiele ufno\u015bci jest w naszej modlitwie? Czy pozwalamy si\u0119 ucisza\u0107 innym? Mo\u017ce \u0142atwo dajemy za wygran\u0105, gdy s\u0142yszymy od ludzi, \u017ce modlitwa nic nie daje, \u017ce ufno\u015b\u0107 pok\u0142adana w Bogu to g\u0142upota, \u017ce B\u00f3g nas nie us\u0142yszy.<\/p>\n<p>Bartymeusz nie s\u0142ucha\u0142 otoczenia. Robi\u0142 to, co dyktowa\u0142a mu wiara, do czego przymusza\u0142a go wewn\u0119trzna pewno\u015b\u0107, ze nie mo\u017ce straci\u0107 okazji. \u201eTwoja wiara ci\u0119 uzdrowi\u0142a\u201d powiedzia\u0142 Chrystus do Bartymeusza. Nie powiedzia\u0142: \u201eJa ci\u0119 uzdrawiam\u201d. Dzi\u0119ki wierze \u015blepiec przejrza\u0142, dzi\u0119ki wierze spotka\u0142 si\u0119 z Jezusem, dzi\u0119ki wierze Chrystus go us\u0142ysza\u0142 i wezwa\u0142 do siebie.<\/p>\n<p><strong>3. \u015alepota Bartymeusza mo\u017ce by\u0107 symbolem \u015blepoty ka\u017cdego z nas. Jeste\u015bmy \u015blepi, nawet wtedy, gdy mamy ca\u0142kiem dobry wzrok. Nie widzimy lub nie chcemy widzie\u0107 tego, co wa\u017cne. Wygodnie jest nam \u017cy\u0107 po swojemu. Porusza\u0107 si\u0119 w codzienno\u015bci utartymi \u015bcie\u017ckami, kt\u00f3re znamy na pami\u0119\u0107. Dlatego nawet, gdy czasami odezwie si\u0119 jaka\u015b my\u015bl, \u017ce co\u015b jest nie tak, wolimy j\u0105 szybko st\u0142umi\u0107.<\/strong><\/p>\n<p>Po co mamy nara\u017ca\u0107 nasze wygodne, przyjemne \u017cycie? Wygodnie, \u0142atwo i przyjemnie, po naszej my\u015bli. Bez dawania siebie, bez zaanga\u017cowania, bez determinacji. Godzimy si\u0119 na \u015bwiat, kt\u00f3ry nas otacza, a potem si\u0119 dziwimy, w jakich czasach przysz\u0142o nam \u017cy\u0107, \u017ce wszystko si\u0119 zmienia na niekorzy\u015b\u0107. A przecie\u017c to my stajemy si\u0119 \u015blepi, wtedy gdy powinni\u015bmy widzie\u0107, kiedy powinni\u015bmy przejrze\u0107, \u017ce trzeba \u017cy\u0107, post\u0119powa\u0107 inaczej. Mo\u017ce trzeba wreszcie znale\u017a\u0107 nieco wiary i si\u0142y Bartymeusza, by zawo\u0142a\u0107: \u201eJezusie Synu Dawida, ulituj si\u0119 nade mn\u0105\u201d. Mo\u017ce trzeba wreszcie szczerze przyzna\u0107 si\u0119 do tego, \u017ce potrzebujemy pomocy i \u0142aski Jezusa. Mo\u017ce trzeba wreszcie rozejrze\u0107 si\u0119 dooko\u0142a i spojrze\u0107 w g\u0142\u0105b swojego serca i zobaczy\u0107 to wszystko takim, jakim jest naprawd\u0119.<\/p>\n<p>Chrystus daje nam szanse, wyci\u0105ga do nas r\u0119k\u0119. Musimy tylko wsta\u0107 i pobiec jak Bartymeusz. Musimy odrzuci\u0107 p\u0142aszcz dotychczasowego \u017cycia i my\u015blenia, kt\u00f3ry przyt\u0142acza. Musimy g\u0142o\u015bno zawo\u0142a\u0107: ulituj si\u0119. Nie wahajmy si\u0119 prosi\u0107 z ca\u0142ej swojej si\u0142y Syna Bo\u017cego, by ulitowa\u0142 si\u0119 nad nami i \u017ceby\u015bmy przejrzeli.<\/p>\n<p>ks. Waldemar Karasi\u0144ski<\/p>\n<p>&nbsp;<\/p>\n<p>&nbsp;<br \/>\n<a href=\"http:\/\/rafalk-elblag.pl\/wp-content\/uploads\/2021\/08\/ogloszenia-parafialne-baner-01a.jpg\"><img loading=\"lazy\" decoding=\"async\" class=\"alignnone size-full wp-image-4410\" src=\"http:\/\/rafalk-elblag.pl\/wp-content\/uploads\/2021\/08\/ogloszenia-parafialne-baner-01a.jpg\" alt=\"\" width=\"720\" height=\"232\" srcset=\"https:\/\/rafalk-elblag.pl\/wp-content\/uploads\/2021\/08\/ogloszenia-parafialne-baner-01a.jpg 720w, https:\/\/rafalk-elblag.pl\/wp-content\/uploads\/2021\/08\/ogloszenia-parafialne-baner-01a-300x97.jpg 300w\" sizes=\"auto, (max-width: 720px) 100vw, 720px\" \/><\/a><\/p>\n<h1>Og\u0142oszenia parafialne 24.10.2021r<\/h1>\n<p>1. Wolontariusze Caritas zbieraj\u0105 dzi\u015b przed ko\u015bcio\u0142em ofiary dla najubo\u017cszych i potrzebuj\u0105cych z naszej parafii. Za okazan\u0105 pomoc dzi\u0119kujemy.<\/p>\n<p><strong>2.<\/strong> Osoby modl\u0105ce si\u0119 za kap\u0142an\u00f3w i tworz\u0105ce Apostolat \u201eMargaretka\u201d zapraszamy dzisiaj na wsp\u00f3lny R\u00f3\u017caniec o godz. 17:15 i na Msz\u0119 \u015bw. o godz. 18:00 w 12 rocznic\u0119 powstania Apostolatu przy naszej parafii. Po modlitwach wsp\u00f3lne spotkanie na plebanii.<\/p>\n<p><strong>3.<\/strong> <strong>Przed nami ostatni tydzie\u0144 pa\u017adziernika. Zapraszamy na nabo\u017ce\u0144stwa z wystawieniem Naj\u015bwi\u0119tszego Sakramentu. Wierni, kt\u00f3rzy odmawiaj\u0105 cz\u0119\u015b\u0107 R\u00f3\u017ca\u0144ca (5 dziesi\u0105tek) w ko\u015bciele lub rodzinie mog\u0105 uzyska\u0107 ODPUST ZUPE\u0141NY. ZAPRASZAMY WYJ\u0104TKOWO W TYM TYGODNIU DO WSP\u00d3LNEJ MODLITWY R\u00d3\u017bANCOWEJ: DOROS\u0141YCH I M\u0141ODZIE\u017b O GODZ. 20:15, a dzieci w spos\u00f3b szczeg\u00f3lny zapraszamy: we wtorek i czwartek o godz. 16:30.<\/strong><\/p>\n<p><strong>4.<\/strong> Dekretem Biskupa Elbl\u0105skiego z dniem 1 listopada br. ks. mgr Kamil Miko\u0142ajczyk \u2013 wikariusz, zosta\u0142 przeniesiony do Parafii Rzymskokatolickiej pw. Tr\u00f3jcy \u015awi\u0119tej w Elbl\u0105gu. Nasza parafia tym samym pozosta\u0142a na czas nieokre\u015blony z dwoma kap\u0142anami. M\u00f3dlmy si\u0119 o potrzebne \u0142aski i si\u0142y, by to nie zak\u0142\u00f3ci\u0142o pracy duszpasterskiej w parafii.<\/p>\n<p><strong>5.<\/strong> Dzisiejsz\u0105 niedziel\u0105 rozpoczynamy 95 TYDZIE\u0143 MISYJNY pod has\u0142em: \u201eSPOTKALI\u015aMY JEZUSA, WI\u0118C G\u0141OSIMY\u201d. Niech ka\u017cdy z nas poczuje si\u0119 odpowiedzialny za g\u0142oszenie Dobrej Nowiny. Pami\u0119tajmy w modlitwie o tych wszystkich, kt\u00f3rzy pracuj\u0105 na misjach: ks. Arkadiusz Grabowski (ROSJA), o. Dariusz Marut (MADAGASKAR). Ofiary z\u0142o\u017cone dzisiaj na tac\u0119 przeznaczone s\u0105 na Misje. Dzi\u0119kuj\u0119 za wsparcie i zrozumienie odpowiedzialno\u015bci za to dzie\u0142o.<\/p>\n<p><strong>6.<\/strong> Jak ka\u017cdego roku w listopadzie modli\u0107 si\u0119 b\u0119dziemy za naszych zmar\u0142ych. Koperty z kartkami na Msz\u0119 \u015bw. zbiorow\u0105 i wypominki znajdziemy przy BIULETYNIE. Prosimy o czytelne wype\u0142nianie kartek. Kartka fioletowa przeznaczona jest na MSZ\u0118 \u015aW. ZBIOROW\u0104 ZA ZMAR\u0141YCH odprawiana b\u0119dzie przez ca\u0142y listopad o godz. 18:00. Druga kartka z napisem WYPOMINKI wyczytywana b\u0119dzie podczas Koronki do Mi\u0142osierdzia Bo\u017cego odmawianej przez ca\u0142y listopad bezpo\u015brednio po Mszy \u015bwi\u0119tej UWAGA !!! PROSIMY zaznaczy\u0107 na kartkach dat\u0119 (dzie\u0144), w jakim rodzina mo\u017ce spotka\u0107 si\u0119 w ko\u015bciele na wsp\u00f3lnej modlitwie.<\/p>\n<p><strong>7.<\/strong> Dnia 31 pa\u017adziernika br. w parafii \u015bw. Wojciecha w Elbl\u0105gu, ul. Wiejska 4 od godz. 17:30 rozpocznie si\u0119 V ELBL\u0104SKA NOC \u015aWI\u0118TYCH. B\u0119dzie to radosny czas modlitwy, skupienia, \u015bpiewu, adoracji i uwielbienia Boga. Prosimy zabra\u0107 ze sob\u0105 lampion. Szczeg\u00f3\u0142y na plakacie.<\/p>\n<p><strong>8.<\/strong> Zainteresowanych Pismem \u015awi\u0119tym ks. Kamil serdecznie zaprasza na spotkanie Kr\u0119gu Biblijnego, kt\u00f3re odb\u0119dzie si\u0119 na plebanii w \u015brod\u0119 o godz. 18:45.<\/p>\n<p><strong>9.<\/strong> Zapraszamy do korzystania z Sakramentu Spowiedzi \u015awi\u0119tej w ci\u0105gu tygodniu: od godz. 7:45 oraz od godz. 17:30.<\/p>\n<p><strong>10.<\/strong> Zach\u0119camy do czytania prasy katolickiej: nowy numer \u201eGo\u015bcia Niedzielnego\u201d w cenie 6 z\u0142. z dodatkiem \u201eGo\u015b\u0107 Elbl\u0105ski\u201d a nim wydarzenia z diecezji.<\/p>\n<p><strong>11.<\/strong> Pan powo\u0142a\u0142 do wieczno\u015bci:<\/p>\n<p><strong>\u2020 \u015bp. W\u0142odzimierza PURZYCKIEGO l<\/strong>at 68 z ul. Brzechwy<\/p>\n<p>Wieczny odpoczynek racz im da\u0107 Panie\u2026<\/p>\n<p>&nbsp;<\/p>\n<p><img decoding=\"async\" src=\"http:\/\/rafalk-elblag.pl\/wp-content\/uploads\/2020\/04\/baner-intencje-mszy.jpg\"><\/p>\n<h1>Intencje mszalne 24.10.2021r<\/h1>\n<p><strong>PONIEDZIA\u0141EK \/ 25 pa\u017adziernika 2021r.<\/strong><br \/>\n8.00 \u2020 Roman TYKARSKI (Msza w dniu urodzin)<br \/>\n18.00 \u2020 Genowefa POLAK (1 r.\u015bm.)<br \/>\n18.00 \u2020 Antoni BIELSKI (25 Msza Gregoria\u0144ska)<\/p>\n<p><strong>WTOREK \/ 26 pa\u017adziernika 2021r.<\/strong><br \/>\n8.00 Za dusze w czy\u015b\u0107cu cierpi\u0105ce<br \/>\n18.00 Dzi\u0119kczynna za 90 lat \u017cycia Zdzis\u0142awa i 87 lat \u017cycia Boles\u0142awy (k) z pro\u015bb\u0105 o dalsz\u0105 opiek\u0119 i Bo\u017ce B\u0142ogos\u0142awie\u0144stwo<br \/>\n18.00 \u2020 Antoni BIELSKI (26 Msza Gregoria\u0144ska)<\/p>\n<p><strong>\u015aRODA \/ 27 pa\u017adziernika 2021r.<\/strong><br \/>\n8.00 \u2020 Antoni BIELSKI (27 Msza Gregoria\u0144ska)<br \/>\n18.00 \u2020 Anna i Tadeusz KRASNOD\u0118BSCY<br \/>\n18.00 \u2020 Tadeusz RECZEK (4 r.\u015bm.)<\/p>\n<p><strong>CZWARTEK \/ 28 pa\u017adziernika 2021r. \/ \u015aw. Szymona i Judy Tadeusza<\/strong><br \/>\n8.00 O obfito\u015b\u0107 \u0142ask Bo\u017cych i nieustann\u0105 opiek\u0119 Matki Naj\u015bwi\u0119tszej dla Klaudii<br \/>\n18.00 \u2020 Antoni BIELSKI (28 Msza Gregoria\u0144ska)<br \/>\n18.00 \u2020 Jadwiga<\/p>\n<p><strong>PI\u0104TEK \/ 29 pa\u017adziernika 2021r.<\/strong><br \/>\n8.00 \u2020 Antoni BIELSKI (29 Msza Gregoria\u0144ska)<br \/>\n18.00 \u2020 J\u00f3zef SEJMICKI (13 r.\u015bm.)<br \/>\n18.00 \u2020 Stefania DUCH (29 r.\u015bm.) i Henryk GROSZYK (32 r.\u015bm.)<\/p>\n<p><strong>SOBOTA \/ 30 pa\u017adziernika 2021r.<\/strong><br \/>\n8.00 \u2020 Bronis\u0142awa (k) i Stanis\u0142aw ZASKALSCY oraz Stanis\u0142awa (k), Wilhelm i Henryk GLI\u0143SCY<br \/>\n18.00 Dzi\u0119kczynna w 45. rocznic\u0119 \u015blubu Jadwigi i Tomasza JAWORSKICH z pro\u015bb\u0105 o Bo\u017ce B\u0142ogos\u0142awie\u0144stwo na nast\u0119pne lata \u017cycia oraz opiek\u0119 Matki Bo\u017cej<br \/>\n18.00 \u2020 Antoni BIELSKI (30 Msza Gregoria\u0144ska)<\/p>\n<p><strong>XXXI Niedziela Zwyk\u0142a \/ 31 pa\u017adziernika 2021 r.<\/strong><br \/>\n7.00 \u2020 Za zmar\u0142ych z rodziny PALKOWSKICH<br \/>\n9.00 \u2020 Jadwiga WASILUK<br \/>\n10.30 \u2020 Ryszard i Zenobia ANTONOWICZ oraz Marianna, Zuzanna i Lidia SZULC<br \/>\n12.00 W intencji Parafian<br \/>\n15.00 \u2020 Ewa TUCHOLSKA (Msza w 30 dzie\u0144 po pogrzebie)<br \/>\n18.00 Dzi\u0119kczynna z pro\u015bb\u0105 o Bo\u017ce B\u0142ogos\u0142awie\u0144stwo, zdrowie i opiek\u0119 Matki Bo\u017cej R\u00f3\u017ca\u0144cowej dla III R\u00f3\u017cy Matki Bo\u017cej Ostrobramskiej<\/p>\n","protected":false},"excerpt":{"rendered":"<p>Ewangelia (Mk 10, 46b-52), Uzdrowienie niewidomego S\u0142owa Ewangelii wed\u0142ug \u015awi\u0119tego Marka Gdy Jezus wraz z uczniami i sporym t\u0142umem wychodzi\u0142 z Jerycha, niewidomy \u017cebrak, Bartymeusz, syn Tymeusza, siedzia\u0142 przy drodze. A s\u0142ysz\u0105c, \u017ce to jest Jezus z Nazaretu, zacz\u0105\u0142 wo\u0142a\u0107: \u00abJezusie, Synu Dawida, ulituj si\u0119 nade mn\u0105!\u00bb Wielu nastawa\u0142o na niego, \u017ceby umilk\u0142. Lecz on [&hellip;]<\/p>\n","protected":false},"author":1,"featured_media":4485,"comment_status":"closed","ping_status":"closed","sticky":false,"template":"","format":"standard","meta":{"ngg_post_thumbnail":0,"footnotes":""},"categories":[11,8,4,3],"tags":[],"class_list":["post-4482","post","type-post","status-publish","format-standard","has-post-thumbnail","hentry","category-aktualnosci","category-blog","category-intencje","category-ogloszenia"],"_links":{"self":[{"href":"https:\/\/rafalk-elblag.pl\/index.php?rest_route=\/wp\/v2\/posts\/4482","targetHints":{"allow":["GET"]}}],"collection":[{"href":"https:\/\/rafalk-elblag.pl\/index.php?rest_route=\/wp\/v2\/posts"}],"about":[{"href":"https:\/\/rafalk-elblag.pl\/index.php?rest_route=\/wp\/v2\/types\/post"}],"author":[{"embeddable":true,"href":"https:\/\/rafalk-elblag.pl\/index.php?rest_route=\/wp\/v2\/users\/1"}],"replies":[{"embeddable":true,"href":"https:\/\/rafalk-elblag.pl\/index.php?rest_route=%2Fwp%2Fv2%2Fcomments&post=4482"}],"version-history":[{"count":2,"href":"https:\/\/rafalk-elblag.pl\/index.php?rest_route=\/wp\/v2\/posts\/4482\/revisions"}],"predecessor-version":[{"id":4489,"href":"https:\/\/rafalk-elblag.pl\/index.php?rest_route=\/wp\/v2\/posts\/4482\/revisions\/4489"}],"wp:featuredmedia":[{"embeddable":true,"href":"https:\/\/rafalk-elblag.pl\/index.php?rest_route=\/wp\/v2\/media\/4485"}],"wp:attachment":[{"href":"https:\/\/rafalk-elblag.pl\/index.php?rest_route=%2Fwp%2Fv2%2Fmedia&parent=4482"}],"wp:term":[{"taxonomy":"category","embeddable":true,"href":"https:\/\/rafalk-elblag.pl\/index.php?rest_route=%2Fwp%2Fv2%2Fcategories&post=4482"},{"taxonomy":"post_tag","embeddable":true,"href":"https:\/\/rafalk-elblag.pl\/index.php?rest_route=%2Fwp%2Fv2%2Ftags&post=4482"}],"curies":[{"name":"wp","href":"https:\/\/api.w.org\/{rel}","templated":true}]}}