{"id":4476,"date":"2021-10-17T19:14:00","date_gmt":"2021-10-17T19:14:00","guid":{"rendered":"http:\/\/rafalk-elblag.pl\/?p=4476"},"modified":"2021-10-26T19:34:42","modified_gmt":"2021-10-26T19:34:42","slug":"biuletyn-17-10-2021-xxix-niedziela-zwykla","status":"publish","type":"post","link":"https:\/\/rafalk-elblag.pl\/?p=4476","title":{"rendered":"Biuletyn 17.10.2021, XXIX NIEDZIELA ZWYK\u0141A"},"content":{"rendered":"<p><a href=\"http:\/\/rafalk-elblag.pl\/wp-content\/uploads\/2021\/10\/baner-170121.jpg\"><img loading=\"lazy\" decoding=\"async\" class=\"alignnone wp-image-4478 size-full\" src=\"http:\/\/rafalk-elblag.pl\/wp-content\/uploads\/2021\/10\/baner-170121.jpg\" alt=\"\" width=\"760\" height=\"506\" srcset=\"https:\/\/rafalk-elblag.pl\/wp-content\/uploads\/2021\/10\/baner-170121.jpg 760w, https:\/\/rafalk-elblag.pl\/wp-content\/uploads\/2021\/10\/baner-170121-300x200.jpg 300w\" sizes=\"auto, (max-width: 760px) 100vw, 760px\" \/><\/a><\/p>\n<h1>Ewangelia (Mk 10, 35-45), by S\u0142u\u017cy\u0107<\/h1>\n<p><strong>S\u0142owa Ewangelii wed\u0142ug \u015awi\u0119tego Marka<\/strong><\/p>\n<p>Jakub i Jan, synowie Zebedeusza, podeszli do Jezusa i rzekli: \u00abNauczycielu, pragniemy, \u017ceby\u015b nam uczyni\u0142 to, o co Ci\u0119 poprosimy\u00bb.<\/p>\n<p>On ich zapyta\u0142: \u00abCo chcecie, \u017cebym wam uczyni\u0142?\u00bb<\/p>\n<p>Rzekli Mu: \u00abDaj nam, \u017ceby\u015bmy w Twojej chwale siedzieli jeden po prawej, a drugi po lewej Twej stronie\u00bb.<\/p>\n<p>Jezus im odpar\u0142: \u00abNie wiecie, o co prosicie. Czy mo\u017cecie pi\u0107 kielich, kt\u00f3ry Ja mam pi\u0107, albo przyj\u0105\u0107 chrzest, kt\u00f3rym Ja mam by\u0107 ochrzczony?\u00bb<\/p>\n<p>Odpowiedzieli Mu: \u00abMo\u017cemy\u00bb.<\/p>\n<p>Lecz Jezus rzek\u0142 do nich: \u00abKielich, kt\u00f3ry Ja mam pi\u0107, wprawdzie pi\u0107 b\u0119dziecie; i chrzest, kt\u00f3ry Ja mam przyj\u0105\u0107, wy r\u00f3wnie\u017c przyjmiecie. Nie do Mnie jednak nale\u017cy da\u0107 miejsce po mojej stronie prawej lub lewej, ale dostanie si\u0119 ono tym, dla kt\u00f3rych zosta\u0142o przygotowane\u00bb.<\/p>\n<p>Gdy us\u0142ysza\u0142o to dziesi\u0119ciu pozosta\u0142ych, pocz\u0119li oburza\u0107 si\u0119 na Jakuba i Jana. A Jezus przywo\u0142a\u0142 ich do siebie i rzek\u0142 do nich:<\/p>\n<p>\u00abWiecie, \u017ce ci, kt\u00f3rzy uchodz\u0105 za w\u0142adc\u00f3w narod\u00f3w, uciskaj\u0105 je, a ich wielcy daj\u0105 im odczu\u0107 sw\u0105 w\u0142adz\u0119. Nie tak b\u0119dzie mi\u0119dzy wami. Lecz kto by mi\u0119dzy wami chcia\u0142 si\u0119 sta\u0107 wielkim, niech b\u0119dzie s\u0142ug\u0105 waszym. A kto by chcia\u0142 by\u0107 pierwszym mi\u0119dzy wami, niech b\u0119dzie niewolnikiem wszystkich. Bo i Syn Cz\u0142owieczy nie przyszed\u0142, aby mu s\u0142u\u017cono, lecz \u017ceby s\u0142u\u017cy\u0107 i da\u0107 swoje \u017cycie jako okup za wielu\u00bb.<\/p>\n<p>&nbsp;<\/p>\n<h1>RZ\u0104DZI\u0106, CZYLI S\u0141U\u017bY\u0106<\/h1>\n<p><strong>Przyzwyczaili\u015bmy si\u0119 ju\u017c do tego, \u017ce w\u0142\u0105czaj\u0105c telewizor, by obejrze\u0107 wiadomo\u015bci, us\u0142yszymy o odkrytym w\u0142a\u015bnie przez dziennikarzy podejrzanym uk\u0142adzie w \u015bwiecie polityki, o kolejnym przejawie korupcji, nast\u0119pnej aferze. Co gorsza, powoli przestaje nas to dziwi\u0107. W tym kontek\u015bcie m\u00f3wi si\u0119 wr\u0119cz o pesymizmie charakteryzuj\u0105cym Polak\u00f3w, ci\u0105g\u0142ym narzekaniu na wszystko wok\u00f3\u0142, a zw\u0142aszcza na ludzi w\u0142adzy. Ro\u015bnie przekonanie, \u017ce brakuje im uczciwo\u015bci. Sk\u0105d bierze si\u0119 taki stan rzeczy?<\/strong><\/p>\n<p>Odpowied\u017a jest wielop\u0142aszczyznowa. Jedn\u0105 z przyczyn mo\u017cna chyba okre\u015bli\u0107 jako sk\u0142onno\u015b\u0107 cz\u0142owieka do wchodzenia na drog\u0119 z\u0142a, nawet przy okazji czynienia dobra. Egoizm stawia sobie za \u201epunkt honoru\u201d udowodnienie, \u017ce mi\u0142o\u015b\u0107 jest niemo\u017cliwa, rezygnacja z siebie nie ma sensu; wreszcie, \u017ce poczucie w\u0142asnego \u201eja\u201d jest w nas silniejsze ni\u017c pragnienie otwarcia si\u0119 na drugiego cz\u0142owieka. Inn\u0105 przyczyn\u0105 mo\u017ce by\u0107 zwyczajny brak znajomo\u015bci tego, czym powinna by\u0107 w\u0142adza. W\u0142adza nie polega na wykorzystywaniu w\u0142asnej pozycji i podporz\u0105dkowaniu podleg\u0142ych ludzi dla osobistej korzy\u015bci, czy wygody. Wszelka w\u0142adza, ka\u017cde prze\u0142o\u017ce\u0144stwo to s\u0142u\u017cba.<\/p>\n<p>Ludzka s\u0142abo\u015b\u0107 nie by\u0142a obca Aposto\u0142om. Synowie Zebedeusza, Jakub i Jan, podeszli do Jezusa, by prosi\u0107 Go o miejsce po Jego prawej i lewej stronie. Pospieszyli si\u0119 z t\u0105 pro\u015bb\u0105, \u017ceby uprzedzi\u0107 innych. Przecie\u017c najbli\u017csze miejsca obok Mesjasza, obok Pana, kt\u00f3ry jest obiecanym kr\u00f3lem Izraela, gwarantuj\u0105 wi\u0119kszy wp\u0142yw na decyzje, wy\u017csz\u0105 pozycj\u0119 w hierarchii spo\u0142ecznej, a tak\u017ce przewag\u0119 nad innymi i u\u0142o\u017cenie sobie \u017cycia, a tak\u017ce zabezpieczenie przysz\u0142o\u015bci. Je\u015bli nie postaraliby si\u0119 o to oni sami, je\u015bli nie wyprzedziliby innych, to miejsce m\u00f3g\u0142by zaj\u0105\u0107 kto\u015b, od kogo oni sami staliby si\u0119 zale\u017cni. Jakie\u017c to ludzkie! Czy my sami nie odnajdujemy si\u0119 w tych postawach? Tak\u017ce pozostali uczniowie szybko zorientowali si\u0119, \u017ce o ma\u0142y w\u0142os Jakub i Jan wyeliminowaliby ich z gry; dlatego oburzyli si\u0119 na nich.<\/p>\n<p>Ewangeliczna sytuacja staje si\u0119 dobr\u0105 okazj\u0105 dla Jezusa do wyg\u0142oszenia katechezy na temat prawdziwej wielko\u015bci cz\u0142owieka, autentycznego prze\u0142o\u017ce\u0144stwa i rozumienia w\u0142adzy. \u201eKto by mi\u0119dzy wami chcia\u0142 sta\u0107 si\u0119 wielki, niech b\u0119dzie s\u0142ug\u0105 waszym. A kto by chcia\u0142 by\u0107 pierwszym miedzy wami, niech b\u0119dzie niewolnikiem wszystkich\u201d. Mie\u0107 w\u0142adz\u0119 znaczy po prostu s\u0142u\u017cy\u0107. Oto lekcja Chrystusa, kt\u00f3ry jako Bo\u017cy Syn najpi\u0119kniej pokaza\u0142, \u017ce s\u0142owa te nie s\u0105 rzucone na wiatr. Cen\u0105 Jego pot\u0119gi by\u0142a \u015bmier\u0107 poniesiona za nas na drzewie krzy\u017ca. \u201eSyn Cz\u0142owieczy nie przyszed\u0142 bowiem, aby Mu s\u0142u\u017cono, lecz \u017ceby s\u0142u\u017cy\u0107\u201d.<\/p>\n<p>Pierwsze czytanie ukazuje nam S\u0142ug\u0119 Jahwe, kt\u00f3ry swoje panowanie rozumia\u0142 jako s\u0142u\u017cb\u0119 mi\u0142o\u015bci. W\u0142adza bez mi\u0142o\u015bci staje si\u0119 tyrani\u0105, totalitaryzmem. W\u0142adza bez mi\u0142o\u015bci nie liczy si\u0119 z lud\u017ami, pogardza cz\u0142owiekiem, traktuje go jak przedmiot. A tymczasem s\u0142u\u017cba to po\u0142\u0105czenie w\u0142adzy i mi\u0142o\u015bci. Obraz S\u0142ugi Jahwe wype\u0142ni\u0142 si\u0119 w Osobie Jezusa Chrystusa: zmia\u017cd\u017cony zosta\u0142 cierpieniem, wyda\u0142 swoje \u017cycie na ofiar\u0119 za grzechy, wype\u0142ni\u0142 wol\u0119 Pana. Zacny S\u0142uga usprawiedliwi\u0142 wielu i d\u017awiga\u0142 nasze nieprawo\u015bci.<\/p>\n<p>Chcia\u0142oby si\u0119 powiedzie\u0107 dzi\u015b z naciskiem ludziom w\u0142adzy: Nade wszystko najwa\u017cniejsza jest mi\u0142o\u015b\u0107. Tym, kt\u00f3rzy rz\u0105dz\u0105 naszym krajem, wojew\u00f3dztwem, powiatem, gmin\u0105, miastem, czy wsi\u0105: W\u0142adza to s\u0142u\u017cba, ona jest waszym powo\u0142aniem. Tym, kt\u00f3rzy zatrudniaj\u0105 w prywatnych zak\u0142adach pracy i wyzyskuj\u0105 pracownik\u00f3w, niesprawiedliwie ich wynagradzaj\u0105, zmuszaj\u0105 do pracy w supermarketach w niedziel\u0119, \u015bwi\u0119ta i ponad czas, przez 24 godziny na dob\u0119: B\u0119dziecie s\u0105dzeni z mi\u0142o\u015bci i sprawiedliwo\u015bci, B\u00f3g upomni si\u0119 o wasz\u0105 s\u0142u\u017cb\u0119. Tym, kt\u00f3rzy s\u0105 prze\u0142o\u017conymi w zgromadzeniach, organizacjach, zwi\u0105zkach i innych strukturach: Nie wykorzystujcie swojej pozycji, ale mi\u0142ujcie si\u0119. Nam wszystkim Pan m\u00f3wi dzisiaj: Sp\u00f3jrzcie na Mnie i przybli\u017ccie si\u0119 z ufno\u015bci\u0105 do tronu \u0142aski, aby\u015bcie otrzymali mi\u0142osierdzie i sami byli mi\u0142osierni. \u015awiat wok\u00f3\u0142 nas mo\u017ce by\u0107 lepszy, je\u015bli sami cho\u0107 troch\u0119 przybli\u017cymy si\u0119 do Chrystusa.<\/p>\n<p>Ks. Artur Niemira<\/p>\n<p>&nbsp;<\/p>\n<p>&nbsp;<br \/>\n<a href=\"http:\/\/rafalk-elblag.pl\/wp-content\/uploads\/2021\/08\/ogloszenia-parafialne-baner-01a.jpg\"><img loading=\"lazy\" decoding=\"async\" class=\"alignnone size-full wp-image-4410\" src=\"http:\/\/rafalk-elblag.pl\/wp-content\/uploads\/2021\/08\/ogloszenia-parafialne-baner-01a.jpg\" alt=\"\" width=\"720\" height=\"232\" srcset=\"https:\/\/rafalk-elblag.pl\/wp-content\/uploads\/2021\/08\/ogloszenia-parafialne-baner-01a.jpg 720w, https:\/\/rafalk-elblag.pl\/wp-content\/uploads\/2021\/08\/ogloszenia-parafialne-baner-01a-300x97.jpg 300w\" sizes=\"auto, (max-width: 720px) 100vw, 720px\" \/><\/a><\/p>\n<h1>Og\u0142oszenia parafialne 17.10.2021r<\/h1>\n<p><strong>1. PA\u0179DZIERNIK MIESI\u0104CEM R\u00d3\u017bA\u0143CA \u015aWI\u0118TEGO.<\/strong> Zapraszamy na nabo\u017ce\u0144stwa z wystawieniem Naj\u015bwi\u0119tszego Sakramentu. Wierni, kt\u00f3rzy odmawiaj\u0105 cz\u0119\u015b\u0107 R\u00f3\u017ca\u0144ca (5 dziesi\u0105tek) w ko\u015bciele lub rodzinie mog\u0105 uzyska\u0107 ODPUST ZUPE\u0141NY. Zapraszamy do wsp\u00f3lnej modlitwy: doros\u0142ych i m\u0142odzie\u017c o godz. 17:15, a dzieci zapraszamy: we wtorki i czwartki o godz. 16:30.<\/p>\n<p><strong>2.<\/strong> W ko\u015bciele, zakrystii, kancelarii parafialnej, u\u017cywamy maseczek os\u0142aniaj\u0105cych usta i nos. Na stolikach przy g\u0142\u00f3wnym i bocznym wej\u015bciu do ko\u015bcio\u0142a umieszczone s\u0105 dozowniki z p\u0142ynem do dezynfekcji r\u0105k.<\/p>\n<p><strong>3.<\/strong> W poniedzia\u0142ek 18 pa\u017adziernika br. przypada \u015bwi\u0119to \u015awi\u0119tego \u0141ukasza Ewangelisty \u2013 PATRONA S\u0141U\u017bBY ZDROWIA. Ksi\u0105dz Biskup Elbl\u0105ski zaprasza tego dnia na Msz\u0119 \u015bw. o godz. 18:00 do Katedry \u015bw. Miko\u0142aja w intencji wszystkich lekarzy, piel\u0119gniarek i ca\u0142ego personelu medycznego.<\/p>\n<p><strong>4.<\/strong> Osoby modl\u0105ce si\u0119 za kap\u0142an\u00f3w i tworz\u0105ce Apostolat \u201eMargaretka\u201d zapraszamy za tydzie\u0144 (24 pa\u017adziernika) na wsp\u00f3lny R\u00f3\u017caniec o godz. 17:15 i na Msz\u0119 \u015bw. o godz. 18:00 w 12 rocznic\u0119 powstania Apostolatu przy naszej parafii.<\/p>\n<p><strong>5.<\/strong> Jak ka\u017cdego roku w listopadzie modli\u0107 si\u0119 b\u0119dziemy za naszych zmar\u0142ych, dlatego przed ko\u015bcio\u0142em b\u0119d\u0105 rozdawane koperty, w kt\u00f3rych s\u0105 kartki na Msz\u0119 \u015bw. zbiorow\u0105 i wypominki. Prosimy o czytelne wype\u0142nianie kartek. Kartka z napisem <strong>MSZA \u015aW. ZBIOROWA ZA ZMAR\u0141YCH<\/strong> odprawiana b\u0119dzie przez ca\u0142y listopad o godz. 18:00. Druga kartka z napisem WYPOMINKI wyczytywana b\u0119dzie podczas Koronki do Mi\u0142osierdzia Bo\u017cego bezpo\u015brednio po zako\u0144czeniu Mszy \u015bw.<\/p>\n<p><strong>6. UWAGA !!! PROSIMY zaznaczy\u0107 na kartce od MSZY \u015aW. ZBIOROWEJ ZA ZMAR\u0141YCH<\/strong> dat\u0119 (dzie\u0144), w kt\u00f3rym imiona i nazwiska naszych drogich zmar\u0142ych maj\u0105 by\u0107 wyczytane. Prosimy, by nie wyznacza\u0107 dnia 2 listopada, gdy\u017c ten dzie\u0144 przeznaczony b\u0119dzie na szczeg\u00f3lne nabo\u017ce\u0144stwo za wszystkich zmar\u0142ych z naszej parafii w ostatnim roku, tj. od 1 listopada 2020 r. Rodziny tych zmar\u0142ych zapraszamy do uczestnictwa w tym nabo\u017ce\u0144stwie, kt\u00f3re odprawimy 2 listopada o godz. 18:00.<\/p>\n<p><strong>7.<\/strong> Rozpocz\u0105\u0142 si\u0119 sezon grzewczy, a wraz z nim wzros\u0142o ryzyko pojawienia si\u0119 \u015bmiertelnych przypadk\u00f3w zatru\u0107 tlenkiem w\u0119gla (czadem), z uwagi na niew\u0142a\u015bciwe eksploatowanie urz\u0105dze\u0144 grzewczych. W trosce o w\u0142asne bezpiecze\u0144stwo i bezpiecze\u0144stwo bliskich, warto rozwa\u017cy\u0107 te\u017c zamontowanie w domu czujek dymu i gazu. Koszt zamontowania takich czujek jest niewsp\u00f3\u0142miernie niski do korzy\u015bci, jakie daje zastosowanie tego typu urz\u0105dze\u0144, \u0142\u0105cznie z uratowaniem najwy\u017cszej warto\u015bci, jak\u0105 jest nasze \u017cycie.<\/p>\n<p><strong>8.<\/strong> Mamy ju\u017c mo\u017cliwo\u015b\u0107 zamawiania i rezerwacji Mszy \u015bwi\u0119tej na ROK 2022.<\/p>\n<p><strong>9.<\/strong> Zach\u0119camy do nabywania nowego numeru \u201eGo\u015bcia Niedzielnego\u201d w cenie 6 z\u0142 z dodatkiem \u201eGo\u015b\u0107 Elbl\u0105ski\u201d. Zach\u0119cam do zabrania BIULETYNU PARAFIALNEGO. W zakrystii mamy mo\u017cliwo\u015b\u0107 nabycia KALENDARZA NA ROK 2022 z wizerunkami: MADONNY EUROPY w cenie 10 z\u0142.<\/p>\n<p>10. W ostatnim czasie do wieczno\u015bci odeszli: \u015bp. Ryszard SAWICKI, lat 71 z ul. Sobieskiego, \u015bp. Stefania KASZUBOWSKA lat 90 z ul. Leszczy\u0144skiego.<br \/>\nWieczny odpoczynek racz Im da\u0107 Panie\u2026<\/p>\n<p>&nbsp;<\/p>\n<p><img decoding=\"async\" src=\"http:\/\/rafalk-elblag.pl\/wp-content\/uploads\/2020\/04\/baner-intencje-mszy.jpg\"><\/p>\n<h1>Intencje mszalne 17.10.2021r<\/h1>\n<p><strong>PONIEDZIA\u0141EK \/ 18 pa\u017adziernika 2021r. \/ \u015awi\u0119to \u015aw. \u0141ukasza<\/strong><br \/>\n8.00 \u2020 W\u0142adys\u0142awa (k) STEFANOWICZ (6 r. \u015bm.)<br \/>\n18.00 \u2020 Aleksandra (k) KLARKOWSKA (Msza w 30. dzie\u0144 po pogrzebie)<br \/>\n18.00 \u2020 Antoni BIELSKI (18 Msza Gregoria\u0144ska)<\/p>\n<p><strong>WTOREK \/ 19 pa\u017adziernika 2021r.<\/strong><br \/>\n8.00 \u2020 Antoni BIELSKI (19 Msza Gregoria\u0144ska)<br \/>\n18.00 O obfito\u015b\u0107 \u0142ask Bo\u017cych i nieustann\u0105 opiek\u0119 Matki Naj\u015bwi\u0119tszej dla Przemys\u0142awa<br \/>\n18.00 \u2020 Rajmund Zbigniew DULJAN (Msza od s\u0105siad\u00f3w)<\/p>\n<p><strong>\u015aRODA \/ 20 pa\u017adziernika 2021r. \/ \u015aw. Jana Kantego<\/strong><br \/>\n8.00 \u2020 Irena WILE\u0143SKA (Msza z okazji imienin)<br \/>\n18.00 \u2020 Henryk HACIK (4 r. \u015bm.)<br \/>\n18.00 \u2020 Antoni BIELSKI (20 Msza Gregoria\u0144ska)<\/p>\n<p><strong>CZWARTEK \/ 21 pa\u017adziernika 2021r.<\/strong><br \/>\n8.00 \u2020 Antoni BIELSKI (21 Msza Gregoria\u0144ska)<br \/>\n18.00 Rezerwacja<br \/>\n18.00 \u2020 Regina, Jadwiga, Urszula i Genowefa<\/p>\n<p><strong>PI\u0104TEK \/ 22 pa\u017adziernika 2021r. \/ \u015aw. Jana Paw\u0142a II<\/strong><br \/>\n8.00 \u2020 Antoni BIELSKI (22 Msza Gregoria\u0144ska)<br \/>\n18.00 \u2020 Dariusz MORZY<br \/>\n18.00 \u2020 Katarzyna DAWCZAK (67 r. \u015bm.) i Wies\u0142awa (k) DAWCZAK (1 r. \u015bm.)<\/p>\n<p><strong>SOBOTA \/ 23 pa\u017adziernika 2021r.<\/strong><br \/>\n8.00 \u2020 Marian SEGEDA (3 r. \u015bm.)<br \/>\n18.00 \u2020 Irena WI\u015aNIEWSKA (2 r. \u015bm.)<br \/>\n18.00 \u2020 Antoni BIELSKI (23 Msza Gregoria\u0144ska)<\/p>\n<p><strong>XXX Niedziela Zwyk\u0142a \/ 24 pa\u017adziernika 2021 r.<\/strong><br \/>\n7.00 \u2020 Antoni BIELSKI (24 Msza Gregoria\u0144ska)<br \/>\n9.00 \u2020 Sylwia KOWALEWSKA<br \/>\n10.30 O Bo\u017ce B\u0142ogos\u0142awie\u0144stwo i opiek\u0119 Matki Bo\u017cej dla Marcina KUROSAD z okazji urodzin i imienin<br \/>\n12.00 Dzi\u0119kczynna w 45. rocznic\u0119 \u015blubu Bo\u017ceny i Henryka KULIG z pro\u015bb\u0105 o Bo\u017ce B\u0142ogos\u0142awie\u0144stwo i potrzebne \u0142aski dla Jubilat\u00f3w<br \/>\n15.00 W intencji Parafian<br \/>\n18.00 \u2020 Henryk MACKIEWICZ (1 r. \u015bm.)<\/p>\n","protected":false},"excerpt":{"rendered":"<p>Ewangelia (Mk 10, 35-45), by S\u0142u\u017cy\u0107 S\u0142owa Ewangelii wed\u0142ug \u015awi\u0119tego Marka Jakub i Jan, synowie Zebedeusza, podeszli do Jezusa i rzekli: \u00abNauczycielu, pragniemy, \u017ceby\u015b nam uczyni\u0142 to, o co Ci\u0119 poprosimy\u00bb. On ich zapyta\u0142: \u00abCo chcecie, \u017cebym wam uczyni\u0142?\u00bb Rzekli Mu: \u00abDaj nam, \u017ceby\u015bmy w Twojej chwale siedzieli jeden po prawej, a drugi po lewej [&hellip;]<\/p>\n","protected":false},"author":1,"featured_media":4480,"comment_status":"closed","ping_status":"closed","sticky":false,"template":"","format":"standard","meta":{"ngg_post_thumbnail":0,"footnotes":""},"categories":[11,8,4,3],"tags":[],"class_list":["post-4476","post","type-post","status-publish","format-standard","has-post-thumbnail","hentry","category-aktualnosci","category-blog","category-intencje","category-ogloszenia"],"_links":{"self":[{"href":"https:\/\/rafalk-elblag.pl\/index.php?rest_route=\/wp\/v2\/posts\/4476","targetHints":{"allow":["GET"]}}],"collection":[{"href":"https:\/\/rafalk-elblag.pl\/index.php?rest_route=\/wp\/v2\/posts"}],"about":[{"href":"https:\/\/rafalk-elblag.pl\/index.php?rest_route=\/wp\/v2\/types\/post"}],"author":[{"embeddable":true,"href":"https:\/\/rafalk-elblag.pl\/index.php?rest_route=\/wp\/v2\/users\/1"}],"replies":[{"embeddable":true,"href":"https:\/\/rafalk-elblag.pl\/index.php?rest_route=%2Fwp%2Fv2%2Fcomments&post=4476"}],"version-history":[{"count":1,"href":"https:\/\/rafalk-elblag.pl\/index.php?rest_route=\/wp\/v2\/posts\/4476\/revisions"}],"predecessor-version":[{"id":4481,"href":"https:\/\/rafalk-elblag.pl\/index.php?rest_route=\/wp\/v2\/posts\/4476\/revisions\/4481"}],"wp:featuredmedia":[{"embeddable":true,"href":"https:\/\/rafalk-elblag.pl\/index.php?rest_route=\/wp\/v2\/media\/4480"}],"wp:attachment":[{"href":"https:\/\/rafalk-elblag.pl\/index.php?rest_route=%2Fwp%2Fv2%2Fmedia&parent=4476"}],"wp:term":[{"taxonomy":"category","embeddable":true,"href":"https:\/\/rafalk-elblag.pl\/index.php?rest_route=%2Fwp%2Fv2%2Fcategories&post=4476"},{"taxonomy":"post_tag","embeddable":true,"href":"https:\/\/rafalk-elblag.pl\/index.php?rest_route=%2Fwp%2Fv2%2Ftags&post=4476"}],"curies":[{"name":"wp","href":"https:\/\/api.w.org\/{rel}","templated":true}]}}