{"id":4469,"date":"2021-10-10T16:16:00","date_gmt":"2021-10-10T16:16:00","guid":{"rendered":"http:\/\/rafalk-elblag.pl\/?p=4469"},"modified":"2021-10-12T16:18:35","modified_gmt":"2021-10-12T16:18:35","slug":"biuletyn-10-10-2021-xxviii-niedziela-zwykla","status":"publish","type":"post","link":"https:\/\/rafalk-elblag.pl\/?p=4469","title":{"rendered":"Biuletyn 10.10.2021, XXVIII NIEDZIELA ZWYK\u0141A"},"content":{"rendered":"<p><a href=\"http:\/\/rafalk-elblag.pl\/wp-content\/uploads\/2021\/10\/baner-101021.jpg\"><img loading=\"lazy\" decoding=\"async\" class=\"alignnone wp-image-4471 size-full\" src=\"http:\/\/rafalk-elblag.pl\/wp-content\/uploads\/2021\/10\/baner-101021.jpg\" alt=\"\" width=\"740\" height=\"400\" srcset=\"https:\/\/rafalk-elblag.pl\/wp-content\/uploads\/2021\/10\/baner-101021.jpg 740w, https:\/\/rafalk-elblag.pl\/wp-content\/uploads\/2021\/10\/baner-101021-300x162.jpg 300w\" sizes=\"auto, (max-width: 740px) 100vw, 740px\" \/><\/a><\/p>\n<h1>Ewangelia (Mk 10, 17-30), Rada dobrowolnego ub\u00f3stwa<\/h1>\n<p><strong>S\u0142owa Ewangelii wed\u0142ug \u015awi\u0119tego Marka<\/strong><\/p>\n<p><strong>Gdy Jezus wybiera\u0142 si\u0119 w drog\u0119, przybieg\u0142 pewien cz\u0142owiek i upad\u0142szy przed Nim na kolana, zacz\u0105\u0142 Go pyta\u0107: \u00abNauczycielu dobry, co mam czyni\u0107, aby osi\u0105gn\u0105\u0107 \u017cycie wieczne?\u00bb<\/strong><\/p>\n<p>Jezus mu rzek\u0142: \u00abCzemu nazywasz Mnie dobrym? Nikt nie jest dobry, tylko sam B\u00f3g. Znasz przykazania: Nie zabijaj, nie cudzo\u0142\u00f3\u017c, nie kradnij, nie zeznawaj fa\u0142szywie, nie oszukuj, czcij swego ojca i matk\u0119\u00bb.<\/p>\n<p>On Mu odpowiedzia\u0142: \u00abNauczycielu, wszystkiego tego przestrzega\u0142em od mojej m\u0142odo\u015bci\u00bb.<\/p>\n<p>Wtedy Jezus spojrza\u0142 na niego z mi\u0142o\u015bci\u0105 i rzek\u0142 mu: \u00abJednego ci brakuje. Id\u017a, sprzedaj wszystko, co masz, i rozdaj ubogim, a b\u0119dziesz mia\u0142 skarb w niebie. Potem przyjd\u017a i chod\u017a za Mn\u0105\u00bb. Lecz on spochmurnia\u0142 na te s\u0142owa i odszed\u0142 zasmucony, mia\u0142 bowiem wiele posiad\u0142o\u015bci.<\/p>\n<p>W\u00f3wczas Jezus spojrza\u0142 dooko\u0142a i rzek\u0142 do swoich uczni\u00f3w: \u00abJak trudno tym, kt\u00f3rzy maj\u0105 dostatki, wej\u015b\u0107 do kr\u00f3lestwa Bo\u017cego\u00bb. Uczniowie przerazili si\u0119 Jego s\u0142owami, lecz Jezus powt\u00f3rnie im rzek\u0142: \u00abDzieci, jak\u017ce trudno wej\u015b\u0107 do kr\u00f3lestwa Bo\u017cego tym, kt\u00f3rzy w dostatkach pok\u0142adaj\u0105 ufno\u015b\u0107. \u0141atwiej jest wielb\u0142\u0105dowi przej\u015b\u0107 przez ucho igielne, ni\u017c bogatemu wej\u015b\u0107 do kr\u00f3lestwa Bo\u017cego\u00bb.<\/p>\n<p>A oni tym bardziej si\u0119 dziwili i m\u00f3wili mi\u0119dzy sob\u0105: \u00abKt\u00f3\u017c wi\u0119c mo\u017ce by\u0107 zbawiony?\u00bb<\/p>\n<p>Jezus popatrzy\u0142 na nich i rzek\u0142: \u00abU ludzi to niemo\u017cliwe, ale nie u Boga; bo u Boga wszystko jest mo\u017cliwe\u00bb.<\/p>\n<p>Wtedy Piotr zacz\u0105\u0142 m\u00f3wi\u0107 do Niego: \u00abOto my opu\u015bcili\u015bmy wszystko i poszli\u015bmy za Tob\u0105\u00bb.<\/p>\n<p>Jezus odpowiedzia\u0142: \u00abZaprawd\u0119, powiadam wam: Nikt nie opuszcza domu, braci, si\u00f3str, matki, ojca, dzieci lub p\u00f3l z powodu Mnie i z powodu Ewangelii, \u017ceby nie otrzyma\u0142 stokro\u0107 wi\u0119cej teraz, w tym czasie, dom\u00f3w, braci, si\u00f3str, matek, dzieci i p\u00f3l, w\u015br\u00f3d prze\u015bladowa\u0144, a \u017cycia wiecznego w czasie przysz\u0142ym\u00bb.<\/p>\n<p>&nbsp;<\/p>\n<h1>BOGACTWO I UB\u00d3STWO<\/h1>\n<p><strong>Ub\u00f3stwo i bogactwo to problem stary jak \u015bwiat. Cz\u0142owiek bogaty to nie zawsze ten, kt\u00f3ry wiele posiada. Biedny to nie zawsze ten, kt\u00f3ry \u015bpi na ulicy. Problem le\u017cy we w\u0142a\u015bciwym stosunku cz\u0142owieka do posiadanych d\u00f3br materialnych. Przyjrzyjmy si\u0119 bli\u017cej dzisiejszej Ewangelii.<\/strong><\/p>\n<p><br>\u201eNauczycielu dobry, co mam czyni\u0107, aby osi\u0105gn\u0105\u0107 \u017cycie wieczne?\u201d (Mk 10, 17). Pytanie, kt\u00f3re stawa m\u0142ody, bogaty cz\u0142owiek ukazuje g\u0142\u0119bokie powi\u0105zanie mi\u0119dzy moralnym dobrem ludzkich czyn\u00f3w z \u017cyciem wiecznym. M\u0142odzieniec pyta Jezusa o dobro, zwracaj\u0105c si\u0119 do Niego: \u201eNauczycielu dobry\u201d. Tylko B\u00f3g jest dobry i cz\u0142owiek poprzez pe\u0142nienie sprawiedliwo\u015bci, umi\u0142owanie \u017cyczliwo\u015bci i pokorne obcowanie z Bogiem mo\u017ce realizowa\u0107 dobro w swoim \u017cyciu.<\/p>\n<p><br>\u201eZnasz przykazania\u201d (Mk 10, 19). Jezus odwo\u0142uje do znajomo\u015bci przykaza\u0144 z G\u00f3ry Synaj. Wskazuje przez to na \u0142\u0105czno\u015b\u0107, kt\u00f3ra wyst\u0119puje pomi\u0119dzy Starym z Nowym Przymierzem. Jakby chcia\u0142 powiedzie\u0107: \u201eNic nowego pod s\u0142o\u0144cem. Cz\u0142owieku znasz, co trzeba robi\u0107, aby zamieszka\u0107 w Moim Kr\u00f3lestwie\u201d. Nasza znajomo\u015b\u0107 przykaza\u0144 jest jako taka. Trudniej natomiast z ich realizacj\u0105. Wymagania, jakie stawia Jezus swoim wyznawcom, nie s\u0105 \u0142atwe. To prawda.<\/p>\n<p>Ale i ca\u0142e chrze\u015bcija\u0144stwo jest wymagaj\u0105ce. Jezus nie jest propagandzist\u0105 czy populist\u0105, kt\u00f3remu zale\u017cy na taniej popularno\u015bci. Rzecz ciekawa, \u017ce w dzisiejszym fragmencie Ewangelii Jezus nie m\u00f3wi o przykazaniu mi\u0142o\u015bci Boga, ale o tych przykazaniach, kt\u00f3re dotycz\u0105 mi\u0142o\u015bci bli\u017aniego. Nauczyciel Dobry chce nam dzisiaj powiedzie\u0107, \u017ce mi\u0142o\u015b\u0107 do Boga nie ko\u0144czy si\u0119 na odniesieniu do bli\u017aniego. Do swojej pe\u0142ni wymaga ona czego\u015b wi\u0119cej ni\u017c mi\u0142owanie tylko tych, kt\u00f3rzy nas mi\u0142uj\u0105.<\/p>\n<p><br>\u201eJednego ci brakuje\u201d (Mk 10,21). Ostatnie wymaganie, jakie stawia Pan Jezus m\u0142odzie\u0144cowi, to nic innego jak pytanie o mi\u0142o\u015b\u0107 Boga, o Jego miejsce w \u017cyciu owego m\u0142odego cz\u0142owieka. Czy rzeczywi\u015bcie m\u0142odzieniec kocha\u0142 Boga ca\u0142ym swoim \u017cyciem? Czy rzeczywi\u015bcie Pan B\u00f3g by\u0142 na pierwszym miejscu w jego \u017cyciu? Chyba jednak nie. Bo przecie\u017c odszed\u0142 zasmucony. Zamiast Boga wybra\u0142 to, co posiada\u0142. Jego nieszcz\u0119\u015bcie nie polega na tym, \u017ce wiele posiada\u0142, ale raczej na tym, \u017ce bardziej ukocha\u0142 to, co mia\u0142 ni\u017c Boga.<\/p>\n<p><br>\u201eSpochmurnia\u0142 i odszed\u0142 zasmucony\u201d (Mk 10,22). Biedny bogaty cz\u0142owiek! Nic nie zrozumia\u0142 z lekcji, kt\u00f3rej udzieli\u0142 mu Nauczyciel. Dok\u0105d poszed\u0142? Ewangelista nie podaje szczeg\u00f3\u0142\u00f3w. By\u0107 mo\u017ce wr\u00f3ci\u0142 do swojego domu i zabra\u0142 si\u0119 za liczenie swojego maj\u0105tku. By\u0107 mo\u017ce da\u0142 jaki\u015b grosz dla biednych. By\u0107 mo\u017ce dalej przestrzega\u0142 Bo\u017cych przykaza\u0144, ale nade wszystko w dalszym ci\u0105gu kocha\u0142 to, co posiada\u0142. I w dalszym ci\u0105gu nie nadawa\u0142 si\u0119 jeszcze do Kr\u00f3lestwa Niebieskiego. By\u0107 mo\u017ce zastanowi\u0142 si\u0119 nad s\u0142owami Mistrza dotycz\u0105cymi \u017cycia wiecznego i mo\u017ce wr\u00f3ci\u0142 do Nauczyciela, bardziej kochaj\u0105c Boga ni\u017c to co posiada\u0142. Ewangelista nie informuje nas o tym, co by\u0142o dalej.<\/p>\n<p><br>Ka\u017cdy z nas musi odnale\u017a\u0107 si\u0119 w owym bogatym m\u0142odzie\u0144cu i musi da\u0107 sobie odpowied\u017a na pytanie: czy przypadkiem to, co posiadamy, nie przes\u0142ania nam Boga. Wcale nie musi to by\u0107 du\u017co, ale czasem w\u0142a\u015bnie niewiele mo\u017ce by\u0107 przyczyn\u0105 \u201espochmurniania\u201d naszego oblicza.<\/p>\n<p>ks. Jacek Szyma\u0144ski<\/p>\n<p>&nbsp;<\/p>\n<p>&nbsp;<br><a href=\"http:\/\/rafalk-elblag.pl\/wp-content\/uploads\/2021\/08\/ogloszenia-parafialne-baner-01a.jpg\"><img loading=\"lazy\" decoding=\"async\" class=\"alignnone size-full wp-image-4410\" src=\"http:\/\/rafalk-elblag.pl\/wp-content\/uploads\/2021\/08\/ogloszenia-parafialne-baner-01a.jpg\" alt=\"\" width=\"720\" height=\"232\" srcset=\"https:\/\/rafalk-elblag.pl\/wp-content\/uploads\/2021\/08\/ogloszenia-parafialne-baner-01a.jpg 720w, https:\/\/rafalk-elblag.pl\/wp-content\/uploads\/2021\/08\/ogloszenia-parafialne-baner-01a-300x97.jpg 300w\" sizes=\"auto, (max-width: 720px) 100vw, 720px\" \/><\/a><\/p>\n<h1>Og\u0142oszenia parafialne 10.10.2021r<\/h1>\n<p><strong>1.<\/strong> Obchodzimy dzisiaj XXI Dzie\u0144 Papieski pod has\u0142em \u201eTOTUS TUUS\u201d. Z tej okazji m\u0142odzie\u017c przed ko\u015bcio\u0142em zbiera do puszek ofiary na stypendia w ramach Fundacji \u201eDzie\u0142o Nowego Tysi\u0105clecia\u201d. Za okazane wsparcie dzi\u0119kujemy.<\/p>\n<p><strong>2. MIESI\u0104C R\u00d3\u017bA\u0143CA \u015aWI\u0118TEGO.<\/strong> Zapraszamy na nabo\u017ce\u0144stwa z wystawieniem Naj\u015bwi\u0119tszego Sakramentu. Wierni, kt\u00f3rzy odmawiaj\u0105 cz\u0119\u015b\u0107 R\u00f3\u017ca\u0144ca (5 dziesi\u0105tek) w ko\u015bciele lub rodzinie mog\u0105 uzyska\u0107 ODPUST ZUPE\u0141NY. Zapraszamy do wsp\u00f3lnej modlitwy: doros\u0142ych i m\u0142odzie\u017c o godz. 17:15, a dzieci zapraszamy: we wtorki i czwartki o godz. 16:30.<\/p>\n<p><strong>3.<\/strong> Rodzic\u00f3w dzieci klas III Szko\u0142y Podstawowej przygotowuj\u0105cych si\u0119 do I Spowiedzi i Komunii \u015bw. zapraszam jutro (11 pa\u017adziernika) na comiesi\u0119czne spotkanie do ko\u015bcio\u0142a na godz. 19:00.<br>Obecno\u015b\u0107 obowi\u0105zkowa.<\/p>\n<p><strong>4.<\/strong> Zaniepokojony brakiem dzieci klas II Szko\u0142y Podstawowej w Ko\u015bciele zapraszam rodzic\u00f3w tych dzieci we wtorek (12pa\u017adziernika) na spotkanie w ko\u015bciele. Ka\u017cdy rodzic otrzyma ksi\u0105\u017ceczk\u0119 dla swego dziecka. Obecno\u015b\u0107 obowi\u0105zkowa.<\/p>\n<p><strong>5.<\/strong> Ks. Kamil zaprasza w \u015brod\u0119 13 pa\u017adziernika br. wszystkich ch\u0119tnych na spotkanie Kr\u0119gu Biblijnego po Mszy \u015aw. wieczornej \u2013 ok. godz. 18.45.<\/p>\n<p><strong>6. UWAGA!!!<\/strong> Kandydat\u00f3w do Sakramentu Bierzmowania przygotowuj\u0105cych si\u0119 drugi rok przy parafii zapraszamy w tym tygodniu: w poniedzia\u0142ek, \u015brod\u0119 i czwartek na spotkanie w ma\u0142ej grupie o godz. 19:00 do salki na plebanii.<\/p>\n<p><strong>7.<\/strong> W czwartek 14 pa\u017adziernika obchodzimy DZIE\u0143 NAUCZYCIELA. Sk\u0142adamy wszystkim pedagogom, katechetom i pracownikom o\u015bwiaty najserdeczniejsze \u017cyczenia cierpliwo\u015bci<br>i mi\u0142o\u015bci. Niech Pan B\u00f3g b\u0142ogos\u0142awi w pracy. Zapraszamy w tym dniu uczni\u00f3w, nauczycieli i katechet\u00f3w na wsp\u00f3lny R\u00f3\u017caniec o godz. 17:15.<\/p>\n<p><strong>8.<\/strong> W sobot\u0119 16 pa\u017adziernika dzie\u0144 spotkania Bractwa Szkaplerznego i Rodziny Szkaplerznej oraz dzie\u0144 modlitw za wstawiennictwem \u015bw. Jana Paw\u0142a II. W tym dniu 43 lat temu ca\u0142a Polska us\u0142ysza\u0142a s\u0142owa: Habemus Papam obwieszczaj\u0105ce wyb\u00f3r Kard. Karola Wojty\u0142y na Stolic\u0119 Piotrow\u0105. W tym dniu zapraszamy na wsp\u00f3lny R\u00f3\u017caniec o godz. 17:15 i Msz\u0119 \u015bw. o godz. 18.00.<\/p>\n<p><strong>9.<\/strong> Od 2004 roku w Polsce, 15 pa\u017adziernika obchodzony jest jako DZIE\u0143 DZIECKA UTRACONEGO. Wszystkich rodzic\u00f3w i bliskich, kt\u00f3rzy prze\u017cyli to trudne i bolesne do\u015bwiadczenie zapraszamy tego dnia(pi\u0105tek) na Msz\u0119 \u015bw. o godz. 18:00 do ko\u015bcio\u0142a p.w. b\u0142. Franciszki Siedliskiej w Elbl\u0105gu, przy ul. Willowej 26.<\/p>\n<p><strong>10.<\/strong> Zapraszamy w sobot\u0119 16 pa\u017adziernika 2021 roku na dekanaln\u0105 pielgrzymk\u0119 do ko\u015bcio\u0142a \u015bw. J\u00f3zefa w Elbl\u0105gu z okazji ROKU \u015aWI\u0118TEGO J\u00d3ZEFA. Ko\u015bci\u00f3\u0142 \u015bw. J\u00f3zefa na Bielanach jest KO\u015aCIO\u0141EM STACYJNYM. W programie:<\/p>\n<ul>\n<li>11:30 \u2013 Adoracja Naj\u015bwi\u0119tszego Sakramentu oraz mo\u017cliwo\u015b\u0107 skorzystania z Sakramentu Pokuty i Pojednania<\/li>\n<li>12:00 \u2013 Eucharystia, zako\u0144czona zawierzeniem naszych parafii, rodzin opiece \u015bw. J\u00f3zefa Opiekuna \u015awi\u0119tej Rodziny<\/li>\n<\/ul>\n<p><strong>11<\/strong>. W ko\u015bciele Matki Boskiej Kr\u00f3lowej Polski a zarazem Sanktuarium Matki Bo\u017cej Nieustaj\u0105cej Pomocy odb\u0119d\u0105 si\u0119 rekolekcje dla stanu wd\u00f3w i wdowc\u00f3w w dniach 14 &#8211; 16 pa\u017adziernika 2021r. Rozpoczyna\u0107 si\u0119 b\u0119d\u0105 o godz. 10:00 ka\u017cdego dnia. Serdecznie zapraszamy.<\/p>\n<p><strong>12<\/strong>. W poniedzia\u0142ek 18 pa\u017adziernika br. przypada \u015bwi\u0119to \u015awi\u0119tego \u0141ukasza Ewangelisty \u2013 PATRONA S\u0141U\u017bBY ZDROWIA. Ksi\u0105dz Biskup Elbl\u0105ski zaprasza tego dnia na Msz\u0119 \u015aw. o godz. 18:00 do Katedry \u015bw. Miko\u0142aja w intencji wszystkich lekarzy, piel\u0119gniarek i ca\u0142ego personelu medycznego.<\/p>\n<p><strong>13.<\/strong> Mamy ju\u017c mo\u017cliwo\u015b\u0107 zamawiania i rezerwacji Mszy \u015bwi\u0119tej na ROK 2022.<\/p>\n<p>&nbsp;<\/p>\n<p><img decoding=\"async\" src=\"http:\/\/rafalk-elblag.pl\/wp-content\/uploads\/2020\/04\/baner-intencje-mszy.jpg\"><\/p>\n<h1>Intencje mszalne 10.10.2021r<\/h1>\n<p><strong>PONIEDZIA\u0141EK \/ 11 pa\u017adziernika 2021r.<\/strong><br>8.00 \u2020 Zmarli z rodziny MENDALKA<br>18.00 \u2020 Bogdan MICHALSKI (4 r. \u015bm.)<br>18.00 \u2020 Antoni BIELSKI (11 Msza Gregoria\u0144ska)<\/p>\n<p><strong>WTOREK \/ 12 pa\u017adziernika 2021r.<\/strong><br>8.00 \u2020 Antoni BIELSKI (12 Msza Gregoria\u0144ska)<br>18.00 Dzi\u0119kczynna w 75. rocznic\u0119 urodzin Stefana JAWORSKIEGO z pro\u015bb\u0105 o zdrowie, Bo\u017ce B\u0142ogos\u0142awie\u0144stwo i opiek\u0119 Matki Bo\u017cej Szkaplerznej<br>18.00 \u2020 J\u00f3zef KWIATOSZ (Msza z okazji rocznicy urodzin) oraz zmarli rodzice z obojga stron<\/p>\n<p><strong>\u015aRODA \/ 13 pa\u017adziernika 2021r. \/ B\u0142. Honorata Ko\u017ami\u0144skiego<\/strong><br>8.00 \u2020 Antoni BIELSKI (13 Msza Gregoria\u0144ska)<br>18.00 O zdrowie, Bo\u017ce B\u0142ogos\u0142awie\u0144stwo i wszelkie potrzebne \u0142aski dla Wandy ZIEGERT<br>18.00 \u2020 Edward MA\u0141YSZKO i zmarli rodzice z obojga stron<\/p>\n<p><strong>CZWARTEK \/ 14 pa\u017adziernika 2021r.<\/strong><br>8.00 \u2020 Teresa MA\u0141KOWSKA (Msza z okazji imienin w 6 miesi\u0105c po \u015bmierci)<br>18.00 \u2020 Leszek (13 r. \u015bm.) i Ma\u0142gorzata (7 r. \u015bm.)<br>18.00 \u2020 Antoni BIELSKI (14 Msza Gregoria\u0144ska)<\/p>\n<p><strong>PI\u0104TEK \/ 15 pa\u017adziernika 2021r. \/ \u015aw. Teresy od Jezusa<\/strong><br>8.00 Za dusze w czy\u015b\u0107cu cierpi\u0105ce<br>18.00 \u2020 Antoni BIELSKI (15 Msza Gregoria\u0144ska)<br>18.00 \u2020 Mieczys\u0142aw ZYGMUNT<\/p>\n<p><strong>SOBOTA \/ 16 pa\u017adziernika 2021r. \/ \u015aw. Jadwigi \u015al\u0105skiej<\/strong><br>8.00 \u2020 Antoni BIELSKI (16 Msza Gregoria\u0144ska)<br>15.00 Dzi\u0119kczynna w 50. rocznic\u0119 \u015blubu Jadwigi i Zdzis\u0142awa J\u00d3ZEFOWSKICH z pro\u015bb\u0105 o Bo\u017ce B\u0142ogos\u0142awie\u0144stwo i potrzebne \u0142aski dla Z\u0142otych Jubilat\u00f3w<br>18.00 Msza w intencji Bractwa Szkaplerznego i os\u00f3b, kt\u00f3re przyjmuj\u0105 Szkaplerz<\/p>\n<p><strong>XXIX Niedziela Zwyk\u0142a \/ 17 pa\u017adziernika 2021 r.<\/strong><br>7.00 \u2020 Tomasz PE\u0141KA (23 r. \u015bm.), zmarli rodzice oraz Wies\u0142aw<br>9.00 O Bo\u017ce B\u0142ogos\u0142awie\u0144stwo, opiek\u0119 Matki Bo\u017cej i potrzebne \u0142aski dla Jadwigi DUSZNIAK z okazji imienin<br>10.30 Dzi\u0119kczynna z okazji 7. rocznicy urodzin Micha\u0142a BANASIK<br>12.00 W intencji Parafian<br>15.00 \u2020 Edmund GO\u0141Y\u0143SKI (17 r. \u015bm.) i zmarli z rodziny<br>18.00 \u2020 Antoni BIELSKI (17 Msza Gregoria\u0144ska)<\/p>\n\n\n<p><\/p>\n","protected":false},"excerpt":{"rendered":"<p>Ewangelia (Mk 10, 17-30), Rada dobrowolnego ub\u00f3stwa S\u0142owa Ewangelii wed\u0142ug \u015awi\u0119tego Marka Gdy Jezus wybiera\u0142 si\u0119 w drog\u0119, przybieg\u0142 pewien cz\u0142owiek i upad\u0142szy przed Nim na kolana, zacz\u0105\u0142 Go pyta\u0107: \u00abNauczycielu dobry, co mam czyni\u0107, aby osi\u0105gn\u0105\u0107 \u017cycie wieczne?\u00bb Jezus mu rzek\u0142: \u00abCzemu nazywasz Mnie dobrym? Nikt nie jest dobry, tylko sam B\u00f3g. Znasz przykazania: [&hellip;]<\/p>\n","protected":false},"author":1,"featured_media":4472,"comment_status":"closed","ping_status":"closed","sticky":false,"template":"","format":"standard","meta":{"ngg_post_thumbnail":0,"footnotes":""},"categories":[11,8,4,3],"tags":[],"class_list":["post-4469","post","type-post","status-publish","format-standard","has-post-thumbnail","hentry","category-aktualnosci","category-blog","category-intencje","category-ogloszenia"],"_links":{"self":[{"href":"https:\/\/rafalk-elblag.pl\/index.php?rest_route=\/wp\/v2\/posts\/4469","targetHints":{"allow":["GET"]}}],"collection":[{"href":"https:\/\/rafalk-elblag.pl\/index.php?rest_route=\/wp\/v2\/posts"}],"about":[{"href":"https:\/\/rafalk-elblag.pl\/index.php?rest_route=\/wp\/v2\/types\/post"}],"author":[{"embeddable":true,"href":"https:\/\/rafalk-elblag.pl\/index.php?rest_route=\/wp\/v2\/users\/1"}],"replies":[{"embeddable":true,"href":"https:\/\/rafalk-elblag.pl\/index.php?rest_route=%2Fwp%2Fv2%2Fcomments&post=4469"}],"version-history":[{"count":3,"href":"https:\/\/rafalk-elblag.pl\/index.php?rest_route=\/wp\/v2\/posts\/4469\/revisions"}],"predecessor-version":[{"id":4477,"href":"https:\/\/rafalk-elblag.pl\/index.php?rest_route=\/wp\/v2\/posts\/4469\/revisions\/4477"}],"wp:featuredmedia":[{"embeddable":true,"href":"https:\/\/rafalk-elblag.pl\/index.php?rest_route=\/wp\/v2\/media\/4472"}],"wp:attachment":[{"href":"https:\/\/rafalk-elblag.pl\/index.php?rest_route=%2Fwp%2Fv2%2Fmedia&parent=4469"}],"wp:term":[{"taxonomy":"category","embeddable":true,"href":"https:\/\/rafalk-elblag.pl\/index.php?rest_route=%2Fwp%2Fv2%2Fcategories&post=4469"},{"taxonomy":"post_tag","embeddable":true,"href":"https:\/\/rafalk-elblag.pl\/index.php?rest_route=%2Fwp%2Fv2%2Ftags&post=4469"}],"curies":[{"name":"wp","href":"https:\/\/api.w.org\/{rel}","templated":true}]}}