{"id":4464,"date":"2021-10-03T18:34:10","date_gmt":"2021-10-03T18:34:10","guid":{"rendered":"http:\/\/rafalk-elblag.pl\/?p=4464"},"modified":"2021-10-03T18:34:10","modified_gmt":"2021-10-03T18:34:10","slug":"biuletyn-03-10-2021-xxvii-niedziela-zwykla","status":"publish","type":"post","link":"https:\/\/rafalk-elblag.pl\/?p=4464","title":{"rendered":"Biuletyn 03.10.2021, XXVII NIEDZIELA ZWYK\u0141A"},"content":{"rendered":"<p><a href=\"http:\/\/rafalk-elblag.pl\/wp-content\/uploads\/2021\/10\/baner-031021.jpg\"><img loading=\"lazy\" decoding=\"async\" class=\"alignnone wp-image-4465 size-full\" src=\"http:\/\/rafalk-elblag.pl\/wp-content\/uploads\/2021\/10\/baner-031021.jpg\" alt=\"\" width=\"750\" height=\"400\" srcset=\"https:\/\/rafalk-elblag.pl\/wp-content\/uploads\/2021\/10\/baner-031021.jpg 750w, https:\/\/rafalk-elblag.pl\/wp-content\/uploads\/2021\/10\/baner-031021-300x160.jpg 300w\" sizes=\"auto, (max-width: 750px) 100vw, 750px\" \/><\/a><\/p>\n<h1>Ewangelia (Mk 10, 2-16)<br>Co B\u00f3g z\u0142\u0105czy\u0142, tego cz\u0142owiek niech nie rozdziela<\/h1>\n<p>S\u0142owa Ewangelii wed\u0142ug \u015awi\u0119tego Marka<\/p>\n<p>Faryzeusze przyst\u0105pili do Jezusa, a chc\u0105c Go wystawi\u0107 na pr\u00f3b\u0119, pytali Go, czy wolno m\u0119\u017cowi oddali\u0107 \u017con\u0119.<\/p>\n<p>Odpowiadaj\u0105c, zapyta\u0142 ich: \u00abCo wam przykaza\u0142 Moj\u017cesz?\u00bb<\/p>\n<p>Oni rzekli: \u00abMoj\u017cesz pozwoli\u0142 napisa\u0107 list rozwodowy i oddali\u0107\u00bb.<\/p>\n<p>W\u00f3wczas Jezus rzek\u0142 do nich: \u00abPrzez wzgl\u0105d na zatwardzia\u0142o\u015b\u0107 serc waszych napisa\u0142 wam to przykazanie. Lecz na pocz\u0105tku stworzenia B\u00f3g stworzy\u0142 ich jako m\u0119\u017cczyzn\u0119 i kobiet\u0119: dlatego opu\u015bci cz\u0142owiek ojca swego i matk\u0119 i z\u0142\u0105czy si\u0119 ze swoj\u0105 \u017con\u0105, i b\u0119d\u0105 oboje jednym cia\u0142em. A tak ju\u017c nie s\u0105 dwojgiem, lecz jednym cia\u0142em. Co wi\u0119c B\u00f3g z\u0142\u0105czy\u0142, tego niech cz\u0142owiek nie rozdziela\u00bb.<\/p>\n<p>W domu uczniowie raz jeszcze pytali Go o to. Powiedzia\u0142 im: \u00abKto oddala swoj\u0105 \u017con\u0119, a bierze inn\u0105, pope\u0142nia wzgl\u0119dem niej cudzo\u0142\u00f3stwo. I je\u015bli \u017cona opu\u015bci swego m\u0119\u017ca, a wyjdzie za innego, pope\u0142nia cudzo\u0142\u00f3stwo\u00bb.<\/p>\n<p>Przynosili Mu r\u00f3wnie\u017c dzieci, \u017ceby ich dotkn\u0105\u0142; lecz uczniowie szorstko zabraniali im tego.<\/p>\n<p>A Jezus, widz\u0105c to, oburzy\u0142 si\u0119 i rzek\u0142 do nich: \u00abPozw\u00f3lcie dzieciom przychodzi\u0107 do Mnie, nie przeszkadzajcie im; do takich bowiem nale\u017cy kr\u00f3lestwo Bo\u017ce. Zaprawd\u0119, powiadam wam: Kto nie przyjmie kr\u00f3lestwa Bo\u017cego jak dziecko, ten nie wejdzie do niego\u00bb.<\/p>\n<p>I bior\u0105c je w obj\u0119cia, k\u0142ad\u0142 na nie r\u0119ce i b\u0142ogos\u0142awi\u0142 je.<\/p>\n<p>&nbsp;<\/p>\n<h1>NIEROZERWALNY W\u0118ZE\u0141<\/h1>\n<p><strong>Chrystus Pan podejmuje dzisiaj w swoim nauczaniu zagadnienie bardzo trudne, a zarazem bardzo aktualne tak\u017ce i w naszych czasach. Chodzi o \u015bwi\u0119to\u015b\u0107 ma\u0142\u017ce\u0144stwa i jego nierozerwalno\u015b\u0107. I znowu faryzeusze chc\u0105 wystawi\u0107 Go na pr\u00f3b\u0119. Jezus zatrzymuje si\u0119, chyba Mu zale\u017cy na tym spotkaniu. Nauczyciele narodu s\u0105 wa\u017cni, wykszta\u0142ceni, nale\u017cy ich s\u0142ucha\u0107. To w ko\u0144cu oni rozstrzygaj\u0105 zawi\u0142e i trudne spory codzienno\u015bci.<\/strong><\/p>\n<p>To oni daj\u0105 poczucie pewno\u015bci swoim s\u0142uchaczom. S\u0105 sprawy, kt\u00f3rych z pewno\u015bci\u0105 nie rozumiej\u0105, ale powag\u0105 i wysoko podniesion\u0105 g\u0142ow\u0105 nadrabiaj\u0105 swoje niezrozumia\u0142e wyk\u0142ady. I oto pojawia si\u0119 On. Kto Mu pozwoli\u0142 naucza\u0107? Bez ich pozwolenia? Jak \u015bmie? Postanawiaj\u0105 postawi\u0107 Go przy tablicy i zada\u0107 Mu seri\u0119 pyta\u0144, na kt\u00f3re odpowied\u017a nie nale\u017cy do naj\u0142atwiejszych.<\/p>\n<p>Wszyscy uwa\u017cnie s\u0142uchaj\u0105, bo przecie\u017c chodzi o jeden z \u017cyciowych k\u0142opot\u00f3w. Co mam zrobi\u0107 wtedy, gdy nam si\u0119 w ma\u0142\u017ce\u0144stwie nie uk\u0142ada? Sprawa przybiera posta\u0107 sytuacji bez wyj\u015bcia. W sytuacjach takich ludzie cz\u0119sto decyduj\u0105 si\u0119 na p\u00f3j\u015bcie \u201eka\u017cdy swoj\u0105 drog\u0105\u201d. Zostawi\u0107 problem, odej\u015b\u0107, nie zawraca\u0107 sobie g\u0142owy. Zacz\u0105\u0107 od nowa, ale ju\u017c z kim\u015b innym.<br>Siedz\u0105cy na katedrach m\u0119drcy zadbali o szczeg\u00f3\u0142owe przepisy, by rozstanie by\u0142o jak najbardziej sprawiedliwe. Ustalono wysoko\u015b\u0107 ofiar, podzia\u0142 maj\u0105tku. Przecie\u017c trzeba jako\u015b \u017cy\u0107. Jako\u015b u\u0142o\u017cy\u0107 sobie \u017cycie; b\u0105d\u017amy lud\u017ami, ci\u0105gn\u0105\u0107 to dalej, jest bez sensu. Pan przys\u0142uchuje si\u0119 temu wszystkiemu. On zna ludzkie my\u015bli. Wydaje si\u0119 by\u0107 jakby g\u0142uchy na ca\u0142e bogactwo ludzkich przemy\u015ble\u0144 i argument\u00f3w. Si\u0119ga do korzeni, do pocz\u0105tku. Nie udziela od razu odpowiedzi, ale odwo\u0142uje si\u0119 do znajomo\u015bci prawa przez faryzeusz\u00f3w. Powtarza z uporem znane na pami\u0119\u0107 s\u0142owa. Nie wstydzi si\u0119 i niczego nie chce odwo\u0142a\u0107, nawet je\u015bli stworzony przeze\u0144 \u015bwiat wydaje si\u0119 by\u0107 do ko\u0144ca zepsuty.<\/p>\n<p>Jezus patrzy odwa\u017cnie w oczy swoim s\u0142uchaczom i tym, kt\u00f3rzy \u201echcieli Go wystawi\u0107 na pr\u00f3b\u0119\u201d. Oni wszyscy zdaj\u0105 si\u0119 twierdzi\u0107, \u017ce wiedz\u0105 i rozumiej\u0105 lepiej. To przecie\u017c oni przygotowali \u2013 wydawa\u0107 si\u0119 by mog\u0142o \u2013 niezawodny plan wybawiania ma\u0142\u017conk\u00f3w z k\u0142opot\u00f3w. Jest to plan rozs\u0105dny, bierze pod uwag\u0119 ludzk\u0105 s\u0142abo\u015b\u0107. Poza tym wychodzi naprzeciw ludzkim oczekiwaniom.<\/p>\n<p>Nauczyciel z Nazaretu jest jednak nieugi\u0119ty. Czy\u017cby nie zna\u0142 tak popularnego dzisiaj s\u0142owa: \u201ekompromis\u201d? S\u0142owo to pozwala dogada\u0107 si\u0119 praktycznie z ka\u017cdym, kupi\u0107 wszystko za ca\u0142kiem przyzwoit\u0105 cen\u0119. Jednak j\u0119zyk Mistrza daleki jest od slogan\u00f3w prowadz\u0105cych do spokoju za wszelk\u0105 cen\u0119. Jego s\u0142owa o cudzo\u0142\u00f3stwie brzmi\u0105 ostro i wyra\u017anie. Nie dopuszczaj\u0105 \u017cadnego kompromisu. Nie daj\u0105 si\u0119 wyt\u0142umaczy\u0107 wsp\u00f3\u0142czesn\u0105 mentalno\u015bci\u0105, czy trudnym charakterem ma\u0142\u017conk\u00f3w.<\/p>\n<p>Aposto\u0142owie s\u0105 poruszeni i pytaj\u0105 jeszcze raz Nauczyciela na osobno\u015bci. Pan powtarza kr\u00f3tko to, co ju\u017c powiedzia\u0142. Nie s\u0105 potrzebne \u017cadne dodatkowe wyja\u015bnienia. Nauka Jezusa jest prosta, ale te\u017c i wymagaj\u0105ca. Ciekawa rzecz, \u017ce w Ewangelii wed\u0142ug \u015bw. Marka zaraz po tym fragmencie znajduje si\u0119 opis m\u00f3wi\u0105cy o tym, jak Jezus b\u0142ogos\u0142awi dzieci. Chyba tak jak dzieci musimy zas\u0142ucha\u0107 si\u0119 w s\u0142owa Nauczyciela, musimy w nie uwierzy\u0107 i zacz\u0105\u0107 nimi \u017cy\u0107.<\/p>\n<p>ks. Jacek Szyma\u0144ski<\/p>\n<p>&nbsp;<\/p>\n<p>&nbsp;<br><a href=\"http:\/\/rafalk-elblag.pl\/wp-content\/uploads\/2021\/08\/ogloszenia-parafialne-baner-01a.jpg\"><img loading=\"lazy\" decoding=\"async\" class=\"alignnone size-full wp-image-4410\" src=\"http:\/\/rafalk-elblag.pl\/wp-content\/uploads\/2021\/08\/ogloszenia-parafialne-baner-01a.jpg\" alt=\"\" width=\"720\" height=\"232\" srcset=\"https:\/\/rafalk-elblag.pl\/wp-content\/uploads\/2021\/08\/ogloszenia-parafialne-baner-01a.jpg 720w, https:\/\/rafalk-elblag.pl\/wp-content\/uploads\/2021\/08\/ogloszenia-parafialne-baner-01a-300x97.jpg 300w\" sizes=\"auto, (max-width: 720px) 100vw, 720px\" \/><\/a><\/p>\n<h1>Og\u0142oszenia parafialne 03.10.2021r<\/h1>\n<p><strong>1.<\/strong> W dniu dzisiejszym indywidualna Adoracja Naj\u015bwi\u0119tszego Sakramentu od godz. 16:00 do godz. 17:15. Znajd\u017a czas, aby by\u0107 sam na sam z Twoim Panem.<\/p>\n<p><strong>2.<\/strong> W pierwsze niedziele miesi\u0105ca zbierana taca przeznaczona jest na inwestycje w naszej parafii. (remont kuchni i refektarza). B\u00f3g zap\u0142a\u0107 za sk\u0142adane ofiary.<\/p>\n<h3>3. PRZED NAMI MIESI\u0104C R\u00d3\u017bA\u0143CA \u015aWI\u0118TEGO.<\/h3>\n<p>Zapraszamy na nabo\u017ce\u0144stwa z wystawieniem Naj\u015bwi\u0119tszego Sakramentu. Wierni, kt\u00f3rzy odmawiaj\u0105 cz\u0119\u015b\u0107 R\u00f3\u017ca\u0144ca (5 dziesi\u0105tek) w ko\u015bciele lub rodzinie mog\u0105 uzyska\u0107 ODPUST ZUPE\u0141NY. Zapraszamy do wsp\u00f3lnej modlitwy: doros\u0142ych i m\u0142odzie\u017c o godz. 17:15, a dzieci zapraszamy: we wtorki i czwartki o godz. 16:30.<\/p>\n<h3><strong>4. W pierwszy czwartek &#8211; 7 pa\u017adziernika 2021 \u2013 zapraszamy na GODZIN\u0118 \u015aWI\u0118T\u0104 czyli na ADORACJ\u0118 NAJ\u015aWI\u0118TSZEGO SAKRAMENTU<\/strong><\/h3>\n<p>od godz. 17:00 oraz na Msz\u0119 \u015bw. godz. 18:00. Tego dnia 7 pa\u017adziernika Ko\u015bci\u00f3\u0142 obchodzi wspomnienie NAJ\u015aWI\u0118TSZEJ MARYI PANNY R\u00d3\u017bA\u0143COWEJ. Zapraszam w tym dniu do udzia\u0142u we wsp\u00f3lnych modlitwach wszystkie osoby tworz\u0105ce R\u00d3\u017bE R\u00d3\u017bA\u0143COWE. Informuj\u0119, \u017ce przy naszej parafii istnieje 14 R\u00f3\u017c \u017bywego R\u00f3\u017ca\u0144ca. Za wstawiennictwem Matki Bo\u017cej R\u00f3\u017ca\u0144cowej b\u0119dziemy wyprasza\u0107 potrzebne \u0142aski dla Ojca \u015awi\u0119tego Franciszka, ca\u0142ego Ko\u015bcio\u0142a oraz prosi\u0107 o liczne i \u015bwi\u0119te powo\u0142ania kap\u0142a\u0144skie i zakonne. Na zako\u0144czenie zapraszam do salki na plebanii.<\/p>\n<h3>5. IDZIEMY DO KINA !!!<\/h3>\n<p>Zapraszam do wsp\u00f3lnego wyj\u015bcia do Multikina Ogrody &#8211; Elbl\u0105g w dniu 6 pa\u017adziernika br.(\u015broda): godz. 19:30 na film \u201eFATIMA\u201d w re\u017cyserii Marco Pontecorvo. To inspirowana prawdziwymi wydarzeniami, poruszaj\u0105ca opowie\u015b\u0107 o objawieniach maryjnych, kt\u00f3re da\u0142y si\u0142\u0119 milionom chrze\u015bcijan. Wed\u0142ug recenzent\u00f3w ten obraz to jak dot\u0105d najbardziej przekonuj\u0105ca adaptacja tej wyj\u0105tkowej historii. Jest rok 1917. \u015awiat pogr\u0105\u017cony jest w mrokach I wojny \u015bwiatowej. Troje dzieci z Fatimy \u2013 Franciszek, Hiacynta i \u0141ucja do\u015bwiadczaj\u0105 niezwyk\u0142ego spotkania. Ich oczom ukazuje si\u0119 Matka Bo\u017ca, by przekaza\u0107 im przepowiednie dla \u015bwiata. Nikt nie traktuje powa\u017cnie dzieci\u0119cych opowie\u015bci. A jednak wie\u015b\u0107 o cudownych wydarzeniach w Fatimie roznosi si\u0119 coraz dalej. Tysi\u0105ce pielgrzym\u00f3w przybywaj\u0105 do wioski, a cud fatimski zaczyna odmienia\u0107 ich losy. Cena biletu 11 z\u0142. wp\u0142acamy przy wej\u015bciu do sali kinowej.<\/p>\n<p><strong>6.<\/strong> Mamy ju\u017c mo\u017cliwo\u015b\u0107 zamawiania i rezerwacji Mszy \u015bwi\u0119tej na ROK 2022.<\/p>\n<p><strong>7.<\/strong> W przysz\u0142\u0105 niedziel\u0119 (10 pa\u017adziernika) obchodzi\u0107 b\u0119dziemy XXI Dzie\u0144 Papieski pod has\u0142em \u201eTOTUS TUUS\u201d. Z tej okazji m\u0142odzie\u017c przed ko\u015bcio\u0142em b\u0119dzie zbiera\u0107 do puszek pieni\u0105dze na stypendia w ramach fundacji Dzie\u0142o Nowego Tysi\u0105clecia.<\/p>\n<p><strong>8.<\/strong> W ko\u015bciele Matki Boskiej Kr\u00f3lowej Polski, a zarazem Sanktuarium Matki Bo\u017cej Nieustaj\u0105cej Pomocy odb\u0119d\u0105 si\u0119 rekolekcje dla stanu wd\u00f3w i wdowc\u00f3w w dniach 14 &#8211; 16 pa\u017adziernika 2021r. Rozpoczyna\u0107 si\u0119 b\u0119d\u0105 o godz. 10:00 ka\u017cdego dnia. Serdecznie zapraszamy.<br>Ponadto zapraszamy w ka\u017cd\u0105 drug\u0105 sobot\u0119 miesi\u0105ca na Msz\u0119 \u015bw. dla wd\u00f3w i wdowc\u00f3w, kt\u00f3ra odbywa si\u0119 o godz. 11:00.<\/p>\n<p><strong>9.<\/strong> Zapraszam dziewcz\u0119ta szk\u00f3\u0142 ponadpodstawowych oraz studentki do udzia\u0142u w DNIU SKUPIENIA DLA DZIEWCZ\u0104T rozeznaj\u0105cych drog\u0119 \u017cycia. Odb\u0119dzie si\u0119 on w sobot\u0119 30 pa\u017adziernika w parafii \u015bw. Anny w Sztumie pod has\u0142em: \u201eMoim powo\u0142aniem jest Mi\u0142o\u015b\u0107.\u201d<br>Zg\u0142oszenia na adres email: powolania.elblag@gmail.com<\/p>\n<p><strong>10.<\/strong> W sobot\u0119 16 pa\u017adziernika 2021 zaplanowana jest dekanalna pielgrzymka do ko\u015bcio\u0142a \u015bw. J\u00f3zefa w Elbl\u0105gu z okazji ROKU \u015aWI\u0118TEGO J\u00d3ZEFA. Ko\u015bci\u00f3\u0142 \u015bw. J\u00f3zefa na Bielanach jest KO\u015aCIO\u0141EM STACYJNYM. W programie:<\/p>\n<ul>\n<li>11:30 \u2013 Adoracja Naj\u015bwi\u0119tszego Sakramentu oraz mo\u017cliwo\u015b\u0107 skorzystania z Sakramentu Pokuty i Pojednania<\/li>\n<li>12:00 \u2013 Eucharystia, zako\u0144czona zawierzeniem naszych parafii, rodzin opiece \u015bw. J\u00f3zefa.<\/li>\n<\/ul>\n<p><strong>11.<\/strong> Zach\u0119camy do nabywania nowego numeru \u201eGo\u015bcia Niedzielnego\u201d w cenie 6 z\u0142. z dodatkiem \u201eGo\u015b\u0107 Elbl\u0105ski. Zach\u0119cam do zabrania BIULETYNU PARAFIALNEGO.<\/p>\n<p>&nbsp;<\/p>\n<p><img decoding=\"async\" src=\"http:\/\/rafalk-elblag.pl\/wp-content\/uploads\/2020\/04\/baner-intencje-mszy.jpg\"><\/p>\n<h1>Intencje mszalne 03.10.2021r<\/h1>\n<p><br><strong>PONIEDZIA\u0141EK \/ 4 pa\u017adziernika 2021r. \/ \u015bw. Franciszek z Asy\u017cu<\/strong><br>8.00 \u2020 Franciszek SONGIN<br>18.00 Pro\u015bba o zdrowie i wszelkie potrzebne \u0142aski dla Anny ASIUKIEWICZ<br>18.00 \u2020 Antoni BIELSKI (4 Msza Gregoria\u0144ska)<\/p>\n<p><strong>WTOREK \/ 5 pa\u017adziernika 2021r. \/ \u015bw. Faustyna Kowalska<\/strong><br>8.00 \u2020 Eugeniusz (40 r. \u015bm.) i zmarli rodzice z obojga stron<br>18.00 \u2020 Antoni BIELSKI (5 Msza Gregoria\u0144ska)<br>18.00 \u2020 Krzysztof ZGLICZY\u0143SKI (3 r.\u015bm.)<br>18:00 \u2020 Regina URBA\u0143SKA (Msza w 70 rocznic\u0119 urodzin)<\/p>\n<p><strong>\u015aRODA \/ 6 pa\u017adziernika 2021r.<\/strong><br>8.00 \u2020 Antoni BIELSKI (6 Msza Gregoria\u0144ska)<br>18.00 \u2020 Bogdan KR\u00d3L (6 r. \u015bm.) oraz zmarli z rodziny<br>18.00 \u2020 Ignacy ROKOWSKI (Msza w 8 miesi\u0105c po pogrzebie)<\/p>\n<p><strong>CZWARTEK \/ 7 pa\u017adziernika 2021r. \/ NMP R\u00f3\u017ca\u0144cowej<\/strong><br>8.00 \u2020 Antoni BIELSKI (7 Msza Gregoria\u0144ska)<br>18.00 \u2020 Maria SIEMION (17 r. \u015bm.)<br>18.00 \u2020 Helena BUKOJEMSKA<\/p>\n<p><strong>PI\u0104TEK \/ 8 pa\u017adziernika 2021r.<\/strong><br>8.00 \u2020 Ryszard ADAMCZYK (Msza w 30 dzie\u0144 po pogrzebie)<br>18.00 \u2020 Antoni BIELSKI (8 Msza Gregoria\u0144ska)<br>18.00 \u2020 Marian PIETRZAK, Marek PIETRZAK i zmarli rodzice z obojga stron, Bronis\u0142aw OSTROWSKI<\/p>\n<p><strong>SOBOTA \/ 9 pa\u017adziernika 2021r.<\/strong><br>8.00 \u2020 Marcinek WI\u015aNIEWSKI (31 r. \u015bm.)<br>18.00 \u2020 Antoni BIELSKI (9 Msza Gregoria\u0144ska)<br>18.00 \u2020 Jadwiga WASILUK (Msza w 30 dzie\u0144 po pogrzebie)<\/p>\n<p><strong>XXVIII Niedziela Zwyk\u0142a \/ 10 pa\u017adziernika 2021 r.<\/strong><br>7.00 \u2020 Zmarli z rodziny DZIUGIE\u0141, MARTOWICZ oraz Halina RAJSKA<br>9.00 O Bo\u017ce B\u0142ogos\u0142awie\u0144stwo, wszelkie potrzebne \u0142aski dla Nikodema i jego rodziny, Agnieszki i ca\u0142ej rodziny zakonnej oraz Magdaleny i Macieja<br>10.30 O Bo\u017ce B\u0142ogos\u0142awie\u0144stwo i potrzebne dary Ducha \u015awi\u0119tego dla Eli<br>12.00 W intencji Parafian<br>15.00 \u2020 Antoni BIELSKI (10 Msza Gregoria\u0144ska)<br>18.00 Dzi\u0119kczynna w 5 rocznic\u0119 \u015blubu Anny i \u0141ukasza GRABOWSKICH z pro\u015bb\u0105 o Bo\u017ce B\u0142ogos\u0142awie\u0144stwo na dalsze lata \u017cycia ma\u0142\u017ce\u0144skiego i dla rodzic\u00f3w<\/p>\n\n\n<p><\/p>\n","protected":false},"excerpt":{"rendered":"<p>Ewangelia (Mk 10, 2-16)Co B\u00f3g z\u0142\u0105czy\u0142, tego cz\u0142owiek niech nie rozdziela S\u0142owa Ewangelii wed\u0142ug \u015awi\u0119tego Marka Faryzeusze przyst\u0105pili do Jezusa, a chc\u0105c Go wystawi\u0107 na pr\u00f3b\u0119, pytali Go, czy wolno m\u0119\u017cowi oddali\u0107 \u017con\u0119. Odpowiadaj\u0105c, zapyta\u0142 ich: \u00abCo wam przykaza\u0142 Moj\u017cesz?\u00bb Oni rzekli: \u00abMoj\u017cesz pozwoli\u0142 napisa\u0107 list rozwodowy i oddali\u0107\u00bb. W\u00f3wczas Jezus rzek\u0142 do nich: \u00abPrzez [&hellip;]<\/p>\n","protected":false},"author":1,"featured_media":4466,"comment_status":"closed","ping_status":"closed","sticky":false,"template":"","format":"standard","meta":{"ngg_post_thumbnail":0,"footnotes":""},"categories":[11,8,4,3],"tags":[],"class_list":["post-4464","post","type-post","status-publish","format-standard","has-post-thumbnail","hentry","category-aktualnosci","category-blog","category-intencje","category-ogloszenia"],"_links":{"self":[{"href":"https:\/\/rafalk-elblag.pl\/index.php?rest_route=\/wp\/v2\/posts\/4464","targetHints":{"allow":["GET"]}}],"collection":[{"href":"https:\/\/rafalk-elblag.pl\/index.php?rest_route=\/wp\/v2\/posts"}],"about":[{"href":"https:\/\/rafalk-elblag.pl\/index.php?rest_route=\/wp\/v2\/types\/post"}],"author":[{"embeddable":true,"href":"https:\/\/rafalk-elblag.pl\/index.php?rest_route=\/wp\/v2\/users\/1"}],"replies":[{"embeddable":true,"href":"https:\/\/rafalk-elblag.pl\/index.php?rest_route=%2Fwp%2Fv2%2Fcomments&post=4464"}],"version-history":[{"count":2,"href":"https:\/\/rafalk-elblag.pl\/index.php?rest_route=\/wp\/v2\/posts\/4464\/revisions"}],"predecessor-version":[{"id":4470,"href":"https:\/\/rafalk-elblag.pl\/index.php?rest_route=\/wp\/v2\/posts\/4464\/revisions\/4470"}],"wp:featuredmedia":[{"embeddable":true,"href":"https:\/\/rafalk-elblag.pl\/index.php?rest_route=\/wp\/v2\/media\/4466"}],"wp:attachment":[{"href":"https:\/\/rafalk-elblag.pl\/index.php?rest_route=%2Fwp%2Fv2%2Fmedia&parent=4464"}],"wp:term":[{"taxonomy":"category","embeddable":true,"href":"https:\/\/rafalk-elblag.pl\/index.php?rest_route=%2Fwp%2Fv2%2Fcategories&post=4464"},{"taxonomy":"post_tag","embeddable":true,"href":"https:\/\/rafalk-elblag.pl\/index.php?rest_route=%2Fwp%2Fv2%2Ftags&post=4464"}],"curies":[{"name":"wp","href":"https:\/\/api.w.org\/{rel}","templated":true}]}}