{"id":4457,"date":"2021-09-25T13:08:51","date_gmt":"2021-09-25T13:08:51","guid":{"rendered":"http:\/\/rafalk-elblag.pl\/?p=4457"},"modified":"2021-09-26T08:23:32","modified_gmt":"2021-09-26T08:23:32","slug":"biuletyn-26-09-2021-xxvi-niedziela-zwykla","status":"publish","type":"post","link":"https:\/\/rafalk-elblag.pl\/?p=4457","title":{"rendered":"Biuletyn 26.09.2021, XXVI NIEDZIELA ZWYK\u0141A"},"content":{"rendered":"<p><a href=\"http:\/\/rafalk-elblag.pl\/wp-content\/uploads\/2021\/09\/baner-260921.jpg\"><img loading=\"lazy\" decoding=\"async\" class=\"aligncenter wp-image-4458 size-full\" src=\"http:\/\/rafalk-elblag.pl\/wp-content\/uploads\/2021\/09\/baner-260921.jpg\" alt=\"\" width=\"740\" height=\"400\" srcset=\"https:\/\/rafalk-elblag.pl\/wp-content\/uploads\/2021\/09\/baner-260921.jpg 740w, https:\/\/rafalk-elblag.pl\/wp-content\/uploads\/2021\/09\/baner-260921-300x162.jpg 300w\" sizes=\"auto, (max-width: 740px) 100vw, 740px\" \/><\/a><\/p>\n<h1>Ewangelia (Mk 9, 38-43. 45. 47-48) Unika\u0107 okazji do grzechu<\/h1>\n<p><strong>S\u0142owa Ewangelii wed\u0142ug \u015awi\u0119tego Marka<\/strong><\/p>\n<p>Aposto\u0142 Jan rzek\u0142 do Jezusa: \u00abNauczycielu, widzieli\u015bmy kogo\u015b, kto nie chodzi z nami, jak w Twoje imi\u0119 wyrzuca\u0142 z\u0142e duchy, i zacz\u0119li\u015bmy mu zabrania\u0107, bo nie chodzi z nami\u00bb.<\/p>\n<p>Lecz Jezus odrzek\u0142: \u00abPrzesta\u0144cie zabrania\u0107 mu, bo nikt, kto uczyni cud w imi\u0119 moje, nie b\u0119dzie m\u00f3g\u0142 zaraz \u017ale m\u00f3wi\u0107 o Mnie. Kto bowiem nie jest przeciwko nam, ten jest z nami.<\/p>\n<p>Kto wam poda kubek wody do picia, dlatego \u017ce nale\u017cycie do Chrystusa, zaprawd\u0119, powiadam wam, nie utraci swojej nagrody.<\/p>\n<p>A kto by si\u0119 sta\u0142 powodem grzechu dla jednego z tych ma\u0142ych, kt\u00f3rzy wierz\u0105, temu lepiej by\u0142oby kamie\u0144 m\u0142y\u0144ski uwi\u0105za\u0107 u szyi i wrzuci\u0107 go w morze.<\/p>\n<p>Je\u015bli zatem twoja r\u0119ka jest dla ciebie powodem grzechu, odetnij j\u0105; lepiej jest dla ciebie u\u0142omnym wej\u015b\u0107 do \u017cycia wiecznego, ni\u017c z dwiema r\u0119kami p\u00f3j\u015b\u0107 do piek\u0142a w ogie\u0144 nieugaszony. I je\u015bli twoja noga jest dla ciebie powodem grzechu, odetnij j\u0105; lepiej jest dla ciebie chromym wej\u015b\u0107 do \u017cycia, ni\u017c z dwiema nogami by\u0107 wrzuconym do piek\u0142a. Je\u015bli twoje oko jest dla ciebie powodem grzechu, wy\u0142up je; lepiej jest dla ciebie jednookim wej\u015b\u0107 do kr\u00f3lestwa Bo\u017cego, ni\u017c z dwojgiem oczu by\u0107 wrzuconym do piek\u0142a, gdzie robak ich nie ginie i ogie\u0144 nie ga\u015bnie\u00bb.<\/p>\n<p>&nbsp;<\/p>\n<h1>NIE B\u0104D\u0179MY ZAZDRO\u015aNI<\/h1>\n<p><strong>\u0179r\u00f3d\u0142em rado\u015bci chrze\u015bcija\u0144skiej jest Eucharystia. W niej silnie jest akcentowany element g\u0142oszenia s\u0142owa Bo\u017cego, kt\u00f3re obwieszcza m\u0105dro\u015b\u0107 Starego i Nowego Testamentu. Wezwani jeste\u015bmy do poszukiwania Pana Boga i przestrzegania Jego przykaza\u0144. Nie zawsze potrafimy \u017cy\u0107 nauk\u0105 zawart\u0105 na kartach Pisma \u015awi\u0119tego. Zasadnicza przeszkoda to grzech, wskutek kt\u00f3rego cz\u0142owiek zwraca si\u0119 do samego siebie lub zbyt przywi\u0105zuj\u0119 si\u0119 do d\u00f3br materialnych. Potrzeba, aby\u015bmy uczestnicz\u0105c we Mszy \u015awi\u0119tej, przenikn\u0119li te rzeczywisto\u015bci, kt\u00f3re zaofiarowa\u0142 nam Jezus Chrystus. Niech one stan\u0105 si\u0119 atrakcyjne dla naszego \u017cycia.<\/strong><\/p>\n<h2>1. Nie zazdro\u015b\u0107 dar\u00f3w Bo\u017cych.<\/h2>\n<p>W pierwszym czytaniu Moj\u017cesz dostrzega wok\u00f3\u0142 siebie ludzi pa\u0142aj\u0105cych zazdro\u015bci\u0105. Bana\u0142em jest stwierdzenie, \u017ce ludzie s\u0105 zazdro\u015bni. Jest to jednak, niestety, stwierdzenie mocno osadzone w rzeczywisto\u015bci. Zazdro\u015b\u0107 przejawia si\u0119 w potrzebie nieustannego por\u00f3wnywania z innymi, a powod\u00f3w mo\u017ce by\u0107 wiele. R\u00f3\u017cni nas status materialny, intelektualny, czy duchowy. Ka\u017cdy pow\u00f3d mo\u017ce sta\u0107 si\u0119 przyczyn\u0105, \u017ce rozbudzimy nasz\u0105 wyobra\u017ani\u0119, kt\u00f3ra b\u0119dzie podejrzliwie ocenia\u0142a post\u0119powanie innych. Uczestniczymy w gor\u0105czkowym poszukiwaniu nowo\u015bci i wskutek tego ci\u0105gle oczekujemy zmian. Gdy tylko osi\u0105gniemy to, czego pragn\u0119li\u015bmy, chcemy innej rzeczy, zupe\u0142nie tak, jak czyni\u0105 to dzieci.<\/p>\n<h2>2. Niegodziwi bogacze<\/h2>\n<p>W drugim czytaniu aposto\u0142 Jakub wskazuje na niebezpiecze\u0144stwa, jakie niesie bogactwo. Ludzie pragn\u0105 by\u0107 bogaci, zazdroszcz\u0105 bogactwa innym. Jednak wielu z nich nie zauwa\u017ca, \u017ce bogactwo materialne cz\u0119sto deprawuje cz\u0142owieka: dzieci, m\u0142odzie\u017c, doros\u0142ych. O bogactwo zabiegaj\u0105 politycy i przedsi\u0119biorcy, ludzie nauki i techniki, arty\u015bci i rzemie\u015blnicy. O bogactwie m\u00f3wi si\u0119 wsz\u0119dzie. Niekt\u00f3rzy twierdz\u0105 nawet, \u017ce w \u017cyciu liczy si\u0119 tylko bogactwo i pieni\u0105dz. Wielu m\u00f3wi, \u017ce jest normalne, gdy\u017c takie jest \u017cycie. Wcale nie; to my takim uczynili\u015bmy \u017cycie i to my mo\u017cemy zrobi\u0107 co\u015b, by ta sytuacja uleg\u0142a zmianie.<\/p>\n<h2>3. Kto nie jest przeciwko nam, ten jest z nami<\/h2>\n<p>Uczucie zazdro\u015bci by\u0142o znane aposto\u0142om. Aposto\u0142 Jan przychodzi do Jezusa m\u00f3wi\u0105c, \u017ce spotka\u0142 cz\u0142owieka, kt\u00f3ry Jego moc\u0105 wyrzuca\u0142 z\u0142e duchy i zabroni\u0142 mu, gdy\u017c nie nale\u017ca\u0142 do grona uczni\u00f3w. Czym si\u0119 kierowa\u0142 umi\u0142owany Aposto\u0142 Jezusa? Pewnie zazdro\u015bci\u0105! Jednak zdumiewa nas i zadziwia przede wszystkim postawa Mistrza z Nazaretu. Jezus tak bardzo szanuje wolno\u015b\u0107 ka\u017cdego cz\u0142owieka, \u017ce pozwala u\u017cywa\u0107 swojej mocy nawet tym, kt\u00f3rzy s\u0105 z dala od Niego. On jest cierpliwy. Wie, \u017ce ka\u017cde dobro, kt\u00f3re cz\u0142owiek czyni drugiemu, powinno w ko\u0144cu doprowadzi\u0107 do lepszego poznania samego Tr\u00f3jjedynego Boga. Chrze\u015bcijanin winien tak \u017cy\u0107, aby jego s\u0142owa i czyny nie by\u0142y zgorszeniem dla innych.<br>Wielko\u015b\u0107 ludzkiego powo\u0142ania nale\u017cy sprowadzi\u0107 do mi\u0142o\u015bci. Mi\u0142o\u015b\u0107 nie zna uczucia zazdro\u015bci. Jako chrze\u015bcijanie powinni\u015bmy sobie nawzajem pomaga\u0107 w lepszym poznaniu wymaga\u0144 Pana Boga. Mi\u0142o\u015b\u0107 Bo\u017ca nie jest uzale\u017cniona od naszej osobistej \u015bwi\u0119to\u015bci; to raczej nasza \u015bwi\u0119to\u015b\u0107 zale\u017cy od mi\u0142o\u015bci Boga do nas i powinna by\u0107 mi\u0142o\u015bci\u0105 odpowiedzialn\u0105.<\/p>\n<p>ks. Jacek K\u0119dzierski<\/p>\n<p>&nbsp;<\/p>\n<p>&nbsp;<\/p>\n<p>&nbsp;<br><a href=\"http:\/\/rafalk-elblag.pl\/wp-content\/uploads\/2021\/08\/ogloszenia-parafialne-baner-01a.jpg\"><img loading=\"lazy\" decoding=\"async\" class=\"alignnone size-full wp-image-4410\" src=\"http:\/\/rafalk-elblag.pl\/wp-content\/uploads\/2021\/08\/ogloszenia-parafialne-baner-01a.jpg\" alt=\"\" width=\"720\" height=\"232\" srcset=\"https:\/\/rafalk-elblag.pl\/wp-content\/uploads\/2021\/08\/ogloszenia-parafialne-baner-01a.jpg 720w, https:\/\/rafalk-elblag.pl\/wp-content\/uploads\/2021\/08\/ogloszenia-parafialne-baner-01a-300x97.jpg 300w\" sizes=\"auto, (max-width: 720px) 100vw, 720px\" \/><\/a><\/p>\n<h1>Og\u0142oszenia parafialne 26.09.2021r<\/h1>\n<p><strong>1.<\/strong> Mamy w ko\u015bciele dwie nowe bezdotykowe kropielnice z wod\u0105 \u015bwi\u0119con\u0105 umieszczone przy wej\u015bciu g\u0142\u00f3wnym i bocznym. Nie jest to p\u0142yn do dezynfekcji r\u0105k lecz woda \u015bwi\u0119cona do uczynienia znaku krzy\u017ca, gdy wchodzimy do \u015bwi\u0105tyni.<\/p>\n<p><strong>2.<\/strong> Amadeusz i Krzysztof \u2013 klerycy, dzisiaj po ka\u017cdej Mszy \u015bw. zbieraj\u0105 ofiary do puszki na utrzymanie naszego Wy\u017cszego Seminarium Duchownego w Elbl\u0105gu. B\u00f3g zap\u0142a\u0107 za trosk\u0119 i okazane wsparcie.<\/p>\n<p><strong>3. PRZED NAMI MIESI\u0104C R\u00d3\u017bA\u0143CA \u015aWI\u0118TEGO.<\/strong> Zapraszamy na nabo\u017ce\u0144stwa z wystawieniem Naj\u015bwi\u0119tszego Sakramentu. Wierni, kt\u00f3rzy odmawiaj\u0105 cz\u0119\u015b\u0107 R\u00f3\u017ca\u0144ca (5 dziesi\u0105tek) w ko\u015bciele lub rodzinie mog\u0105 uzyska\u0107 ODPUST ZUPE\u0141NY. Zapraszamy do wsp\u00f3lnej modlitwy: doros\u0142ych i m\u0142odzie\u017c o godz. 17:15, a dzieci we wtorki i czwartki o godz. 16:30.<\/p>\n<p>4. W liturgii ko\u015bcio\u0142a w tym tygodniu, obchodzi\u0107 b\u0119dziemy:<\/p>\n<ul>\n<li>w czwartek 29 wrze\u015bnia &#8211; \u015awi\u0119to \u015awi\u0119tych Archanio\u0142\u00f3w Micha\u0142a, Gabriela i Rafa\u0142a<\/li>\n<li>w pi\u0105tek 30 wrze\u015bnia &#8211; wspomnienie \u015bw. Hieronima, kap\u0142ana i doktora Ko\u015bcio\u0142a<\/li>\n<\/ul>\n<p>Zapraszamy na Msze \u015bw. o godz. 8:00 oraz na godz. 18:00.<\/p>\n<p><strong>5. UWAGA !!!<\/strong> Spotkanie dla rodzic\u00f3w dzieci klasy IV przygotowuj\u0105cej si\u0119 do ROCZNICY KOMUNII \u015aWI\u0118TEJ odb\u0119dzie si\u0119 w \u015brod\u0119 29 wrze\u015bnia br. o godz. 19:00 w ko\u015bciele.<br>Obecno\u015b\u0107 rodzic\u00f3w obowi\u0105zkowa!<\/p>\n<p><strong>6.<\/strong> W czwartek 30 wrze\u015bnia br. w ko\u015bciele o godz. 19:00 odb\u0119dzie si\u0119 spotkanie dla rodzic\u00f3w kandydat\u00f3w przygotowuj\u0105cych si\u0119 do SAKRAMENTU BIERZMOWANIA \u2013 ROK II. Obecno\u015b\u0107 obowi\u0105zkowa.<\/p>\n<p><strong>7.<\/strong> Mo\u017cliwo\u015b\u0107 skorzystanie z Sakramentu Spowiedzi \u015awi\u0119tej w tygodniu mamy: od godz. 7:45 oraz od godz. 17:30. KANCELARIA PARAFIALNA: czynna w \u015brody od 16:00 do 17:30 oraz w pi\u0105tki po Mszy \u015bw. wieczorowej do 19:30. Zapraszamy.<\/p>\n<p><strong>8.<\/strong> W tym tygodniu przypada:<\/p>\n<ul>\n<li>I pi\u0105tek miesi\u0105ca: spowied\u017a dla dzieci od godz. 16:00 i Msza \u015bw. o godz. 16:30 natomiast spowied\u017a dla m\u0142odzie\u017cy i doros\u0142ych od godz. 17:30 I Msza \u015bw. Wotywna o Naj\u015bwi\u0119tszym Sercu Jezusa o godz. 18:00<\/li>\n<li>I sobota miesi\u0105ca: zapraszamy wszystkich czcicieli Matki Bo\u017cej na nabo\u017ce\u0144stwo po\u0142\u0105czone z Adoracj\u0105 Naj\u015bwi\u0119tszego Sakramentu od godz. 17:00.<\/li>\n<\/ul>\n<p><strong>9.<\/strong> W I pi\u0105tek miesi\u0105ca pa\u017adziernika z Panem Jezusem udamy si\u0119 do chorych: ks. Proboszcz i ks. Marcin od godz. 9:30, a ks. Kamil po zaj\u0119ciach w szkole (ok. godz. 14.00). <strong>Prosimy zg\u0142asza\u0107 do kap\u0142an\u00f3w chorych pragn\u0105cych rozpocz\u0105\u0107 9 pierwszych pi\u0105tk\u00f3w.<\/strong><\/p>\n<p><strong>10.<\/strong> W pierwsze niedziele miesi\u0105ca zbierana taca przeznaczona jest na inwestycje w naszej parafii. B\u00f3g zap\u0142a\u0107 za sk\u0142adane ofiary.<\/p>\n<p><strong>11.<\/strong> Mamy ju\u017c mo\u017cliwo\u015b\u0107 zamawiania i rezerwacji Mszy \u015bwi\u0119tej na ROK 2022. Informacj\u0119 t\u0119 podajemy dla tych wszystkich, kt\u00f3rzy pragn\u0105 w konkretnym dniu zam\u00f3wi\u0107 intencj\u0119 mszaln\u0105. ZAPRASZAMY.<\/p>\n<p><strong>12.<\/strong> Zach\u0119camy do nabywania nowego numeru \u201eGo\u015bcia Niedzielnego\u201d w cenie 6 z\u0142. z dodatkiem \u201eGo\u015b\u0107 Elbl\u0105ski. Zach\u0119cam do zaprania BIULETYNU PARAFIALNEGO.<\/p>\n<p><strong>13.<\/strong> Pan powo\u0142a\u0142 do wieczno\u015bci: \u015bp. Ewa Tucholska lat 72 z ul. Leszczy\u0144skiego.<\/p>\n<p>Numer Konta Parafialnego<br>PKO BP 72 1020 1752 0000 0102 0069 6047<\/p>\n<p><img decoding=\"async\" src=\"http:\/\/rafalk-elblag.pl\/wp-content\/uploads\/2020\/04\/baner-intencje-mszy.jpg\"><\/p>\n<h1>Intencje mszalne 26.09.2021r<\/h1>\n<p><strong>PONIEDZIA\u0141EK \/ 27 wrze\u015bnia 2021r. \/ \u015aw. Wincentego a Paulo<\/strong><br>8.00 \u2020 Halina URBA\u0143SKA ( 20 Msza Gregoria\u0144ska)<br>18.00 \u2020 Sylwia KOWALEWSKA<br>18.00 \u2020 Mieczys\u0142aw \u017bMIJEWSKI (10 r. \u015bm.), zmar\u0142a c\u00f3rka Barbara i rodzice z obojga stron oraz Edwarda (k) i Izabela \u017bMIJEWSKIE<\/p>\n<p><strong>WTOREK \/ 28 wrze\u015bnia 2021r. \/ \u015aw. Wac\u0142awa, m\u0119czennika<\/strong><br>8.00 \u2020 Helena, W\u0142adys\u0142aw, Janina, Wies\u0142aw, W\u0142adys\u0142aw, Mieczys\u0142aw, Helena, J\u00f3zefa (k), Waleria i Jan z rodziny \u017b\u0141OBKOWSKICH<br>18.00 \u2020 Halina URBA\u0143SKA ( 28 Msza Gregoria\u0144ska)<br>18.00 \u2020 Apolonia (k) GREGORCZYK (35 r. \u015bm.), Roman GREGORCZYK (30 r. \u015bm.) oraz Danuta i Bogus\u0142aw<\/p>\n<p><strong>\u015aRODA \/ 29 wrze\u015bnia 2021r. \/ \u015awi\u0119tych Archanio\u0142\u00f3w Micha\u0142a, Gabriela i Rafa\u0142a<\/strong><br>8.00 W intencji uzdrowienia Iwony z choroby nowotworowej<br>18.00 \u2020 Halina URBA\u0143SKA ( 29 Msza Gregoria\u0144ska)<br>18.00 Dzi\u0119kczynna za otrzymane \u0142aski z pro\u015bb\u0105 o Bo\u017ce B\u0142ogos\u0142awie\u0144stwo i opiek\u0119 Matki Bo\u017cej dla ca\u0142ej rodziny<\/p>\n<p><strong>CZWARTEK \/ 30 wrze\u015bnia 2021r. \/ \u015aw. Hieronima<\/strong><br>8.00 O wiar\u0119, nadziej\u0119 i mi\u0142o\u015b\u0107 dla Zbigniewa JACKIEWICZA, jego \u017cony Wies\u0142awy oraz dzieci i wnuk\u00f3w<br>18.00 \u2020 Halina URBA\u0143SKA ( 30 Msza Gregoria\u0144ska)<br>18.00 \u2020 Tadeusz HURNY (35 r. \u015bm.) i zmarli rodzice z obojga stron<\/p>\n<p><strong>PI\u0104TEK \/ 1 pa\u017adziernika 2021r. \/ \u015aw. Teresy od Dzieci\u0105tka Jezus<\/strong><br>8.00 \u2020 Antoni BIELSKI (1 Msza Gregoria\u0144ska)<br>16.30 W intencji czcicieli Naj\u015bwi\u0119tszego Serca Pana Jezusa<br>18.00 O Bo\u017ce B\u0142ogos\u0142awie\u0144stwo dla Wsp\u00f3lnoty Przemienienie<br>18.00 O \u0142ask\u0119 zdrowia, Bo\u017ce B\u0142ogos\u0142awie\u0144stwo i nieustann\u0105 opiek\u0119 Matki Naj\u015bwi\u0119tszej dla Ewy<\/p>\n<p><strong>SOBOTA \/ 2 pa\u017adziernika 2021r. \/ \u015awi\u0119tych Anio\u0142\u00f3w Str\u00f3\u017c\u00f3w<\/strong><br>8.00 \u2020 Antoni BIELSKI (2 Msza Gregoria\u0144ska)<br>18.00 Rezerwacja<br>18.00 \u2020 Wac\u0142aw BAZYLAK (Msza w dniu ziemskich urodzin i imienin)<\/p>\n<p><strong>XXVII Niedziela Zwyk\u0142a \/ 3 pa\u017adziernika 2021 r.<\/strong><br>7.00 \u2020 Antoni BIELSKI (3 Msza Gregoria\u0144ska)<br>9.00 O do\u015bwiadczenie Bo\u017cej mi\u0142o\u015bci dla Karoliny i Sebastiana<br>9.00 \u2020 za zmar\u0142ych rodzic\u00f3w Regin\u0119 i Szczepana, brata Zenona, syna Paw\u0142a oraz zmar\u0142ych z rodziny MIKO\u0141AJEWSKICH, ROSO\u0141OWSKICH i RYBICKICH<br>10.30 \u2020 Tadeusz ZINKIEWICZ<br>12.00 W intencji Parafian<br>15.00 Za ksi\u0119dza Proboszcza Wojciecha. Niech Matka Naj\u015bwi\u0119tsza otacza p\u0142aszczem macierzy\u0144skim, a B\u00f3g B\u0142ogos\u0142awi we wszystkim<br>18.00 \u2020 El\u017cbieta NIEWI\u0143SKA (30 r. \u015bm.) oraz Franciszek, Piotr i Mariusz<\/p>\n\n\n<p><\/p>\n","protected":false},"excerpt":{"rendered":"<p>Ewangelia (Mk 9, 38-43. 45. 47-48) Unika\u0107 okazji do grzechu S\u0142owa Ewangelii wed\u0142ug \u015awi\u0119tego Marka Aposto\u0142 Jan rzek\u0142 do Jezusa: \u00abNauczycielu, widzieli\u015bmy kogo\u015b, kto nie chodzi z nami, jak w Twoje imi\u0119 wyrzuca\u0142 z\u0142e duchy, i zacz\u0119li\u015bmy mu zabrania\u0107, bo nie chodzi z nami\u00bb. Lecz Jezus odrzek\u0142: \u00abPrzesta\u0144cie zabrania\u0107 mu, bo nikt, kto uczyni cud [&hellip;]<\/p>\n","protected":false},"author":1,"featured_media":4459,"comment_status":"closed","ping_status":"closed","sticky":false,"template":"","format":"standard","meta":{"ngg_post_thumbnail":0,"footnotes":""},"categories":[11,8,4,3],"tags":[],"class_list":["post-4457","post","type-post","status-publish","format-standard","has-post-thumbnail","hentry","category-aktualnosci","category-blog","category-intencje","category-ogloszenia"],"_links":{"self":[{"href":"https:\/\/rafalk-elblag.pl\/index.php?rest_route=\/wp\/v2\/posts\/4457","targetHints":{"allow":["GET"]}}],"collection":[{"href":"https:\/\/rafalk-elblag.pl\/index.php?rest_route=\/wp\/v2\/posts"}],"about":[{"href":"https:\/\/rafalk-elblag.pl\/index.php?rest_route=\/wp\/v2\/types\/post"}],"author":[{"embeddable":true,"href":"https:\/\/rafalk-elblag.pl\/index.php?rest_route=\/wp\/v2\/users\/1"}],"replies":[{"embeddable":true,"href":"https:\/\/rafalk-elblag.pl\/index.php?rest_route=%2Fwp%2Fv2%2Fcomments&post=4457"}],"version-history":[{"count":2,"href":"https:\/\/rafalk-elblag.pl\/index.php?rest_route=\/wp\/v2\/posts\/4457\/revisions"}],"predecessor-version":[{"id":4462,"href":"https:\/\/rafalk-elblag.pl\/index.php?rest_route=\/wp\/v2\/posts\/4457\/revisions\/4462"}],"wp:featuredmedia":[{"embeddable":true,"href":"https:\/\/rafalk-elblag.pl\/index.php?rest_route=\/wp\/v2\/media\/4459"}],"wp:attachment":[{"href":"https:\/\/rafalk-elblag.pl\/index.php?rest_route=%2Fwp%2Fv2%2Fmedia&parent=4457"}],"wp:term":[{"taxonomy":"category","embeddable":true,"href":"https:\/\/rafalk-elblag.pl\/index.php?rest_route=%2Fwp%2Fv2%2Fcategories&post=4457"},{"taxonomy":"post_tag","embeddable":true,"href":"https:\/\/rafalk-elblag.pl\/index.php?rest_route=%2Fwp%2Fv2%2Ftags&post=4457"}],"curies":[{"name":"wp","href":"https:\/\/api.w.org\/{rel}","templated":true}]}}