{"id":4450,"date":"2021-09-19T07:38:00","date_gmt":"2021-09-19T07:38:00","guid":{"rendered":"http:\/\/rafalk-elblag.pl\/?p=4450"},"modified":"2021-09-25T13:09:38","modified_gmt":"2021-09-25T13:09:38","slug":"biuletyn-19-09-2021-xxv-niedziela-zwykla","status":"publish","type":"post","link":"https:\/\/rafalk-elblag.pl\/?p=4450","title":{"rendered":"Biuletyn 19.09.2021, XXV NIEDZIELA ZWYK\u0141A"},"content":{"rendered":"<p><a href=\"http:\/\/rafalk-elblag.pl\/wp-content\/uploads\/2021\/09\/baner-190921.jpg\"><img loading=\"lazy\" decoding=\"async\" class=\"alignright wp-image-4451\" src=\"http:\/\/rafalk-elblag.pl\/wp-content\/uploads\/2021\/09\/baner-190921.jpg\" alt=\"\" width=\"380\" height=\"588\" srcset=\"https:\/\/rafalk-elblag.pl\/wp-content\/uploads\/2021\/09\/baner-190921.jpg 478w, https:\/\/rafalk-elblag.pl\/wp-content\/uploads\/2021\/09\/baner-190921-194x300.jpg 194w\" sizes=\"auto, (max-width: 380px) 100vw, 380px\" \/><\/a><\/p>\n<h1><strong>Ewangelia (Mk 9, 30-37)<\/strong><br><strong>Druga zapowied\u017a m\u0119ki i wezwanie do pokory<\/strong><\/h1>\n<p><strong>S\u0142owa Ewangelii wed\u0142ug \u015awi\u0119tego Marka<\/strong><\/p>\n<p>Jezus i Jego uczniowie przemierzali Galile\u0119, On jednak nie chcia\u0142, \u017ceby kto\u015b o tym wiedzia\u0142. Poucza\u0142 bowiem swoich uczni\u00f3w i m\u00f3wi\u0142 im: \u00abSyn Cz\u0142owieczy b\u0119dzie wydany w r\u0119ce ludzi. Ci Go zabij\u0105, lecz zabity, po trzech dniach zmartwychwstanie\u00bb. Oni jednak nie rozumieli tych s\u0142\u00f3w, a bali si\u0119 Go pyta\u0107.<\/p>\n<p>Tak przyszli do Kafarnaum. Gdy by\u0142 ju\u017c w domu, zapyta\u0142 ich: \u00abO czym to rozprawiali\u015bcie w drodze?\u00bb Lecz oni milczeli, w drodze bowiem posprzeczali si\u0119 mi\u0119dzy sob\u0105 o to, kto z nich jest najwi\u0119kszy.<\/p>\n<p>On usiad\u0142, przywo\u0142a\u0142 Dwunastu i rzek\u0142 do nich: \u00abJe\u015bli kto\u015b chce by\u0107 pierwszym, niech b\u0119dzie ostatnim ze wszystkich i s\u0142ug\u0105 wszystkich\u00bb. Potem wzi\u0105\u0142 dziecko, postawi\u0142 je przed nimi i obj\u0105wszy je ramionami, rzek\u0142 do nich: \u00abKto jedno z tych dzieci przyjmuje w imi\u0119 moje, Mnie przyjmuje; a kto Mnie przyjmuje, nie przyjmuje Mnie, lecz Tego, kt\u00f3ry Mnie pos\u0142a\u0142\u00bb.<\/p>\n<p>&nbsp;<\/p>\n<h1>PAN PODTRZYMUJE MI\u0141O\u015aCI\u0104 \u017bYCIE<\/h1>\n<p><strong>Pan B\u00f3g jest Mi\u0142o\u015bci\u0105 i \u017byciem, On pragnie ka\u017cdemu z nas da\u0107 \u017cycie wieczne. Na czym jednak polega \u017cycie? Jaki jest sens \u017cycia wiecznego, w jaki spos\u00f3b mo\u017cemy je osi\u0105gn\u0105\u0107? Eucharystia, w kt\u00f3rej uczestniczymy, wyp\u0142ywa z mi\u0142o\u015bci Bo\u017cej i prowadzi nas ku \u017cyciu wiecznemu, kt\u00f3re mo\u017cemy otrzyma\u0107 dzi\u0119ki Jezusowi Chrystusowi. Wiemy, \u017ce \u017cycie jest dla nas samych ogromn\u0105 tajemnic\u0105, niepoj\u0119tym do ko\u0144ca misterium. By\u0107 mo\u017ce znamy wiele definicji \u017cycia, ale \u017cadna z nich nie oddaje do ko\u0144ca ca\u0142ej prawdy o nas.<\/strong><\/p>\n<p>Dopiero spogl\u0105daj\u0105c na \u017cycie przez pryzmat dzie\u0142a mi\u0142o\u015bci Syna Cz\u0142owieczego, lepiej rozumiemy dar \u017cycia naszego i ka\u017cdego innego.<br>Jeste\u015bmy \u015bwiadomi, \u017ce poszukiwanie prawdy i mi\u0142o\u015bci nadaje jako\u015b\u0107 \u017cyciu ludzkiemu. Przypomina nam o tym S\u0142owo Bo\u017ce, zw\u0142aszcza fragment z listu \u015bwi\u0119tego Jakuba Aposto\u0142a: \u201eM\u0105dro\u015b\u0107 za\u015b zst\u0119puj\u0105ca z g\u00f3ry jest przede wszystkim czysta, dalej sk\u0142onna do zgody, ust\u0119pliwa, pos\u0142uszna, pe\u0142na mi\u0142osierdzia i dobrych owoc\u00f3w, wolna od wzgl\u0119d\u00f3w ludzkich i ob\u0142udy\u201d. Zreszt\u0105 Ko\u015bci\u00f3\u0142 ci\u0105gle uwra\u017cliwia nasze sumienia, aby\u015bmy mogli \u017cy\u0107 w mi\u0142o\u015bci i prawdzie.<\/p>\n<p>Sob\u00f3r Watyka\u0144ski II jasno wypowiedzia\u0142 si\u0119 o tych warto\u015bciach, kiedy stwierdzi\u0142: \u201ePrzez wierno\u015b\u0107 sumieniu chrze\u015bcijanie \u0142\u0105cz\u0105 si\u0119 z innymi lud\u017ami w celu poszukiwania prawdy i rozwi\u0105zywania w prawdzie tak wielu problem\u00f3w moralnych, kt\u00f3re powstaj\u0105 zar\u00f3wno w \u017cyciu jednostek, jak we wsp\u00f3lnym \u017cyciu spo\u0142ecznym\u201d. Aposto\u0142 Jakub nie pyta\u0142 retorycznie: Sk\u0105d bior\u0105 si\u0119 wojny i sk\u0105d k\u0142\u00f3tnie mi\u0119dzy wami? On doskonale wiedzia\u0142, bo niejednokrotnie zauwa\u017cy\u0142, \u017ce \u017ar\u00f3d\u0142em niepokoj\u00f3w cz\u0142owieka jest nie\u0142ad wewn\u0119trzny \u2013 po\u017c\u0105danie, zazdro\u015b\u0107, walki, k\u0142\u00f3tnie!<\/p>\n<p>Rozumienie prawdy i mi\u0142o\u015bci jest g\u0142\u0119boko w\u0142\u0105czone w wymiar daru, kt\u00f3rego B\u00f3g udziela ludziom. Na tej podstawie mo\u017cemy wej\u015b\u0107 na drog\u0119, kt\u00f3ra uzdalnia ka\u017cdego cz\u0142owieka do tych poszukiwa\u0144, aby m\u00f3g\u0142 budowa\u0107 swoje \u017cycie na trwa\u0142ym fundamencie, a co zarazem stanowi istot\u0119 chrze\u015bcija\u0144stwa, tj. mi\u0142o\u015b\u0107 i prawda.<\/p>\n<p>Mi\u0142o\u015b\u0107 jest zatem drog\u0105, kt\u00f3ra trwa nie jaki\u015b moment, ale przez ca\u0142e \u017cycie. Dopiero w eschatologicznym wype\u0142nieniu stanie si\u0119 ona pe\u0142na i trwa\u0142a. Ten wymiar mi\u0142o\u015bci ma dla chrze\u015bcijan charakter determinuj\u0105cy i fundamentalny. Mi\u0142o\u015b\u0107 nie jest tylko darem danym raz na zawsze w Osobie Jezusa Chrystusa, ale darem, kt\u00f3ry b\u0119dzie zawsze towarzyszy\u0142 Ko\u015bcio\u0142owi a\u017c po wieczno\u015b\u0107. Tak wi\u0119c mi\u0142o\u015b\u0107 jest z pewno\u015bci\u0105 warto\u015bci\u0105 ca\u0142kowicie poch\u0142aniaj\u0105c\u0105 cz\u0142owieka, cho\u0107 ona nigdy nie jest dana raz na zawsze, jak gdyby by\u0142a rzeczywisto\u015bci\u0105 statyczn\u0105 i zamkni\u0119t\u0105 w sobie. Mi\u0142o\u015b\u0107 jest zawsze ukierunkowana na swe wype\u0142nienie.<\/p>\n<p>\u017bycie jest prawdziwym darem, poniewa\u017c w nim zamyka si\u0119 istota ludzkiej wra\u017cliwo\u015bci: \u201eKto przyjmuje jedno z tych dzieci w imi\u0119 moje, Mnie przyjmuje; a kto Mnie przyjmuje, nie przyjmuje Mnie, lecz Tego, kt\u00f3ry Mnie pos\u0142a\u0142\u201d. Jeste\u015bmy wezwani do aktywnej obecno\u015bci w \u015bwiecie: \u201eJe\u015bli kto chce by\u0107 pierwszym, niech b\u0119dzie ostatnim ze wszystkich i s\u0142ug\u0105 wszystkich\u201d.<\/p>\n<p>ks. Jacek K\u0119dzierski<\/p>\n<p>&nbsp;<\/p>\n<p>&nbsp;<\/p>\n<p>&nbsp;<br><a href=\"http:\/\/rafalk-elblag.pl\/wp-content\/uploads\/2021\/08\/ogloszenia-parafialne-baner-01a.jpg\"><img loading=\"lazy\" decoding=\"async\" class=\"alignnone size-full wp-image-4410\" src=\"http:\/\/rafalk-elblag.pl\/wp-content\/uploads\/2021\/08\/ogloszenia-parafialne-baner-01a.jpg\" alt=\"\" width=\"720\" height=\"232\" srcset=\"https:\/\/rafalk-elblag.pl\/wp-content\/uploads\/2021\/08\/ogloszenia-parafialne-baner-01a.jpg 720w, https:\/\/rafalk-elblag.pl\/wp-content\/uploads\/2021\/08\/ogloszenia-parafialne-baner-01a-300x97.jpg 300w\" sizes=\"auto, (max-width: 720px) 100vw, 720px\" \/><\/a><\/p>\n<h1>Og\u0142oszenia parafialne 19.09.2021r<\/h1>\n<p><strong>1. UWAGA! Od wrze\u015bnia powr\u00f3cili\u015bmy do Mszy \u015bwi\u0119tej niedzielnej o godzinie 15:00, kt\u00f3ra rozpoczyna si\u0119 Koronk\u0105 do Mi\u0142osierdzia Bo\u017cego.<\/strong><\/p>\n<p>2. Mamy w ko\u015bciele dwie nowe bezdotykowe kropielnice z wod\u0105 \u015bwi\u0119con\u0105 umieszczone przy wej\u015bciu g\u0142\u00f3wnym i bocznym. Nie jest to p\u0142yn do dezynfekcji r\u0105k lecz woda \u015bwi\u0119cona do uczynienia znaku krzy\u017ca, gdy wchodzimy do \u015bwi\u0105tyni.<\/p>\n<p><strong>3.<\/strong> W liturgii ko\u015bcio\u0142a w tym tygodniu, obchodzi\u0107 b\u0119dziemy:<\/p>\n<ul>\n<li>we wtorek 21 wrze\u015bnia &#8211; \u015bwi\u0119to \u015bw. Mateusza Aposto\u0142a i Ewangelisty<\/li>\n<li>w czwartek 23 wrze\u015bnia &#8211; wspomnienie \u015bw. Pio z Pietrelciny, kap\u0142ana<\/li>\n<\/ul>\n<p>Zapraszamy na Msze \u015bw. o godz. 8:00 oraz na godz. 18:00.<\/p>\n<p><strong>4.<\/strong> Apostolat Mi\u0142osierdzia Bo\u017cego oraz woluntariuszy Parafialnego Oddzia\u0142u Caritas zapraszamy w przysz\u0142\u0105 niedziel\u0119 na Msz\u0119 \u015bw. o godz. 15:00, a po na pierwsze powakacyjne spotkanie na plebanii.<\/p>\n<p><strong>5.<\/strong> Za tydzie\u0144 (26 wrze\u015bnia) w niedziel\u0119, klerycy Amadeusz i Krzysztof po ka\u017cdej Mszy \u015aw. b\u0119d\u0105 zbiera\u0107 ofiary do puszki na utrzymanie naszego Wy\u017cszego Seminarium Duchownego.<br>B\u00f3g zap\u0142a\u0107 za trosk\u0119 i okazane wsparcie.<\/p>\n<p><strong>6.<\/strong> Mamy ju\u017c mo\u017cliwo\u015b\u0107 zamawiania i rezerwacji Mszy \u015bwi\u0119tej na ROK 2022.<br>Informacj\u0119 t\u0119 podajemy dla tych wszystkich, kt\u00f3rzy pragn\u0105 w konkretnym dniu zam\u00f3wi\u0107 intencj\u0119 mszaln\u0105.<\/p>\n<p><strong>7. IDZIEMY DO KINA !!!<\/strong> Po d\u0142ugiej przerwie zapraszam do wsp\u00f3lnego wyj\u015bcia do Multikina Elbl\u0105g w dniu 22 wrze\u015bnia br.(\u015broda): godz. 19:30 na film <strong>\u201eWYSZY\u0143SKI \u2013 ZEMSTA CZY PRZEBACZENIE\u201d<\/strong> to spektakularna filmowa realizacja opowiadaj\u0105ca nieznane szerszej publiczno\u015bci losy wojenne ksi\u0119dza porucznika Stefana Wyszy\u0144skiego \u2013 przysz\u0142ego Prymasa Polski. W tytu\u0142owej roli w filmie wyst\u0105pi\u0142 Ksawery Szlenkier, kt\u00f3remu na du\u017cym ekranie partneruj\u0105 m.in.: Ida Nowakowska, Marcin Kwa\u015bny, Adam Fidusiewicz, Agnieszka Kawiorska, Lech Dyblik oraz Ma\u0142gorzata Ko\u017cuchowska jako <strong>MATKA R\u00d3\u017bA CZACKA.<\/strong> Film pokazuje nieznan\u0105 twarz Wyszy\u0144skiego, jego rozterki i zaanga\u017cowanie w walk\u0119 o Polsk\u0119. Wszystko to co wydarzy\u0142o si\u0119 po 1946 roku w \u017cyciu Prymasa jest nam znane. Ma\u0142o kto wie o wojennym w\u0105tku Wyszy\u0144skiego.Cena biletu 11 z\u0142. wp\u0142acamy przy wej\u015bciu do sali kinowej.<\/p>\n<p><strong>8. PRZYPOMINAMY !!!<\/strong> Trwa jeszcze jesienna rekrutacja na studia teologiczne. Jest to \u015bcie\u017cka dla przysz\u0142ych katechetek i katechet\u00f3w, ale te\u017c dla kandydat\u00f3w do \u015bwi\u0119ce\u0144 kap\u0142a\u0144skich. Zach\u0119cam osoby zainteresowane do odwa\u017cnego wyboru studi\u00f3w teologii, a p\u00f3\u017aniej pos\u0142ugi religijnej w Ko\u015bciele. S\u0142owa Jezusa powo\u0142uj\u0105cego uczni\u00f3w \u201eP\u00f3jd\u017a za Mn\u0105!\u201d s\u0105 nadal aktualne. Bli\u017csze informacje na temat seminarium oraz studi\u00f3w przeka\u017c\u0105 ksi\u0119\u017ca i nauczyciele religii.<\/p>\n<p><strong>9.<\/strong> Zach\u0119camy do nabywania nowego numeru \u201eGo\u015bcia Niedzielnego\u201d w cenie 6 z\u0142. z dodatkiem \u201eGo\u015b\u0107 Elbl\u0105ski. Zach\u0119cam, by wychodz\u0105c z ko\u015bcio\u0142a wzi\u0105\u0107 z sob\u0105 BIULETYN PARAFIALNY.<\/p>\n<p><strong>10.<\/strong> Mo\u017cliwo\u015b\u0107 skorzystanie z Sakramentu Spowiedzi \u015awi\u0119tej w tygodniu mamy:<\/p>\n<ul>\n<li>od godz. 7:45 oraz od godz. 17:30.<\/li>\n<\/ul>\n<p>KANCELARIA PARAFIALNA: czynna w<\/p>\n<ul>\n<li>\u015brody od 16:00 do 17:30 oraz w pi\u0105tki po Mszy \u015bw. wieczorowej do 19:30.<\/li>\n<\/ul>\n<p>Zapraszamy.<\/p>\n<p><img decoding=\"async\" src=\"http:\/\/rafalk-elblag.pl\/wp-content\/uploads\/2020\/04\/baner-intencje-mszy.jpg\"><\/p>\n<h1>Intencje mszalne 19.09.2021r<\/h1>\n<p><strong>PONIEDZIA\u0141EK \/ 20 wrze\u015bnia 2021r. \/ \u015aw. Andrzeja, Paw\u0142a i Towarzyszy<\/strong><br>8.00 \u2020 Halina URBA\u0143SKA ( 20 Msza Gregoria\u0144ska)<br>18.00 \u2020 Anna i Edmund KWAS<br>18.00 \u2020 zmarli z rodziny DZIERGOWSKICH i KRAUZE<\/p>\n<p><strong>WTOREK \/ 21 wrze\u015bnia 2021r. \/ \u015awi\u0119to \u015aw. Mateusza<\/strong><br>8.00 O zdrowie i opiek\u0119 Matki Bo\u017cej dla Ewy FUROWICZ oraz o szcz\u0119\u015bliw\u0105 godzin\u0119 \u015bmierci<br>18.00 \u2020 Halina URBA\u0143SKA ( 21 Msza Gregoria\u0144ska)<br>18.00 \u2020 Maciej BO\u017bEK (11 r. \u015bm.)<\/p>\n<p><strong>\u015aRODA \/ 22 wrze\u015bnia 2021r.<\/strong><br>8.00 \u2020 Halina URBA\u0143SKA ( 22 Msza Gregoria\u0144ska)<br>18.00 O Bo\u017ce B\u0142ogos\u0142awie\u0144stwo i wszelkie potrzebne \u0142aski oraz opiek\u0119 Matki Bo\u017cej dla Jacka, Micha\u0142a oraz Tomasza z okazji imienin<br>18.00 \u2020 Dariusz MORZY<br>18.00 \u2020 W\u0142odzimierz LANDA\u0143SKI (17 r. \u015bm.) oraz zmarli rodzice z obojga stron<\/p>\n<p><strong>CZWARTEK \/ 23 wrze\u015bnia 2021r. \/ \u015aw. Pio z Pietrelciny<\/strong><br>8.00 \u2020 Halina URBA\u0143SKA ( 23 Msza Gregoria\u0144ska)<br>8.00 \u2020 Waldemar MAJEWSKI (30 dzie\u0144 po \u015bmierci)<br>18.00 \u2020 S\u0142awomir ADAMKIEWICZ (1 r. \u015bm.), rodzice Antonina (k) i Piotr MASALSCY oraz rodze\u0144stwo Zygmunt, Halina, Felicja i Janina<br>18.00 \u2020 Wac\u0142aw NIEDZIELSKI (2 r. \u015bm.) i zmarli rodzice<\/p>\n<p><strong>PI\u0104TEK \/ 24 wrze\u015bnia 2021r.<\/strong><br>8.00 \u2020 Anna BROZOWSKA ( 3 r. \u015bm.) i Zdzis\u0142aw PAJ\u0104K<br>18.00 \u2020 Marian \u0141OTYSZ (30 dzie\u0144 po pogrzebie)<br>18.00 \u2020 Halina URBA\u0143SKA ( 24 Msza Gregoria\u0144ska)<br>18.00 \u2020 Roman KWIATKOWSKI (4 r. \u015bm.)<\/p>\n<p><strong>SOBOTA \/ 25 wrze\u015bnia 2021r.<\/strong><br>8.00 \u2020 Halina URBA\u0143SKA ( 25 Msza Gregoria\u0144ska)<br>18.00 \u2020 Szczepan Jan KACZMAREK (19 r. \u015bm.)<br>18.00 \u2020 Sylwester BA\u0141DYGA (3 r. \u015bm.) oraz zmarli Lucjan, Marianna i Feliks<\/p>\n<p><strong>XXVI Niedziela Zwyk\u0142a \/ 26 wrze\u015bnia 2021 r.<\/strong><br>7.00 \u2020 Zygmunt RADZISZEWSKI (29 r. \u015bm.)<br>9.00 \u2020 Halina URBA\u0143SKA ( 26 Msza Gregoria\u0144ska)<br>10.30 Dzi\u0119kczynna w 9 urodziny Oli STANKIEWICZ z pro\u015bb\u0105 o Bo\u017ce B\u0142ogos\u0142awie\u0144stwo i opiek\u0119 Matki Bo\u017cej Szkaplerznej<br>12.00 W intencji Parafian<br>15.00 \u2020 Boles\u0142aw i Marianna STAN (28 r. \u015bm.) oraz za dziadk\u00f3w STAN\u00d3W i WARSI\u0143SKICH<br>15.00 O potrzebne \u0142aski dla Apostolatu Bo\u017cego Mi\u0142osierdzia oraz dla Wolontariuszy Parafialnego Oddzia\u0142u Caritas w kolejnym roku formacyjnym<br>18.00 O Bo\u017ce B\u0142ogos\u0142awie\u0144stwo i opiek\u0119 Matki Bo\u017cej dla Mi\u0142osza SZCZEPANIK z okazji urodzin<\/p>\n\n\n<p><\/p>\n","protected":false},"excerpt":{"rendered":"<p>Ewangelia (Mk 9, 30-37)Druga zapowied\u017a m\u0119ki i wezwanie do pokory S\u0142owa Ewangelii wed\u0142ug \u015awi\u0119tego Marka Jezus i Jego uczniowie przemierzali Galile\u0119, On jednak nie chcia\u0142, \u017ceby kto\u015b o tym wiedzia\u0142. Poucza\u0142 bowiem swoich uczni\u00f3w i m\u00f3wi\u0142 im: \u00abSyn Cz\u0142owieczy b\u0119dzie wydany w r\u0119ce ludzi. Ci Go zabij\u0105, lecz zabity, po trzech dniach zmartwychwstanie\u00bb. Oni jednak [&hellip;]<\/p>\n","protected":false},"author":1,"featured_media":4461,"comment_status":"closed","ping_status":"closed","sticky":false,"template":"","format":"standard","meta":{"ngg_post_thumbnail":0,"footnotes":""},"categories":[11,8,4,3],"tags":[],"class_list":["post-4450","post","type-post","status-publish","format-standard","has-post-thumbnail","hentry","category-aktualnosci","category-blog","category-intencje","category-ogloszenia"],"_links":{"self":[{"href":"https:\/\/rafalk-elblag.pl\/index.php?rest_route=\/wp\/v2\/posts\/4450","targetHints":{"allow":["GET"]}}],"collection":[{"href":"https:\/\/rafalk-elblag.pl\/index.php?rest_route=\/wp\/v2\/posts"}],"about":[{"href":"https:\/\/rafalk-elblag.pl\/index.php?rest_route=\/wp\/v2\/types\/post"}],"author":[{"embeddable":true,"href":"https:\/\/rafalk-elblag.pl\/index.php?rest_route=\/wp\/v2\/users\/1"}],"replies":[{"embeddable":true,"href":"https:\/\/rafalk-elblag.pl\/index.php?rest_route=%2Fwp%2Fv2%2Fcomments&post=4450"}],"version-history":[{"count":4,"href":"https:\/\/rafalk-elblag.pl\/index.php?rest_route=\/wp\/v2\/posts\/4450\/revisions"}],"predecessor-version":[{"id":4456,"href":"https:\/\/rafalk-elblag.pl\/index.php?rest_route=\/wp\/v2\/posts\/4450\/revisions\/4456"}],"wp:featuredmedia":[{"embeddable":true,"href":"https:\/\/rafalk-elblag.pl\/index.php?rest_route=\/wp\/v2\/media\/4461"}],"wp:attachment":[{"href":"https:\/\/rafalk-elblag.pl\/index.php?rest_route=%2Fwp%2Fv2%2Fmedia&parent=4450"}],"wp:term":[{"taxonomy":"category","embeddable":true,"href":"https:\/\/rafalk-elblag.pl\/index.php?rest_route=%2Fwp%2Fv2%2Fcategories&post=4450"},{"taxonomy":"post_tag","embeddable":true,"href":"https:\/\/rafalk-elblag.pl\/index.php?rest_route=%2Fwp%2Fv2%2Ftags&post=4450"}],"curies":[{"name":"wp","href":"https:\/\/api.w.org\/{rel}","templated":true}]}}