{"id":4441,"date":"2021-09-12T17:39:20","date_gmt":"2021-09-12T17:39:20","guid":{"rendered":"http:\/\/rafalk-elblag.pl\/?p=4441"},"modified":"2021-09-12T17:40:12","modified_gmt":"2021-09-12T17:40:12","slug":"biuletyn-12-09-2021-xxiii-niedziela-zwykla","status":"publish","type":"post","link":"https:\/\/rafalk-elblag.pl\/?p=4441","title":{"rendered":"Biuletyn 12.09.2021, XXIV NIEDZIELA ZWYK\u0141A"},"content":{"rendered":"<p><a href=\"http:\/\/rafalk-elblag.pl\/wp-content\/uploads\/2021\/09\/baner-120921.jpg\"><img loading=\"lazy\" decoding=\"async\" class=\"alignnone wp-image-4443 size-full\" src=\"http:\/\/rafalk-elblag.pl\/wp-content\/uploads\/2021\/09\/baner-120921.jpg\" alt=\"\" width=\"730\" height=\"400\" srcset=\"https:\/\/rafalk-elblag.pl\/wp-content\/uploads\/2021\/09\/baner-120921.jpg 730w, https:\/\/rafalk-elblag.pl\/wp-content\/uploads\/2021\/09\/baner-120921-300x164.jpg 300w\" sizes=\"auto, (max-width: 730px) 100vw, 730px\" \/><\/a><\/p>\n<p><strong>Ewangelia (Mk 8, 27-35)<\/strong><br><strong>Zapowied\u017a m\u0119ki Chrystusa<\/strong><\/p>\n<p>S\u0142owa Ewangelii wed\u0142ug \u015awi\u0119tego Marka<\/p>\n<p>Jezus uda\u0142 si\u0119 ze swoimi uczniami do wiosek pod Cezare\u0105 Filipow\u0105. W drodze pyta\u0142 uczni\u00f3w: \u00abZa kogo uwa\u017caj\u0105 Mnie ludzie?\u00bb<\/p>\n<p>Oni Mu odpowiedzieli: \u00abZa Jana Chrzciciela, inni za Eliasza, jeszcze inni za jednego z prorok\u00f3w\u00bb.<\/p>\n<p>On ich zapyta\u0142: \u00abA wy za kogo Mnie uwa\u017cacie?\u00bb<\/p>\n<p>Odpowiedzia\u0142 Mu Piotr: \u00abTy jeste\u015b Mesjasz\u00bb. Wtedy surowo im przykaza\u0142, \u017ceby nikomu o Nim nie m\u00f3wili.<\/p>\n<p>I zacz\u0105\u0142 ich poucza\u0107, \u017ce Syn Cz\u0142owieczy wiele musi wycierpie\u0107, \u017ce b\u0119dzie odrzucony przez starszych, arcykap\u0142an\u00f3w i uczonych w Pi\u015bmie; \u017ce zostanie zabity, ale po trzech dniach zmartwychwstanie. A m\u00f3wi\u0142 zupe\u0142nie otwarcie te s\u0142owa.<\/p>\n<p>Wtedy Piotr wzi\u0105\u0142 Go na bok i zacz\u0105\u0142 Go upomina\u0107. Lecz On obr\u00f3ci\u0142 si\u0119 i patrz\u0105c na swych uczni\u00f3w, zgromi\u0142 Piotra s\u0142owami: \u00abZejd\u017a Mi z oczu, szatanie, bo nie my\u015blisz po Bo\u017cemu, lecz po ludzku\u00bb.<\/p>\n<p>Potem przywo\u0142a\u0142 do siebie t\u0142um razem ze swoimi uczniami i rzek\u0142 im: \u00abJe\u015bli kto\u015b chce p\u00f3j\u015b\u0107 za Mn\u0105, niech si\u0119 zaprze samego siebie, niech we\u017amie krzy\u017c sw\u00f3j i niech Mnie na\u015bladuje. Bo kto chce zachowa\u0107 swoje \u017cycie, straci je; a kto straci swe \u017cycie z powodu Mnie i Ewangelii, zachowa je\u00bb.<\/p>\n<p>&nbsp;<\/p>\n<h1>Sakramenty \u2013 droga do Nieba<\/h1>\n<p><strong>Dzisiaj nast\u0105pi\u0142 wielki dzie\u0144 dla nas Polak\u00f3w. Kardyna\u0142 Stefan Wyszy\u0144ski i Matka R\u00f3\u017ca Czacka zostali og\u0142oszeni b\u0142ogos\u0142awionymi Ko\u015bcio\u0142a. Wierzymy, a nawet jeste\u015bmy przekonani, \u017ce oboje s\u0105 w Niebie, blisko Boga. \u015awi\u0119to\u015b\u0107 jest dla ka\u017cdego z nas.<\/strong><\/p>\n<p>Ka\u017cdy cz\u0142owiek jest powo\u0142any do \u015bwi\u0119to\u015bci. B\u00f3g w swoim wielkim Mi\u0142osierdziu stwarzaj\u0105c ludzi wskaza\u0142 kierunek w jakim maj\u0105 si\u0119 rozwija\u0107 i pod\u0105\u017ca\u0107 \u2013 jest nim Niebo. B\u00f3g zrobi\u0142 to, poniewa\u017c nas kocha. R\u00f3wnie\u017c z mi\u0142o\u015bci pragnie naszego szcz\u0119\u015bcia, dlatego te\u017c cz\u0142owiek zosta\u0142 obdarzony woln\u0105 wol\u0105, sam decyduje o sobie i swoim \u017cyciu. W tym jedynym aspekcie Pan B\u00f3g sam siebie ograniczy\u0142. Inaczej trudno by\u0142oby m\u00f3wi\u0107 o mi\u0142o\u015bci Stw\u00f3rcy do stworzenia.<\/p>\n<p>Ksi\u0119ga Rodzaju opisuje jak cz\u0142owiek korzysta z tego wielkiego daru i \u0142aski. Adam i Ewa, Pierwsi rodzice okazali swoje niepos\u0142usze\u0144stwo wobec Boga. Wybrali grzech, zwany p\u00f3\u017aniej pierworodnym. Dlatego te\u017c musieli opu\u015bci\u0107 bramy Raju. Zostali wygnani. Od tego momentu cz\u0142owiek nara\u017cony jest na trud pracy i b\u00f3l. \u015amier\u0107 wesz\u0142a na \u015bwiat. Czytaj\u0105c kolejne rozdzia\u0142y mo\u017cna si\u0119 o tym przekona\u0107. Chocia\u017cby sytuacja kiedy to Kain zabija swojego brata Abla.<\/p>\n<p>W historii zbawienia cz\u0142owiek nieraz odwraca\u0142 si\u0119 od Boga, wybiera\u0142 grzech. Jednak Pan w swojej wielkiej mi\u0142o\u015bci ratowa\u0142 Nar\u00f3d Wybrany \u2013 Izrael z tarapat\u00f3w. Warto przypomnie\u0107 wyzwolenie z niewoli egipskiej i pielgrzymk\u0119 do Ziemi Obiecanej. B\u00f3g i w tym by\u0142 ze swoim ludem.<br>Cz\u0142owiek jest sk\u0142onny do z\u0142ego. Cz\u0119sto kieruje si\u0119 grzechem i pogr\u0105\u017ca si\u0119, wybiera pot\u0119pienie. B\u00f3g widz\u0105c to chcia\u0142 ochroni\u0107 swoje stworzenie. Zes\u0142a\u0142 na \u015bwiat swojego Syna, Jezusa Chrystusa, aby odkupi\u0142 go z grzechu. Jezus g\u0142osi\u0142 Ewangeli\u0119, Mi\u0142o\u015b\u0107 Boga, da\u0142 przyk\u0142ad pi\u0119knego i dobrego \u017cycia. Ludzie jednak Go i tym razem odrzucili.<\/p>\n<p>Zosta\u0142 skazany na \u015bmier\u0107. Umieraj\u0105c na krzy\u017cu zostawi\u0142 nam sakramenty, kt\u00f3re maj\u0105 nas doprowadzi\u0107 do Nieba. Gdy umar\u0142 zosta\u0142 pochowany w grobie i zmartwychwsta\u0142 trzeciego dnia. Jezus \u017cyje. Odkupi\u0142 nas. Pokona\u0142 szatana z mi\u0142o\u015bci do nas. Zrobi\u0142 to dla ka\u017cdego cz\u0142owieka.<br>Dzi\u015b te\u017c zdarzaj\u0105 si\u0119 ludzie, kt\u00f3rzy odrzucaj\u0105 Boga. Przecie\u017c my te\u017c tak cz\u0119sto wybieramy z\u0142o. B\u00f3g tak jak z Izraelem tak i dzi\u015b jest z nami w ka\u017cdym momencie naszego \u017cycia. B\u00f3g jest obecny w sakramentach, kt\u00f3re s\u0105 dla nas ratunkiem i drog\u0105 do Nieba:<\/p>\n<ul>\n<li><strong>Chrzest<\/strong> \u2013 czyni z nas Dzieci Bo\u017ce i obmywa ze wszystkich grzech\u00f3w, w tym z pierworodnego;<\/li>\n<li><strong>Bierzmowanie<\/strong> \u2013 nape\u0142nia nas Duchem \u015awi\u0119tym;<\/li>\n<li><strong>Eucharystia<\/strong> \u2013 Chleb daj\u0105cy nam \u017cycie, sam Chrystus;<\/li>\n<li><strong>Sakrament Pokuty i Pojednania<\/strong> \u2013 oczyszcza nas z grzech\u00f3w, mamy na nowo \u0142ask\u0119 u\u015bwi\u0119caj\u0105c\u0105, mo\u017cemy przyjmowa\u0107 Komuni\u0119 \u015awi\u0119t\u0105;<\/li>\n<li><strong>Namaszczenie chorych<\/strong> \u2013 lekarstwo duchowe;<\/li>\n<li><strong>Kap\u0142a\u0144stwo i Ma\u0142\u017ce\u0144stwo<\/strong> \u2013 droga \u017cycia, u\u015bwi\u0119cenia i s\u0142u\u017cby bli\u017aniemu.<\/li>\n<\/ul>\n<p>Sakramenty zosta\u0142y nam dane z mi\u0142o\u015bci. One s\u0105 drog\u0105 do Nieba. Ka\u017cdy kto z nich korzysta i nimi \u017cyje mo\u017ce by\u0107 pewny, \u017ce osi\u0105gnie \u015bwi\u0119to\u015b\u0107. Chrystus w wielu miejscach Ewangelii to obieca\u0142. Najwa\u017cniejsze jest to, \u017ceby B\u00f3g by\u0142 na pierwszym miejscu. Dlatego tak wa\u017cne, \u017ceby odpowiedzie\u0107 na pytanie z dzisiejszej Ewangelii:<\/p>\n<p><strong>Za kogo uwa\u017casz Jezusa, kim On dla Ciebie jest?<\/strong><\/p>\n<p>&nbsp;<\/p>\n<p>&nbsp;<\/p>\n<p>&nbsp;<br><a href=\"http:\/\/rafalk-elblag.pl\/wp-content\/uploads\/2021\/08\/ogloszenia-parafialne-baner-01a.jpg\"><img loading=\"lazy\" decoding=\"async\" class=\"alignnone size-full wp-image-4410\" src=\"http:\/\/rafalk-elblag.pl\/wp-content\/uploads\/2021\/08\/ogloszenia-parafialne-baner-01a.jpg\" alt=\"\" width=\"720\" height=\"232\" srcset=\"https:\/\/rafalk-elblag.pl\/wp-content\/uploads\/2021\/08\/ogloszenia-parafialne-baner-01a.jpg 720w, https:\/\/rafalk-elblag.pl\/wp-content\/uploads\/2021\/08\/ogloszenia-parafialne-baner-01a-300x97.jpg 300w\" sizes=\"auto, (max-width: 720px) 100vw, 720px\" \/><\/a><\/p>\n<h1>Og\u0142oszenia parafialne 12.09.2021r<\/h1>\n<p><strong>1.<\/strong> UWAGA! Od wrze\u015bnia powracamy do Mszy \u015awi\u0119tej niedzielnej o godzinie 15:00, kt\u00f3ra rozpoczyna si\u0119 Koronk\u0105 do Mi\u0142osierdzia Bo\u017cego.<\/p>\n<p><strong>2.<\/strong> Drodzy Rodzice, Nauczyciele i Wychowawcy, dzisiejsz\u0105 niedziel\u0105 w naszej Ojczy\u017anie rozpoczynamy XI Tydzie\u0144 Wychowania, kt\u00f3rego has\u0142o brzmi \u201eW BLASKU OJCOSTWA\u201d. Podejmujemy pi\u0119kne dzie\u0142o wychowania ufaj\u0105c, \u017ce jego owoce s\u0105 niezniszczalne i pozostaj\u0105 na wieki. Pami\u0119tajmy o g\u0142\u0119bokich s\u0142owach Kardyna\u0142a Stefana Wyszy\u0144skiego: \u201eNa grobie ka\u017cdego nauczyciela napisa\u0107 mo\u017cna <strong>\u201eNON OMNIS MORIAR\u201d<\/strong> \u2013 \u201enie umar\u0142em wszystek\u201d \u2013 bo \u017cyjesz w dzieciach, kt\u00f3re wychowa\u0142e\u015b. Zapraszamy dzieci, m\u0142odzie\u017c naszej parafii oraz kandydat\u00f3w do Sakramentu Bierzmowania na Msz\u0119 \u015bw. \u2013 18 wrze\u015bnia (sobota) o godz. 18:00 w \u015bwi\u0119to \u015bw. Stanis\u0142awa Kostki \u2013 patrona Polski, dzieci i m\u0142odzie\u017cy. Wi\u0119cej na stronie: www.tydzie\u0144wychowania.pl<\/p>\n<p><strong>3.<\/strong> W tym tygodniu na plebanii odb\u0119d\u0105 si\u0119 spotkania rodzic\u00f3w dzieci przygotowuj\u0105cych si\u0119 w tym roku do Pierwszej Spowiedzi i Komunii \u015awi\u0119tej wed\u0142ug nast\u0119puj\u0105cego porz\u0105dku:<\/p>\n<ul>\n<li>\u2022 dnia 13 wrze\u015bnia (poniedzia\u0142ek) klasa III a i klasa III b \u2013 o godz. 19:00;<\/li>\n<li>\u2022 dnia 14 wrze\u015bnia (wtorek) klasa III c i klasa III d \u2013 o godz. 19:00, oraz rodzice dzieci ucz\u0105cych si\u0119 w innych szko\u0142ach.<\/li>\n<\/ul>\n<p><strong>OBECNO\u015a\u0106 RODZIC\u00d3W OBOWI\u0104ZKOWA.<\/strong><\/p>\n<p><strong>4. UWAGA!!!<\/strong> Zapisy do bierzmowania m\u0142odzie\u017cy z klas VIII Szko\u0142y Podstawowej trwaj\u0105 do ko\u0144ca wrze\u015bnia. Zg\u0142oszenia przyjmuje ks. Marcin.<\/p>\n<p><strong>5.<\/strong> W czwartek 16 wrze\u015bnia br. dzie\u0144 spotkania i formacji BRACTWA SZKAPLERZNEGO. Serdecznie zapraszamy na Msz\u0119 \u015aw. o godz. 18:00, a po niej na Nabo\u017ce\u0144stwo do Matki Bo\u017cej Szkaplerznej. Spotkanie RADY SZKAPLERZNEJ w salce na plebanii po nabo\u017ce\u0144stwie.<\/p>\n<p><strong>6.<\/strong> W pi\u0105tek 17 wrze\u015bnia w ko\u015bciele pw. \u201eWszystkich \u015awi\u0119tych\u201d w Elbl\u0105gu dla Zwi\u0105zku Sybirak\u00f3w i Kombatant\u00f3w z okazji 82 rocznicy napa\u015bci sowieckiej na Polsk\u0119 o godz. 10:00 zostanie odprawiona Msza \u015bwi\u0119ta. Po niej dalsze uroczysto\u015bci przy Krzy\u017cu Katy\u0144skim na Cmentarzu Komunalnym przy Agrykola.<\/p>\n<p><strong>7.<\/strong> W TYM TYGODNIU KOLEJNY ROK PRACY FORMACYJNEJ INAUGURUJE:<br>\u2022 Katolickie Stowarzyszenie M\u0142odzie\u017cy \u201eBOANERGES\u201d \u2013 w \u015brod\u0119 o godz. 19:00.<br>8. Zach\u0119camy do nabywania nowego numeru \u201eGo\u015bcia Niedzielnego\u201d w cenie 6 z\u0142. z dodatkiem \u201eGo\u015b\u0107 Elbl\u0105ski. Zach\u0119cam, by wychodz\u0105c z ko\u015bcio\u0142a wzi\u0105\u0107 z sob\u0105 BIULETYN.<\/p>\n<p><strong>9.<\/strong> Mamy w ko\u015bciele dwie nowe bezdotykowe kropielnice z wod\u0105 \u015bwi\u0119con\u0105: przy wej\u015bciu g\u0142\u00f3wnym i bocznym. Nie jest to p\u0142yn do dezynfekcji r\u0105k tylko woda \u015bwi\u0119cona do uczynienia znaku krzy\u017ca przy wej\u015bciu do \u015bwi\u0105tyni.<\/p>\n<p><strong>10.<\/strong> Mo\u017cliwo\u015b\u0107 skorzystanie z Sakramentu Spowiedzi \u015awi\u0119tej w tygodniu mamy:<br>od godz. 7:45 oraz od godz. 17:30. KANCELARIA PARAFIALNA: czynna w \u015brody od 16:00 do 17:30 oraz w pi\u0105tki po Mszy \u015bw. wieczorowej do 19:30. Zapraszamy.<\/p>\n<p>11. W naszej parafii trwa NOWENNA w intencji <strong>\u201eO RATUNEK DLA POLSKI PRZEZ MI\u0141OSIERDZIE BO\u017bE\u201d.<\/strong> Trwamy na modlitwie wed\u0142ug nast\u0119puj\u0105cego planu:<br>\u2022 godz. 14:00 R\u00f3\u017caniec,<br>\u2022 godz. 15:00 Koronka do Mi\u0142osierdzia Bo\u017cego i Msza \u015bwi\u0119ta,<br>\u2022 oko\u0142o godz. 16:15 wystawienie Naj\u015bwi\u0119tszego Sakramentu i modlitwy do godz. 17:30. Odpowiedzialni: Nieustaj\u0105cy R\u00f3\u017caniec, \u017bywy R\u00f3\u017caniec, Wsp\u00f3lnota Krwi Chrystusa, Apostolat Bo\u017cego Mi\u0142osierdzia.<br><strong>Zapraszamy do tej wsp\u00f3lnej modlitwy wszystkich, kt\u00f3rym los Ojczyzny nie jest oboj\u0119tny.<\/strong><\/p>\n<p>&nbsp;<\/p>\n<p><img decoding=\"async\" src=\"http:\/\/rafalk-elblag.pl\/wp-content\/uploads\/2020\/04\/baner-intencje-mszy.jpg\"><\/p>\n<h1>Intencje mszalne 12.09.2021r<\/h1>\n<p><strong>PONIEDZIA\u0141EK \/ 13 wrze\u015bnia 2021r. \/ \u015aw. Jana Chryzostoma<\/strong><br>8.00 \u2020 Halina URBA\u0143SKA ( 13 Msza Gregoria\u0144ska)<br>15.00 O ratunek dla Polski przez Mi\u0142osierdzie Bo\u017ce (6)<br>18.00 \u2020 El\u017cbieta, W\u0142adys\u0142awa (k) i Zygmunt KISIELEWSCY<br>18.00 \u2020 Danuta TOMASZEWICZ (4 r. \u015bm.)<\/p>\n<p><strong>WTOREK \/ 14 wrze\u015bnia 2021r. \/ \u015awi\u0119to Podwy\u017cszenia Krzy\u017ca \u015awi\u0119tego<\/strong><br>8.00 \u2020 Halina URBA\u0143SKA ( 14 Msza Gregoria\u0144ska)<br>15.00 O ratunek dla Polski przez Mi\u0142osierdzie Bo\u017ce (7)<br>18.00 \u2020 Bronis\u0142awa (k) (21 r. \u015bm.) i zmarli z rodziny WALA<br>18.00 \u2020 Halina CELI\u0143SKA (8 r. \u015bm.)<\/p>\n<p><strong>\u015aRODA \/ 15 wrze\u015bnia 2021r. \/ Naj\u015bwi\u0119tszej Maryi Panny Bolesnej<\/strong><br>8.00 Za dusze w czy\u015b\u0107cu cierpi\u0105ce<br>15.00 O ratunek dla Polski przez Mi\u0142osierdzie Bo\u017ce (8)<br>18.00 \u2020 Halina URBA\u0143SKA ( 15 Msza Gregoria\u0144ska)<br>18.00 \u2020 Hanna JANKOWSKA (7 r. \u015bm.) i zmar\u0142e rodze\u0144stwo<\/p>\n<p><strong>CZWARTEK \/ 16 wrze\u015bnia 2021r. \/ \u015awi\u0119tych M\u0119czennik\u00f3w Korneliusza i Cypriana<\/strong><br>8.00 \u2020 Halina URBA\u0143SKA ( 16 Msza Gregoria\u0144ska)<br>15.00 O ratunek dla Polski przez Mi\u0142osierdzie Bo\u017ce (9)<br>18.00 W intencji Bractwa Szkaplerznego i os\u00f3b, kt\u00f3re przyjm\u0105 Szkaplerz<br>18.00 \u2020 Jan PRZEWORSKI i zmarli rodzice Albina (k) i Tadeusz LESZCZY\u0143SCY<\/p>\n<p><strong>PI\u0104TEK \/ 17 wrze\u015bnia 2021r.<\/strong><br>8.00 \u2020 Franciszka (k) i Eugeniusz FOLZDORF<br>18.00 \u2020 Halina URBA\u0143SKA ( 17 Msza Gregoria\u0144ska)<br>18.00 Rezerwacja<\/p>\n<p><strong>SOBOTA \/ 18 wrze\u015bnia 2021r. \/ \u015aw. Stanis\u0142awa Kostki<\/strong><br>8.00 \u2020 Halina URBA\u0143SKA ( 18 Msza Gregoria\u0144ska)<br>18.00 \u2020 Helena i Jan GRABOWSCY<br>18.00 \u2020 Szczepan \u017bY\u0141A (4 r. \u015bm.)<\/p>\n<p><strong>XXV Niedziela Zwyk\u0142a \/ 19 wrze\u015bnia 2021 r.<\/strong><br>7.00 \u2020 Jan KOSTRZEWA (Msza z okazji rocznicy urodzin)<br>9.00 \u2020 Tadeusz ZINKIEWICZ<br>9.00 \u2020 Rajmund DULJAN (Msza w 30 dzie\u0144 po \u015bmierci)<br>10.30 \u2020 Bronis\u0142aw SOSNOWSKI<br>12.00 W intencji Parafian<br>15.00 \u2020 Halina URBA\u0143SKA ( 19 Msza Gregoria\u0144ska)<br>18.00 \u2020 J\u00f3zef SULECKI (24 r. \u015bm.)<\/p>\n\n\n<p><\/p>\n","protected":false},"excerpt":{"rendered":"<p>Ewangelia (Mk 8, 27-35)Zapowied\u017a m\u0119ki Chrystusa S\u0142owa Ewangelii wed\u0142ug \u015awi\u0119tego Marka Jezus uda\u0142 si\u0119 ze swoimi uczniami do wiosek pod Cezare\u0105 Filipow\u0105. W drodze pyta\u0142 uczni\u00f3w: \u00abZa kogo uwa\u017caj\u0105 Mnie ludzie?\u00bb Oni Mu odpowiedzieli: \u00abZa Jana Chrzciciela, inni za Eliasza, jeszcze inni za jednego z prorok\u00f3w\u00bb. On ich zapyta\u0142: \u00abA wy za kogo Mnie uwa\u017cacie?\u00bb [&hellip;]<\/p>\n","protected":false},"author":1,"featured_media":4444,"comment_status":"closed","ping_status":"closed","sticky":false,"template":"","format":"standard","meta":{"ngg_post_thumbnail":0,"footnotes":""},"categories":[11,8,4,3],"tags":[],"class_list":["post-4441","post","type-post","status-publish","format-standard","has-post-thumbnail","hentry","category-aktualnosci","category-blog","category-intencje","category-ogloszenia"],"_links":{"self":[{"href":"https:\/\/rafalk-elblag.pl\/index.php?rest_route=\/wp\/v2\/posts\/4441","targetHints":{"allow":["GET"]}}],"collection":[{"href":"https:\/\/rafalk-elblag.pl\/index.php?rest_route=\/wp\/v2\/posts"}],"about":[{"href":"https:\/\/rafalk-elblag.pl\/index.php?rest_route=\/wp\/v2\/types\/post"}],"author":[{"embeddable":true,"href":"https:\/\/rafalk-elblag.pl\/index.php?rest_route=\/wp\/v2\/users\/1"}],"replies":[{"embeddable":true,"href":"https:\/\/rafalk-elblag.pl\/index.php?rest_route=%2Fwp%2Fv2%2Fcomments&post=4441"}],"version-history":[{"count":3,"href":"https:\/\/rafalk-elblag.pl\/index.php?rest_route=\/wp\/v2\/posts\/4441\/revisions"}],"predecessor-version":[{"id":4448,"href":"https:\/\/rafalk-elblag.pl\/index.php?rest_route=\/wp\/v2\/posts\/4441\/revisions\/4448"}],"wp:featuredmedia":[{"embeddable":true,"href":"https:\/\/rafalk-elblag.pl\/index.php?rest_route=\/wp\/v2\/media\/4444"}],"wp:attachment":[{"href":"https:\/\/rafalk-elblag.pl\/index.php?rest_route=%2Fwp%2Fv2%2Fmedia&parent=4441"}],"wp:term":[{"taxonomy":"category","embeddable":true,"href":"https:\/\/rafalk-elblag.pl\/index.php?rest_route=%2Fwp%2Fv2%2Fcategories&post=4441"},{"taxonomy":"post_tag","embeddable":true,"href":"https:\/\/rafalk-elblag.pl\/index.php?rest_route=%2Fwp%2Fv2%2Ftags&post=4441"}],"curies":[{"name":"wp","href":"https:\/\/api.w.org\/{rel}","templated":true}]}}