{"id":4432,"date":"2021-09-04T18:05:47","date_gmt":"2021-09-04T18:05:47","guid":{"rendered":"http:\/\/rafalk-elblag.pl\/?p=4432"},"modified":"2021-09-04T18:05:47","modified_gmt":"2021-09-04T18:05:47","slug":"biuletyn-05-09-2021-xxiii-niedziela-zwykla","status":"publish","type":"post","link":"https:\/\/rafalk-elblag.pl\/?p=4432","title":{"rendered":"Biuletyn 05.09.2021, XXIII NIEDZIELA ZWYK\u0141A"},"content":{"rendered":"<p><iframe loading=\"lazy\" title=\"Abp Grzegorz Ry\u015b o S\u0142udze Bo\u017cej Matce El\u017cbiecie R\u00f3\u017cy Czackiej | \u0141\u00f3d\u017a 2021\" width=\"900\" height=\"506\" src=\"https:\/\/www.youtube.com\/embed\/gmmRlSV542Y?feature=oembed\" frameborder=\"0\" allow=\"accelerometer; autoplay; clipboard-write; encrypted-media; gyroscope; picture-in-picture\" allowfullscreen><\/iframe><\/p>\n<p><strong>Ewangelia (Mk 7, 31-37)<\/strong><br><strong>Uzdrowienie g\u0142uchoniemego<\/strong><\/p>\n<p>S\u0142owa Ewangelii wed\u0142ug \u015awi\u0119tego Marka<\/p>\n<p>Jezus opu\u015bci\u0142 okolice Tyru i przez Sydon przyszed\u0142 nad Jezioro Galilejskie, przemierzaj\u0105c posiad\u0142o\u015bci Dekapolu.<\/p>\n<p>Przyprowadzili Mu g\u0142uchoniemego i prosili Go, \u017ceby po\u0142o\u017cy\u0142 na niego r\u0119k\u0119. On wzi\u0105\u0142 go na bok, z dala od t\u0142umu, w\u0142o\u017cy\u0142 palce w jego uszy i \u015blin\u0105 dotkn\u0105\u0142 mu j\u0119zyka; a spojrzawszy w niebo, westchn\u0105\u0142 i rzek\u0142 do niego: \u00abEffatha\u00bb, to znaczy: Otw\u00f3rz si\u0119. Zaraz otworzy\u0142y si\u0119 jego uszy, wi\u0119zy j\u0119zyka si\u0119 rozwi\u0105za\u0142y i m\u00f3g\u0142 prawid\u0142owo m\u00f3wi\u0107.<\/p>\n<p>Jezus przykaza\u0142 im, \u017ceby nikomu nie m\u00f3wili. Lecz im bardziej przykazywa\u0142, tym gorliwiej to rozg\u0142aszali. I przepe\u0142nieni zdumieniem m\u00f3wili: \u00abDobrze wszystko uczyni\u0142. Nawet g\u0142uchym s\u0142uch przywraca i niemym mow\u0119\u00bb.<\/p>\n<p>&nbsp;<\/p>\n<h1>S\u0142uga Bo\u017ca Matka El\u017cbieta R\u00f3\u017ca Czacka<\/h1>\n<p><strong>Jak dobrze wiemy w niedziel\u0119, 12 wrze\u015bnia o godzinie 12:00 odb\u0119dzie si\u0119 beatyfikacja Czcigodnego S\u0142ugi Bo\u017cego Stefana Kardyna\u0142a Wyszy\u0144skiego. Tego dnia r\u00f3wnie\u017c beatyfikowana zostanie Matka El\u017cbieta R\u00f3\u017ca Czacka.<\/strong><\/p>\n<p><a href=\"http:\/\/rafalk-elblag.pl\/wp-content\/uploads\/2021\/09\/roza-czacka.jpg\"><img loading=\"lazy\" decoding=\"async\" class=\"size-medium wp-image-4434 alignleft\" src=\"http:\/\/rafalk-elblag.pl\/wp-content\/uploads\/2021\/09\/roza-czacka-196x300.jpg\" alt=\"\" width=\"196\" height=\"300\" srcset=\"https:\/\/rafalk-elblag.pl\/wp-content\/uploads\/2021\/09\/roza-czacka-196x300.jpg 196w, https:\/\/rafalk-elblag.pl\/wp-content\/uploads\/2021\/09\/roza-czacka.jpg 324w\" sizes=\"auto, (max-width: 196px) 100vw, 196px\" \/><\/a>R\u00f3\u017ca Czacka urodzi\u0142a si\u0119 22 pa\u017adziernika 1876 roku w Bia\u0142ej Cerkwi (obecnie Ukraina). By\u0142a sz\u00f3stym z siedmiorga dzieci Zofii z domu Led\u00f3chowskiej i Feliksa Czackiego. Od dzieci\u0144stwa mia\u0142a problemy ze wzrokiem, mimo licznych operacji, ca\u0142kowicie traci go w wieku 22 lat. M\u0142oda, wykszta\u0142cona, religijna dziewczyna rozpoczyna \u017cycie &#8222;po niewidomemu&#8221;. Uczy si\u0119 alfabetu Braille\u2019a, zapoznaje z najnowszymi osi\u0105gni\u0119ciami nauki o niewidomych, du\u017co podr\u00f3\u017cuje po Europie (m.in. do Francji, Austrii, Szwajcarii). W 1911 roku zak\u0142ada Towarzystwo Opieki nad Ociemnia\u0142ymi.<\/p>\n<p>Staraniem nowej instytucji powstaj\u0105 w Warszawie: ochronka, szko\u0142a powszechna, warsztaty, biblioteka brajlowska oraz tzw. patronat, obejmuj\u0105cy na terenie miasta doros\u0142ych niewidomych i ich rodziny.<br>Lata I wojny \u015bwiatowej R\u00f3\u017ca Czacka sp\u0119dzi\u0142a w \u017bytomierzu. By\u0142 to dla niej czas swoistych rekolekcji. Pojawi\u0142a si\u0119 my\u015bl o podj\u0119ciu \u017cycia zakonnego oraz o powo\u0142aniu nowego zgromadzenia zakonnego, kt\u00f3re s\u0142u\u017cy\u0142oby ludziom niewidomym. W 1917 roku R\u00f3\u017ca Czacka przyjmuje habit franciszka\u0144ski i sk\u0142ada \u015bluby wieczyste w III Zakonie \u015bw. Franciszka.<br>W maju 1918 roku wraca do Warszawy jako siostra El\u017cbieta. Po uzyskaniu koniecznych pozwole\u0144 przyjmuje kandydatki do nowego zgromadzenia, kt\u00f3re od 1 grudnia 1918 roku zaczyna istnie\u0107 jako Zgromadzenie Si\u00f3str Franciszkanek S\u0142u\u017cebnic Krzy\u017ca. Jego charyzmatem staje si\u0119 s\u0142u\u017cba ludziom niewidomym i wynagradzanie za duchow\u0105 \u015blepot\u0119 \u015bwiata. Opiekunem duchowym Zgromadzenia i ca\u0142ego Dzie\u0142a zostaje ksi\u0105dz W\u0142adys\u0142aw Korni\u0142owicz.<\/p>\n<p>W 1922 roku, dzi\u0119ki otrzymanej darowi\u017anie kilku m\u00f3rg ziemi w Laskach, Matka El\u017cbieta rozpoczyna budow\u0119 zak\u0142adu dla niewidomych. To tutaj stopniowo zostaj\u0105 przeniesione plac\u00f3wki dla niewidomych dzieci \u2013 szko\u0142a i warsztaty; powstaje dom macierzysty Zgromadzenia.<br>Do wybuchu II wojny \u015bwiatowej, Laski kierowane przez Matk\u0119 Czack\u0105 staj\u0105 si\u0119 nowoczesn\u0105 plac\u00f3wk\u0105 daj\u0105c\u0105 niewidomym wychowankom wykszta\u0142cenie podstawowe i zawodowe, pozwalaj\u0105ce na samodzielne i niezale\u017cne finansowo \u017cycie, przywracaj\u0105ce im ludzk\u0105 godno\u015b\u0107.<\/p>\n<p>Laski staj\u0105 si\u0119 o\u015brodkiem duchowo\u015bci franciszka\u0144skiej, przyci\u0105gaj\u0105 ludzi poszukuj\u0105cych; s\u0105 miejscem, gdzie cierpienie spowodowane brakiem wzroku, przyjmowane jest z m\u0119stwem i pogod\u0105; gdzie na r\u00f3wnych prawach wsp\u00f3\u0142pracuj\u0105 ze sob\u0105 osoby niewidome, pracownicy \u015bwieccy i siostry zakonne. We wrze\u015bniu 1939 roku, w czasie bombardowania Warszawy, Matka Czacka zostaje ranna w g\u0142ow\u0119 i traci oko. Po powrocie do Lasek kieruje odbudow\u0105 zak\u0142adu. W 1942 roku kapelanem i opiekunem duchowym zgromadzenia w Laskach zostaje ks. Stefan Wyszy\u0144ski.<br>W 1950 roku rozpoczyna si\u0119 trwaj\u0105ca do \u015bmierci choroba R\u00f3\u017cy Czackiej. Przekazuje kierownictwo swojej nast\u0119pczyni i wspiera Dzie\u0142o modlitw\u0105 i ofiar\u0105 cierpienia. Matka El\u017cbieta R\u00f3\u017ca Czacka zmar\u0142a w opinii \u015bwi\u0119to\u015bci 15 maja 1961 roku w Laskach. Zosta\u0142a pochowana na cmentarzu, kt\u00f3ry znajduje si\u0119 na terenie O\u015brodka Szkolno-Wychowawczego w Laskach.<\/p>\n<p>\u017ar\u00f3d\u0142o: Towarzystwo Opieki nad Ociemnia\u0142ymi Laski<\/p>\n<p>&nbsp;<\/p>\n<p>&nbsp;<\/p>\n<p>&nbsp;<br><a href=\"http:\/\/rafalk-elblag.pl\/wp-content\/uploads\/2021\/08\/ogloszenia-parafialne-baner-01a.jpg\"><img loading=\"lazy\" decoding=\"async\" class=\"alignnone size-full wp-image-4410\" src=\"http:\/\/rafalk-elblag.pl\/wp-content\/uploads\/2021\/08\/ogloszenia-parafialne-baner-01a.jpg\" alt=\"\" width=\"720\" height=\"232\" srcset=\"https:\/\/rafalk-elblag.pl\/wp-content\/uploads\/2021\/08\/ogloszenia-parafialne-baner-01a.jpg 720w, https:\/\/rafalk-elblag.pl\/wp-content\/uploads\/2021\/08\/ogloszenia-parafialne-baner-01a-300x97.jpg 300w\" sizes=\"auto, (max-width: 720px) 100vw, 720px\" \/><\/a><\/p>\n<h1>Og\u0142oszenia parafialne 29.08.2021r<\/h1>\n<p><br><strong>1. UWAGA! Od wrze\u015bnia powracamy do Mszy \u015bwi\u0119tej niedzielnej o godzinie 15:00, kt\u00f3ra rozpoczyna si\u0119 Koronk\u0105 do Mi\u0142osierdzia Bo\u017cego. Dzi\u0119kuj\u0119 osobom z Apostolatu Bo\u017cego Mi\u0142osierdzia za prowadzenie Koronki w czasie wakacji.<\/strong><\/p>\n<p><strong>2.<\/strong> Dzi\u015b w pierwsz\u0105 niedziel\u0119 miesi\u0105ca zapraszamy na Adoracj\u0119 Naj\u015bwi\u0119tszego Sakramentu od godz. 16:00 do 18:00. Chciejmy szczeg\u00f3lnie modli\u0107 si\u0119 za Afganistan.<\/p>\n<p>3. Wielu mieszka\u0144c\u00f3w Afganistanu podj\u0119\u0142o decyzj\u0119 o ucieczce ze swego kraju, z obawy przed prze\u015bladowaniem i utrat\u0105 \u017cycia. Uchodz\u0105 oni nie tylko do Europy, ale te\u017c do innych kraj\u00f3w Azji, m.in. do Pakistanu. Niepewny jest r\u00f3wnie\u017c los chrze\u015bcijan w Afganistanie. S\u0105 oni powa\u017cnie zagro\u017ceni. Dlatego dzisiejsza Niedziela w Polsce jest DNIEM SOLIDARNO\u015aCI Z AFGA\u0143CZYKAMI. Niech wyrazi to nasza wsp\u00f3lna modlitwa oraz zebrane przed ko\u015bcio\u0142em ofiary do puszek. Dzi\u0119kuj\u0119.<\/p>\n<p><strong>4.<\/strong> Od 8 do 16 wrze\u015bnia 2021 w naszej parafii odbywa\u0107 si\u0119 b\u0119dzie NOWENNA w intencji \u201eO RATUNEK DLA POLSKI PRZEZ MI\u0141OSIERDZIE BO\u017bE\u201d. Przez 9 dni b\u0119dziemy trwa\u0107 na modlitwie wed\u0142ug nast\u0119puj\u0105cego planu:<\/p>\n<ul>\n<li>godz. 14:00 R\u00f3\u017caniec,<\/li>\n<li>godz. 15:00 Koronka do Mi\u0142osierdzia Bo\u017cego i Msza \u015bwi\u0119ta,<\/li>\n<li>oko\u0142o godz. 16:15 wystawienie Naj\u015bwi\u0119tszego Sakramentu i modlitwy do godz. 17:30.<\/li>\n<\/ul>\n<p>Odpowiedzialni: Nieustaj\u0105cy R\u00f3\u017caniec, \u017bywy R\u00f3\u017caniec, Wsp\u00f3lnota Krwi Chrystusa, Apostolat Bo\u017cego Mi\u0142osierdzia.<\/p>\n<p><span style=\"text-decoration: underline;\"><strong>Zapraszamy do tej wsp\u00f3lnej modlitwy wszystkich, kt\u00f3rym los Ojczyzny nie jest oboj\u0119tny.<\/strong><\/span><\/p>\n<p><strong>5.<\/strong> W czwartek 9 wrze\u015bnia br. przypada 12 rocznica \u015bmierci ks. Bp. Andrzeja \u015aliwi\u0144skiego &#8211; pierwszego Biskupa Elbl\u0105skiego spoczywaj\u0105cego w Krypcie Biskup\u00f3w Elbl\u0105skich. Msza \u015awi\u0119ta o dar \u017cycia wiecznego za \u015bp. Biskupa Andrzeja zostanie odprawiona w Katedrze Elbl\u0105skiej o godz. 18:00.<\/p>\n<p><strong>6.<\/strong> Rozpocz\u0105\u0142 si\u0119 Nowy Rok Szkolny i Katechetyczny. Zatroszczmy si\u0119 o dobre wychowanie m\u0142odego pokolenia. Postarajmy si\u0119 znale\u017a\u0107 czas dla naszych dzieci i zadbajmy o ich udzia\u0142 w lekcjach religii. Przypominamy ponadto \u017ce przygotowanie do przyj\u0119cia sakrament\u00f3w \u015bwi\u0119tych tj. do pierwszej Spowiedzi i Komunii \u015awi\u0119tej oraz do Sakramentu Bierzmowania odbywa si\u0119 r\u00f3wnie\u017c w Ko\u015bciele.<\/p>\n<p><strong>7. UWAGA!!!<\/strong> <strong>Zapisy do bierzmowania<\/strong> m\u0142odzie\u017cy z klas VIII Szko\u0142y Podstawowej trwaj\u0105 do ko\u0144ca wrze\u015bnia. Zg\u0142oszenia przyjmuje ks. Marcin.<\/p>\n<p><strong>8.<\/strong> Ofiary z\u0142o\u017cone na tac\u0119 przeznaczona s\u0105 na sp\u0142at\u0119 wykonanych prac na plebanii (remont kuchni i refektarza). B\u00f3g zap\u0142a\u0107 za sk\u0142adane ofiary.<\/p>\n<p>9. W TYM TYGODNIU KOLEJNY ROK PRACY FORMACYJNEJ INAUGURUJE:<\/p>\n<ul>\n<li>Odnowa w Duchu \u015awi\u0119tym \u201eKana Galilejska\u201d we wtorek 7 wrze\u015bnia br. &#8211; Msz\u0105 \u015bw. o godz. 18:00, a po Mszy \u015bw. Adoracja Naj\u015bwi\u0119tszego Sakramentu.<\/li>\n<li>Kr\u0105g Biblijny w \u015brod\u0119 8 wrze\u015bnia o godz. 18.45. Zapraszamy osoby pragn\u0105ce bardziej pochyli\u0107 si\u0119 nad Ksi\u0119g\u0105 \u017bycia<\/li>\n<li>Parafialny Oddzia\u0142 Caritas &#8211; w ka\u017cdy czwartek w godzinach od 16:00 do 17:00 przy ul. Myliusa 1A. Zapraszamy osoby potrzebuj\u0105ce pomocy<\/li>\n<\/ul>\n<p>10. Zach\u0119camy do nabywania nowego numeru \u201eGo\u015bcia Niedzielnego\u201d z dodatkiem \u201eGo\u015b\u0107 Elbl\u0105ski\u201d w cenie 6 z\u0142. Zach\u0119camy, by wychodz\u0105c z ko\u015bcio\u0142a wzi\u0105\u0107 z sob\u0105 BIULETYN PARAFIALNY.<\/p>\n<p><strong>11.<\/strong> Pan powo\u0142a\u0142 do wieczno\u015bci:<\/p>\n<p><strong>\u2020 \u015bp. Ryszarda Adamczyka<\/strong> lat 63 z ul. Broniewskiego,<br><strong>\u2020 \u015bp. Jadwig\u0119 Wasiluk<\/strong> lat 89 z ul. Brzechwy,<br><strong>\u2020 \u015bp. Aleksandr\u0119 Klarkowsk\u0105<\/strong> lat 66 z ul. \u0141okietka.<\/p>\n<p>&nbsp;<\/p>\n<p><img decoding=\"async\" src=\"http:\/\/rafalk-elblag.pl\/wp-content\/uploads\/2020\/04\/baner-intencje-mszy.jpg\"><\/p>\n<h1>Intencje mszalne 05.09.2021r<\/h1>\n<p><br><strong>PONIEDZIA\u0141EK \/ 6 wrze\u015bnia 2021r.<\/strong><br>8.00 \u2020 Halina URBA\u0143SKA ( 6 Msza Gregoria\u0144ska)<br>18.00 \u2020 Janina i Stefan JANTA \u2013 LIPI\u0143SCY i zmarli z obojga stron<br>18.00 \u2020 Joanna i Boles\u0142aw i zmarli z rodziny MINKIEWICZ oraz J\u00f3zef KUBISIAK<\/p>\n<p><strong>WTOREK \/ 7 wrze\u015bnia 2021r.<\/strong><br>8.00 \u2020 Halina URBA\u0143SKA ( 7 Msza Gregoria\u0144ska)<br>18.00 Dzi\u0119kczynna w 19. rocznic\u0119 \u015blubu Anny i Artura STANKIEWICZ z pro\u015bb\u0105 o Bo\u017ce B\u0142ogos\u0142awie\u0144stwo i potrzebne \u0142aski dla ca\u0142ej rodziny<br>18.00 \u2020 Czes\u0142awa Gra\u017cyna KO\u015aCIEWICZ (30 dzie\u0144 po pogrzebie)<br>18.00 \u2020 Ignacy ROKOWSKI (7 miesi\u0105c po pogrzebie)<\/p>\n<p><span style=\"color: #0000ff;\"><strong><span style=\"color: #000000;\">\u015aRODA \/ 8 wrze\u015bnia 2021r. \/<\/span> \u015awi\u0119to Narodzenia Naj\u015bwi\u0119tszej Maryi Panny<\/strong><\/span><br>8.00 \u2020 Halina URBA\u0143SKA ( 8 Msza Gregoria\u0144ska)<br>15.00 O ratunek dla Polski przez Mi\u0142osierdzie Bo\u017ce (1)<br>18.00 \u2020 Andrzej (rocznica \u015bmierci) i zmarli z rodziny BINKOWSKICH<br>18.00 Rezerwacja<\/p>\n<p><strong>CZWARTEK \/ 9 wrze\u015bnia 2021r.<\/strong><br>8.00 \u2020 Halina URBA\u0143SKA ( 9 Msza Gregoria\u0144ska)<br>15.00 O ratunek dla Polski przez Mi\u0142osierdzie Bo\u017ce (2)<br>18.00 \u2020 Zygmunt KOWALSKI (31 r. \u015bm.)<br>18.00 \u2020 Marianna KOPCZY\u0143SKA (8 miesi\u0105c po \u015bmierci) oraz zmarli z rodziny KOPCZY\u0143SKICH, OKONOWICZ\u00d3W, CABAJ\u00d3W i GROS\u00d3W<\/p>\n<p><strong>PI\u0104TEK \/ 10 wrze\u015bnia 2021r.<\/strong><br>8.00 \u2020 Regina HIPSZ oraz synowie Franciszek i Lech<br>15.00 O ratunek dla Polski przez Mi\u0142osierdzie Bo\u017ce (3)<br>18.00 \u2020 Halina URBA\u0143SKA ( 10 Msza Gregoria\u0144ska)<br>18.00 \u2020 Mieczys\u0142aw i W\u0142odzimierz oraz zmarli z rodziny WILE\u0143SKICH i CHAJDUKIEWICZ<\/p>\n<p><strong>SOBOTA \/ 11 wrze\u015bnia 2021r.<\/strong><br>8.00 \u2020 Halina URBA\u0143SKA ( 11 Msza Gregoria\u0144ska)<br>10.30 O ratunek dla Polski przez Mi\u0142osierdzie Bo\u017ce (5)<br>18.00 \u2020 Jan i Maria BANASIUK<\/p>\n<p><strong>XXIV Niedziela Zwyk\u0142a \/ 12 wrze\u015bnia 2021 r.<\/strong><br>7.00 \u2020 Stefan, Jan, Feliksa (k) KOWALCZYK; Dorota i Mieczys\u0142aw KINACH; Miko\u0142aj GORSZOMOWSKI; zmarli z rodziny KINACH i GORSZONOWSKICH<br>9.00 O Bo\u017ce B\u0142ogos\u0142awie\u0144stwo, wszelkie potrzebne \u0142aski dla Nikodema i jego rodziny, Agnieszki i ca\u0142ej rodziny zakonnej oraz Magdaleny i Macieja<br>10.30 \u2020 Janina<br>12.00 W intencji Parafian<br>15.00 \u2020 Halina URBA\u0143SKA ( 12 Msza Gregoria\u0144ska)<br>15.00 O ratunek dla Polski przez Mi\u0142osierdzie Bo\u017ce (5)<br>18.00 \u2020 Helena (10 r. \u015bm.) i Wac\u0142aw (25 r. \u015bm.) W\u0104SIK<\/p>\n\n\n<p><\/p>\n","protected":false},"excerpt":{"rendered":"<p>Ewangelia (Mk 7, 31-37)Uzdrowienie g\u0142uchoniemego S\u0142owa Ewangelii wed\u0142ug \u015awi\u0119tego Marka Jezus opu\u015bci\u0142 okolice Tyru i przez Sydon przyszed\u0142 nad Jezioro Galilejskie, przemierzaj\u0105c posiad\u0142o\u015bci Dekapolu. Przyprowadzili Mu g\u0142uchoniemego i prosili Go, \u017ceby po\u0142o\u017cy\u0142 na niego r\u0119k\u0119. On wzi\u0105\u0142 go na bok, z dala od t\u0142umu, w\u0142o\u017cy\u0142 palce w jego uszy i \u015blin\u0105 dotkn\u0105\u0142 mu j\u0119zyka; a [&hellip;]<\/p>\n","protected":false},"author":1,"featured_media":4433,"comment_status":"closed","ping_status":"closed","sticky":false,"template":"","format":"standard","meta":{"ngg_post_thumbnail":0,"footnotes":""},"categories":[11,8,4,3],"tags":[],"class_list":["post-4432","post","type-post","status-publish","format-standard","has-post-thumbnail","hentry","category-aktualnosci","category-blog","category-intencje","category-ogloszenia"],"_links":{"self":[{"href":"https:\/\/rafalk-elblag.pl\/index.php?rest_route=\/wp\/v2\/posts\/4432","targetHints":{"allow":["GET"]}}],"collection":[{"href":"https:\/\/rafalk-elblag.pl\/index.php?rest_route=\/wp\/v2\/posts"}],"about":[{"href":"https:\/\/rafalk-elblag.pl\/index.php?rest_route=\/wp\/v2\/types\/post"}],"author":[{"embeddable":true,"href":"https:\/\/rafalk-elblag.pl\/index.php?rest_route=\/wp\/v2\/users\/1"}],"replies":[{"embeddable":true,"href":"https:\/\/rafalk-elblag.pl\/index.php?rest_route=%2Fwp%2Fv2%2Fcomments&post=4432"}],"version-history":[{"count":2,"href":"https:\/\/rafalk-elblag.pl\/index.php?rest_route=\/wp\/v2\/posts\/4432\/revisions"}],"predecessor-version":[{"id":4442,"href":"https:\/\/rafalk-elblag.pl\/index.php?rest_route=\/wp\/v2\/posts\/4432\/revisions\/4442"}],"wp:featuredmedia":[{"embeddable":true,"href":"https:\/\/rafalk-elblag.pl\/index.php?rest_route=\/wp\/v2\/media\/4433"}],"wp:attachment":[{"href":"https:\/\/rafalk-elblag.pl\/index.php?rest_route=%2Fwp%2Fv2%2Fmedia&parent=4432"}],"wp:term":[{"taxonomy":"category","embeddable":true,"href":"https:\/\/rafalk-elblag.pl\/index.php?rest_route=%2Fwp%2Fv2%2Fcategories&post=4432"},{"taxonomy":"post_tag","embeddable":true,"href":"https:\/\/rafalk-elblag.pl\/index.php?rest_route=%2Fwp%2Fv2%2Ftags&post=4432"}],"curies":[{"name":"wp","href":"https:\/\/api.w.org\/{rel}","templated":true}]}}