{"id":4423,"date":"2021-08-27T09:26:32","date_gmt":"2021-08-27T09:26:32","guid":{"rendered":"http:\/\/rafalk-elblag.pl\/?p=4423"},"modified":"2021-08-28T14:07:34","modified_gmt":"2021-08-28T14:07:34","slug":"biuletyn-29-08-2021-xxii-niedziela-zwykla","status":"publish","type":"post","link":"https:\/\/rafalk-elblag.pl\/?p=4423","title":{"rendered":"Biuletyn 29.08.2021, XXII NIEDZIELA ZWYK\u0141A"},"content":{"rendered":"<p><iframe loading=\"lazy\" title=\"Ks. Piotr Pawlukiewicz: Serce decyduje o wszystkim...\" width=\"900\" height=\"506\" src=\"https:\/\/www.youtube.com\/embed\/99VwCv5khyQ?feature=oembed\" frameborder=\"0\" allow=\"accelerometer; autoplay; clipboard-write; encrypted-media; gyroscope; picture-in-picture\" allowfullscreen><\/iframe><\/p>\n<p><strong>Ewangelia (Mk 7, 1-8a. 14-15. 21-23)<\/strong><br><strong>Prawo Bo\u017ce a zwyczaje<\/strong><\/p>\n<p><strong>S\u0142owa Ewangelii wed\u0142ug \u015awi\u0119tego Marka<\/strong><\/p>\n<p>U Jezusa zebrali si\u0119 faryzeusze i kilku uczonych w Pi\u015bmie, kt\u00f3rzy przybyli z Jerozolimy. I zauwa\u017cyli, \u017ce niekt\u00f3rzy z Jego uczni\u00f3w brali posi\u0142ek nieczystymi, to znaczy nieobmytymi r\u0119kami. Faryzeusze bowiem, i w og\u00f3le \u017bydzi, trzymaj\u0105c si\u0119 tradycji starszych, nie jedz\u0105, je\u015bli sobie r\u0105k nie obmyj\u0105, rozlu\u017aniaj\u0105c pi\u0119\u015b\u0107. I gdy wr\u00f3c\u0105 z rynku, nie jedz\u0105, dop\u00f3ki si\u0119 nie obmyj\u0105. Jest jeszcze wiele innych zwyczaj\u00f3w, kt\u00f3re przej\u0119li i kt\u00f3rych przestrzegaj\u0105, jak obmywanie kubk\u00f3w, dzbank\u00f3w, naczy\u0144 miedzianych.<\/p>\n<p>Zapytali Go wi\u0119c faryzeusze i uczeni w Pi\u015bmie: \u00abDlaczego Twoi uczniowie nie post\u0119puj\u0105 wed\u0142ug tradycji starszych, lecz jedz\u0105 nieczystymi r\u0119kami?\u00bb<\/p>\n<p>Odpowiedzia\u0142 im: \u00abS\u0142usznie prorok Izajasz powiedzia\u0142 o was, ob\u0142udnikach, jak jest napisane: \u201eTen lud czci Mnie wargami, lecz sercem swym daleko jest ode Mnie. Ale czci Mnie na pr\u00f3\u017cno, ucz\u0105c zasad podanych przez ludzi\u201d. Uchylili\u015bcie przykazanie Bo\u017ce, a trzymacie si\u0119 ludzkiej tradycji\u00bb.<\/p>\n<p>Potem przywo\u0142a\u0142 znowu t\u0142um do siebie i rzek\u0142 do niego: \u00abS\u0142uchajcie Mnie, wszyscy, i zrozumcie! Nic nie wchodzi z zewn\u0105trz w cz\u0142owieka, co mog\u0142oby uczyni\u0107 go nieczystym; lecz to, co wychodzi z cz\u0142owieka, to czyni cz\u0142owieka nieczystym. Z wn\u0119trza bowiem, z serca ludzkiego pochodz\u0105 z\u0142e my\u015bli, nierz\u0105d, kradzie\u017ce, zab\u00f3jstwa, cudzo\u0142\u00f3stwa, chciwo\u015b\u0107, przewrotno\u015b\u0107, podst\u0119p, wyuzdanie, zazdro\u015b\u0107, obelgi, pycha, g\u0142upota. Ca\u0142e to z\u0142o z wn\u0119trza pochodzi i czyni cz\u0142owieka nieczystym\u00bb.<\/p>\n<p>&nbsp;<\/p>\n<p>&nbsp;<\/p>\n<h1>Prymas Tysi\u0105clecia<\/h1>\n<p><strong>Za kilkana\u015bcie dni b\u0119dziemy \u015bwiadkami wyj\u0105tkowego duchowego wydarzenia. W niedziel\u0119, 12 wrze\u015bnia o godzinie 12:00 odb\u0119dzie si\u0119 beatyfikacja Czcigodnego S\u0142ugi Bo\u017cego Stefana Kardyna\u0142a Wyszy\u0144skiego. Uroczysto\u015bci b\u0119d\u0105 mia\u0142y miejsce w Warszawie, w \u015awi\u0105tyni Opatrzno\u015bci Bo\u017cej.<\/strong><\/p>\n<p><a href=\"http:\/\/rafalk-elblag.pl\/wp-content\/uploads\/2021\/08\/stefan-wyszynski-01a.jpg\"><img loading=\"lazy\" decoding=\"async\" class=\"size-full wp-image-4426 alignleft\" src=\"http:\/\/rafalk-elblag.pl\/wp-content\/uploads\/2021\/08\/stefan-wyszynski-01a.jpg\" alt=\"\" width=\"302\" height=\"402\" srcset=\"https:\/\/rafalk-elblag.pl\/wp-content\/uploads\/2021\/08\/stefan-wyszynski-01a.jpg 302w, https:\/\/rafalk-elblag.pl\/wp-content\/uploads\/2021\/08\/stefan-wyszynski-01a-225x300.jpg 225w\" sizes=\"auto, (max-width: 302px) 100vw, 302px\" \/><\/a>Stefan Wyszy\u0144ski, urodzi\u0142 si\u0119 3 sierpnia 1901 r. w Zuzeli nad Bugiem, na pograniczu Mazowsza i Podlasia. Od 1920 r. kszta\u0142ci\u0142 si\u0119 w Wy\u017cszym Seminarium Duchownym we W\u0142oc\u0142awku. 3 sierpnia 1924 r. z r\u0105k bp Wojciecha Owczarka przyj\u0105\u0142 \u015bwi\u0119cenia kap\u0142a\u0144skie. W latach 1925 \u2013 1929 kontynuowa\u0142 nauk\u0119 na Wydziale Prawa Kanonicznego, a tak\u017ce Wydziale Prawa i Nauk Spo\u0142eczno \u2013 Ekonomicznych KUL. W 1929 r. uzyska\u0142 doktorat na podstawie rozprawy Prawa rodziny, Ko\u015bcio\u0142a i pa\u0144stwa do szko\u0142y. Rok p\u00f3\u017aniej zosta\u0142 profesorem prawa kanonicznego i socjologii w Wy\u017cszym Seminarium Duchownym we W\u0142oc\u0142awku. Po kampanii wrze\u015bniowej musia\u0142 ukrywa\u0107 si\u0119 przed gestapo (przed wojn\u0105 w swoich publikacjach zdecydowanie przeciwstawia\u0142 si\u0119 nazizmowi).<\/p>\n<p>Podczas Powstania Warszawskiego by\u0142 kapelanem zgrupowania AK \u201eKampinos\u201d. Po zako\u0144czeniu wojny powr\u00f3ci\u0142 do W\u0142oc\u0142awka, gdzie zaanga\u017cowa\u0142 si\u0119 w prace nad ponownym otwarciem seminarium. Jeszcze w 1945 r. zosta\u0142 jego rektorem, a tak\u017ce redaktorem czasopisma \u201e\u0141ad Bo\u017cy\u201d. W 1946 r. papie\u017c Pius XII mianowa\u0142 go biskupem ordynariuszem diecezji lubelskiej. Sakr\u0119 biskupi\u0105 przyj\u0105\u0142 na Jasnej G\u00f3rze 12 maja 1946 r., z r\u0105k prymasa Augusta Hlonda. Jako dewiz\u0119 przyj\u0105\u0142 has\u0142o Soli Deo (Jedynemu Bogu). Dwa lata p\u00f3\u017aniej, zosta\u0142 podniesiony do godno\u015bci arcybiskupa metropolity warszawsko &#8211; gnie\u017anie\u0144skiego, prymasa Polski, a 12 stycznia 1953 r. otrzyma\u0142 kapelusz kardynalski.<\/p>\n<p><a href=\"http:\/\/rafalk-elblag.pl\/wp-content\/uploads\/2021\/08\/stefan-wyszynski-02a.jpg\"><img loading=\"lazy\" decoding=\"async\" class=\"size-medium wp-image-4428 alignright\" src=\"http:\/\/rafalk-elblag.pl\/wp-content\/uploads\/2021\/08\/stefan-wyszynski-02a-300x242.jpg\" alt=\"\" width=\"300\" height=\"242\" srcset=\"https:\/\/rafalk-elblag.pl\/wp-content\/uploads\/2021\/08\/stefan-wyszynski-02a-300x242.jpg 300w, https:\/\/rafalk-elblag.pl\/wp-content\/uploads\/2021\/08\/stefan-wyszynski-02a.jpg 676w\" sizes=\"auto, (max-width: 300px) 100vw, 300px\" \/><\/a>25 wrze\u015bnia 1953 r. prymas zosta\u0142 aresztowany. Do jesieni 1956 r. przebywa\u0142 w kolejnych miejscach odosobnienia: Rywa\u0142dzie Kr\u00f3lewskim, Stoczku Warmi\u0144skim, Prudniku \u015al\u0105skim oraz Koma\u0144czy. Podczas pobytu prymasa w Koma\u0144czy powsta\u0142 tekst Jasnog\u00f3rskich \u015alub\u00f3w Narodu Polskiego, pomy\u015blanych jako odnowienie \u015blub\u00f3w lwowskich Jana Kazimierza z czas\u00f3w Potopu szwedzkiego. Poniewa\u017c kardyna\u0142 Wyszy\u0144ski wci\u0105\u017c by\u0142 wi\u0119ziony, tekst \u015blub\u00f3w odczyta\u0142 bp Micha\u0142 Klepacz 26 sierpnia 1956 r., w obecno\u015bci blisko miliona pielgrzym\u00f3w, przyby\u0142ych na Jasn\u0105 G\u00f3r\u0119.<br>Po odzyskaniu wolno\u015bci prymas, w latach 1957 \u2013 1966 prowadzi\u0142 Wielk\u0105 Nowenn\u0119, kt\u00f3ra mia\u0142a przygotowa\u0107 nar\u00f3d na obchody Tysi\u0105clecia Chrztu Polski. Nowenna zako\u0144czy\u0142a si\u0119 3 maja 1966 r. Aktem Oddania Narodu Matce Bo\u017cej za wolno\u015b\u0107 Ko\u015bcio\u0142a w Polsce i na \u015bwiecie. Kardyna\u0142 Wyszy\u0144ski by\u0142 te\u017c jednym z inicjator\u00f3w s\u0142ynnego or\u0119dzia biskup\u00f3w polskich i biskup\u00f3w niemieckich. Pozostawa\u0142 aktywnym uczestnikiem obrad Soboru Watyka\u0144skiego II.<\/p>\n<p>Wobec napi\u0119tej sytuacji polityczno \u2013 spo\u0142ecznej w naszym kraju prymas Wyszy\u0144ski podejmowa\u0142 starania maj\u0105ce na celu \u0142agodzenie konflikt\u00f3w na linii rz\u0105d \u2013 opozycja.<\/p>\n<p>Prymas Polski Stefan kardyna\u0142 Wyszy\u0144ski zmar\u0142 28 maja 1981 r. w Warszawie, w uroczysto\u015b\u0107 Wniebowst\u0105pienia Pa\u0144skiego. Mia\u0142 80 lat, z kt\u00f3rych 57 prze\u017cy\u0142 jako kap\u0142an. Trumna z jego cia\u0142em spocz\u0119\u0142a w podziemiach katedry \u015bw. Jana w Warszawie, a pogrzeb sta\u0142 si\u0119 wielk\u0105 manifestacj\u0105 narodow\u0105.<\/p>\n<p>Liliana Kycia<\/p>\n<p>&nbsp;<\/p>\n<p>&nbsp;<\/p>\n<p>&nbsp;<br><a href=\"http:\/\/rafalk-elblag.pl\/wp-content\/uploads\/2021\/08\/ogloszenia-parafialne-baner-01a.jpg\"><img loading=\"lazy\" decoding=\"async\" class=\"alignnone size-full wp-image-4410\" src=\"http:\/\/rafalk-elblag.pl\/wp-content\/uploads\/2021\/08\/ogloszenia-parafialne-baner-01a.jpg\" alt=\"\" width=\"720\" height=\"232\" srcset=\"https:\/\/rafalk-elblag.pl\/wp-content\/uploads\/2021\/08\/ogloszenia-parafialne-baner-01a.jpg 720w, https:\/\/rafalk-elblag.pl\/wp-content\/uploads\/2021\/08\/ogloszenia-parafialne-baner-01a-300x97.jpg 300w\" sizes=\"auto, (max-width: 720px) 100vw, 720px\" \/><\/a><\/p>\n<h1>Og\u0142oszenia parafialne 29.08.2021r<\/h1>\n<p><strong>1.<\/strong> W \u015brod\u0119 przypada 82 rocznica wybuchu II Wojny \u015awiatowej. Pami\u0119tajmy w modlitwie o wszystkich, kt\u00f3rzy oddali \u017cycie w obronie Ojczyzny oraz pro\u015bmy o pok\u00f3j na \u015bwiecie.<\/p>\n<p><strong>2.<\/strong> <strong>UWAGA! Od wrze\u015bnia powracamy do Mszy \u015bwi\u0119tej niedzielnej o godzinie 15:00, kt\u00f3ra rozpoczyna si\u0119 Koronk\u0105 do Mi\u0142osierdzia Bo\u017cego. Dzi\u0119kuj\u0119 osobom z Apostolatu Bo\u017cego Mi\u0142osierdzia za prowadzenie Koronki w czasie wakacji.<\/strong><\/p>\n<p><strong>3.<\/strong> Nasza parafia tradycyjnie organizuje pielgrzymk\u0119 autokarow\u0105 do SANKTUARIUM MATKI BO\u017bEJ GIETRZWA\u0141DZKIEJ na obchody 144 Rocznicy Objawie\u0144. Wyjazd 05 wrze\u015bnia (niedziela) o godz. 8:00. Koszt 30 z\u0142. Zapisy w zakrystii.<\/p>\n<p><strong>4.<\/strong> <strong>Msza \u015bw. inauguruj\u0105ca kolejny rok szkolny i katechetyczny 2021\/2022 odprawiona zostanie dla Szko\u0142y Podstawowej nr 11 w \u015brod\u0119 1 wrze\u015bnia o godz. 9:00 dla klas 0 \u2013 III. Natomiast w pi\u0105tek 3 wrze\u015bnia o godz. 16:30 dla klas IV \u2013 VIII. Zapraszamy do wsp\u00f3lnej modlitwy uczni\u00f3w, rodzic\u00f3w i nauczycieli. SKORZYSTAJMY Z \u0141ASK SAKRAMENT\u00d3W \u015aWI\u0118TYCH. Od jutra zach\u0119camy dzieci i m\u0142odzie\u017c do spowiedzi \u015bwi\u0119tej od godz. 17:30.<\/strong><\/p>\n<p><strong>5.<\/strong> B\u0142ogos\u0142awie\u0144stwo dzieci klas I z po\u015bwi\u0119ceniem przybor\u00f3w szkolnych odb\u0119dzie si\u0119 za tydzie\u0144 tj. 5 wrze\u015bnia br. podczas Mszy \u015bw. o godz. 10:30. ZAPRASZAMY DZIECI Z RODZICAMI.<\/p>\n<p><strong>6.<\/strong> <strong>W tym tygodniu przypada pierwszy czwartek, pi\u0105tek i sobota miesi\u0105ca.<\/strong><\/p>\n<p>\u2022 w pierwszy czwartek b\u0119dziemy modli\u0107 si\u0119 wsp\u00f3lnie za Ojca \u015awi\u0119tego Franciszka i ca\u0142y Ko\u015bci\u00f3\u0142. Zapraszamy na Msz\u0119 \u015bw. o godz. 18:00, po kt\u00f3rej w powy\u017cszych intencjach odb\u0119dzie si\u0119 ADORACJA przed Naj\u015bwi\u0119tszym Sakramentem.<\/p>\n<p>\u2022 w pierwszy pi\u0105tek spowied\u017a dla dzieci, m\u0142odzie\u017cy od godz. 16:00 i Msza \u015bw. o godz. 16:30, a dla doros\u0142ych spowied\u017a od godz. 17:30. Msza \u015bw. o godz.18:00<\/p>\n<p>\u2022 pierwsza sobota miesi\u0105ca \u2013 zapraszamy na Nabo\u017ce\u0144stwo R\u00f3\u017ca\u0144cowe o godz. 17:00<\/p>\n<p>7. Po przerwie wakacyjnej w I pi\u0105tek miesi\u0105ca z Panem Jezusem udamy si\u0119 do chorych: ks. Marcin i ks. Proboszcz od 9:30, a ks. Kamil po zaj\u0119ciach w szkole. Prosimy zg\u0142asza\u0107 do kap\u0142an\u00f3w chorych pragn\u0105cych rozpocz\u0105\u0107 9 pierwszych pi\u0105tk\u00f3w.<\/p>\n<p><strong>8.<\/strong> W TYM TYGODNIU KOLEJNY ROK PRACY FORMACYJNEJ INAUGURUJE:<\/p>\n<ul>\n<li>Wsp\u00f3lnota Krwi Chrystusa \u2013 \u015broda &#8211; 1 wrze\u015bnia br. o godz. 18:45.<\/li>\n<li>Apostolat Margaretka &#8211; czwartek 2 wrze\u015bnia br. o godz. 18:00 Msz\u0105 \u015bw. i Godzin\u0105 \u015awi\u0119t\u0105.<\/li>\n<li>Scholka Dzieci\u0119ca \u201eRAFAEL\u201d &#8211; niedziela 5 wrze\u015bnia br. o godz. 10:00 na plebanii.<\/li>\n<li>S\u0142u\u017cba Liturgiczna O\u0142tarza. \u2013 sobota 4 wrze\u015bnia o godz. 10:00 na zbi\u00f3rk\u0119. Zapraszamy wszystkich ministrant\u00f3w i ch\u0119tnych, kt\u00f3rzy by chcieli s\u0142u\u017cy\u0107 przy o\u0142tarzu.<\/li>\n<\/ul>\n<p><strong>9.<\/strong> Zach\u0119camy do czytania prasy katolickiej: nowy numer \u201eGo\u015bcia Niedzielnego\u201d w cenie 6 z\u0142. z dodatkiem \u201eGo\u015b\u0107 Elbl\u0105ski\u201d, a nim wydarzenia z diecezji. Jest ju\u017c wy\u0142o\u017cony BIULETYN PARAFIALNY na stolikach przy wej\u015bciu do ko\u015bcio\u0142a.<\/p>\n<p><strong>10.<\/strong> Za tydzie\u0144 ofiary zbierane na tac\u0119 przeznaczona b\u0119d\u0105 na sp\u0142at\u0119 wykonanych prac na plebanii (remont kuchni i refektarza). B\u00f3g zap\u0142a\u0107 za sk\u0142adane ofiary.<\/p>\n<p><strong>11.<\/strong> Pan powo\u0142a\u0142 do wieczno\u015bci: <br><strong>\u2020 \u015bp. Mariana \u0141OTYSZA<\/strong> lat 76 z ul. Korczaka,<br><strong>\u2020 \u015bp. Waldemara MAJEWSKIEGO<\/strong> lat 60 z ul. Broniewskiego<\/p>\n<p>&nbsp;<\/p>\n<p><img decoding=\"async\" src=\"http:\/\/rafalk-elblag.pl\/wp-content\/uploads\/2020\/04\/baner-intencje-mszy.jpg\"><\/p>\n<h1>Intencje mszalne 29.08.2021r<\/h1>\n<p><strong>PONIEDZIA\u0141EK \/ 30 sierpnia 2021r.<\/strong><br>8.00 \u2020 Anna i Edmund KWAS<br>8.00 O wiar\u0119, nadziej\u0119 i mi\u0142o\u015b\u0107 dla Zbigniewa JACKIEWICZA, jego \u017cony Wies\u0142awy oraz dzieci i wnuk\u00f3w<br>18.00 \u2020 El\u017cbieta \u017baczek ( Msza od kuzynki Haliny)<\/p>\n<p><strong>WTOREK \/ 31 sierpnia 2021r.<\/strong><br>8.00 \u2020 Jan i Marianna MARKIEWICZ<br>9.00 \u2020 Ryszard ADAMCZYK (pogrzebowa)<br>18.00 \u2020 Mariusz MO\u017bY\u0141O (15 r.\u015bm.)<br>18.00 O zdrowie i potrzebne \u0142aski dla ca\u0142ej rodziny MATUSZEWSKICH i OBRZA\u0143SKICH<\/p>\n<p><strong>\u015aRODA \/ 1 wrze\u015bnia 2021r.<\/strong><br>8.00 \u2020 Halina URBA\u0143SKA ( 1 Msza Gregoria\u0144ska)<br>18.00 \u2020 Jolanta (Msza w dniu rocznicy urodzin) oraz zmarli z rodziny KARMAN<br>18.00 Dzi\u0119kczynna w 17. rocznic\u0119 urodzin Jakuba KR\u00d3L i za Wiktori\u0119 z pro\u015bb\u0105 o Bo\u017ce B\u0142ogos\u0142awie\u0144stwo, opiek\u0119 Matki Bo\u017cej w nowym roku szkolnym oraz za Ew\u0119 i Arkadiusza<\/p>\n<p><strong>CZWARTEK \/ 2 wrze\u015bnia 2021r.<\/strong><br>8.00 \u2020 Halina URBA\u0143SKA ( 2 Msza Gregoria\u0144ska)<br>18.00 \u2020 Bronis\u0142aw SOSNOWSKI ( Msza z okazji imienin)<br>18.00 \u2020 za zmar\u0142ych z rodzin MATUSZEWSKICH i OBRZA\u0143SKICH<\/p>\n<p><strong>PI\u0104TEK \/ 3 wrze\u015bnia 2021r. \/ \u015bw. Grzegorza Wielkiego<\/strong><br>8.00 \u2020 Stanis\u0142aw PODG\u00d3RSKI (20 r. \u015bm.) i rodzice z obojga stron<br>16:30 Msza \u015awi\u0119ta wotywna dla dzieci<br>18.00 O Bo\u017ce B\u0142ogos\u0142awie\u0144stwo dla wsp\u00f3lnoty Przemienienie<br>18.00 \u2020 Halina URBA\u0143SKA ( 3 Msza Gregoria\u0144ska)<\/p>\n<p><strong>SOBOTA \/ 4 wrze\u015bnia 2021r.<\/strong><br>8.00 \u2020 Halina URBA\u0143SKA ( 4 Msza Gregoria\u0144ska)<br>16.00 \u015alub<br>18.00 Przeb\u0142agalna za grzechy ludzi Ko\u015bcio\u0142a i krzywdy wyrz\u0105dzone bli\u017anim ( Msza od \u017bywego R\u00f3\u017ca\u0144ca \u2013 IV R\u00f3\u017ca Matki Bo\u017cej Cz\u0119stochowskiej<br>18.00 \u2020 Stanis\u0142aw STARZY\u0143SKI (4 r. \u015bm.) i zmarli z rodziny<\/p>\n<p><strong>XXIII Niedziela Zwyk\u0142a \/ 5 wrze\u015bnia 2021 r.<\/strong><br>7.00 O dar zdrowia dla Haliny \u0141UKASZEWSKIEJ<br>9.00 O do\u015bwiadczenie Bo\u017cej mi\u0142o\u015bci dla Karoliny i Sebastiana<br>9.00 \u2020 Bronis\u0142awa (k), W\u0142adys\u0142aw i Stanis\u0142aw z rodziny KOWALSKICH<br>10.30 Dzi\u0119kczynna za dzieci Mart\u0119, Mari\u0119 i Micha\u0142a z pro\u015bb\u0105 o wiar\u0119 i Dary Ducha \u015awi\u0119tego<br>12.00 W intencji Parafian<br>15.00 \u2020 Halina URBA\u0143SKA ( 5 Msza Gregoria\u0144ska)<br>18.00 \u2020 Edward KORZENIOWSKI (20 r.\u015bm.)<\/p>\n\n\n<p><\/p>\n","protected":false},"excerpt":{"rendered":"<p>Ewangelia (Mk 7, 1-8a. 14-15. 21-23)Prawo Bo\u017ce a zwyczaje S\u0142owa Ewangelii wed\u0142ug \u015awi\u0119tego Marka U Jezusa zebrali si\u0119 faryzeusze i kilku uczonych w Pi\u015bmie, kt\u00f3rzy przybyli z Jerozolimy. I zauwa\u017cyli, \u017ce niekt\u00f3rzy z Jego uczni\u00f3w brali posi\u0142ek nieczystymi, to znaczy nieobmytymi r\u0119kami. Faryzeusze bowiem, i w og\u00f3le \u017bydzi, trzymaj\u0105c si\u0119 tradycji starszych, nie jedz\u0105, je\u015bli [&hellip;]<\/p>\n","protected":false},"author":1,"featured_media":4424,"comment_status":"closed","ping_status":"closed","sticky":false,"template":"","format":"standard","meta":{"ngg_post_thumbnail":0,"footnotes":""},"categories":[11,8,4,3],"tags":[],"class_list":["post-4423","post","type-post","status-publish","format-standard","has-post-thumbnail","hentry","category-aktualnosci","category-blog","category-intencje","category-ogloszenia"],"_links":{"self":[{"href":"https:\/\/rafalk-elblag.pl\/index.php?rest_route=\/wp\/v2\/posts\/4423","targetHints":{"allow":["GET"]}}],"collection":[{"href":"https:\/\/rafalk-elblag.pl\/index.php?rest_route=\/wp\/v2\/posts"}],"about":[{"href":"https:\/\/rafalk-elblag.pl\/index.php?rest_route=\/wp\/v2\/types\/post"}],"author":[{"embeddable":true,"href":"https:\/\/rafalk-elblag.pl\/index.php?rest_route=\/wp\/v2\/users\/1"}],"replies":[{"embeddable":true,"href":"https:\/\/rafalk-elblag.pl\/index.php?rest_route=%2Fwp%2Fv2%2Fcomments&post=4423"}],"version-history":[{"count":3,"href":"https:\/\/rafalk-elblag.pl\/index.php?rest_route=\/wp\/v2\/posts\/4423\/revisions"}],"predecessor-version":[{"id":4430,"href":"https:\/\/rafalk-elblag.pl\/index.php?rest_route=\/wp\/v2\/posts\/4423\/revisions\/4430"}],"wp:featuredmedia":[{"embeddable":true,"href":"https:\/\/rafalk-elblag.pl\/index.php?rest_route=\/wp\/v2\/media\/4424"}],"wp:attachment":[{"href":"https:\/\/rafalk-elblag.pl\/index.php?rest_route=%2Fwp%2Fv2%2Fmedia&parent=4423"}],"wp:term":[{"taxonomy":"category","embeddable":true,"href":"https:\/\/rafalk-elblag.pl\/index.php?rest_route=%2Fwp%2Fv2%2Fcategories&post=4423"},{"taxonomy":"post_tag","embeddable":true,"href":"https:\/\/rafalk-elblag.pl\/index.php?rest_route=%2Fwp%2Fv2%2Ftags&post=4423"}],"curies":[{"name":"wp","href":"https:\/\/api.w.org\/{rel}","templated":true}]}}