{"id":4418,"date":"2021-08-22T19:41:00","date_gmt":"2021-08-22T19:41:00","guid":{"rendered":"http:\/\/rafalk-elblag.pl\/?p=4418"},"modified":"2021-08-24T19:42:19","modified_gmt":"2021-08-24T19:42:19","slug":"biuletyn-22-08-2021-xxi-niedziela-zwykla","status":"publish","type":"post","link":"https:\/\/rafalk-elblag.pl\/?p=4418","title":{"rendered":"Biuletyn 22.08.2021, XXI NIEDZIELA ZWYK\u0141A"},"content":{"rendered":"<p><iframe loading=\"lazy\" title=\"Dlaczego mamy spo\u017cywa\u0107 Cia\u0142o i Krew Chrystusa? - ks. Piotr Pawlukiewicz\" width=\"900\" height=\"506\" src=\"https:\/\/www.youtube.com\/embed\/ZP10_OrU178?feature=oembed\" frameborder=\"0\" allow=\"accelerometer; autoplay; clipboard-write; encrypted-media; gyroscope; picture-in-picture\" allowfullscreen><\/iframe><\/p>\n<p><strong>Ewangelia (J 6, 55. 60-69)<\/strong><br><strong>Do kogo p\u00f3jdziemy, Ty masz s\u0142owa \u017cycia wiecznego<\/strong><\/p>\n<p>S\u0142owa Ewangelii wed\u0142ug \u015awi\u0119tego Jana<\/p>\n<p>W synagodze w Kafarnaum Jezus powiedzia\u0142:<\/p>\n<p>\u00abCia\u0142o moje jest prawdziwym pokarmem, a Krew moja jest prawdziwym napojem\u00bb.<\/p>\n<p>A wielu spo\u015br\u00f3d Jego uczni\u00f3w, kt\u00f3rzy to us\u0142yszeli, m\u00f3wi\u0142o: \u00abTrudna jest ta mowa. Kt\u00f3\u017c jej mo\u017ce s\u0142ucha\u0107?\u00bb<\/p>\n<p>Jezus jednak, \u015bwiadom tego, \u017ce uczniowie Jego na to szemrali, rzek\u0142 do nich: \u00abTo was gorszy? A gdy ujrzycie Syna Cz\u0142owieczego wst\u0119puj\u0105cego tam, gdzie by\u0142 przedtem? To Duch daje \u017cycie; cia\u0142o na nic si\u0119 nie zda. S\u0142owa, kt\u00f3re Ja wam powiedzia\u0142em, s\u0105 duchem i s\u0105 \u017cyciem. Lecz po\u015br\u00f3d was s\u0105 tacy, kt\u00f3rzy nie wierz\u0105\u00bb.<\/p>\n<p>Jezus bowiem od pocz\u0105tku wiedzia\u0142, kt\u00f3rzy nie wierz\u0105, i kto ma Go wyda\u0107. Rzek\u0142 wi\u0119c: \u00abOto dlaczego wam powiedzia\u0142em: Nikt nie mo\u017ce przyj\u015b\u0107 do Mnie, je\u017celi nie zosta\u0142o mu to dane przez Ojca\u00bb. Od tego czasu wielu uczni\u00f3w Jego odesz\u0142o i ju\u017c z Nim nie chodzi\u0142o. Rzek\u0142 wi\u0119c Jezus do Dwunastu: \u00abCzy\u017c i wy chcecie odej\u015b\u0107?\u00bb<\/p>\n<p>Odpowiedzia\u0142 Mu Szymon Piotr: \u00abPanie, do kogo p\u00f3jdziemy? Ty masz s\u0142owa \u017cycia wiecznego. A my uwierzyli\u015bmy i poznali\u015bmy, \u017ce Ty jeste\u015b \u015awi\u0119tym Bo\u017cym\u00bb.<\/p>\n<p>&nbsp;<\/p>\n<p>&nbsp;<br><a href=\"http:\/\/rafalk-elblag.pl\/wp-content\/uploads\/2021\/08\/ogloszenia-parafialne-baner-01a.jpg\"><img loading=\"lazy\" decoding=\"async\" class=\"alignnone size-full wp-image-4410\" src=\"http:\/\/rafalk-elblag.pl\/wp-content\/uploads\/2021\/08\/ogloszenia-parafialne-baner-01a.jpg\" alt=\"\" width=\"720\" height=\"232\" srcset=\"https:\/\/rafalk-elblag.pl\/wp-content\/uploads\/2021\/08\/ogloszenia-parafialne-baner-01a.jpg 720w, https:\/\/rafalk-elblag.pl\/wp-content\/uploads\/2021\/08\/ogloszenia-parafialne-baner-01a-300x97.jpg 300w\" sizes=\"auto, (max-width: 720px) 100vw, 720px\" \/><\/a><\/p>\n<h1>Og\u0142oszenia parafialne 22.08.2021r<\/h1>\n<p><strong>1.<\/strong> Przed ko\u015bcio\u0142em klerycy Krzysztof i Amadeusz zbieraj\u0105 ofiary do puszek na utrzymanie naszego Wy\u017cszego Seminarium Duchownego w Elbl\u0105gu. Pami\u0119tajmy: m\u00f3dlmy si\u0119 o nowe powo\u0142ania do kap\u0142a\u0144stwa i \u017cycia zakonnego.<\/p>\n<p><strong>2.<\/strong> Sierpie\u0144 \u2013 miesi\u0105c abstynencji. Przez pami\u0119\u0107 o wielkich dzie\u0142ach, kt\u00f3re B\u00f3g dokona\u0142 w naszym narodzie w tym miesi\u0105cu, a tak\u017ce odpowiadaj\u0105c na Apel Ko\u015bcio\u0142a, powstrzymajmy si\u0119 od spo\u017cywania napoj\u00f3w alkoholowych.<\/p>\n<p><strong>3.<\/strong> VII \u017bU\u0141AWSKA PIELGRZYMKA PIESZA Z MIKOSZEWA DO GIETRZWA\u0141DU, wyrusza 1 wrze\u015bnia z ko\u015bcio\u0142a Naj\u015bwi\u0119tszego Serca Pana Jezusa po Mszy \u015bw. o godz. 7:00, dalej przez Tujsk, K\u0119pki, Elbl\u0105g, Przezmark, Pas\u0142\u0119k, Zielonk\u0119 Pas\u0142\u0119ck\u0105, Chojnik, Mor\u0105g dochodz\u0105 w sobot\u0119 do Gietrzwa\u0142du, by po noclegu w niedziel\u0119 5 wrze\u015bnia, wzi\u0105\u0107 udzia\u0142 o godz. 11:00 we Mszy \u015bw. odpustowej ku czci Naj\u015bwi\u0119tszej Maryi Panny Gietrzwa\u0142dzkiej. Po Mszy \u015bw. nast\u0105pi rozes\u0142anie pielgrzym\u00f3w. Pielgrzymka organizowana jest za wiedz\u0105 Biskupa Elbl\u0105skiego i z Jego b\u0142ogos\u0142awie\u0144stwem. Zapisy u ks. Marka tel. 602 158 092. Dok\u0142adny plan umieszczony jest w gablocie. Zapraszamy.<\/p>\n<p><strong>4.<\/strong> Nasza parafia tradycyjnie organizuje pielgrzymk\u0119 autokarow\u0105 do SANKTUARIUM MATKI BO\u017bEJ GIETRZWA\u0141DZKIEJ na obchody 144 Rocznicy Objawie\u0144.<br>Wyjazd 05 wrze\u015bnia (niedziela) o godz. 8:00. Koszt 30 z\u0142. Zapisy w zakrystii.<\/p>\n<p><strong>5.<\/strong> Spowied\u017a \u015bwi\u0119ta w tygodniu: rano od godz. 7:45, oraz wieczorem od godz. 17:30 Zapraszamy do korzystania z sakramentu pokuty i pojednania.<\/p>\n<p><strong>6.<\/strong> W tygodniu w liturgii Ko\u015bcio\u0142a wspominamy:<\/p>\n<ul>\n<li>we wtorek \u015awi\u0119to \u015bw. Bart\u0142omieja, Aposto\u0142a<\/li>\n<li>w czwartek Uroczysto\u015b\u0107 Naj\u015bwi\u0119tszej Maryi Panny Cz\u0119stochowskiej,<\/li>\n<li>w pi\u0105tek wspomnienie \u015bw. Moniki,<\/li>\n<li>w sobot\u0119 wspomnienie \u015bw. Augustyna, biskupa i doktora ko\u015bcio\u0142a,<\/li>\n<\/ul>\n<p>Zapraszamy na Msze \u015bw. w naszym ko\u015bciele o godz. 8:00 i 18:00.<\/p>\n<p><strong>7.<\/strong> Pozdrawiam Go\u015bci, kt\u00f3rzy dzisiaj modl\u0105 si\u0119 z nami w ko\u015bciele \u015bw. Rafa\u0142a Kalinowskiego i Matki Bo\u017cej Szkaplerznej. \u017bycz\u0119 wszystkim \u0142adnej pogody i udanego wypoczynku.<\/p>\n<p><strong>8.<\/strong> Kandydatom do kap\u0142a\u0144stwa oraz na studia w Wy\u017cszym Seminarium Duchownym w Elbl\u0105gu, a tak\u017ce na studia dla przysz\u0142ych nauczycieli religii w Wydziale Teologii UWM w Olsztynie przypominamy, \u017ce jesienna rekrutacja trwa\u0107 b\u0119dzie od 7 do 15 wrze\u015bnia. Szczeg\u00f3\u0142y na stronie internetowej diecezji.<\/p>\n<p><strong>9.<\/strong> Dzi\u015b w \u201eGo\u015bciu Niedzielnym\u201d ciekawe o artyku\u0142y, m.in. o trudnej sytuacji Ko\u015bcio\u0142a w Hiszpanii, \u015bp. ks. abp. Henryku Hoserze, a tak\u017ce o tym jak dorobi\u0107 robi\u0105c to co lubi\u0119, czyli o r\u0119kodzie\u0142ach. Do tego: dwa sposoby na bia\u0142y deser z owocami. Zach\u0119camy do lektury!<\/p>\n<p><strong>10.<\/strong> Pan powo\u0142a\u0142 do wieczno\u015bci:<br><strong>\u2020 \u015bp. Rajmunda Zbigniewa Duljana<\/strong> lat 67 z ul. K\u0142oczowskiego<\/p>\n<p>&nbsp;<\/p>\n<p><img decoding=\"async\" src=\"http:\/\/rafalk-elblag.pl\/wp-content\/uploads\/2020\/04\/baner-intencje-mszy.jpg\"><\/p>\n<h1>Intencje mszalne 22.08.2021r<\/h1>\n<p><strong>XXI Niedziela Zwyk\u0142a \/ 22 sierpnia 2021 r.<\/strong><br>7.00 \u2020 Dariusz MORZY<br>9.00 Dzi\u0119kczynna w dniu urodzin i imienin Marii PAZDYKA z pro\u015bb\u0105 o Bo\u017ce b\u0142ogos\u0142awie\u0144stwo, zdrowie, potrzebne \u0142aski na ka\u017cdy dzie\u0144<br>10.30 \u2020 Julia KATA w 7 rocznic\u0119 \u015bmierci i Helena APANOWICZ<br>12.00 W intencji Parafian<br>18.00 \u2020 Tadeusz MALINOWSKI w 9 rocznic\u0119 \u015bmierci<\/p>\n<p><strong>PONIEDZIA\u0141EK \/ 23 sierpnia 2021 r.<\/strong><br>8.00 \u2020 Irena ZASADA w 13 rocznic\u0119 \u015bmierci i \u2020 Stanis\u0142aw PIWNIKIEWICZ w 19 rocz. \u015bm.<br>18.00 Za zmar\u0142ych z rodziny ZA\u0141\u0118SKICH<\/p>\n<p><strong>WTOREK \/ 24 sierpnia 2021 r. \u015bwi\u0119to \u015bw. Bart\u0142omieja, Aposto\u0142a<\/strong><br>8.00 \u2020 Barbara, Roman z rodziny KAMI\u0143SKICH<br>18.00 \u2020Janina WALKO w 5 rocz. \u015bmierci, \u2020 Boles\u0142aw WALKO w 16 rocz. \u015bmierci<\/p>\n<p><strong>\u015aRODA \/ 25 sierpnia 2021 r.<\/strong><br>8.00 \u2020 Tadeusz PIPCZY\u0143SKI w 1 rocznic\u0119 \u015bmierci<br>18.00 \u2020 Irena MI\u0141OSZEWSKA<\/p>\n<p><strong>CZWARTEK \/ 26 sierpnia 2021 r.<\/strong><br>UROCZYSTO\u015a\u0106 NAJ\u015aWIETSZEJ MARYI PANNY CZ\u0118STOCHOWSKIEJ<br>8.00 \u2020Aleksander (m) i Genowefa KACZY\u0143SCY w 4 rocz. \u015bmierci<br>18.00 \u2020J\u00f3zefa(k) NOWAK, Henryk(m), J\u00f3zef(m) REDKIEWICZ, \u2020 Bogdan GRZYMA\u0141A<\/p>\n<p><strong>PI\u0104TEK \/ 27 sierpnia 2021 r. \u015bw. Moniki<\/strong><br>8.00 \u2020 Janina, Mieczys\u0142aw(m), Lucjan, Bogdan z rodziny KA\u0141U\u017bA, \u2020 Jan SPODAREK, \u2020 Cezary DALIDOWICZ<br>18.00 \u2020 Krystyna KAMI\u0143SKA w dniu ziemskich urodzin<\/p>\n<p><strong>SOBOTA \/ 28 sierpnia 2021 r. \u015bw. Augustyna, biskupa i doktora ko\u015bcio\u0142a<\/strong><br>8.00 \u2020 Zofia, Ryszard, Andrzej Zbigniew i zmar\u0142ych z rodziny BLANK<br>18.00 \u2020 Antoni BIELSKI w 6 miesi\u0105c po \u015bmierci, \u2020 Irena W\u00d3JCIK &#8211; intencja od c\u00f3rki El\u017cbiety<br>18.00 \u2020 Kazimierz, Jadwiga i Norbert<\/p>\n<p><strong>XXII Niedziela Zwyk\u0142a \/ 29 sierpnia 2021 r.<\/strong><br>7.00 \u2020 Stefan, Marianna , Tadeusz Henryka(k) z rodziny ZDANOWSKICH<br>9.00 \u2020 J\u00f3zef w rocznic\u0119 \u015bmierci, \u2020 Krystyna, Teresa BARTO\u015a, \u2020 Helena CYREK oraz dziadkowie z obojga stron<br>9.00 Dzi\u0119kczynna w 91 urodziny J\u00f3zefa(m) z pro\u015bb\u0105 o Bo\u017ce b\u0142ogos\u0142awie\u0144stwo i potrzebne \u0142aski w \u017cyciu.<br>10.30 Dzi\u0119kczynna w 45 rocznic\u0119 \u015blubu Marii i Roberta JANIK z pro\u015bb\u0105 o Bo\u017ce b\u0142ogos\u0142awie\u0144stwo i opiek\u0119 Matki Bo\u017cej Szkaplerznej<br>12.00 W intencji Parafian<br>18.00 \u2020 Anna DARCZUK w 1 rocz. \u015bmierci i \u2020 Piotr DARCZUK<\/p>\n\n\n<p><\/p>\n","protected":false},"excerpt":{"rendered":"<p>Ewangelia (J 6, 55. 60-69)Do kogo p\u00f3jdziemy, Ty masz s\u0142owa \u017cycia wiecznego S\u0142owa Ewangelii wed\u0142ug \u015awi\u0119tego Jana W synagodze w Kafarnaum Jezus powiedzia\u0142: \u00abCia\u0142o moje jest prawdziwym pokarmem, a Krew moja jest prawdziwym napojem\u00bb. A wielu spo\u015br\u00f3d Jego uczni\u00f3w, kt\u00f3rzy to us\u0142yszeli, m\u00f3wi\u0142o: \u00abTrudna jest ta mowa. Kt\u00f3\u017c jej mo\u017ce s\u0142ucha\u0107?\u00bb Jezus jednak, \u015bwiadom tego, [&hellip;]<\/p>\n","protected":false},"author":1,"featured_media":4421,"comment_status":"closed","ping_status":"closed","sticky":false,"template":"","format":"standard","meta":{"ngg_post_thumbnail":0,"footnotes":""},"categories":[11,8,4,3],"tags":[],"class_list":["post-4418","post","type-post","status-publish","format-standard","has-post-thumbnail","hentry","category-aktualnosci","category-blog","category-intencje","category-ogloszenia"],"_links":{"self":[{"href":"https:\/\/rafalk-elblag.pl\/index.php?rest_route=\/wp\/v2\/posts\/4418","targetHints":{"allow":["GET"]}}],"collection":[{"href":"https:\/\/rafalk-elblag.pl\/index.php?rest_route=\/wp\/v2\/posts"}],"about":[{"href":"https:\/\/rafalk-elblag.pl\/index.php?rest_route=\/wp\/v2\/types\/post"}],"author":[{"embeddable":true,"href":"https:\/\/rafalk-elblag.pl\/index.php?rest_route=\/wp\/v2\/users\/1"}],"replies":[{"embeddable":true,"href":"https:\/\/rafalk-elblag.pl\/index.php?rest_route=%2Fwp%2Fv2%2Fcomments&post=4418"}],"version-history":[{"count":1,"href":"https:\/\/rafalk-elblag.pl\/index.php?rest_route=\/wp\/v2\/posts\/4418\/revisions"}],"predecessor-version":[{"id":4422,"href":"https:\/\/rafalk-elblag.pl\/index.php?rest_route=\/wp\/v2\/posts\/4418\/revisions\/4422"}],"wp:featuredmedia":[{"embeddable":true,"href":"https:\/\/rafalk-elblag.pl\/index.php?rest_route=\/wp\/v2\/media\/4421"}],"wp:attachment":[{"href":"https:\/\/rafalk-elblag.pl\/index.php?rest_route=%2Fwp%2Fv2%2Fmedia&parent=4418"}],"wp:term":[{"taxonomy":"category","embeddable":true,"href":"https:\/\/rafalk-elblag.pl\/index.php?rest_route=%2Fwp%2Fv2%2Fcategories&post=4418"},{"taxonomy":"post_tag","embeddable":true,"href":"https:\/\/rafalk-elblag.pl\/index.php?rest_route=%2Fwp%2Fv2%2Ftags&post=4418"}],"curies":[{"name":"wp","href":"https:\/\/api.w.org\/{rel}","templated":true}]}}