{"id":4413,"date":"2021-08-15T10:27:00","date_gmt":"2021-08-15T10:27:00","guid":{"rendered":"http:\/\/rafalk-elblag.pl\/?p=4413"},"modified":"2021-08-24T19:35:12","modified_gmt":"2021-08-24T19:35:12","slug":"biuletyn-08-08-2021-xix-niedziela-zwykla-2","status":"publish","type":"post","link":"https:\/\/rafalk-elblag.pl\/?p=4413","title":{"rendered":"Biuletyn 15.08.2021, Uroczysto\u015b\u0107 Wniebowzi\u0119cia Naj\u015bwi\u0119tszej Maryi Panny"},"content":{"rendered":"<p><iframe loading=\"lazy\" title=\"Abp Grzegorz Ry\u015b na Wniebowzi\u0119cie NMP\" width=\"900\" height=\"506\" src=\"https:\/\/www.youtube.com\/embed\/S25AGkbdteM?feature=oembed\" frameborder=\"0\" allow=\"accelerometer; autoplay; clipboard-write; encrypted-media; gyroscope; picture-in-picture\" allowfullscreen><\/iframe><\/p>\n<p><strong>Ewangelia (\u0141k 11, 27-28)<\/strong><br><strong>B\u0142ogos\u0142awione \u0142ono, kt\u00f3re Ci\u0119 nosi\u0142o<\/strong><\/p>\n<p>S\u0142owa Ewangelii wed\u0142ug \u015bwi\u0119tego \u0141ukasza<\/p>\n<p>Gdy Jezus m\u00f3wi\u0142 do t\u0142um\u00f3w, jaka\u015b kobieta z t\u0142umu g\u0142o\u015bno zawo\u0142a\u0142a do Niego: \u00abB\u0142ogos\u0142awione \u0142ono, kt\u00f3re Ci\u0119 nosi\u0142o, i piersi, kt\u00f3re ssa\u0142e\u015b\u00bb. Lecz On rzek\u0142: \u00abOwszem, ale r\u00f3wnie\u017c b\u0142ogos\u0142awieni ci, kt\u00f3rzy s\u0142uchaj\u0105 s\u0142owa Bo\u017cego i zachowuj\u0105 je\u00bb.<\/p>\n<p>&nbsp;<\/p>\n<p>&nbsp;<br><a href=\"http:\/\/rafalk-elblag.pl\/wp-content\/uploads\/2021\/08\/ogloszenia-parafialne-baner-01a.jpg\"><img loading=\"lazy\" decoding=\"async\" class=\"alignnone size-full wp-image-4410\" src=\"http:\/\/rafalk-elblag.pl\/wp-content\/uploads\/2021\/08\/ogloszenia-parafialne-baner-01a.jpg\" alt=\"\" width=\"720\" height=\"232\" srcset=\"https:\/\/rafalk-elblag.pl\/wp-content\/uploads\/2021\/08\/ogloszenia-parafialne-baner-01a.jpg 720w, https:\/\/rafalk-elblag.pl\/wp-content\/uploads\/2021\/08\/ogloszenia-parafialne-baner-01a-300x97.jpg 300w\" sizes=\"auto, (max-width: 720px) 100vw, 720px\" \/><\/a><\/p>\n<h1>Og\u0142oszenia parafialne 15.08.2021r<\/h1>\n<p><span style=\"text-decoration: underline;\"><strong>1. Sierpie\u0144 \u2013 miesi\u0105c abstynencji. Przez pami\u0119\u0107 o wielkich dzie\u0142ach, kt\u00f3re B\u00f3g dokona\u0142 w naszym narodzie w tym miesi\u0105cu, a tak\u017ce odpowiadaj\u0105c na Apel Ko\u015bcio\u0142a, powstrzymajmy si\u0119 od spo\u017cywania napoj\u00f3w alkoholowych.<\/strong><\/span><\/p>\n<p><strong>2.<\/strong> Przy naszej parafii dzia\u0142a grupa rodzinna Al-Anon (\u201e\u015amieszki\u201d), kt\u00f3ra zaprasza zainteresowanych problemem picia bliskiej osoby. Grupa spotyka si\u0119 w ka\u017cdy czwartek na plebanii o godz. 17:00, natomiast w pierwsze czwartki miesi\u0105ca jest mityng otwarty dla zainteresowanych wsp\u00f3lnot\u0105.<\/p>\n<p><strong>3.<\/strong> Jutro 16 dzie\u0144 miesi\u0105ca &#8211; spotkanie i modlitwy Rodziny Karmelita\u0144skiej i Bractwa Szkaplerza \u015awi\u0119tego. Zapraszam na Msze \u015awi\u0119t\u0105 o godz. 18:00, z mo\u017cliwo\u015bci\u0105 przyj\u0119cia szkaplerza karmelita\u0144skiego oraz na nabo\u017ce\u0144stwo po Mszy \u015bwi\u0119tej.<\/p>\n<p><strong>4.<\/strong> W pi\u0105tek przypada IX rocznica NAWIEDZENIA NASZEJ PARAFII PRZEZ MATK\u0118 BO\u017b\u0104 W JASNOG\u00d3RSKIEM WIZERUNKU. Bogu niech b\u0119d\u0105 dzi\u0119ki i Tobie Matko za Twoj\u0105 obecno\u015b\u0107 w naszej wsp\u00f3lnocie. Dzi\u0119kujemy Ci Matko, za Twoj\u0105 obecno\u015b\u0107 i za to \u017ce mogli\u015bmy stan\u0105\u0107 przed Twoim obliczem i powiedzie\u0107 o wszystkich naszych sprawach. Nadal Ci\u0119 prosimy rozwa\u017caj je w sercu i przedstawiaj je swojemu Synowi. Niech ten czas Nawiedzenia nadal przynosi b\u0142ogos\u0142awione owoce w \u017cyciu ka\u017cdego z nas i ca\u0142ej naszej wsp\u00f3lnoty parafialnej. \u201eMaryjo, kt\u00f3ra\u015b uwierzy\u0142a, prowad\u017a nas do Jezusa.\u201d<\/p>\n<p><strong>5.<\/strong> W tym tygodniu w liturgii Ko\u015bcio\u0142a wspominamy:<\/p>\n<ul>\n<li>we wtorek \u015bw. Jacka, kap\u0142ana \u2013 imieniny Jego Ekscelencji ks. dr Jacka Jezierskiego \u2013 Biskupa Elbl\u0105skiego.<br>Pami\u0119tajmy w modlitwie o czcigodnym solenizancie.<\/li>\n<li>w pi\u0105tek wspomnienie \u015bw. Bernarda, opata i doktora ko\u015bcio\u0142a<\/li>\n<li>w sobot\u0119 wspomnienie \u015bw. Piusa X, papie\u017ca<br>Zapraszamy do udzia\u0142u w Mszach \u015bw. o godz. 8:00 lub o godz. 18:00.<\/li>\n<\/ul>\n<p><strong>6.<\/strong> Kancelaria Parafialna przez okres wakacji czynna jest w \u015brody i pi\u0105tki po Mszy \u015bw. wieczornej.<\/p>\n<p><strong>7.<\/strong> M\u00f3dlmy si\u0119 za dzieci, m\u0142odzie\u017c i wszystkich wypoczywaj\u0105cych na wakacjach. Pro\u015bmy o Bo\u017ce b\u0142ogos\u0142awie\u0144stwo i bezpieczny wypoczynek oraz o ustanie pandemii.<\/p>\n<p><strong>8.<\/strong> Za tydzie\u0144 22 sierpnia br. b\u0119d\u0105 zbierane ofiary do puszek na utrzymanie naszego Wy\u017cszego Seminarium Duchownego w Elbl\u0105gu. M\u00f3dlmy si\u0119 o nowe powo\u0142ania do kap\u0142a\u0144stwa i \u017cycia zakonnego.<\/p>\n<p><strong>9.<\/strong> Wszystkim parafianom i go\u015bciom \u017cyczymy udanego wypoczynku b\u0142ogos\u0142awie\u0144stwa Bo\u017cego oraz opieki Matki Bo\u017cej Szkaplerznej.<\/p>\n<p><strong>10.<\/strong> Przed ko\u015bcio\u0142em mo\u017cna naby\u0107 Go\u015bcia Niedzielnego w cenie 6 z\u0142.<\/p>\n<p><strong>11.<\/strong> Pan powo\u0142a\u0142 do wieczno\u015bci: \u015bp. Czes\u0142awa(k) Ko\u015bciewicz lat 67 z ul. Tuwima Wieczny odpoczynek racz mu da\u0107 Panie! A \u015bwiat\u0142o\u015b\u0107 wiekuista niechaj mu \u015bwieci.<\/p>\n<p>&nbsp;<\/p>\n<p><img decoding=\"async\" src=\"http:\/\/rafalk-elblag.pl\/wp-content\/uploads\/2020\/04\/baner-intencje-mszy.jpg\"><\/p>\n<h1>Intencje mszalne 15.08.2021r<\/h1>\n<p><strong>XX Niedziela Zwyk\u0142a \/ 15 sierpnia 2021 r. \/ Uroczysto\u015b\u0107 Wniebowzi\u0119cia NMP<\/strong><br>7.00 Za dusze w czy\u015b\u0107cu cierpi\u0105ce<br>9.00 \u2020 Tadeusz i Julia GRZE\u015aKIEWICZ<br>10.30 \u2020 Ks. Franciszek BOKUNIEWICZ w 18 rocznic\u0119 \u015bmierci<br>12.00 W intencji Parafian<br>18.00 Dzi\u0119kczynna z pro\u015bb\u0105 o dalsze Bo\u017ce b\u0142ogos\u0142awie\u0144stwo dla: Agnieszki i Tomasza GR\u0104DZIK w 19 rocznic\u0119 \u015blubu, Anety i Grzegorza ZIELKA w 17 rocz. \u015blubu, Iwony i Marcina SIERADZ w 16 rocz. \u015blubu, Jadwigi i Leszka GR\u0104DZIK w 43 rocz. \u015blubu.<\/p>\n<p><strong>PONIEDZIA\u0141EK \/ 16 sierpnia 2021 r.<\/strong><br>8.00 O Bo\u017ce b\u0142ogos\u0142awie\u0144stwo, dary Ducha \u015awi\u0119tego i opiek\u0119 Matki Bo\u017cej dla ks. Grzegorza WALI \u2013 intencja od Margaretki<br>8.00 \u2020 Zbigniew SKAR\u017bY\u0143SKI w 11 rocznic\u0119 \u015bmierci<br>18.00 W intencji. Bractwa Szkaplerznego i os\u00f3b, kt\u00f3re przyjm\u0105 Szkaplerz \u015awi\u0119ty<\/p>\n<p><strong>WTOREK \/ 17 sierpnia 2021 r. \/ \u015aw. Jacka<\/strong><br>8.00 O zdrowie i nawr\u00f3cenie dla Tadeusza i ufno\u015b\u0107 w Bo\u017ce prowadzenie<br>8.00 \u2020 Henryk CZAPIEWSKI w 30 dzie\u0144 po pogrzebie<br>18.00 \u2020 Helena MAJKOWSKA w 6 rocznic\u0119 \u015bmierci<\/p>\n<p><strong>\u015aRODA \/ 18 sierpnia 2021 r.<\/strong><br>8.00 \u2020 Franciszek RY\u015a \u2013 intencja od rodziny DZIA\u0141O<br>18.00 Dzi\u0119kczynna w 18 urodziny Kamili MACKIEWICZ z pro\u015bb\u0105 o Bo\u017ce b\u0142ogos\u0142awie\u0144stwo, dary Ducha \u015awi\u0119tego i opiek\u0119 Matki Bo\u017cej<\/p>\n<p><strong>CZWARTEK \/ 19 sierpnia 2021 r.<\/strong><br>8.00 \u2020 Monika i Jan OSTROWSCY i zmarli rodzice<br>18.00 \u2020 Stefania BAJSON w 32 rocznic\u0119 \u015bmierci i zmarli z rodzin BAJSON, JASI\u0143SKICH i KACHNOWICZ<\/p>\n<p><strong>PI\u0104TEK \/ 20 sierpnia 2021 r. \/ \u015bw. Bernarda<\/strong><br>8.00 \u2020 Franciszka (k) i Stanis\u0142aw ZABOROWSCY i zmarli rodzice<br>18.00 \u2020 Joanna KOSMALA w 30 dzie\u0144 po pogrzebie<br>18.00 \u2020 El\u017cbieta i Zygmunt \u017bACZEK, Andrzej MARSZA\u0141<\/p>\n<p><strong>SOBOTA \/ 21 sierpnia 2021 r.\/ Piusa X<\/strong><br>8.00 \u2020 Barbara i Ryszard CZARNECCY<br>16.00 \u015aLUB<br>18.00 Rezerwacja<\/p>\n<p><strong>XXI Niedziela Zwyk\u0142a \/ 22 sierpnia 2021 r.<\/strong><br>7.00 \u2020 Dariusz MORZY<br>9.00 Dzi\u0119kczynna w dniu urodzin Marii PAZDYKA z pro\u015bb\u0105 o Bo\u017ce b\u0142ogos\u0142awie\u0144stwo, zdrowie, potrzebne \u0142aski na ka\u017cdy dzie\u0144<br>10.30 \u2020 Julia KATA w 7 rocznic\u0119 \u015bmierci i Helena APANOWICZ<br>12.00 W intencji Parafian<br>18.00 \u2020 Tadeusz MALINOWSKI w 9 rocznic\u0119 \u015bmierci<\/p>\n\n\n<p><\/p>\n","protected":false},"excerpt":{"rendered":"<p>Ewangelia (\u0141k 11, 27-28)B\u0142ogos\u0142awione \u0142ono, kt\u00f3re Ci\u0119 nosi\u0142o S\u0142owa Ewangelii wed\u0142ug \u015bwi\u0119tego \u0141ukasza Gdy Jezus m\u00f3wi\u0142 do t\u0142um\u00f3w, jaka\u015b kobieta z t\u0142umu g\u0142o\u015bno zawo\u0142a\u0142a do Niego: \u00abB\u0142ogos\u0142awione \u0142ono, kt\u00f3re Ci\u0119 nosi\u0142o, i piersi, kt\u00f3re ssa\u0142e\u015b\u00bb. Lecz On rzek\u0142: \u00abOwszem, ale r\u00f3wnie\u017c b\u0142ogos\u0142awieni ci, kt\u00f3rzy s\u0142uchaj\u0105 s\u0142owa Bo\u017cego i zachowuj\u0105 je\u00bb. &nbsp; &nbsp; Og\u0142oszenia parafialne 15.08.2021r [&hellip;]<\/p>\n","protected":false},"author":1,"featured_media":4419,"comment_status":"closed","ping_status":"closed","sticky":false,"template":"","format":"standard","meta":{"ngg_post_thumbnail":0,"footnotes":""},"categories":[11,8,4,3],"tags":[],"class_list":["post-4413","post","type-post","status-publish","format-standard","has-post-thumbnail","hentry","category-aktualnosci","category-blog","category-intencje","category-ogloszenia"],"_links":{"self":[{"href":"https:\/\/rafalk-elblag.pl\/index.php?rest_route=\/wp\/v2\/posts\/4413","targetHints":{"allow":["GET"]}}],"collection":[{"href":"https:\/\/rafalk-elblag.pl\/index.php?rest_route=\/wp\/v2\/posts"}],"about":[{"href":"https:\/\/rafalk-elblag.pl\/index.php?rest_route=\/wp\/v2\/types\/post"}],"author":[{"embeddable":true,"href":"https:\/\/rafalk-elblag.pl\/index.php?rest_route=\/wp\/v2\/users\/1"}],"replies":[{"embeddable":true,"href":"https:\/\/rafalk-elblag.pl\/index.php?rest_route=%2Fwp%2Fv2%2Fcomments&post=4413"}],"version-history":[{"count":4,"href":"https:\/\/rafalk-elblag.pl\/index.php?rest_route=\/wp\/v2\/posts\/4413\/revisions"}],"predecessor-version":[{"id":4420,"href":"https:\/\/rafalk-elblag.pl\/index.php?rest_route=\/wp\/v2\/posts\/4413\/revisions\/4420"}],"wp:featuredmedia":[{"embeddable":true,"href":"https:\/\/rafalk-elblag.pl\/index.php?rest_route=\/wp\/v2\/media\/4419"}],"wp:attachment":[{"href":"https:\/\/rafalk-elblag.pl\/index.php?rest_route=%2Fwp%2Fv2%2Fmedia&parent=4413"}],"wp:term":[{"taxonomy":"category","embeddable":true,"href":"https:\/\/rafalk-elblag.pl\/index.php?rest_route=%2Fwp%2Fv2%2Fcategories&post=4413"},{"taxonomy":"post_tag","embeddable":true,"href":"https:\/\/rafalk-elblag.pl\/index.php?rest_route=%2Fwp%2Fv2%2Ftags&post=4413"}],"curies":[{"name":"wp","href":"https:\/\/api.w.org\/{rel}","templated":true}]}}