{"id":4404,"date":"2021-08-09T16:38:54","date_gmt":"2021-08-09T16:38:54","guid":{"rendered":"http:\/\/rafalk-elblag.pl\/?p=4404"},"modified":"2021-08-09T17:02:35","modified_gmt":"2021-08-09T17:02:35","slug":"biuletyn-08-08-2021-xix-niedziela-zwykla","status":"publish","type":"post","link":"https:\/\/rafalk-elblag.pl\/?p=4404","title":{"rendered":"Biuletyn 08.08.2021, XIX Niedziela Zwyk\u0142a"},"content":{"rendered":"<p><iframe loading=\"lazy\" title=\"Chlebie Najcichszy\" width=\"900\" height=\"675\" src=\"https:\/\/www.youtube.com\/embed\/YCZ2JWsnvww?feature=oembed\" frameborder=\"0\" allow=\"accelerometer; autoplay; clipboard-write; encrypted-media; gyroscope; picture-in-picture\" allowfullscreen><\/iframe><\/p>\n<p><strong>Ewangelia (J 6, 41-51)<\/strong><br><strong>Chleb \u017cywy, kt\u00f3ry zst\u0105pi\u0142 z nieba<\/strong><\/p>\n<p><strong>S\u0142owa Ewangelii wed\u0142ug \u015awi\u0119tego Jana<\/strong><\/p>\n<p>\u017bydzi szemrali przeciwko Jezusowi, dlatego \u017ce powiedzia\u0142: \u00abJa jestem chlebem, kt\u00f3ry z nieba zst\u0105pi\u0142\u00bb. I m\u00f3wili: \u00abCzy\u017c to nie jest Jezus, syn J\u00f3zefa, kt\u00f3rego ojca i matk\u0119 my znamy? Jak\u017ce\u017c mo\u017ce On teraz m\u00f3wi\u0107: Z nieba zst\u0105pi\u0142em\u00bb.<\/p>\n<p>Jezus rzek\u0142 im w odpowiedzi: \u00abNie szemrajcie mi\u0119dzy sob\u0105! Nikt nie mo\u017ce przyj\u015b\u0107 do Mnie, je\u017celi go nie poci\u0105gnie Ojciec, kt\u00f3ry Mnie pos\u0142a\u0142; Ja za\u015b wskrzesz\u0119 go w dniu ostatecznym. Napisane jest u Prorok\u00f3w: \u201eOni wszyscy b\u0119d\u0105 uczniami Boga\u201d. Ka\u017cdy, kto od Ojca us\u0142ysza\u0142 i przyj\u0105\u0142 nauk\u0119, przyjdzie do Mnie. Nie znaczy to, aby ktokolwiek widzia\u0142 Ojca; jedynie Ten, kt\u00f3ry jest od Boga, widzia\u0142 Ojca. Zaprawd\u0119, zaprawd\u0119, powiadam wam: Kto we Mnie wierzy, ma \u017cycie wieczne.<\/p>\n<p>Ja jestem chlebem \u017cycia. Ojcowie wasi jedli mann\u0119 na pustyni i pomarli. To jest chleb, kt\u00f3ry z nieba zst\u0119puje: Kto go je, nie umrze. Ja jestem chlebem \u017cywym, kt\u00f3ry zst\u0105pi\u0142 z nieba. Je\u015bli kto\u015b spo\u017cywa ten chleb, b\u0119dzie \u017cy\u0142 na wieki. Chlebem, kt\u00f3ry Ja dam, jest moje Cia\u0142o, wydane za \u017cycie \u015bwiata\u00bb.<\/p>\n<p>&nbsp;<\/p>\n<p>&nbsp;<br><a href=\"http:\/\/rafalk-elblag.pl\/wp-content\/uploads\/2021\/08\/ogloszenia-parafialne-baner-01a.jpg\"><img loading=\"lazy\" decoding=\"async\" class=\"alignnone size-full wp-image-4410\" src=\"http:\/\/rafalk-elblag.pl\/wp-content\/uploads\/2021\/08\/ogloszenia-parafialne-baner-01a.jpg\" alt=\"\" width=\"720\" height=\"232\" srcset=\"https:\/\/rafalk-elblag.pl\/wp-content\/uploads\/2021\/08\/ogloszenia-parafialne-baner-01a.jpg 720w, https:\/\/rafalk-elblag.pl\/wp-content\/uploads\/2021\/08\/ogloszenia-parafialne-baner-01a-300x97.jpg 300w\" sizes=\"auto, (max-width: 720px) 100vw, 720px\" \/><\/a><\/p>\n<h1>Og\u0142oszenia parafialne 08.08.2021r<\/h1>\n<p><strong>1. Sierpie\u0144 \u2013 miesi\u0105c abstynencji. Przez pami\u0119\u0107 o wielkich dzie\u0142ach, kt\u00f3re B\u00f3g dokona\u0142 w naszym narodzie w tym miesi\u0105cu, a tak\u017ce odpowiadaj\u0105c na Apel Ko\u015bcio\u0142a, powstrzymajmy si\u0119 od spo\u017cywania napoj\u00f3w alkoholowych.<\/strong><\/p>\n<p><strong>2.<\/strong> Przy naszej parafii dzia\u0142a grupa rodzinna Al-Anon (\u201e\u015amieszki\u201d), kt\u00f3ra zaprasza zainteresowanych problemem picia bliskiej osoby. Grupa spotyka si\u0119 w ka\u017cdy czwartek na plebanii o godz. 17:00, natomiast w pierwsze czwartki miesi\u0105ca jest mityng otwarty dla zainteresowanych wsp\u00f3lnot\u0105.<\/p>\n<p><strong>3.<\/strong> Parafia \u015bw. Brata Alberta organizuje wyjazd autokarowy do Cz\u0119stochowy z 10 na 11 sierpnia br. na spotkanie i wej\u015bcie pielgrzym\u00f3w Diecezji Elbl\u0105skiej. Wyjazd o 2 nad ranem. Koszt 100 z\u0142 plus ubezpieczenie. Zapisy w parafii lub tel. 512 924 572<\/p>\n<p><strong>4.<\/strong> W \u015brod\u0119 11 sierpnia 2021 roku, XXIX Elbl\u0105ska Pielgrzymka Piesza wchodzi na Jasn\u0105 G\u00f3r\u0119. Zapraszamy parafian na Msz\u0119 \u015awi\u0119t\u0105 o godz. 18:00 i Apel Jasnog\u00f3rski. Duchowo b\u0119dziemy si\u0119 \u0142\u0105czy\u0107 z pielgrzymami, trwaj\u0105cymi na modlitwie w Kaplicy Cudownego Obrazu.<br>Wdzi\u0119czny jestem osobom, kt\u00f3re wspiera\u0142y pielgrzym\u00f3w swoj\u0105 ofiar\u0105, modlitw\u0105 i w inny spos\u00f3b Panu Bogu wiadomy.<\/p>\n<p><strong>5.<\/strong> W tym tygodniu w liturgii Ko\u015bcio\u0142a wspominamy:<br>\u2022 W sobot\u0119 wspomnienie \u015bw. Maksymiliana Marii Kolbego, m\u0119czennika i patrona Diecezji Elbl\u0105skiej<\/p>\n<p><strong>6.<\/strong> Za tydzie\u0144 (15 sierpnia) prze\u017cywa\u0107 b\u0119dziemy Uroczysto\u015b\u0107 Wniebowzi\u0119cia Naj\u015bwi\u0119tszej Maryi Panny.<strong> UWAGA!!!<\/strong> Przypominamy, \u017ce tego dnia jest po\u015bwi\u0119cenie zi\u00f3\u0142, kwiat\u00f3w i owoc\u00f3w na ka\u017cdej Mszy \u015bw.<\/p>\n<p><strong>7.<\/strong> Kancelaria Parafialna przez okres wakacji czynna jest w \u015brody i pi\u0105tki po Mszy \u015bw. wieczornej.<\/p>\n<p><strong>8.<\/strong> M\u00f3dlmy si\u0119 za dzieci, m\u0142odzie\u017c i wszystkich wypoczywaj\u0105cych na wakacjach. Pro\u015bmy o Bo\u017ce b\u0142ogos\u0142awie\u0144stwo i bezpieczny wypoczynek oraz o ustanie pandemii.<\/p>\n<p><strong>9.<\/strong> Dzi\u0119kujemy za stosowny ubi\u00f3r w ko\u015bciele w okresie wakacji. Msza \u015bw. jest uroczyst\u0105 celebracj\u0105, kt\u00f3ra domaga si\u0119 swego pi\u0119kna, szacunku i najwy\u017cszej kultury.<\/p>\n<p><strong>10.<\/strong> Wszystkim parafianom i go\u015bciom \u017cyczymy udanego wypoczynku b\u0142ogos\u0142awie\u0144stwa Bo\u017cego oraz opieki Matki Bo\u017cej Szkaplerznej.<\/p>\n<p><strong>11.<\/strong> Przed ko\u015bcio\u0142em mo\u017cna naby\u0107 Go\u015bcia Niedzielnego w cenie 6 z\u0142.<\/p>\n<p>&nbsp;<\/p>\n<p><img decoding=\"async\" src=\"http:\/\/rafalk-elblag.pl\/wp-content\/uploads\/2020\/04\/baner-intencje-mszy.jpg\"><\/p>\n<h1>Intencje mszalne 08.08.2021r<\/h1>\n<p><strong>XIX Niedziela Zwyk\u0142a \/ 8 sierpnia 2021 r.<\/strong><br>7:00 Rezerwacja<br>9:00 \u2020 Irena WI\u015aNIEWSKA (6 r. \u015bm.)<br>10:30 O Bo\u017ce B\u0142ogos\u0142awie\u0144stwo, wszelkie potrzebne \u0142aski, opiek\u0119 Matki Bo\u017cej dla Karoliny i Tomasza w 3 rocznic\u0119 \u015blubu<br>10:30 O Bo\u017ce B\u0142ogos\u0142awie\u0144stwo, potrzebne \u0142aski, zdrowie, opiek\u0119 Matki Bo\u017cej i Dary Ducha \u015awi\u0119tego dla Stasia z okazji 8 rocznicy urodzin<br>12:00 W intencji Parafian<br>18:00 \u2020 Romuald w rocznic\u0119 \u015bmierci i zmarli z rodziny KARMAN<\/p>\n<p><strong>PONIEDZIA\u0141EK \/ 9 sierpnia 2021r. \/ \u015aw. Teresy Benedykty od Krzy\u017ca<\/strong><br>8:00 \u2020 Wies\u0142aw KUBRY\u0143 (1 r.\u015bm.); Karol KUBRY\u0143 (11 r.\u015bm.)<br>18:00 \u2020 Jan ANIKIEL (30 dzie\u0144 po pogrzebie)<br>18:00 \u2020 Jan FIODOROWICZ (10 r.\u015bm.) i Weronika<\/p>\n<p><strong>WTOREK \/ 10 sierpnia 2021r. \/ \u015aw. Wawrzy\u0144ca<\/strong><br>8:00 Rezerwacja<br>18:00 \u2020 Tadeusz CZE\u015aCIK (13 r.\u015bm.), zmarli rodzice, Eugenia (k) i Henryk GRABOWSCY oraz Andrzej<br>18:00 \u2020 Marek RAZMUK (3 r.\u015bm.)<\/p>\n<p><strong>\u015aRODA \/ 11 sierpnia 2021r. \/ \u015bw. Klary<\/strong><br>8:00 \u2020 Rodzice Kazimiera (9 r.\u015bm.) i Mieczys\u0142aw D\u0104BKOWSCY oraz zmarli z rodze\u0144stwa<br>18:00 O Bo\u017ce B\u0142ogos\u0142awie\u0144stwo, potrzebne \u0142aski, Dary Ducha \u015awi\u0119tego i opiek\u0119 Matki Bo\u017cej dla Micha\u0142a i Edyty oraz Jacka i Agaty<\/p>\n<p><strong>CZWARTEK \/ 12 sierpnia 2021r.<\/strong><br>8:00 \u2020 Barbara i Ryszard CZARNECCY<br>18:00 \u2020 Bogdan GRZYMA\u0141A (1 r.\u015bm.)<\/p>\n<p><strong>PI\u0104TEK \/ 13 sierpnia 2021r<\/strong><br>8:00 Za dusze w czy\u015b\u0107cu cierpi\u0105ce<br>18:00 \u2020 Agnieszka TRACZYK (30 dzie\u0144 po pogrzebie)<br>18:00 \u2020 Jerzy i Stanis\u0142aw oraz zmarli z rodziny<\/p>\n<p><strong>SOBOTA \/ 14 sierpnia 2021r. \/ \u015aw. Maksymiliana Marii Kolbego<\/strong><br>8:00 \u2020 Halina KRAKOWSKA (10 r. \u015bm.), zmarli rodzice Genowefa i Jan<br>18:00 \u2020 Eugenia G\u0118BSKA (1 r.\u015bm.), W\u0142adys\u0142aw G\u0118BSKI i zmarli z rodziny SULECKICH<\/p>\n<p><strong>NIEDZIELA \/ 15 sierpnia 2021 r. \/ Uroczysto\u015b\u0107 Wniebowzi\u0119cia Naj\u015bwi\u0119tszej Maryi Panny<\/strong><br>7:00 Za dusze w czy\u015b\u0107cu cierpi\u0105ce<br>9:00 \u2020 Tadeusz i Julia GRZE\u015aKIEWICZ<br>10:30 \u2020 ks. Franciszek BROKUNIEWICZ (18 r.\u015bm.)<br>12:00 W intencji Parafian<br>18:00 Dzi\u0119kczynna z pro\u015bb\u0105 o dalsze b\u0142ogos\u0142awie\u0144stwo dla: Agnieszki i Grzegorza GR\u0104DZIK ( 19 r. \u015blubu); Anety i Grzegorza ZIELKA (17 r. \u015blubu); Iwony i Marcina SIERADZ (16 r. \u015blubu) oraz Jadwigi i Leszka GR\u0104DZIK (43 r. \u015blubu)<\/p>\n\n\n<p><\/p>\n","protected":false},"excerpt":{"rendered":"<p>Ewangelia (J 6, 41-51)Chleb \u017cywy, kt\u00f3ry zst\u0105pi\u0142 z nieba S\u0142owa Ewangelii wed\u0142ug \u015awi\u0119tego Jana \u017bydzi szemrali przeciwko Jezusowi, dlatego \u017ce powiedzia\u0142: \u00abJa jestem chlebem, kt\u00f3ry z nieba zst\u0105pi\u0142\u00bb. I m\u00f3wili: \u00abCzy\u017c to nie jest Jezus, syn J\u00f3zefa, kt\u00f3rego ojca i matk\u0119 my znamy? Jak\u017ce\u017c mo\u017ce On teraz m\u00f3wi\u0107: Z nieba zst\u0105pi\u0142em\u00bb. Jezus rzek\u0142 im w [&hellip;]<\/p>\n","protected":false},"author":1,"featured_media":4405,"comment_status":"closed","ping_status":"closed","sticky":false,"template":"","format":"standard","meta":{"ngg_post_thumbnail":0,"footnotes":""},"categories":[11,8,4,3],"tags":[],"class_list":["post-4404","post","type-post","status-publish","format-standard","has-post-thumbnail","hentry","category-aktualnosci","category-blog","category-intencje","category-ogloszenia"],"_links":{"self":[{"href":"https:\/\/rafalk-elblag.pl\/index.php?rest_route=\/wp\/v2\/posts\/4404","targetHints":{"allow":["GET"]}}],"collection":[{"href":"https:\/\/rafalk-elblag.pl\/index.php?rest_route=\/wp\/v2\/posts"}],"about":[{"href":"https:\/\/rafalk-elblag.pl\/index.php?rest_route=\/wp\/v2\/types\/post"}],"author":[{"embeddable":true,"href":"https:\/\/rafalk-elblag.pl\/index.php?rest_route=\/wp\/v2\/users\/1"}],"replies":[{"embeddable":true,"href":"https:\/\/rafalk-elblag.pl\/index.php?rest_route=%2Fwp%2Fv2%2Fcomments&post=4404"}],"version-history":[{"count":4,"href":"https:\/\/rafalk-elblag.pl\/index.php?rest_route=\/wp\/v2\/posts\/4404\/revisions"}],"predecessor-version":[{"id":4411,"href":"https:\/\/rafalk-elblag.pl\/index.php?rest_route=\/wp\/v2\/posts\/4404\/revisions\/4411"}],"wp:featuredmedia":[{"embeddable":true,"href":"https:\/\/rafalk-elblag.pl\/index.php?rest_route=\/wp\/v2\/media\/4405"}],"wp:attachment":[{"href":"https:\/\/rafalk-elblag.pl\/index.php?rest_route=%2Fwp%2Fv2%2Fmedia&parent=4404"}],"wp:term":[{"taxonomy":"category","embeddable":true,"href":"https:\/\/rafalk-elblag.pl\/index.php?rest_route=%2Fwp%2Fv2%2Fcategories&post=4404"},{"taxonomy":"post_tag","embeddable":true,"href":"https:\/\/rafalk-elblag.pl\/index.php?rest_route=%2Fwp%2Fv2%2Ftags&post=4404"}],"curies":[{"name":"wp","href":"https:\/\/api.w.org\/{rel}","templated":true}]}}