{"id":4397,"date":"2021-08-02T15:50:38","date_gmt":"2021-08-02T15:50:38","guid":{"rendered":"http:\/\/rafalk-elblag.pl\/?p=4397"},"modified":"2021-08-02T15:50:38","modified_gmt":"2021-08-02T15:50:38","slug":"biuletyn-01-08-2021-xviii-niedziela-zwykla","status":"publish","type":"post","link":"https:\/\/rafalk-elblag.pl\/?p=4397","title":{"rendered":"Biuletyn 01.08.2021, XVIII Niedziela Zwyk\u0142a"},"content":{"rendered":"<p><iframe loading=\"lazy\" title=\"01.08.2021 Dzi\u0119ki za wszystko\" width=\"900\" height=\"506\" src=\"https:\/\/www.youtube.com\/embed\/qKhNXefeACQ?feature=oembed\" frameborder=\"0\" allow=\"accelerometer; autoplay; clipboard-write; encrypted-media; gyroscope; picture-in-picture\" allowfullscreen><\/iframe><\/p>\n<p><strong>Ewangelia (J 6, 24-35)<\/strong><br><strong>Kto przychodzi do Chrystusa, nie b\u0119dzie \u0142akn\u0105\u0142<\/strong><\/p>\n<p>S\u0142owa Ewangelii wed\u0142ug \u015awi\u0119tego Jana<\/p>\n<p>Kiedy ludzie z t\u0142umu zauwa\u017cyli, \u017ce na brzegu jeziora nie ma Jezusa ani Jego uczni\u00f3w, wsiedli do \u0142odzi, dotarli do Kafarnaum i tam szukali Jezusa. Gdy za\u015b odnale\u017ali Go na przeciwleg\u0142ym brzegu, rzekli do Niego: \u00abRabbi, kiedy tu przyby\u0142e\u015b?\u00bb<\/p>\n<p>W odpowiedzi rzek\u0142 im Jezus: \u00abZaprawd\u0119, zaprawd\u0119, powiadam wam: Szukacie Mnie nie dlatego, \u017ce widzieli\u015bcie znaki, ale dlatego, \u017ce jedli\u015bcie chleb do syta. Zabiegajcie nie o ten pokarm, kt\u00f3ry niszczeje, ale o ten, kt\u00f3ry trwa na \u017cycie wieczne, a kt\u00f3ry da wam Syn Cz\u0142owieczy; Jego to bowiem piecz\u0119ci\u0105 sw\u0105 naznaczy\u0142 B\u00f3g Ojciec\u00bb.<\/p>\n<p>Oni za\u015b rzekli do Niego: \u00abC\u00f3\u017c mamy czyni\u0107, aby\u015bmy wykonywali dzie\u0142a Boga?\u00bb<\/p>\n<p>Jezus, odpowiadaj\u0105c, rzek\u0142 do nich: \u00abNa tym polega dzie\u0142o Boga, aby\u015bcie wierzyli w Tego, kt\u00f3rego On pos\u0142a\u0142\u00bb.<\/p>\n<p>Rzekli do Niego: \u00abJaki wi\u0119c Ty uczynisz znak, aby\u015bmy go zobaczyli i Tobie uwierzyli? C\u00f3\u017c zdzia\u0142asz? Ojcowie nasi jedli mann\u0119 na pustyni, jak napisano: \u201eDa\u0142 im do jedzenia chleb z nieba\u201d\u00bb.<\/p>\n<p>Rzek\u0142 do nich Jezus: \u00abZaprawd\u0119, zaprawd\u0119, powiadam wam: Nie Moj\u017cesz da\u0142 wam chleb z nieba, ale dopiero Ojciec m\u00f3j daje wam prawdziwy chleb z nieba. Albowiem chlebem Bo\u017cym jest Ten, kt\u00f3ry z nieba zst\u0119puje i \u017cycie daje \u015bwiatu\u00bb.<\/p>\n<p>Rzekli wi\u0119c do Niego: \u00abPanie, dawaj nam zawsze ten chleb!\u00bb<\/p>\n<p>Odpowiedzia\u0142 im Jezus: \u00abJa jestem chlebem \u017cycia. Kto do Mnie przychodzi, nie b\u0119dzie \u0142akn\u0105\u0142; a kto we Mnie wierzy, nigdy pragn\u0105\u0107 nie b\u0119dzie\u00bb.<\/p>\n<p>&nbsp;<\/p>\n<p>&nbsp;<br><img decoding=\"async\" src=\"http:\/\/rafalk-elblag.pl\/wp-content\/uploads\/2020\/04\/baner-ogloszenia-parafialne.jpg\"><\/p>\n<h1>Og\u0142oszenia parafialne 01.08.2021r<\/h1>\n<p><strong>1.<\/strong> Rozpocz\u0105\u0142 si\u0119 sierpie\u0144 \u2013 miesi\u0105c abstynencji. Przez pami\u0119\u0107 o wielkich dzie\u0142ach, kt\u00f3re B\u00f3g dokona\u0142 w naszym narodzie w tym miesi\u0105cu, a tak\u017ce odpowiadaj\u0105c na Apel Ko\u015bcio\u0142a, powstrzymajmy si\u0119 od spo\u017cywania napoj\u00f3w alkoholowych.<\/p>\n<p><strong>2.<\/strong> Przy naszej parafii dzia\u0142a grupa rodzinna Al-Anon (\u201e\u015amieszki\u201d), kt\u00f3ra zaprasza zainteresowanych problemem nadu\u017cywania alkoholu przez bliskie osoby. Grupa spotyka si\u0119 w ka\u017cdy czwartek na plebanii o godz. 17:00, natomiast w pierwsze czwartki miesi\u0105ca jest mityng otwarty dla zainteresowanych wsp\u00f3lnot\u0105.<\/p>\n<p><strong>3.<\/strong> Ofiary z\u0142o\u017cone dzisiaj na tac\u0119 przeznaczone s\u0105 na sp\u0142at\u0119 wykonanego remontu na plebanii. B\u00f3g zap\u0142a\u0107 za zrozumienie i z\u0142o\u017cone ofiary.<\/p>\n<p><strong>4.<\/strong> Zapraszamy dzi\u015b na Adoracj\u0119 Naj\u015bwi\u0119tszego Sakramentu od godz. 15:00 do godz. 18:00. Rozpocz\u0119cie modlitw\u0105 Koronki do Bo\u017cego Mi\u0142osierdzia.<\/p>\n<p><strong>5.<\/strong> W niedziel\u0119 01 sierpnia br. od godz. 08:00 do 15:00, przy ko\u015bciele \u015bw. Wojciecha w Elbl\u0105gu, mo\u017cna b\u0119dzie ZASZCZEPI\u0106 SI\u0118 PRZECIW COVID-19, jednodawkowym preparatem Johnson&amp;Johnson. Osoby, kt\u00f3re jeszcze nie zaszczepi\u0142y si\u0119, zach\u0119camy do skorzystania z tej okazji i zaszczepienie si\u0119, dla w\u0142asnej ochrony i bezpiecze\u0144stwa innych spotykanych os\u00f3b. Przypominamy o konieczno\u015bci posiadania dowodu to\u017csamo\u015bci.<\/p>\n<p><strong>6.<\/strong> Trwaj\u0105c w jedno\u015bci modlitewnej z pielgrzymami zmierzaj\u0105cymi do Cz\u0119stochowy zach\u0119camy do udzia\u0142u (w czasie trwania pielgrzymki) w Mszach \u015bw. wieczornych zako\u0144czonych modlitw\u0105 i APELEM JASNOG\u00d3RSKIM.<\/p>\n<p><strong>7. UWAGA!!! W czasie trwania pielgrzymki pieszej do Cz\u0119stochowy o godz. 21:00 b\u0119d\u0105 bi\u0142y dzwony, maj\u0105 przypomina\u0107 nam i zach\u0119ca\u0107 nas do modlitwy APELOWEJ.<\/strong><\/p>\n<p><strong>8.<\/strong> W rozpoczynaj\u0105cym si\u0119 tygodniu wspominamy w liturgii: w \u015brod\u0119 \u015bw. Jana Mari\u0119 Vianneya \u2013 kap\u0142ana i patrona proboszcz\u00f3w, w czwartek rocznic\u0119 po\u015bwi\u0119cenia Rzymskiej Bazyliki Matki Bo\u017cej Wi\u0119kszej, w pi\u0105tek \u015awi\u0119to Przemienienia Pa\u0144skiego.<\/p>\n<p>9. W tym tygodniu przypada pierwszy czwartek, pi\u0105tek i sobota miesi\u0105ca sierpnia.<\/p>\n<ul>\n<li>I czwartek (05.08.) modli\u0107 si\u0119 b\u0119dziemy o \u015bwi\u0119to\u015b\u0107 kap\u0142an\u00f3w, nowe powo\u0142ania kap\u0142a\u0144skie oraz za Seminarium Elbl\u0105skie. Zapraszamy po Mszy \u015bw. wieczornej na ,,Godzin\u0119 \u015awi\u0119t\u0105\u201d, czyli adoracj\u0119 przed Naj\u015bwi\u0119tszym Sakramentem.<\/li>\n<li>I pi\u0105tek (06.08.) spowied\u017a od 7:45 i 17:30.<\/li>\n<li>I sobota (07.08.) \u2013 zapraszamy na Nabo\u017ce\u0144stwo R\u00f3\u017ca\u0144cowe o godz. 17:00<\/li>\n<\/ul>\n<p><strong>10.<\/strong> Miesi\u0105c lipiec by\u0142 po\u015bwi\u0119cony kontemplacji Naj\u015bwi\u0119tszej Krwi Chrystusa. Dzi\u0119kuj\u0119 Wsp\u00f3lnocie Krwi Chrystusa za prowadzenie modlitw przed wieczorn\u0105 Msz\u0105 \u015awi\u0119t\u0105.<\/p>\n<p><strong>11.<\/strong> M\u00f3dlmy si\u0119 za dzieci, m\u0142odzie\u017c i wszystkich wypoczywaj\u0105cych na wakacjach. Pro\u015bmy o Bo\u017ce b\u0142ogos\u0142awie\u0144stwo i bezpieczny wypoczynek oraz o ustanie pandemii.<\/p>\n<p><strong>12.<\/strong> Dzi\u0119kujemy za stosowny ubi\u00f3r w ko\u015bciele w okresie wakacji. Msza \u015bw. jest uroczyst\u0105 celebracj\u0105, kt\u00f3ra domaga si\u0119 swego pi\u0119kna, szacunku i najwy\u017cszej kultury.<\/p>\n<p><strong>13.<\/strong> Mieszka\u0144cy parafii \u015bw. Maksymiliana Marii Kolbego w K\u0119pkach wraz z Proboszczem przes\u0142ali nam pisemne podzi\u0119kowanie za okazan\u0105 pomoc i zapewniaj\u0105 o modlitwie za wszystkich dobrodziej\u00f3w.<\/p>\n<p><strong>14.<\/strong> Wszystkim parafianom i go\u015bciom \u017cyczymy udanego wypoczynku b\u0142ogos\u0142awie\u0144stwa Bo\u017cego oraz opieki Matki Bo\u017cej Szkaplerznej.<\/p>\n<p>&nbsp;<\/p>\n<p><img decoding=\"async\" src=\"http:\/\/rafalk-elblag.pl\/wp-content\/uploads\/2020\/04\/baner-intencje-mszy.jpg\"><\/p>\n<h1>Intencje mszalne 01.08.2021r<\/h1>\n<p><strong>XVIII Niedziela Zwyk\u0142a \/ 1 sierpnia 2021 r.<\/strong><br>7.00 O nawr\u00f3cenie biednych grzesznik\u00f3w<br>9.00 O do\u015bwiadczenie Bo\u017cej mi\u0142o\u015bci dla Karoliny i Sebastiana<br>10.30 \u2020 Konstanty, Czes\u0142awa (k), Janusz DUSZNIAK<br>12.00 W intencji Parafian \/ ofiarodawc\u00f3w naszej \u015bwi\u0105tyni<br>15.00 ADORACJA NAJ\u015aWI\u0118TSZEGO SAKRAMENTU DO GODZ. 18.00<br>18.00 \u2020 Bogus\u0142awa RAGUS(7 r. \u015bm.), Stanis\u0142awa (k) Kazimierz JARKA<\/p>\n<p><strong>PONIEDZIA\u0141EK \/ 2 sierpnia 2021r.<\/strong><br>8.00 O nawr\u00f3cenie biednych grzesznik\u00f3w<br>18.00 \u2020 Halinka oraz zmarli z rodziny ZEGA<\/p>\n<p><strong>WTOREK \/ 3 sierpnia 2021r.<\/strong><br>8.00 \u2020 Wiktoria, Teofil, Edward, Henryk i Jadwiga NOWOCI\u0143SKA<br>18.00 O nawr\u00f3cenie biednych grzesznik\u00f3w<\/p>\n<p><strong>\u015aRODA \/ 4 sierpnia 2021r. \/ \u015bw. Jana Marii Vianneya<\/strong><br>8.00 Dzi\u0119kczynna za przyjaci\u00f3\u0142 Iwon\u0119 i Andrzeja z pro\u015bb\u0105 o Dary Ducha \u015awi\u0119tego i potrzebne \u0142aski do wype\u0142nienia woli Bo\u017cej<br>18.00 O nawr\u00f3cenie biednych grzesznik\u00f3w<\/p>\n<p><strong>CZWARTEK \/ 5 sierpnia 2021r. \/ Po Mszy Godzina \u015awi\u0119ta<\/strong><br>8.00 O nawr\u00f3cenie biednych grzesznik\u00f3w<br>18.00 \u2020 Teresa KOTKOWSKA (9 r. \u015bm.) i zmarli z rodziny<\/p>\n<p><strong>PI\u0104TEK \/ 6 sierpnia 2021r \/ \u015awi\u0119to Przemienienia Pa\u0144skiego<\/strong><br>8.00 O \u0142ask\u0119 zdrowia i potrzebne si\u0142y do wype\u0142nienia woli Bo\u017cej dla Anny i Kazimierza<br>18.00 O Bo\u017ce B\u0142ogos\u0142awie\u0144stwo dla Wsp\u00f3lnoty Przemienienie<br>18.00 \u2020 Jan JARZYNKA<\/p>\n<p><strong>SOBOTA \/ 7 sierpnia 2021r.<\/strong><br>8.00 \u2020 Za zmar\u0142ych z rodzin POLASIK, BABI\u0143SKICH, ST\u0118PIE\u0143, PRUSZY\u0143SKICH, \u017bUROWSKICH i RUDAK<br>18.00 O trze\u017awo\u015b\u0107 w naszych rodzinach oraz o uwolnienie z na\u0142ogu ludzi uzale\u017cnionych (Msza od III R\u00f3\u017cy Matki Bo\u017cej Ostrobramskiej)<\/p>\n<p><strong>XIX Niedziela Zwyk\u0142a \/ 8 sierpnia 2021 r.<\/strong><br>7.00 Rezerwacja<br>9.00 \u2020 Irena WI\u015aNIEWSKA (6 r. \u015bm.)<br>10.30 O Bo\u017ce B\u0142ogos\u0142awie\u0144stwo, wszelkie potrzebne \u0142aski, opiek\u0119 Matki Bo\u017cej dla Karoliny i Tomasza w 3 rocznic\u0119 \u015blubu<br>10.30 O Bo\u017ce B\u0142ogos\u0142awie\u0144stwo, potrzebne \u0142aski, zdrowie, opiek\u0119 Matki Bo\u017cej i Dary Ducha \u015awi\u0119tego dla Stasia z okazji 8 rocznicy urodzin<br>12.00 W intencji Parafian<br>18.00 \u2020 Romuald w rocznic\u0119 \u015bmierci i zmarli z rodziny KARMAN<\/p>\n<p>&nbsp;<\/p>\n\n\n<p><\/p>\n","protected":false},"excerpt":{"rendered":"<p>Ewangelia (J 6, 24-35)Kto przychodzi do Chrystusa, nie b\u0119dzie \u0142akn\u0105\u0142 S\u0142owa Ewangelii wed\u0142ug \u015awi\u0119tego Jana Kiedy ludzie z t\u0142umu zauwa\u017cyli, \u017ce na brzegu jeziora nie ma Jezusa ani Jego uczni\u00f3w, wsiedli do \u0142odzi, dotarli do Kafarnaum i tam szukali Jezusa. Gdy za\u015b odnale\u017ali Go na przeciwleg\u0142ym brzegu, rzekli do Niego: \u00abRabbi, kiedy tu przyby\u0142e\u015b?\u00bb W [&hellip;]<\/p>\n","protected":false},"author":1,"featured_media":4398,"comment_status":"closed","ping_status":"closed","sticky":false,"template":"","format":"standard","meta":{"ngg_post_thumbnail":0,"footnotes":""},"categories":[11,8,4,3],"tags":[],"class_list":["post-4397","post","type-post","status-publish","format-standard","has-post-thumbnail","hentry","category-aktualnosci","category-blog","category-intencje","category-ogloszenia"],"_links":{"self":[{"href":"https:\/\/rafalk-elblag.pl\/index.php?rest_route=\/wp\/v2\/posts\/4397","targetHints":{"allow":["GET"]}}],"collection":[{"href":"https:\/\/rafalk-elblag.pl\/index.php?rest_route=\/wp\/v2\/posts"}],"about":[{"href":"https:\/\/rafalk-elblag.pl\/index.php?rest_route=\/wp\/v2\/types\/post"}],"author":[{"embeddable":true,"href":"https:\/\/rafalk-elblag.pl\/index.php?rest_route=\/wp\/v2\/users\/1"}],"replies":[{"embeddable":true,"href":"https:\/\/rafalk-elblag.pl\/index.php?rest_route=%2Fwp%2Fv2%2Fcomments&post=4397"}],"version-history":[{"count":1,"href":"https:\/\/rafalk-elblag.pl\/index.php?rest_route=\/wp\/v2\/posts\/4397\/revisions"}],"predecessor-version":[{"id":4403,"href":"https:\/\/rafalk-elblag.pl\/index.php?rest_route=\/wp\/v2\/posts\/4397\/revisions\/4403"}],"wp:featuredmedia":[{"embeddable":true,"href":"https:\/\/rafalk-elblag.pl\/index.php?rest_route=\/wp\/v2\/media\/4398"}],"wp:attachment":[{"href":"https:\/\/rafalk-elblag.pl\/index.php?rest_route=%2Fwp%2Fv2%2Fmedia&parent=4397"}],"wp:term":[{"taxonomy":"category","embeddable":true,"href":"https:\/\/rafalk-elblag.pl\/index.php?rest_route=%2Fwp%2Fv2%2Fcategories&post=4397"},{"taxonomy":"post_tag","embeddable":true,"href":"https:\/\/rafalk-elblag.pl\/index.php?rest_route=%2Fwp%2Fv2%2Ftags&post=4397"}],"curies":[{"name":"wp","href":"https:\/\/api.w.org\/{rel}","templated":true}]}}