{"id":4390,"date":"2021-07-24T17:41:08","date_gmt":"2021-07-24T17:41:08","guid":{"rendered":"http:\/\/rafalk-elblag.pl\/?p=4390"},"modified":"2021-08-02T15:50:50","modified_gmt":"2021-08-02T15:50:50","slug":"biuletyn-25-07-2021-xvii-niedziela-zwykla","status":"publish","type":"post","link":"https:\/\/rafalk-elblag.pl\/?p=4390","title":{"rendered":"Biuletyn 25.07.2021, XVII Niedziela Zwyk\u0142a"},"content":{"rendered":"<p><iframe loading=\"lazy\" title=\"Ks. Piotr Pawlukiewicz - G\u0142\u00f3d, kt\u00f3rego potrzebujemy i Bo\u017ce szale\u0144stwo\" width=\"900\" height=\"506\" src=\"https:\/\/www.youtube.com\/embed\/TgXBcc6_i8Y?feature=oembed\" frameborder=\"0\" allow=\"accelerometer; autoplay; clipboard-write; encrypted-media; gyroscope; picture-in-picture\" allowfullscreen><\/iframe><\/p>\n<p><strong>Ewangelia (J 6, 1-15)<\/strong><br \/>\n<strong>Rozmno\u017cenie chleba<\/strong><br \/>\n<strong>S\u0142owa Ewangelii wed\u0142ug \u015awi\u0119tego Jana<\/strong><\/p>\n<p>Jezus uda\u0142 si\u0119 na drugi brzeg Jeziora Galilejskiego, czyli Tyberiadzkiego. Szed\u0142 za Nim wielki t\u0142um, bo ogl\u0105dano znaki, jakie czyni\u0142 dla tych, kt\u00f3rzy chorowali.<\/p>\n<p>Jezus wszed\u0142 na wzg\u00f3rze i usiad\u0142 tam ze swoimi uczniami. A zbli\u017ca\u0142o si\u0119 \u015bwi\u0119to \u017cydowskie, Pascha.<\/p>\n<p>Kiedy wi\u0119c Jezus podni\u00f3s\u0142 oczy i ujrza\u0142, \u017ce liczne t\u0142umy schodz\u0105 si\u0119 do Niego, rzek\u0142 do Filipa: \u00abGdzie kupimy chleba, aby oni si\u0119 najedli?\u00bb A m\u00f3wi\u0142 to, wystawiaj\u0105c go na pr\u00f3b\u0119. Wiedzia\u0142 bowiem, co ma czyni\u0107.<\/p>\n<p>Odpowiedzia\u0142 Mu Filip: \u00abZa dwie\u015bcie denar\u00f3w nie wystarczy chleba, aby ka\u017cdy z nich m\u00f3g\u0142 cho\u0107 troch\u0119 otrzyma\u0107\u00bb.<\/p>\n<p>Jeden z Jego uczni\u00f3w, Andrzej, brat Szymona Piotra, rzek\u0142 do Niego: \u00abJest tu jeden ch\u0142opiec, kt\u00f3ry ma pi\u0119\u0107 chleb\u00f3w j\u0119czmiennych i dwie ryby, lecz c\u00f3\u017c to jest dla tak wielu?\u00bb<\/p>\n<p>Jezus za\u015b rzek\u0142: \u00abKa\u017ccie ludziom usi\u0105\u015b\u0107\u00bb. A w miejscu tym by\u0142o wiele trawy. Usiedli wi\u0119c m\u0119\u017cczy\u017ani, a liczba ich dochodzi\u0142a do pi\u0119ciu tysi\u0119cy.<\/p>\n<p>Jezus wi\u0119c wzi\u0105\u0142 chleby i odm\u00f3wiwszy dzi\u0119kczynienie, rozda\u0142 siedz\u0105cym; podobnie uczyni\u0142 i z rybami, rozdaj\u0105c tyle, ile kto chcia\u0142. A gdy si\u0119 nasycili, rzek\u0142 do uczni\u00f3w: \u00abZbierzcie pozosta\u0142e u\u0142omki, aby nic nie zgin\u0119\u0142o\u00bb. Zebrali wi\u0119c i u\u0142omkami z pi\u0119ciu chleb\u00f3w j\u0119czmiennych, pozosta\u0142ymi po spo\u017cywaj\u0105cych, nape\u0142nili dwana\u015bcie kosz\u00f3w.<\/p>\n<p>A kiedy ludzie spostrzegli, jaki znak uczyni\u0142 Jezus, m\u00f3wili: \u00abTen prawdziwie jest prorokiem, kt\u00f3ry ma przyj\u015b\u0107 na \u015bwiat\u00bb. Gdy wi\u0119c Jezus pozna\u0142, \u017ce mieli przyj\u015b\u0107 i porwa\u0107 Go, aby Go obwo\u0142a\u0107 kr\u00f3lem, sam usun\u0105\u0142 si\u0119 zn\u00f3w na g\u00f3r\u0119.<\/p>\n<p>&nbsp;<\/p>\n<p>&nbsp;<br \/>\n<img decoding=\"async\" src=\"http:\/\/rafalk-elblag.pl\/wp-content\/uploads\/2020\/04\/baner-ogloszenia-parafialne.jpg\"><\/p>\n<h1>Og\u0142oszenia parafialne 25.07.2021r<\/h1>\n<p><strong>1.<\/strong> Zgodnie z pro\u015bb\u0105 Ksi\u0119dza Biskupa Elbl\u0105skiego, dzi\u015b po zako\u0144czeniu Mszy \u015bw. zbieramy do puszki ofiary na wsparcie materialne po po\u017carze dla parafii w K\u0119pkach oraz na pomoc poszkodowanym wskutek burz i powodzi jakie mia\u0142y miejsce w ostatnim czasie w naszym kraju i Europie Zachodniej. B\u00f3g zap\u0142a\u0107 za wszelk\u0105 \u017cyczliwo\u015b\u0107!<\/p>\n<p><strong>2<\/strong>. Dzisiaj 25 lipca przypada liturgiczne wspomnienie \u015bw. Krzysztofa \u2013 patrona kierowc\u00f3w. Po Mszy \u015bw. o godz. 12:00 i 18:00 odb\u0119dzie si\u0119 po\u015bwi\u0119cenie pojazd\u00f3w i wr\u0119czenie pami\u0105tkowego obrazka. Ofiary zebrane przy tej okazji zostan\u0105 przekazane jak co roku na \u015brodki transportu dla misjonarzy<\/p>\n<p><strong>3.<\/strong> Pami\u0119tajmy, \u017ce jutro 26 lipca &#8211; dzie\u0144 wdzi\u0119czno\u015bci rodzicom, dziadkom i emerytom. Pro\u015bmy, by \u015bwi\u0119ci Anna i Joachim patronowie tego dnia wypraszali dla nich potrzebne \u0142aski.<\/p>\n<p><strong>4.<\/strong> W \u015brod\u0119 28 lipca wyrusza XXIX Piesza Pielgrzymka na Jasn\u0105 G\u00f3r\u0119 pod has\u0142em \u201eKR\u00d3LOWO POLSKI PRZYRZEKAMY\u201d. Grupa Elbl\u0105g- P\u00f3\u0142noc wyrusza razem z grup\u0105 katedraln\u0105. Pielgrzymka rozpocznie si\u0119 Msz\u0105 \u015bw. w Katedrze \u015bw. Miko\u0142aja o godz. 7.00 na kt\u00f3r\u0105 serdecznie zapraszamy. Jest to ostatnia szansa aby z\u0142o\u017cy\u0107 intencje do skrzynki, w kt\u00f3rych b\u0119d\u0105 si\u0119 modli\u0107 pielgrzymi w czasie drogi. Dzi\u0119kujemy za wszelkie ofiary i modlitw\u0119, aby to dzie\u0142o mog\u0142o by\u0107 szcz\u0119\u015bliwie zrealizowane.<\/p>\n<p><strong>5.<\/strong> Trwaj\u0105c w jedno\u015bci modlitewnej z pielgrzymami zmierzaj\u0105cymi do Cz\u0119stochowy zach\u0119camy do udzia\u0142u (w czasie trwania pielgrzymki) w Mszach \u015bw. wieczornych zako\u0144czonych modlitw\u0105 i APELEM JASNOG\u00d3RSKIM. UWAGA!!! W czasie trwania pielgrzymki pieszej do Cz\u0119stochowy o godz. 21:00 b\u0119d\u0105 bi\u0142y dzwony, przypominaj\u0105c nam i zach\u0119ca\u0107 nas do wsp\u00f3lnej modlitwy \u2013 APELOWEJ.<\/p>\n<p><strong>6.<\/strong> Za tydzie\u0144 pierwsza niedziela miesi\u0105ca. Zapraszamy na Adoracj\u0119 Naj\u015bwi\u0119tszego Sakramentu od godz. 15:00 do godz. 18.00.<\/p>\n<p><strong>7.<\/strong> Kancelaria parafialna, przez ca\u0142y okres wakacji, czynna b\u0119dzie w \u015brody i pi\u0105tki po Mszy \u015bw. wieczorowej.<\/p>\n<p><strong>8.<\/strong> M\u00f3dlmy si\u0119 za dzieci, m\u0142odzie\u017c i wszystkich wypoczywaj\u0105cych na wakacjach. Pro\u015bmy o Bo\u017ce b\u0142ogos\u0142awie\u0144stwo i bezpieczny wypoczynek.<\/p>\n<p><strong>9.<\/strong> Wszystkim Jubilatom i Solenizantom tego tygodnia \u017cyczymy wszelkiego dobra w \u017cyciu i b\u0142ogos\u0142awie\u0144stwa Bo\u017cego.<\/p>\n<p><strong>10.<\/strong> Przed ko\u015bcio\u0142em mo\u017cna naby\u0107 Go\u015bcia Niedzielnego w cenie 6 z\u0142.<\/p>\n<p>&nbsp;<\/p>\n<p><img decoding=\"async\" src=\"http:\/\/rafalk-elblag.pl\/wp-content\/uploads\/2020\/04\/baner-intencje-mszy.jpg\"><\/p>\n<h1>Intencje mszalne 25.07.2021r<\/h1>\n<p><strong>XVII Niedziela Zwyk\u0142a \/ 25 lipca 2021 r.<\/strong><br \/>\n7.00 O nawr\u00f3cenie biednych grzesznik\u00f3w<br \/>\n9.00 \u2020 Jan i Katarzyna<br \/>\n10.30 \u2020 Agnieszka Skowro\u0144ska w 7 rocznic\u0119 \u015bmierci, Rafa\u0142 Skowro\u0144ski w 5 rocznic\u0119 \u015bmierci<br \/>\n12.00 W intencji Parafian<br \/>\n18.00 \u2020 Ignacy Rymarczyk w 3 rocznic\u0119 \u015bmierci, J\u00f3zefa (k) Bortnik w 20 rocznic\u0119 \u015bmierci<\/p>\n<p><strong>PONIEDZIA\u0141EK \/ 26 lipca 2021r.\/ \u015aw. Joachima i Anny, rodzic\u00f3w NMP<\/strong><br \/>\n8.00 O nawr\u00f3cenie biednych grzesznik\u00f3w<br \/>\n18.00 O Bo\u017ce b\u0142ogos\u0142awie\u0144stwo, wszelkie potrzebne \u0142aski dla Anny w dniu imienin<\/p>\n<p><strong>WTOREK \/ 27 lipca 2021r.<\/strong><br \/>\n8.00 \u2020 Zygmunt Stefanowicz w 26 rocznic\u0119 \u015bmierci<br \/>\n18.00 O nawr\u00f3cenie biednych grzesznik\u00f3w<\/p>\n<p><strong>\u015aRODA \/ 28 lipca 2021r.<\/strong><br \/>\n8.00 O nawr\u00f3cenie biednych grzesznik\u00f3w<br \/>\n18.00 \u2020 J\u00f3zef Tubilewicz w 30 rocznic\u0119 \u015bmierci i zmar\u0142ych z rodziny Tubilewicz i Dobrzenieckich<\/p>\n<p><strong>CZWARTEK \/ 29 lipca 2021r. \/ \u015aw. Marty<\/strong><br \/>\n8.00 Dzi\u0119kczynna z pro\u015bb\u0105 o Bo\u017ce b\u0142ogos\u0142awie\u0144stwo, wszelkie potrzebne \u0142aski, i opiek\u0119 Matki Bo\u017cej dla ks. Tomasza Wieczorka \u2013 int. od Margaretki<br \/>\n18.00 O nawr\u00f3cenie biednych grzesznik\u00f3w<\/p>\n<p><strong>PI\u0104TEK \/ 30 lipca 2021r<\/strong><br \/>\n8.00 Dzi\u0119kczynna z pro\u015bb\u0105 o Bo\u017ce b\u0142ogos\u0142awie\u0144stwo, Dary Ducha \u015awi\u0119tego dla ks. Piotra Makowskiego \u2013 int. od Margaretki<br \/>\n18.00 O nawr\u00f3cenie biednych grzesznik\u00f3w<\/p>\n<p><strong>SOBOTA \/ 31 lipca 2021r. \/ \u015aw. Ignacego z Loyoli<\/strong><br \/>\n8.00 O nawr\u00f3cenie biednych grzesznik\u00f3w<br \/>\n18.00 \u2020 Bronis\u0142aw Sosnowski w 7 miesi\u0105c po pogrzebie<\/p>\n<p><strong>XVIII Niedziela Zwyk\u0142a \/ 1 sierpnia 2021 r.<\/strong><br \/>\n7.00 O nawr\u00f3cenie biednych grzesznik\u00f3w<br \/>\n9.00 O do\u015bwiadczenie Bo\u017cej mi\u0142o\u015bci dla Karoliny i Sebastiana<br \/>\n10.30 \u2020 Konstanty, Czes\u0142awa (k), Janusz Duszniak o dar \u017cycia wiecznego<br \/>\n12.00 W intencji Parafian \/ ofiarodawc\u00f3w naszej \u015bwi\u0105tyni<br \/>\n15.00 ADORACJA NAJ\u015aWI\u0118TSZEGO SAKRAMENTU DO GODZ. 18.00<br \/>\n18.00 \u2020 Bogus\u0142awa Ragus w 7 rocznic\u0119 \u015bmierci, Stanis\u0142awa (k) Kazimierz Jarka<\/p>\n<p>&nbsp;<\/p>\n","protected":false},"excerpt":{"rendered":"<p>Ewangelia (J 6, 1-15) Rozmno\u017cenie chleba S\u0142owa Ewangelii wed\u0142ug \u015awi\u0119tego Jana Jezus uda\u0142 si\u0119 na drugi brzeg Jeziora Galilejskiego, czyli Tyberiadzkiego. Szed\u0142 za Nim wielki t\u0142um, bo ogl\u0105dano znaki, jakie czyni\u0142 dla tych, kt\u00f3rzy chorowali. Jezus wszed\u0142 na wzg\u00f3rze i usiad\u0142 tam ze swoimi uczniami. A zbli\u017ca\u0142o si\u0119 \u015bwi\u0119to \u017cydowskie, Pascha. Kiedy wi\u0119c Jezus podni\u00f3s\u0142 [&hellip;]<\/p>\n","protected":false},"author":1,"featured_media":4393,"comment_status":"closed","ping_status":"closed","sticky":false,"template":"","format":"standard","meta":{"ngg_post_thumbnail":0,"footnotes":""},"categories":[11,8,4,3],"tags":[],"class_list":["post-4390","post","type-post","status-publish","format-standard","has-post-thumbnail","hentry","category-aktualnosci","category-blog","category-intencje","category-ogloszenia"],"_links":{"self":[{"href":"https:\/\/rafalk-elblag.pl\/index.php?rest_route=\/wp\/v2\/posts\/4390","targetHints":{"allow":["GET"]}}],"collection":[{"href":"https:\/\/rafalk-elblag.pl\/index.php?rest_route=\/wp\/v2\/posts"}],"about":[{"href":"https:\/\/rafalk-elblag.pl\/index.php?rest_route=\/wp\/v2\/types\/post"}],"author":[{"embeddable":true,"href":"https:\/\/rafalk-elblag.pl\/index.php?rest_route=\/wp\/v2\/users\/1"}],"replies":[{"embeddable":true,"href":"https:\/\/rafalk-elblag.pl\/index.php?rest_route=%2Fwp%2Fv2%2Fcomments&post=4390"}],"version-history":[{"count":5,"href":"https:\/\/rafalk-elblag.pl\/index.php?rest_route=\/wp\/v2\/posts\/4390\/revisions"}],"predecessor-version":[{"id":4402,"href":"https:\/\/rafalk-elblag.pl\/index.php?rest_route=\/wp\/v2\/posts\/4390\/revisions\/4402"}],"wp:featuredmedia":[{"embeddable":true,"href":"https:\/\/rafalk-elblag.pl\/index.php?rest_route=\/wp\/v2\/media\/4393"}],"wp:attachment":[{"href":"https:\/\/rafalk-elblag.pl\/index.php?rest_route=%2Fwp%2Fv2%2Fmedia&parent=4390"}],"wp:term":[{"taxonomy":"category","embeddable":true,"href":"https:\/\/rafalk-elblag.pl\/index.php?rest_route=%2Fwp%2Fv2%2Fcategories&post=4390"},{"taxonomy":"post_tag","embeddable":true,"href":"https:\/\/rafalk-elblag.pl\/index.php?rest_route=%2Fwp%2Fv2%2Ftags&post=4390"}],"curies":[{"name":"wp","href":"https:\/\/api.w.org\/{rel}","templated":true}]}}