{"id":4387,"date":"2021-07-20T15:22:30","date_gmt":"2021-07-20T15:22:30","guid":{"rendered":"http:\/\/rafalk-elblag.pl\/?p=4387"},"modified":"2021-07-20T15:22:30","modified_gmt":"2021-07-20T15:22:30","slug":"biuletyn-18-07-2021-xvi-niedziela-zwykla","status":"publish","type":"post","link":"https:\/\/rafalk-elblag.pl\/?p=4387","title":{"rendered":"Biuletyn 18.07.2021, XVI Niedziela Zwyk\u0142a"},"content":{"rendered":"<p><iframe loading=\"lazy\" title=\"O trudnej sztuce odpoczywania - ks. S\u0142awomir Kostrzewa\" width=\"900\" height=\"506\" src=\"https:\/\/www.youtube.com\/embed\/DqjaN8JqXF8?feature=oembed\" frameborder=\"0\" allow=\"accelerometer; autoplay; clipboard-write; encrypted-media; gyroscope; picture-in-picture\" allowfullscreen><\/iframe><\/p>\n<p><strong>Ewangelia (Mk 6, 30-34)<\/strong><br \/>\n<strong>Jezus lituje si\u0119 nad t\u0142umem<\/strong><\/p>\n<p>S\u0142owa Ewangelii wed\u0142ug \u015awi\u0119tego Marka<\/p>\n<p>Aposto\u0142owie zebrali si\u0119 u Jezusa i opowiedzieli Mu wszystko, co zdzia\u0142ali i czego nauczali. A On rzek\u0142 do nich: \u00abP\u00f3jd\u017acie wy sami osobno na pustkowie i wypocznijcie nieco\u00bb. Tak wielu bowiem przychodzi\u0142o i odchodzi\u0142o, \u017ce nawet na posi\u0142ek nie mieli czasu.<\/p>\n<p>Odp\u0142yn\u0119li wi\u0119c \u0142odzi\u0105 na pustkowie, osobno. Lecz widziano ich odp\u0142ywaj\u0105cych. Wielu zauwa\u017cy\u0142o to i zbiegli si\u0119 tam pieszo ze wszystkich miast, a nawet ich wyprzedzili. Gdy Jezus wysiad\u0142, ujrza\u0142 wielki t\u0142um. Zlitowa\u0142 si\u0119 nad nimi, byli bowiem jak owce nie maj\u0105ce pasterza. I zacz\u0105\u0142 ich naucza\u0107 o wielu sprawach.<\/p>\n<p>&nbsp;<br \/>\n<img decoding=\"async\" src=\"http:\/\/rafalk-elblag.pl\/wp-content\/uploads\/2020\/04\/baner-ogloszenia-parafialne.jpg\"><\/p>\n<h1>Og\u0142oszenia parafialne 18.07.2021r<\/h1>\n<p><strong>1.<\/strong> W zwi\u0105zku z pielgrzymk\u0105 na Jasn\u0105 G\u00f3r\u0119 ju\u017c tradycyjnie przy wej\u015bciu do ko\u015bcio\u0142a wystawione jest pude\u0142ko na intencje modlitewne, kt\u00f3re zabior\u0105 w Waszym imieniu pielgrzymi w\u0119druj\u0105cy na Jasn\u0105 G\u00f3r\u0119. B\u00f3g zap\u0142a\u0107.<br \/>\nWitamy w naszej wsp\u00f3lnocie ks. Piotra Kanarka Przewodnika Grupy KATEDRA &#8211; P\u00d3\u0141NOC ELBL\u0104G, kt\u00f3ry dzisiaj g\u0142osi S\u0142owo Bo\u017ce i zach\u0119ca do wybrania si\u0119 na piesz\u0105 pielgrzymk\u0119. Ofiary zbierane do puszek przed ko\u015bcio\u0142em przeznaczone s\u0105 na cele organizacyjne pielgrzymki.<\/p>\n<p><strong>2<\/strong>. <strong>Dnia 1 lipca br. (2021) dosz\u0142o do po\u017caru ko\u015bcio\u0142a parafialnego w K\u0119pkach na \u017bu\u0142awach Elbl\u0105skich (dekanat Nowy Dw\u00f3r Gda\u0144ski). Z racji zaplanowanej dzisiaj puszki na cele organizacyjne pielgrzymki pieszej ofiary na parafi\u0119 K\u0119pki z\u0142o\u017cymy za tydzie\u0144 (25 lipca). Dzi\u0119kuj\u0119 za zrozumienie.<\/strong><\/p>\n<p><strong>3.<\/strong> Za tydzie\u0144 25 lipca przypada liturgiczne wspomnienie \u015bw. Krzysztofa \u2013 patrona kierowc\u00f3w. Po Mszy \u015bw. o godz. 12:00 i 18:00 odb\u0119dzie si\u0119 po\u015bwi\u0119cenie pojazd\u00f3w i wr\u0119czenie pami\u0105tkowego obrazka. Ofiary zebrane przy tej okazji zostan\u0105 przekazane jak co roku na \u015brodki transportu dla misjonarzy w ramach akcji MIVA POLSKA. Dzi\u0119kujemy za wsparcie i zrozumienie.<\/p>\n<p><strong>4.<\/strong> Dzi\u0119kujemy Panu Bogu za kolejny wspania\u0142y dzie\u0144, po\u015bwi\u0119cony Naj\u015bwi\u0119tszej Maryi Pannie z G\u00f3ry Karmel, by\u0142o to nasze radosne prze\u017cywanie ODPUSTU PARAFIALNEGO ku czci Matki Bo\u017cej Szkaplerznej. B\u00f3g zap\u0142a\u0107 za liczny udzia\u0142 i za pomoc w przygotowaniu powy\u017cszej uroczysto\u015bci. B\u00f3g zap\u0142a\u0107.<\/p>\n<p><strong>5<\/strong>. Lipiec jest miesi\u0105cem po\u015bwi\u0119conym kontemplacji Naj\u015bwi\u0119tszej Krwi Chrystusa. Krew Chrystusa jest niezbitym dowodem mi\u0142o\u015bci Niebieskiego Ojca do ka\u017cdego cz\u0142owieka bez wyj\u0105tku. Zach\u0119cam Wsp\u00f3lnot\u0119 Krwi Chrystusa do prowadzenia modlitw przed Msz\u0105 \u015bw. wieczorow\u0105 o godz. 17:30.<\/p>\n<p><strong>6.<\/strong> M\u00f3dlmy si\u0119 za dzieci, m\u0142odzie\u017c i wszystkich wypoczywaj\u0105cych na wakacjach. Pro\u015bmy o Bo\u017ce b\u0142ogos\u0142awie\u0144stwo i bezpieczny wypoczynek.<\/p>\n<p><strong>7.<\/strong> Wszystkim Jubilatom i Solenizantom tego tygodnia \u017cyczymy wszelkiego dobra w \u017cyciu i b\u0142ogos\u0142awie\u0144stwa Bo\u017cego.<\/p>\n<p><strong>8.<\/strong> Kancelaria parafialna, przez ca\u0142y okres wakacji, czynna b\u0119dzie w \u015brody i pi\u0105tki po Mszy \u015bw. wieczorowej.<\/p>\n<p><strong>9.<\/strong> Przed ko\u015bcio\u0142em mo\u017cna naby\u0107 pras\u0119 katolick\u0105: \u201eGo\u015b\u0107 Niedzielny\u201d w cenie 6 z\u0142.<\/p>\n<p><strong>10.<\/strong> Pan powo\u0142a\u0142 do wieczno\u015bci:<br \/>\n<strong>\u2020 \u015bp. Henryka Czapiewskiego<\/strong> lat 81 z ul. Sobieskiego<br \/>\n<strong>\u2020 \u015bp. Joann\u0119 Kosmala<\/strong> lat 41 z ul. Myliusa<\/p>\n<p>&nbsp;<\/p>\n<p><img decoding=\"async\" src=\"http:\/\/rafalk-elblag.pl\/wp-content\/uploads\/2020\/04\/baner-intencje-mszy.jpg\"><\/p>\n<h1>Intencje mszalne 18.07.2021r<\/h1>\n<p><strong>XVI Niedziela Zwyk\u0142a \/ 18 lipca 2021 r.<\/strong><br \/>\n7.00 O nawr\u00f3cenie biednych grzesznik\u00f3w<br \/>\n9.00 \u2020 Teofil i Jadwiga oraz zmarli rodzice z obojga stron<br \/>\n10.30 \u2020 Marianna w 26 rocznic\u0119 \u015bmierci i Boles\u0142aw Stan<br \/>\n12.00 W intencji Parafian<br \/>\n18.00 \u2020 Jan, Janina, Ryszard, Iwona, Jadwiga, Stefan, Zdzis\u0142aw i zmarli z rodzin: D\u0105browskich, Kujawskich, Nike<\/p>\n<p><strong>PONIEDZIA\u0141EK \/ 19 lipca 2021r.<\/strong><br \/>\n8.00 O nawr\u00f3cenie biednych grzesznik\u00f3w<br \/>\n18.00 O Bo\u017ce b\u0142og., wszelkie potrzebne \u0142aski i opiek\u0119 M.B .dla Karoliny w dniu 28 urodzin<\/p>\n<p><strong>WTOREK \/ 20 lipca 2021r.<\/strong><br \/>\n8.00 Za dusze w czy\u015b\u0107cu cierpi\u0105ce<br \/>\n18.00 O nawr\u00f3cenie biednych grzesznik\u00f3w<\/p>\n<p><strong>\u015aRODA \/ 21 lipca 2021r.<\/strong><br \/>\n8.00 O nawr\u00f3cenie biednych grzesznik\u00f3w<br \/>\n18.00 Dzi\u0119kczynna w 20 rocznic\u0119 zawarcia sakramentu ma\u0142\u017ce\u0144stwa Sylwii i Tomasza Szczepanik oraz Krystyny i Marcina Kurosad w 44 rocznic\u0119 \u015blubu z pro\u015bb\u0105 o Bo\u017ce b\u0142ogos\u0142awie\u0144stwo i opiek\u0119 M.B.<\/p>\n<p><strong>CZWARTEK \/ 22 lipca 2021r. \/ \u015aw. Marii Magdaleny<\/strong><br \/>\n8.00 \u2020 Dariusz Morzy<br \/>\n18.00 O nawr\u00f3cenie biednych grzesznik\u00f3w<\/p>\n<p><strong>PI\u0104TEK \/ 23 lipca 2021r \/ \u015aw. Brygidy, zakonnicy<\/strong><br \/>\n8.00 O nawr\u00f3cenie biednych grzesznik\u00f3w<br \/>\n18.00 \u2020 J\u00f3zefa (k), Henryk, Ryszard z rodziny Suleckich, Edmund Cirocki<\/p>\n<p><strong>SOBOTA \/ 24 lipca 2021r. \/ \u015aw. Kingi, dziewicy<\/strong><br \/>\n8.00 O nawr\u00f3cenie biednych grzesznik\u00f3w<br \/>\n18.00 \u2020 Stefan(m) Mieczkowski w 1 rocznic\u0119 \u015bmierci, Czes\u0142awa (k) Mieczkowska w 23 rocznic\u0119 \u015bmierci<\/p>\n<p><strong>XVII Niedziela Zwyk\u0142a \/ 25 lipca 2021 r.<\/strong><br \/>\n7.00 O nawr\u00f3cenie biednych grzesznik\u00f3w<br \/>\n9.00 \u2020 Jan i Katarzyna<br \/>\n10.30 \u2020 Agnieszka Skowro\u0144ska w 7 rocznic\u0119 \u015bmierci, Rafa\u0142 Skowro\u0144ski w 5 rocznic\u0119 \u015bmierci<br \/>\n12.00 W intencji Parafian<br \/>\n18.00 \u2020 Ignacy Rymarczyk w 3 rocznic\u0119 \u015bmierci, J\u00f3zefa (k) Bortnik w 20 rocznic\u0119 \u015bmierci<\/p>\n<p>&nbsp;<\/p>\n","protected":false},"excerpt":{"rendered":"<p>Ewangelia (Mk 6, 30-34) Jezus lituje si\u0119 nad t\u0142umem S\u0142owa Ewangelii wed\u0142ug \u015awi\u0119tego Marka Aposto\u0142owie zebrali si\u0119 u Jezusa i opowiedzieli Mu wszystko, co zdzia\u0142ali i czego nauczali. A On rzek\u0142 do nich: \u00abP\u00f3jd\u017acie wy sami osobno na pustkowie i wypocznijcie nieco\u00bb. Tak wielu bowiem przychodzi\u0142o i odchodzi\u0142o, \u017ce nawet na posi\u0142ek nie mieli czasu. [&hellip;]<\/p>\n","protected":false},"author":1,"featured_media":4388,"comment_status":"closed","ping_status":"closed","sticky":false,"template":"","format":"standard","meta":{"ngg_post_thumbnail":0,"footnotes":""},"categories":[11,8,4,3],"tags":[],"class_list":["post-4387","post","type-post","status-publish","format-standard","has-post-thumbnail","hentry","category-aktualnosci","category-blog","category-intencje","category-ogloszenia"],"_links":{"self":[{"href":"https:\/\/rafalk-elblag.pl\/index.php?rest_route=\/wp\/v2\/posts\/4387","targetHints":{"allow":["GET"]}}],"collection":[{"href":"https:\/\/rafalk-elblag.pl\/index.php?rest_route=\/wp\/v2\/posts"}],"about":[{"href":"https:\/\/rafalk-elblag.pl\/index.php?rest_route=\/wp\/v2\/types\/post"}],"author":[{"embeddable":true,"href":"https:\/\/rafalk-elblag.pl\/index.php?rest_route=\/wp\/v2\/users\/1"}],"replies":[{"embeddable":true,"href":"https:\/\/rafalk-elblag.pl\/index.php?rest_route=%2Fwp%2Fv2%2Fcomments&post=4387"}],"version-history":[{"count":2,"href":"https:\/\/rafalk-elblag.pl\/index.php?rest_route=\/wp\/v2\/posts\/4387\/revisions"}],"predecessor-version":[{"id":4391,"href":"https:\/\/rafalk-elblag.pl\/index.php?rest_route=\/wp\/v2\/posts\/4387\/revisions\/4391"}],"wp:featuredmedia":[{"embeddable":true,"href":"https:\/\/rafalk-elblag.pl\/index.php?rest_route=\/wp\/v2\/media\/4388"}],"wp:attachment":[{"href":"https:\/\/rafalk-elblag.pl\/index.php?rest_route=%2Fwp%2Fv2%2Fmedia&parent=4387"}],"wp:term":[{"taxonomy":"category","embeddable":true,"href":"https:\/\/rafalk-elblag.pl\/index.php?rest_route=%2Fwp%2Fv2%2Fcategories&post=4387"},{"taxonomy":"post_tag","embeddable":true,"href":"https:\/\/rafalk-elblag.pl\/index.php?rest_route=%2Fwp%2Fv2%2Ftags&post=4387"}],"curies":[{"name":"wp","href":"https:\/\/api.w.org\/{rel}","templated":true}]}}