{"id":4381,"date":"2021-07-11T17:39:13","date_gmt":"2021-07-11T17:39:13","guid":{"rendered":"http:\/\/rafalk-elblag.pl\/?p=4381"},"modified":"2021-07-11T17:39:43","modified_gmt":"2021-07-11T17:39:43","slug":"biuletyn-11-07-2021-xv-niedziela-zwykla","status":"publish","type":"post","link":"https:\/\/rafalk-elblag.pl\/?p=4381","title":{"rendered":"Biuletyn 11.07.2021, XV Niedziela Zwyk\u0142a"},"content":{"rendered":"<p><iframe loading=\"lazy\" title=\"Ks. Piotr Pawlukiewicz - Pycha\" width=\"900\" height=\"506\" src=\"https:\/\/www.youtube.com\/embed\/-x2qpIWVJ5Q?feature=oembed\" frameborder=\"0\" allow=\"accelerometer; autoplay; clipboard-write; encrypted-media; gyroscope; picture-in-picture\" allowfullscreen><\/iframe><\/p>\n<p><strong>Ewangelia (Mk 6, 7-13)<\/strong><br \/>\n<strong>Rozes\u0142anie Dwunastu<\/strong><\/p>\n<p>S\u0142owa Ewangelii wed\u0142ug \u015awi\u0119tego Marka<\/p>\n<p>Jezus przywo\u0142a\u0142 do siebie Dwunastu i zacz\u0105\u0142 rozsy\u0142a\u0107 ich po dw\u00f3ch. Da\u0142 im te\u017c w\u0142adz\u0119 nad duchami nieczystymi i przykaza\u0142 im, \u017ceby nic z sob\u0105 nie brali na drog\u0119 pr\u00f3cz laski: ani chleba, ani torby, ani pieni\u0119dzy w trzosie. \u00abAle id\u017acie obuci w sanda\u0142y i nie wdziewajcie dw\u00f3ch sukien\u00bb.<\/p>\n<p>I m\u00f3wi\u0142 do nich: \u00abGdy do jakiego\u015b domu wejdziecie, zosta\u0144cie tam, a\u017c stamt\u0105d wyjdziecie. Je\u015bli w jakim\u015b miejscu was nie przyjm\u0105 i nie b\u0119d\u0105 was s\u0142ucha\u0107, wychodz\u0105c stamt\u0105d, strz\u0105\u015bnijcie proch z n\u00f3g waszych na \u015bwiadectwo dla nich\u00bb.<\/p>\n<p>Oni wi\u0119c wyszli i wzywali do nawracania si\u0119. Wyrzucali te\u017c wiele z\u0142ych duch\u00f3w, a wielu chorych namaszczali olejem i uzdrawiali.<\/p>\n<p>&nbsp;<br \/>\n<img decoding=\"async\" src=\"http:\/\/rafalk-elblag.pl\/wp-content\/uploads\/2020\/04\/baner-ogloszenia-parafialne.jpg\"><\/p>\n<h1>Og\u0142oszenia parafialne 11.07.2021r<\/h1>\n<p><strong>1.<\/strong> W zwi\u0105zku z pielgrzymk\u0105 na Jasn\u0105 G\u00f3r\u0119 ju\u017c tradycyjnie przy wej\u015bciu do ko\u015bcio\u0142a wystawione jest pude\u0142ko na intencje modlitewne, kt\u00f3re zabior\u0105 w Waszym imieniu pielgrzymi w\u0119druj\u0105cy na Jasn\u0105 G\u00f3r\u0119. B\u00f3g zap\u0142a\u0107.<br \/>\nUWAGA!!! W przysz\u0142\u0105 niedziel\u0119 (18 lipca br.) przed ko\u015bcio\u0142em b\u0119dziemy mogli z\u0142o\u017cy\u0107 dobrowoln\u0105 ofiar\u0119 do puszek na organizacj\u0119 grupy KATEDRA &#8211; P\u00d3\u0141NOC ELBL\u0104G, kt\u00f3rej przewodnikiem jest ks. Piotr Kanarek. Ks. Piotr w tym dniu b\u0119dzie g\u0142osi\u0142 S\u0142owo Bo\u017ce i zach\u0119ca\u0142 do wybrania si\u0119 na piesz\u0105 pielgrzymk\u0119.<\/p>\n<p><strong>2.<\/strong> OSOBY NOSZACE SZKAPLERZ od os\u00f3b stoj\u0105cych przed ko\u015bcio\u0142em mog\u0105 pobra\u0107 DEKLARACJE wst\u0105pienia do BRACTWA SZKAPLERZNEGO. Zach\u0119cam, aby rozwa\u017cy\u0107 powy\u017csz\u0105 propozycj\u0119. Tak\u0105 mo\u017cliwo\u015b\u0107 mamy tylko raz w roku, 16 lipca podczas UROCZYSTEJ MSZY \u015aWI\u0118TEJ ODPUSTOWEJ o godz. 18:00. Zapraszam.<\/p>\n<p><strong>3.<\/strong> B\u0119d\u0119 wdzi\u0119czny osobom, kt\u00f3re chc\u0105 w\u0142\u0105czy\u0107 si\u0119 w przygotowanie AGAPY poprzez przyniesienie ciast na wsp\u00f3lny st\u00f3\u0142 odpustowy. Mo\u017cna wypieki przynosi\u0107 na plebani\u0119 w dniu ODPUSTU PARAFIALNEGO tj. w pi\u0105tek 16 lipca &#8211; od godziny 16:00 do 17:00. Dzi\u0119kuj\u0119.<\/p>\n<p><strong>4. W PI\u0104TEK 16 LIPCA PRZYPADA UROCZYSTO\u015a\u0106 NAJ\u015aWI\u0118TSZEJ MARYI PANNY Z G\u00d3RY KARMEL. S\u0142owo Bo\u017ce wyg\u0142osi Diakon Sta\u0142y Jaros\u0142aw Baturewicz z parafii \u015bw. Miko\u0142aja w Elbl\u0105gu. <\/strong><\/p>\n<p><strong>W tym dniu mo\u017cemy przyj\u0105\u0107 SZKAPLERZ KARMELITANSKI. Zapraszamy wszystkich parafian na Uroczyst\u0105 Msz\u0119 \u015awi\u0119t\u0105 Odpustow\u0105 o godz. 18:00. Osoby kt\u00f3re zadeklarowa\u0142y swoj\u0105 przynale\u017cno\u015b\u0107 do Bractwa Szkaplerznego na Mszy \u015bw. o godz. 18:00 otrzymaj\u0105 LEGITYMACJE BRACTWA.<\/strong><\/p>\n<p><strong>Porz\u0105dek uroczysto\u015bci:<\/strong><br \/>\n<strong>\u2022 godz. 17:30 \u2013 GODZINKI KU CZCI MATKI BO\u017bEJ SZKAPLERZNEJ<\/strong><br \/>\n<strong>\u2022 godz. 18:00 &#8211; MSZA \u015aWI\u0118TA z mo\u017cliwo\u015bci\u0105 przyj\u0119cia SZKAPLERZA<\/strong><br \/>\n<strong>\u2022 po Mszy \u015bw. wsp\u00f3lny s\u0142odki pocz\u0119stunek oraz pami\u0105tka dla ka\u017cdego.<\/strong><\/p>\n<p>INFORMUJEMY \u017bE Z RACJI UROCZYSTO\u015aCI ODPUSTUWYCH NIE OBOWIAZUJE PARAFIAN W TYM DNIU WSTRZEMIE\u0179LIWO\u015a\u0106 OD POKARM\u00d3W MIESNYCH.<\/p>\n<p><strong>5.<\/strong> Dnia 1 lipca br. (2021) dosz\u0142o do po\u017caru ko\u015bcio\u0142a parafialnego w K\u0119pkach na \u017bu\u0142awach Elbl\u0105skich (dekanat Nowy Dw\u00f3r Gda\u0144ski). W zwi\u0105zku ze zniszczeniami, kt\u00f3re dotkn\u0119\u0142y parafi\u0119 K\u0119pki, prosz\u0119 o przeprowadzenie w niedziel\u011918 lipca br. solidarno\u015bciowej zbi\u00f3rki ofiar do puszek we wszystkich parafiach diecezji. +Jacek Jezierski, biskup elbl\u0105ski. Z racji zaplanowanej puszki na cele organizacyjne pielgrzymki pieszej ofiary na parafi\u0119 K\u0119pki z\u0142o\u017cymy za tydzie\u0144 (25 lipca). Dzi\u0119kuj\u0119.<\/p>\n<p><strong>6.<\/strong> Kancelaria parafialna, przez ca\u0142y okres wakacji, czynna b\u0119dzie w \u015brody i pi\u0105tki po Mszy \u015bw. wieczorowej.<\/p>\n<p><strong>7.<\/strong> Przed ko\u015bcio\u0142em mo\u017cna naby\u0107 pras\u0119 katolick\u0105: \u201eGo\u015b\u0107 Niedzielny\u201d w cenie 6 z\u0142.<\/p>\n<p><strong>8.<\/strong> Pan powo\u0142a\u0142 do wieczno\u015bci:<br \/>\n<strong>\u2020 \u015bp. Agnieszk\u0119 Traczyk<\/strong> lat 87 z ul. K\u0142oczowskiego<\/p>\n<p>&nbsp;<\/p>\n<p><img decoding=\"async\" src=\"http:\/\/rafalk-elblag.pl\/wp-content\/uploads\/2020\/04\/baner-intencje-mszy.jpg\"><\/p>\n<h1>Intencje mszalne 11.07.2021r<\/h1>\n<p><strong>XV Niedziela Zwyk\u0142a \/ 11 lipca 2021 r. \/ V dzie\u0144 nowenny<\/strong><br \/>\n7.00 \u2020 Anna Nadolska, J\u00f3zef M\u0142ynarski, Marianna Danuta, Zbigniew i S\u0142awomir<br \/>\n9.00 O Bo\u017ce b\u0142ogos\u0142awie\u0144stwo dla Karoliny z ok. urodzin<br \/>\n9.00 O nawr\u00f3cenie biednych grzesznik\u00f3w<br \/>\n10.30 Dzi\u0119kczynna w 51 rocz. \u015blubu Zuzanny i Henryka Stan z pro\u015bb\u0105 o Bo\u017ce b\u0142og, wszelkie potrzebne \u0142aski, opiek\u0119 Matki Bo\u017cej oraz o zdrowie dla Jubilat\u00f3w<br \/>\n12.00 W intencji Parafian<br \/>\n18.00 \u2020 Wiktoria \u017bendarska w 7 r. \u015bmierci i zm. z rodziny<\/p>\n<p><strong>PONIEDZIA\u0141EK \/ 12 lipca 2021r.\/ \u015bw. Brunona z Kwerfurtu \/ VI dzie\u0144<\/strong> <strong>nowenny<\/strong><br \/>\n8.00 O nawr\u00f3cenie biednych grzesznik\u00f3w<br \/>\n8.00 \u2020 Tomasz Dembler w 30 dzie\u0144 po pogrzebie<br \/>\n18.00 O Bo\u017ce b\u0142og., wszelkie potrzebne \u0142aski i opiek\u0119 M.B. dla Renaty i Ireneusza<\/p>\n<p><strong>WTOREK \/ 13 lipca 2021r. \/ \u015bw. Andrzeja \u015awierada i Benedykta \/ VII dzie\u0144 nowenny<\/strong><br \/>\n8.00 O nawr\u00f3cenie biednych grzesznik\u00f3w<br \/>\n18.00 \u2020 Henryk Pawlicki w dniu imienin<br \/>\n18.00 \u2020 Katarzyna Wojenkowska w 3 rocz. \u015bmierci<\/p>\n<p><strong>\u015aRODA \/ 14 lipca 2021r. \/ VIII dzie\u0144 nowenny<\/strong><br \/>\n8.00 \u2020 Anna Janik i Jadwiga Tomaszewska<br \/>\n18.00 O nawr\u00f3cenie biednych grzesznik\u00f3w<br \/>\n18.00 \u2020 Urszula Sielaff w 30 dzie\u0144 po pogrzebie<\/p>\n<p><strong>CZWARTEK \/ 15 lipca 2021r. \/ \u015aw. Bonawentury\/ IX dzie\u0144 nowenny<\/strong><br \/>\n8.00 O nawr\u00f3cenie biednych grzesznik\u00f3w<br \/>\n8.00 Za dusze w czy\u015b\u0107cu cierpi\u0105ce<br \/>\n18.00 O Bo\u017ce b\u0142og., wszelkie potrzebne \u0142aski i opiek\u0119 M.B. dla Henryka Stan i Henryka Jackiewicza<\/p>\n<p><strong>PI\u0104TEK \/ 16 lipca 2021r.\/ Uroczysto\u015b\u0107 Matki Bo\u017cej z G\u00f3ry Karmel<\/strong><br \/>\n8.00 O nawr\u00f3cenie biednych grzesznik\u00f3w<br \/>\n18.00 W intencji ca\u0142ej Rodziny Szkaplerznej i os\u00f3b, kt\u00f3re przyjm\u0105 Szkaplerz \u015awi\u0119ty<br \/>\n18.00 Za parafian<\/p>\n<p><strong>SOBOTA \/ 17 lipca 2021r.<\/strong><br \/>\n8.00 O nawr\u00f3cenie biednych grzesznik\u00f3w<br \/>\n18.00 Za dusze w czy\u015b\u0107cu cierpi\u0105ce<\/p>\n<p><strong>XVI Niedziela Zwyk\u0142a \/ 18 lipca 2021 r.<\/strong><br \/>\n7.00 O nawr\u00f3cenie biednych grzesznik\u00f3w<br \/>\n9.00 \u2020 Teofil i Jadwiga i zmarli rodzice z obojga stron<br \/>\n10.30 \u2020 Marianna w 26 rocz. \u015bmierci, i Boles\u0142aw Stan<br \/>\n12.00 W intencji Parafian<br \/>\n18.00 \u2020 Jan, Janina, Ryszard, Iwona, Jadwiga, Stefan, Zdzis\u0142aw i zm. z rodziny: D\u0105browskich, Kujawskich, Nike<\/p>\n<p>&nbsp;<\/p>\n","protected":false},"excerpt":{"rendered":"<p>Ewangelia (Mk 6, 7-13) Rozes\u0142anie Dwunastu S\u0142owa Ewangelii wed\u0142ug \u015awi\u0119tego Marka Jezus przywo\u0142a\u0142 do siebie Dwunastu i zacz\u0105\u0142 rozsy\u0142a\u0107 ich po dw\u00f3ch. Da\u0142 im te\u017c w\u0142adz\u0119 nad duchami nieczystymi i przykaza\u0142 im, \u017ceby nic z sob\u0105 nie brali na drog\u0119 pr\u00f3cz laski: ani chleba, ani torby, ani pieni\u0119dzy w trzosie. \u00abAle id\u017acie obuci w sanda\u0142y [&hellip;]<\/p>\n","protected":false},"author":1,"featured_media":4383,"comment_status":"closed","ping_status":"closed","sticky":false,"template":"","format":"standard","meta":{"ngg_post_thumbnail":0,"footnotes":""},"categories":[11,8,4,3],"tags":[],"class_list":["post-4381","post","type-post","status-publish","format-standard","has-post-thumbnail","hentry","category-aktualnosci","category-blog","category-intencje","category-ogloszenia"],"_links":{"self":[{"href":"https:\/\/rafalk-elblag.pl\/index.php?rest_route=\/wp\/v2\/posts\/4381","targetHints":{"allow":["GET"]}}],"collection":[{"href":"https:\/\/rafalk-elblag.pl\/index.php?rest_route=\/wp\/v2\/posts"}],"about":[{"href":"https:\/\/rafalk-elblag.pl\/index.php?rest_route=\/wp\/v2\/types\/post"}],"author":[{"embeddable":true,"href":"https:\/\/rafalk-elblag.pl\/index.php?rest_route=\/wp\/v2\/users\/1"}],"replies":[{"embeddable":true,"href":"https:\/\/rafalk-elblag.pl\/index.php?rest_route=%2Fwp%2Fv2%2Fcomments&post=4381"}],"version-history":[{"count":1,"href":"https:\/\/rafalk-elblag.pl\/index.php?rest_route=\/wp\/v2\/posts\/4381\/revisions"}],"predecessor-version":[{"id":4382,"href":"https:\/\/rafalk-elblag.pl\/index.php?rest_route=\/wp\/v2\/posts\/4381\/revisions\/4382"}],"wp:featuredmedia":[{"embeddable":true,"href":"https:\/\/rafalk-elblag.pl\/index.php?rest_route=\/wp\/v2\/media\/4383"}],"wp:attachment":[{"href":"https:\/\/rafalk-elblag.pl\/index.php?rest_route=%2Fwp%2Fv2%2Fmedia&parent=4381"}],"wp:term":[{"taxonomy":"category","embeddable":true,"href":"https:\/\/rafalk-elblag.pl\/index.php?rest_route=%2Fwp%2Fv2%2Fcategories&post=4381"},{"taxonomy":"post_tag","embeddable":true,"href":"https:\/\/rafalk-elblag.pl\/index.php?rest_route=%2Fwp%2Fv2%2Ftags&post=4381"}],"curies":[{"name":"wp","href":"https:\/\/api.w.org\/{rel}","templated":true}]}}