{"id":4376,"date":"2021-07-05T16:36:12","date_gmt":"2021-07-05T16:36:12","guid":{"rendered":"http:\/\/rafalk-elblag.pl\/?p=4376"},"modified":"2021-07-05T16:36:25","modified_gmt":"2021-07-05T16:36:25","slug":"biuletyn-04-07-2021-xiv-niedziela-zwykla","status":"publish","type":"post","link":"https:\/\/rafalk-elblag.pl\/?p=4376","title":{"rendered":"Biuletyn 04.07.2021, XIV Niedziela Zwyk\u0142a"},"content":{"rendered":"<p><iframe loading=\"lazy\" title=\"Ks. Piotr Pawlukiewicz - Nie b\u00f3j si\u0119, wierz!\" width=\"900\" height=\"506\" src=\"https:\/\/www.youtube.com\/embed\/2OWMUyEqC-8?feature=oembed\" frameborder=\"0\" allow=\"accelerometer; autoplay; clipboard-write; encrypted-media; gyroscope; picture-in-picture\" allowfullscreen><\/iframe><\/p>\n<p><strong>Ewangelia (Mk 6, 1-6)<\/strong><br \/>\n<strong>Jezus lekcewa\u017cony w Nazarecie<\/strong><\/p>\n<p>S\u0142owa Ewangelii wed\u0142ug \u015awi\u0119tego Marka<\/p>\n<p>Jezus przyszed\u0142 do swego rodzinnego miasta. A towarzyszyli Mu Jego uczniowie. Gdy za\u015b nadszed\u0142 szabat, zacz\u0105\u0142 naucza\u0107 w synagodze; a wielu, przys\u0142uchuj\u0105c si\u0119, pyta\u0142o ze zdziwieniem: \u00abSk\u0105d to u Niego? I co to za m\u0105dro\u015b\u0107, kt\u00f3ra Mu jest dana? I takie cuda dziej\u0105 si\u0119 przez Jego r\u0119ce! Czy nie jest to cie\u015bla, syn Maryi, a brat Jakuba, J\u00f3zefa, Judy i Szymona? Czy\u017c nie \u017cyj\u0105 tu u nas tak\u017ce Jego siostry?\u00bb I pow\u0105tpiewali o Nim.<\/p>\n<p>A Jezus m\u00f3wi\u0142 im: \u00abTylko w swojej ojczy\u017anie, w\u015br\u00f3d swoich krewnych i w swoim domu mo\u017ce by\u0107 prorok tak lekcewa\u017cony\u00bb.<\/p>\n<p>I nie m\u00f3g\u0142 tam zdzia\u0142a\u0107 \u017cadnego cudu, jedynie na kilku chorych po\u0142o\u017cy\u0142 r\u0119ce i uzdrowi\u0142 ich. Dziwi\u0142 si\u0119 te\u017c ich niedowiarstwu. Potem obchodzi\u0142 okoliczne wsie i naucza\u0142.<\/p>\n<p>&nbsp;<\/p>\n<p>&nbsp;<br \/>\n<img decoding=\"async\" src=\"http:\/\/rafalk-elblag.pl\/wp-content\/uploads\/2020\/04\/baner-ogloszenia-parafialne.jpg\"><\/p>\n<h1>Og\u0142oszenia parafialne 04.07.2021r<\/h1>\n<p><strong>1<\/strong>. Zapraszamy dzi\u015b w I Niedziel\u0119 miesi\u0105ca na Adoracj\u0119 Naj\u015bwi\u0119tszego Sakramentu od godz. 15:00 do godz. 18:00. Rozpocznie si\u0119 Koronk\u0105 do Bo\u017cego Mi\u0142osierdzia.<\/p>\n<p><strong>2.<\/strong> Witamy w naszej wsp\u00f3lnocie parafialnej wikariusza, ks. mgr Kamila Miko\u0142ajczyka, kt\u00f3ry Dekretem Biskupa Elbl\u0105skiego zosta\u0142 przeniesiony z parafii pw. \u015bw. Andrzeja Boboli w Sztumie do naszej parafii. Otoczmy kap\u0142ana modlitw\u0105, by Jego pos\u0142uga przynios\u0142a b\u0142ogos\u0142awione owoce.<\/p>\n<p><strong>3.<\/strong> Ofiary sk\u0142adane dzisiaj na tac\u0119 przeznaczone s\u0105 na inwestycje w naszej parafii. B\u00f3g zap\u0142a\u0107 za zrozumienie i z\u0142o\u017cone ofiary.<\/p>\n<p><strong>4. UWAGA OSOBY NOSZACE SZKAPLERZ !!!<\/strong> W zakrystii mo\u017cna odebra\u0107 deklaracj\u0119 o przyst\u0105pieniu do Bractwa Szkaplerznego, kt\u00f3r\u0105 nale\u017cy wype\u0142ni\u0107 i przynie\u015b\u0107 do zakrystii.<\/p>\n<p><strong>5.<\/strong> Od \u015brody 7 lipca do 15 lipca (czwartek) po Mszy \u015bwi\u0119tej wieczorowej odmawiana b\u0119dzie NOWENNA PRZED \u015aWI\u0118TEM MATKI BO\u017bEJ SZKAPLERZNEJ (16 lipca). Zapraszamy wszystkich, a szczeg\u00f3lnie tych, kt\u00f3rzy przyj\u0119li szkaplerz karmelita\u0144ski i tworz\u0105 Rodzin\u0119 Karmelita\u0144sk\u0105 i Bractwo Szkaplerzne.<\/p>\n<h3>6. DEKRET BISKUPA ELBL\u0104SKIEGO [19 czerwca 2021]<\/h3>\n<p>Zanika epidemia koronawirusa. Zosta\u0142y z\u0142agodzone przepisy sanitarne dotycz\u0105ce uczestnik\u00f3w nabo\u017ce\u0144stw w ko\u015bcio\u0142ach. Dlatego te\u017c, od dnia 27 czerwca 2021 r. cofam dyspens\u0119, kt\u00f3rej udzieli\u0142em [7 listopada 2020] od obowi\u0105zku uczestnictwa w niedzielnej i \u015bwi\u0105tecznej Mszy \u015bwi\u0119tej.<\/p>\n<p><strong>7.<\/strong> W zwi\u0105zku z pielgrzymk\u0105 na Jasn\u0105 G\u00f3r\u0119 ju\u017c tradycyjnie przy wej\u015bciu do ko\u015bcio\u0142a wystawione jest pude\u0142ko na intencje modlitewne, kt\u00f3re zabior\u0105 w Waszym imieniu pielgrzymi w\u0119druj\u0105cy na Jasn\u0105 G\u00f3r\u0119. B\u00f3g zap\u0142a\u0107.<\/p>\n<p><strong>8.<\/strong> Informujemy o mo\u017cliwo\u015bci wzi\u0119cia udzia\u0142u w XII Rowerowej Pielgrzymce z Elbl\u0105ga na Jasn\u0105 G\u00f3r\u0119 w terminie 05-11.08.2021 r. Szczeg\u00f3\u0142y znajduj\u0105 si\u0119 na stronie internetowej http:\/\/ryjewo-kozal.pl lub bezpo\u015brednio pod nr. tel. 515 164 250 ks. Krzysztof S\u0119ku\u0142a.<\/p>\n<p><strong>9. UWAGA!!<\/strong> Parafialny Oddzia\u0142 Caritas przy ul. Myliusa 1A w czasie wakacji jest nieczynny.<\/p>\n<p><strong>10.<\/strong> Kancelaria parafialna, przez ca\u0142y okres wakacji, czynna b\u0119dzie w \u015brody i pi\u0105tki po Mszy \u015bw. wieczorowej.<\/p>\n<p><strong>11.<\/strong> Dzi\u0119kujemy za stosowny ubi\u00f3r w ko\u015bciele w okresie wakacji. Msza \u015bw. jest uroczyst\u0105 celebracj\u0105, kt\u00f3ra domaga si\u0119 swego pi\u0119kna, szacunku i najwy\u017cszej kultury.<\/p>\n<p><strong>12.<\/strong> Lipiec jest miesi\u0105cem po\u015bwi\u0119conym kontemplacji Naj\u015bwi\u0119tszej Krwi Chrystusa. Krew Chrystusa jest niezbitym dowodem mi\u0142o\u015bci Niebieskiego Ojca do ka\u017cdego cz\u0142owieka bez wyj\u0105tku. Zach\u0119cam Wsp\u00f3lnot\u0119 Krwi Chrystusa do prowadzenia modlitw przed Msz\u0105 \u015bw. wieczorow\u0105 o godz. 17:30.<\/p>\n<p><strong>13.<\/strong> Dzieciom i m\u0142odzie\u017cy \u017cyczymy udanych i bezpiecznych wakacji, polecaj\u0105c ich opiece Anio\u0142\u00f3w Str\u00f3\u017c\u00f3w. Szcz\u0119\u015b\u0107 Wam Bo\u017ce.<\/p>\n<p><strong>14.<\/strong> Przed ko\u015bcio\u0142em mo\u017cna naby\u0107 pras\u0119 katolick\u0105: \u201eGo\u015b\u0107 Niedzielny\u201d w cenie 6 z\u0142. (w Niedziele po Mszy \u015awi\u0119tej)<\/p>\n<p><strong>15.<\/strong> Pan powo\u0142a\u0142 do wieczno\u015bci: \u015bp. Jana Anikiej lat 70 z ul. Tuwima<\/p>\n<p>&nbsp;<\/p>\n<p><img decoding=\"async\" src=\"http:\/\/rafalk-elblag.pl\/wp-content\/uploads\/2020\/04\/baner-intencje-mszy.jpg\"><\/p>\n<h1>Intencje mszalne 04.07.2021r<\/h1>\n<p><strong>INTENCJE MSZALNE<\/strong><br \/>\n<strong>XIV Niedziela Zwyk\u0142a \/ 4 lipca 2021 r.<\/strong><br \/>\n7.00 \u2020 Aleksandra (k) Radziszewska w 16 rocznic\u0119 \u015bmierci<br \/>\n9.00 O do\u015bwiadczenie Bo\u017cej Mi\u0142o\u015bci dla Karoliny i Sebastiana<br \/>\n9.00 O nawr\u00f3cenie biednych grzesznik\u00f3w<br \/>\n10.30 \u2020 Wiktoria w 4 r. \u015bm. i Bronis\u0142aw Janiccy, Wiktoria, Jan i Halina Szcz\u0119\u015bni; Marta, Antoni, Tomek Janiccy oraz Hermenegilda Molga<br \/>\n12.00 W intencji Parafian \/ ofiarodawc\u00f3w naszej \u015bwi\u0105tyni<br \/>\n18.00 \u2020 Halina Korzeniowska w 1 r. \u015bm.<\/p>\n<p><strong>PONIEDZIA\u0141EK \/ 5 lipca 2021r.<\/strong><br \/>\n8.00 O nawr\u00f3cenie biednych grzesznik\u00f3w<br \/>\n18.00 Rezerwacja.<\/p>\n<p><strong>WTOREK \/ 6 lipca 2021r. \/ B\u0142. Marii Teresy Led\u00f3chowskiej<\/strong><br \/>\n8.00 O nawr\u00f3cenie biednych grzesznik\u00f3w<br \/>\n18.00 O potrzebne \u0142aski dla kap\u0142an\u00f3w pos\u0142uguj\u0105cych w tej parafii, oraz o nowe liczne, \u015bwi\u0119te powo\u0142ania kap\u0142a\u0144skie, zakonne i misyjne<br \/>\n18.00 \u2020 Andrzej Kula w 30 dzie\u0144 po pogrzebie<\/p>\n<p><strong>\u015aRODA \/ 7 lipca 2021r. I DZIE\u0143 NOWENNY<\/strong><br \/>\n8.00 O nawr\u00f3cenie biednych grzesznik\u00f3w<br \/>\n18.00 \u2020 Franciszek Ry\u015b \u2013 od rodziny Siuda<\/p>\n<p><strong>CZWARTEK \/ 8 lipca 2021r. \/ \u015aw. Jana z Dukli, II Dzie\u0144 Nowenny<\/strong><br \/>\n8.00 O nawr\u00f3cenie biednych grzesznik\u00f3w<br \/>\n18.00 \u2020 Helena, Franciszek(m), J\u00f3zef z rodziny Ro\u017centalskich<\/p>\n<p><strong>PI\u0104TEK \/ 9 lipca 2021r. III Dzie\u0144 Nowenny<\/strong><br \/>\n8.00 \u2020 Jadwiga Nowoci\u0144ska \u2013 intencja od c\u00f3rki i zi\u0119cia<br \/>\n18.00 O nawr\u00f3cenie biednych grzesznik\u00f3w<\/p>\n<p><strong>SOBOTA \/ 10 lipca 2021r. IV Dzie\u0144 Nowenny<\/strong><br \/>\n8.00 O nawr\u00f3cenie biednych grzesznik\u00f3w<br \/>\n18.00 O Bo\u017ce B\u0142ogos\u0142awie\u0144stwo, wszelkie potrzebne \u0142aski dla Nikodema i jego rodziny, Agnieszki i ca\u0142ej rodziny zakonnej oraz Magdaleny i Macieja<\/p>\n<p><strong>XV Niedziela Zwyk\u0142a \/ 11 lipca 2021 r. V Dzie\u0144 Nowenny<\/strong><br \/>\n7.00 \u2020 Anna Nadolska, J\u00f3zef M\u0142ynarski, Marianna Danuta, Zbigniew i S\u0142awomir<br \/>\n9.00 O Bo\u017ce B\u0142ogos\u0142awie\u0144stwo, potrzebne \u0142aski dla Karoliny z okazji urodzin<br \/>\n9.00 O nawr\u00f3cenie biednych grzesznik\u00f3w<br \/>\n10.30 Dzi\u0119kczynna w 51 rocz. \u015blubu Zuzanny i Henryka Stan z pro\u015bb\u0105 o Bo\u017ce b\u0142og, wszelkie potrzebne \u0142aski, opiek\u0119 Matki Bo\u017cej oraz o zdrowie dla Jubilat\u00f3w<br \/>\n12.00 W intencji Parafian<br \/>\n18.00 \u2020 Wiktoria \u017bendarska w 7 r. \u015bm. i zm. z rodziny<\/p>\n<p>&nbsp;<\/p>\n","protected":false},"excerpt":{"rendered":"<p>Ewangelia (Mk 6, 1-6) Jezus lekcewa\u017cony w Nazarecie S\u0142owa Ewangelii wed\u0142ug \u015awi\u0119tego Marka Jezus przyszed\u0142 do swego rodzinnego miasta. A towarzyszyli Mu Jego uczniowie. Gdy za\u015b nadszed\u0142 szabat, zacz\u0105\u0142 naucza\u0107 w synagodze; a wielu, przys\u0142uchuj\u0105c si\u0119, pyta\u0142o ze zdziwieniem: \u00abSk\u0105d to u Niego? I co to za m\u0105dro\u015b\u0107, kt\u00f3ra Mu jest dana? I takie cuda [&hellip;]<\/p>\n","protected":false},"author":1,"featured_media":4378,"comment_status":"closed","ping_status":"closed","sticky":false,"template":"","format":"standard","meta":{"ngg_post_thumbnail":0,"footnotes":""},"categories":[11,8,4,3,1],"tags":[],"class_list":["post-4376","post","type-post","status-publish","format-standard","has-post-thumbnail","hentry","category-aktualnosci","category-blog","category-intencje","category-ogloszenia","category-uncategorized"],"_links":{"self":[{"href":"https:\/\/rafalk-elblag.pl\/index.php?rest_route=\/wp\/v2\/posts\/4376","targetHints":{"allow":["GET"]}}],"collection":[{"href":"https:\/\/rafalk-elblag.pl\/index.php?rest_route=\/wp\/v2\/posts"}],"about":[{"href":"https:\/\/rafalk-elblag.pl\/index.php?rest_route=\/wp\/v2\/types\/post"}],"author":[{"embeddable":true,"href":"https:\/\/rafalk-elblag.pl\/index.php?rest_route=\/wp\/v2\/users\/1"}],"replies":[{"embeddable":true,"href":"https:\/\/rafalk-elblag.pl\/index.php?rest_route=%2Fwp%2Fv2%2Fcomments&post=4376"}],"version-history":[{"count":1,"href":"https:\/\/rafalk-elblag.pl\/index.php?rest_route=\/wp\/v2\/posts\/4376\/revisions"}],"predecessor-version":[{"id":4379,"href":"https:\/\/rafalk-elblag.pl\/index.php?rest_route=\/wp\/v2\/posts\/4376\/revisions\/4379"}],"wp:featuredmedia":[{"embeddable":true,"href":"https:\/\/rafalk-elblag.pl\/index.php?rest_route=\/wp\/v2\/media\/4378"}],"wp:attachment":[{"href":"https:\/\/rafalk-elblag.pl\/index.php?rest_route=%2Fwp%2Fv2%2Fmedia&parent=4376"}],"wp:term":[{"taxonomy":"category","embeddable":true,"href":"https:\/\/rafalk-elblag.pl\/index.php?rest_route=%2Fwp%2Fv2%2Fcategories&post=4376"},{"taxonomy":"post_tag","embeddable":true,"href":"https:\/\/rafalk-elblag.pl\/index.php?rest_route=%2Fwp%2Fv2%2Ftags&post=4376"}],"curies":[{"name":"wp","href":"https:\/\/api.w.org\/{rel}","templated":true}]}}