{"id":4364,"date":"2021-06-27T18:16:00","date_gmt":"2021-06-27T18:16:00","guid":{"rendered":"http:\/\/rafalk-elblag.pl\/?p=4364"},"modified":"2021-06-28T18:22:14","modified_gmt":"2021-06-28T18:22:14","slug":"biuletyn-27-06-2021-xiii-niedziela-zwykla","status":"publish","type":"post","link":"https:\/\/rafalk-elblag.pl\/?p=4364","title":{"rendered":"Biuletyn 27.06.2021, XIII Niedziela Zwyk\u0142a"},"content":{"rendered":"<p><img decoding=\"async\" src=\"http:\/\/rafalk-elblag.pl\/wp-content\/uploads\/2021\/06\/baner-270621.jpg\"><\/p>\n<h1>SPRAWOZDANIE WIZYTACYJNE KS. PROBOSZCZA 2021<\/h1>\n<p><strong>Parafia \u015bw. Rafa\u0142a Kalinowskiego w Elbl\u0105gu zosta\u0142a erygowana 16 listopada 1993 roku dekretem ks. Biskupa Andrzeja \u015aliwi\u0144skiego. Nale\u017cy do Dekanatu Elbl\u0105g \u2013 P\u00f3\u0142noc. Pierwszym proboszczem parafii by\u0142 ks. Adam \u015aniechowski.<\/strong><\/p>\n<p><strong>Pos\u0142ug\u0119 proboszcza obj\u0105\u0142em 01 lipca 2002 roku. Obecnie wraz ze mn\u0105 pracuj\u0105 w parafii dwaj wikariusze \u2013 ks. Piotr Wolnikowski i ks. Marcin Dopiera\u0142a. Nasza wsp\u00f3lnota parafialna cieszy si\u0119 z 3 kleryk\u00f3w, dw\u00f3ch studiuje w Wy\u017cszym Seminarium Duchownym w Elbl\u0105gu, a jeden w Krakowie w Szkole Szk\u00f3\u0142 Pobo\u017cnych &#8211; Pijar\u00f3w. Ko\u015bci\u00f3\u0142 p.w. \u015bw. Rafa\u0142a Kalinowskiego wybudowano w latach 2004 \u2013 2013. Od 2014 roku otrzyma\u0142 drugi tytu\u0142 Matki Bo\u017cej Szkaplerznej. Ko\u015bci\u00f3\u0142 zosta\u0142 po\u015bwi\u0119cony 17 listopada 2018 roku, przez Biskupa Seniora Jana Styrn\u0119.<\/strong><\/p>\n<p>Obecnie parafia liczy 6208 mieszka\u0144c\u00f3w. Religijno\u015b\u0107 i pobo\u017cno\u015b\u0107 parafii wydaje si\u0119 umacnia\u0107, jednak jak dot\u0105d wielu mieszka\u0144c\u00f3w nie powr\u00f3ci\u0142o do Ko\u015bcio\u0142a z powodu epidemii. W parafii istniej\u0105 nast\u0119puj\u0105ce ruchy i grupy ko\u015bcielne: \u017bywy r\u00f3\u017caniec, Odnowa w Duch \u015awi\u0119tym, Domowy Ko\u015bci\u00f3\u0142, Duchowa Adopcja Dziecka Pocz\u0119tego, Liturgiczna S\u0142u\u017cba O\u0142tarza, Katolickie Stowarzyszenie M\u0142odzie\u017cy, Zesp\u00f3\u0142 Muzyczny, Scholka Dzieci\u0119ca, Arka Rodzin, Bractwo Szkaplerzne, Kr\u0105g Biblijny, Wsp\u00f3lnota Krwi Chrystusa, Parafialny Odzia\u0142 Caritas, Apostolat Margaretka, Apostolat Bo\u017cego Mi\u0142osierdzia.<\/p>\n<p>O wszystkich nabo\u017ce\u0144stwach i uroczysto\u015bciach Ko\u015bcielnych informujemy w Biuletynie Parafialnym, kt\u00f3ry wydawany jest w parafii od wrze\u015bnia 2002 roku.<\/p>\n<p>Ostatni\u0105 Wizytacj\u0119 Kanoniczn\u0105 przeprowadzi\u0142 Biskup Elbl\u0105ski ks. dr Jacek Jezierski (21 lutego 2016r.). Od tego czasu w ci\u0105gu 5 lat, w parafii mia\u0142y miejsca nast\u0119puj\u0105ce wydarzenia:<\/p>\n<p>\u2022 Rok 2016 udzia\u0142 w nabo\u017ce\u0144stwie w Katedrze \u015bw. Miko\u0142aja i przej\u015bcie przez BRAM\u0118 MI\u0141OSIERDZIA w Roku Nadzwyczajnego Jubileuszu Mi\u0142osierdzia<br \/>\n\u2022 Zaanga\u017cowanie na terenie miasta Elbl\u0105ga, w przygotowania \u015awiatowych Dni M\u0142odzie\u017cy w Krakowie,<br \/>\n\u2022 Obchody 100-lecia Objawie\u0144 w Fatimie, poprzez katechezy i zach\u0119canie do udzia\u0142u w nabo\u017ce\u0144stwie wynagradzaj\u0105cym Niepokalanemu Sercu Maryi, (2017)<br \/>\n\u2022 W roku 2017 zosta\u0142o wy\u015bwi\u0119conych 3 kap\u0142an\u00f3w z naszej parafii. MSZE \u015aWI\u0118TE PRYMICYJNE by\u0142y wielkim wydarzeniem dla wsp\u00f3lnoty,<br \/>\n\u2022 W roku 2018 trwa\u0142y przygotowania do JUBILEUSZU 25 LECIA PARAFII poprzez 9- miesi\u0119czn\u0105 Nowenn\u0119 do \u015bw. Rafa\u0142a Kalinowskiego,<br \/>\n\u2022 17 listopada 2018 roku J. E. ks. Biskup Jan Styrna po\u015bwi\u0119ci\u0142 Ko\u015bci\u00f3\u0142.<br \/>\n\u2022 Od marca 2020 roku wielkie ograniczenia z powodu epidemii KORONAWIRUSA<br \/>\nInwestycyjne zwi\u0105zane z naszym Ko\u015bcio\u0142em:<br \/>\n\u2022 Rok 2016 &#8211; zamontowanie KRZY\u017bA w prezbiterium, pomalowanie wn\u0119trza Ko\u015bcio\u0142a oraz po\u015bwi\u0119cenie DROGI KRZY\u017bOWEJ.<br \/>\n\u2022 Rok 2017 &#8211; do prezbiterium ko\u015bcio\u0142a zakupiono marmurowy O\u0141TARZ, dwie AMBONKI oraz CHRZCIELNIC\u0118,<br \/>\n\u2022 ROK 2018 i 2019 &#8211; wykonano \u0142awki d\u0119bowe i krzes\u0142a do prezbiterium ko\u015bcio\u0142a,<br \/>\n\u2022 W pierwsz\u0105 rocznic\u0119 po\u015bwiecenia Ko\u015bcio\u0142a zosta\u0142a ods\u0142oni\u0119ta pami\u0105tkowa tablica.(2019)<br \/>\n\u2022 Rok 2020 &#8211; wykonanie fotowoltaiki na plebani, dzi\u0119ki parafianom i anonimowemu ofiarodawcy, oraz remont salek i wykonanie bocznych drzwi do plebanii.<\/p>\n<p><strong>Wszystko dokona\u0142o si\u0119 dzi\u0119ki ofiarno\u015bci parafian oraz anonimowym ofiarodawcom kt\u00f3rym, z serca wyra\u017cam swoj\u0105 wdzi\u0119czno\u015b\u0107 i podzi\u0119kowanie.<\/strong><\/p>\n<p>&nbsp;<\/p>\n<p>&nbsp;<br \/>\n<img decoding=\"async\" src=\"http:\/\/rafalk-elblag.pl\/wp-content\/uploads\/2020\/04\/baner-ogloszenia-parafialne.jpg\"><\/p>\n<h1>Og\u0142oszenia parafialne 27.06.2021r<\/h1>\n<p><strong>1.<\/strong> Przed nami ostatnie Nabo\u017ce\u0144stwa Eucharystyczne ku czci Naj\u015bwi\u0119tszego Serca Pana Jezusa. Do udzia\u0142u w nich zapraszamy szczeg\u00f3lnie tych, kt\u00f3rym jeszcze w tym miesi\u0105cu si\u0119 nie uda\u0142o wybra\u0107 na godz. 17:30.<\/p>\n<p><strong>2.<\/strong> <strong>Jak co roku wyruszymy 28 lipca z elbl\u0105skiej katedry, by 11 sierpnia doj\u015b\u0107 do duchowej stolicy Polski \u2013 JASN\u0104 G\u00d3R\u0118. Zach\u0119camy do udzia\u0142u w XXIX Elbl\u0105skiej Pielgrzymce Pieszej na Jasna G\u00f3r\u0119 z grup\u0105 KATEDRA \u2013 P\u00d3\u0141NOC ELBL\u0104G. Pielgrzymowaniu towarzyszy\u0107 b\u0119dzie has\u0142o zaczerpni\u0119te z Jasnog\u00f3rskich \u015alub\u00f3w Narodu: \u201eKR\u00d3LOWO POLSKI PRZYRZEKAMY !\u201d.<\/strong> Spotkanie organizacyjne odb\u0119dzie si\u0119 na plebanii (ul. Mostowa 18) w niedziel\u0119 18 lipca o godz. 19:30. Przy wyj\u015bciu z ko\u015bcio\u0142a wystawiony jest karton na intencje. Wi\u0119cej informacji, a tak\u017ce link do zg\u0142osze\u0144 mo\u017cemy znale\u017a\u0107 pod adresem: www.katedra.elblag.pl\/epp oraz u ks. Piotra Kanarka katedra.elblag@gmail.com<\/p>\n<p><strong>3.<\/strong> We wtorek przypada UROCZYSTO\u015a\u0106 \u015aWI\u0118TYCH APOSTO\u0141\u00d3W PIOTRA I PAW\u0141A \u2013 dzie\u0144 imienin ks. Piotra- wikariusza i pana Piotra \u2013 organisty. <span style=\"color: #339966;\"><strong>W tym dniu na Mszy \u015bw. o godz. 18:00 b\u0119dziemy modli\u0107 si\u0119 za solenizant\u00f3w i dzi\u0119kowa\u0107 ksi\u0119dzu Piotrowi, kt\u00f3ry po 2 latach pracy w naszej parafii z dniem 1 lipca b\u0119dzie pracowa\u0142 w parafii \u015bw. Jerzego w Elbl\u0105gu. Niech ta Msza \u015bwi\u0119ta b\u0119dzie wyrazem naszej wdzi\u0119czno\u015bci za pos\u0142ug\u0119 kap\u0142a\u0144sk\u0105<\/strong><\/span><br \/>\n<span style=\"color: #339966;\"><strong>ks. Piotra po\u015br\u00f3d nas. Serdecznie zapraszamy!<\/strong><\/span> Taca z tego dnia przeznaczona jest na potrzeby Stolicy Apostolskiej.<\/p>\n<p><strong>4.<\/strong> W tym tygodniu przypada pierwszy czwartek, pi\u0105tek i sobota miesi\u0105ca.<br \/>\n\u2022 w pierwszy czwartek miesi\u0105ca po Mszy \u015bw. o godz. 18:00 zapraszamy na Godzin\u0119 \u015awi\u0119t\u0105 \u2013 modlitw\u0119 w intencji powo\u0142a\u0144 z naszej parafii oraz o \u015bwi\u0119to\u015b\u0107 dla kap\u0142an\u00f3w,<br \/>\n\u2022 w pierwszy pi\u0105tek miesi\u0105ca spowied\u017a i Adoracja Naj\u015bwi\u0119tszego Sakramentu od godz. 17:30. Zapraszamy wszystkich na Msz\u0119 \u015aw. Wotywn\u0105 ku czci Naj\u015bwi\u0119tszego Serca Pana Jezusa o godz. 18:00.<br \/>\n\u2022 w pierwsz\u0105 sobot\u0119, o godz. 17:00, zapraszamy na NABO\u017bE\u0143STWO WYNAGRADZAJ\u0104CE w ramach nabo\u017ce\u0144stwa pierwszych pi\u0119ciu sob\u00f3t, o kt\u00f3re prosi\u0142a Matka Bo\u017ca w FATIMIE. Tego dnia zmiana tajemnic dla \u017bywego R\u00f3\u017ca\u0144ca.<\/p>\n<p><strong>5.<\/strong> UWAGA OSOBY NOSZACE SZKAPLERZ !!! W zakrystii mo\u017cna odebra\u0107 deklaracj\u0119 o przyst\u0105pieniu do Bractwa Szkaplerznego, kt\u00f3r\u0105 nale\u017cy wype\u0142ni\u0107 i przynie\u015b\u0107 do zakrystii.<\/p>\n<p><strong>6.<\/strong> Lipiec jest miesi\u0105cem po\u015bwi\u0119conym kontemplacji Naj\u015bwi\u0119tszej Krwi Chrystusa. Krew Chrystusa jest niezbitym dowodem mi\u0142o\u015bci Niebieskiego Ojca do ka\u017cdego cz\u0142owieka bez wyj\u0105tku. Zach\u0119cam Wsp\u00f3lnot\u0119 Krwi Chrystusa do prowadzenia modlitw przed Msz\u0105 \u015bw. wieczorow\u0105 o godz. 17:30.<\/p>\n<p><strong>7<\/strong>. Kancelaria parafialna, przez ca\u0142y okres wakacji, czynna b\u0119dzie w \u015brody i pi\u0105tki<br \/>\npo Mszy \u015bw. wieczorowej.<\/p>\n<p><strong>8.<\/strong> Dzi\u0119kujemy za stosowny ubi\u00f3r w ko\u015bciele w okresie wakacji. Msza \u015bw. jest uroczyst\u0105 celebracj\u0105, kt\u00f3ra domaga si\u0119 swego pi\u0119kna, szacunku i najwy\u017cszej kultury.<\/p>\n<h2><strong>9.<\/strong> DEKRET BISKUPA ELBL\u0104SKIEGO [19 czerwca 2021]<\/h2>\n<p>Zanika epidemia koronawirusa. Zosta\u0142y z\u0142agodzone przepisy sanitarne dotycz\u0105ce uczestnik\u00f3w nabo\u017ce\u0144stw w ko\u015bcio\u0142ach. Dlatego te\u017c, od dnia 27 czerwca 2021 r. cofam dyspens\u0119, kt\u00f3rej udzieli\u0142em [7 listopada 2020] od obowi\u0105zku uczestnictwa w niedzielnej i \u015bwi\u0105tecznej Mszy \u015bwi\u0119tej.<\/p>\n<p><strong>10.<\/strong> Informujemy o mo\u017cliwo\u015bci wzi\u0119cia udzia\u0142u w XII Rowerowej Pielgrzymce z Elbl\u0105ga na Jasn\u0105 G\u00f3r\u0119 w terminie 05-11.08.2021 r. Szczeg\u00f3\u0142y znajduj\u0105 si\u0119 na stronie internetowej<br \/>\nhttp:\/\/ryjewo-kozal.pl lub bezpo\u015brednio pod nr. tel. 515 164 250 ks. Krzysztof S\u0119ku\u0142a.<\/p>\n<p><strong>11.<\/strong> W przysz\u0142\u0105 niedziel\u0119 (4 lipca) taca inwestycyjna w parafii. B\u00f3g zap\u0142a\u0107.<\/p>\n<p><strong>12.<\/strong> Kochani \u2013 nast\u0119pny numer Biuletynu Parafialnego uka\u017ce si\u0119 we wrze\u015bniu.<\/p>\n<p><strong>13. Dzieciom i m\u0142odzie\u017cy \u017cyczymy udanych i bezpiecznych wakacji, polecaj\u0105c ich opiece Anio\u0142\u00f3w Str\u00f3\u017c\u00f3w. Szcz\u0119\u015b\u0107 Wam Bo\u017ce.<\/strong><\/p>\n<p>&nbsp;<\/p>\n<p><img decoding=\"async\" src=\"http:\/\/rafalk-elblag.pl\/wp-content\/uploads\/2020\/04\/baner-intencje-mszy.jpg\"><\/p>\n<h1>Intencje mszalne 27.06.2021r<\/h1>\n<p><strong>PONIEDZIA\u0141EK \/ 28 czerwca 2021r. \/ \u015aw. Ireneusza<\/strong><br \/>\n8.00 \u2020 Stanis\u0142aw D\u0105browski (28 greg.)<br \/>\n8.00 \u2020 W\u0142adys\u0142aw Ciesielski<br \/>\n18.00 O Bo\u017ce b\u0142og. i opiek\u0119 MB dla Tymona z ok. 7 urodzin<\/p>\n<p><strong>WTOREK \/ 29 czerwca 2021r. \/ \u015bw. Piotra i Paw\u0142a<\/strong><br \/>\n8.00 \u2020 Jan Przeradzki, Cecylia i W\u0142adys\u0142aw Lewandowscy, Jan Ostrowski i zm. z rodz. Hochleitner i Fija\u0142kowskich<br \/>\n8.00 \u2020 Stanis\u0142aw D\u0105browski (29 greg.)<br \/>\n18.00 O Bo\u017ce b\u0142og. i wstawiennictwo \u015bwi\u0119tego Patrona dla ks. Piotra z ok. imienin<br \/>\n18.00 Dzi\u0119k. w dniu imienin za pos\u0142ug\u0119 ks. Piotra z pro\u015bb\u0105 o Bo\u017ce b\u0142og. i opiek\u0119 MB \u2013 int. od Margaretki<br \/>\n18.00 \u2020 Pawe\u0142 Szuszlik i zm. z rodz.<\/p>\n<p><strong>\u015aRODA \/ 30 czerwca 2021r. \/ \u015aw. Pierwszych M\u0119czennik\u00f3w<\/strong><br \/>\n8.00 \u2020 Stanis\u0142aw D\u0105browski (30 greg.)<br \/>\n8.00 \u2020 Tadeusz Gutowski w 30 dpp.<br \/>\n18.00 O Bo\u017ce b\u0142og., wszelkie potrzebne \u0142aski dla Sebastiana z ok. urodzin<\/p>\n<p><strong>CZWARTEK \/ 1 lipca 2021r.<\/strong><br \/>\n8.00 \u2020 Halina Urba\u0144ska z okazji ziemskich imienin<br \/>\n18.00 \u2020 \u017cona Halina z ok. ziemskich imienin<\/p>\n<p><strong>PI\u0104TEK \/ 2 lipca 2021r.<\/strong><br \/>\n8.00 Dzi\u0119k. z ok. 30 urodzin ks. Grzegorza Wala z pro\u015bb\u0105 o wszelkie potrzebne \u0142aski i opiek\u0119 MB Szkaplerznej<br \/>\n18.00 O Bo\u017ce b\u0142og. dla Wsp\u00f3lnoty \u201ePrzemienienie\u201d<\/p>\n<p><strong>SOBOTA \/ 3 lipca 2021r. \/ \u015bw. Tomasza<\/strong><br \/>\n8.00 \u2020 Syn Piotr z ok. ziemskich imienin oraz wnuk i zm. z obojga stron<br \/>\n18.00 O m\u0105dro\u015b\u0107, \u015bwi\u0119to\u015b\u0107 i odwag\u0119 dla kap\u0142an\u00f3w \u2013 int. od II R\u00f3\u017cy MB Gietrzwa\u0142dzkiej<\/p>\n<p><strong>XIV Niedziela Zwyk\u0142a \/ 4 lipca 2021 r.<\/strong><br \/>\n7.00 \u2020 Aleksandra (k) Radziszewska w 16 r. \u015bm.<br \/>\n9.00 O do\u015bwiadczenie Bo\u017cej Mi\u0142o\u015bci dla Karoliny i Sebastiana<br \/>\n9.00 O nawr\u00f3cenie biednych grzesznik\u00f3w<br \/>\n10.30 \u2020 Wiktoria w 4 r.\u015bm. i Bronis\u0142aw Janiccy, Wiktoria, Jan i Halina Szcz\u0119\u015bni; Marta, Antoni, Tomek Janiccy oraz Hermenegilda Molga<br \/>\n12.00 W intencji Parafian \/ ofiarodawc\u00f3w naszej \u015bwi\u0105tyni<br \/>\n18.00 \u2020 Halina Korzeniowska w 1 r. \u015bm.<\/p>\n","protected":false},"excerpt":{"rendered":"<p>SPRAWOZDANIE WIZYTACYJNE KS. PROBOSZCZA 2021 Parafia \u015bw. Rafa\u0142a Kalinowskiego w Elbl\u0105gu zosta\u0142a erygowana 16 listopada 1993 roku dekretem ks. Biskupa Andrzeja \u015aliwi\u0144skiego. Nale\u017cy do Dekanatu Elbl\u0105g \u2013 P\u00f3\u0142noc. Pierwszym proboszczem parafii by\u0142 ks. Adam \u015aniechowski. Pos\u0142ug\u0119 proboszcza obj\u0105\u0142em 01 lipca 2002 roku. Obecnie wraz ze mn\u0105 pracuj\u0105 w parafii dwaj wikariusze \u2013 ks. Piotr Wolnikowski [&hellip;]<\/p>\n","protected":false},"author":1,"featured_media":4365,"comment_status":"closed","ping_status":"closed","sticky":false,"template":"","format":"standard","meta":{"ngg_post_thumbnail":0,"footnotes":""},"categories":[11,8,4,3],"tags":[],"class_list":["post-4364","post","type-post","status-publish","format-standard","has-post-thumbnail","hentry","category-aktualnosci","category-blog","category-intencje","category-ogloszenia"],"_links":{"self":[{"href":"https:\/\/rafalk-elblag.pl\/index.php?rest_route=\/wp\/v2\/posts\/4364","targetHints":{"allow":["GET"]}}],"collection":[{"href":"https:\/\/rafalk-elblag.pl\/index.php?rest_route=\/wp\/v2\/posts"}],"about":[{"href":"https:\/\/rafalk-elblag.pl\/index.php?rest_route=\/wp\/v2\/types\/post"}],"author":[{"embeddable":true,"href":"https:\/\/rafalk-elblag.pl\/index.php?rest_route=\/wp\/v2\/users\/1"}],"replies":[{"embeddable":true,"href":"https:\/\/rafalk-elblag.pl\/index.php?rest_route=%2Fwp%2Fv2%2Fcomments&post=4364"}],"version-history":[{"count":4,"href":"https:\/\/rafalk-elblag.pl\/index.php?rest_route=\/wp\/v2\/posts\/4364\/revisions"}],"predecessor-version":[{"id":4377,"href":"https:\/\/rafalk-elblag.pl\/index.php?rest_route=\/wp\/v2\/posts\/4364\/revisions\/4377"}],"wp:featuredmedia":[{"embeddable":true,"href":"https:\/\/rafalk-elblag.pl\/index.php?rest_route=\/wp\/v2\/media\/4365"}],"wp:attachment":[{"href":"https:\/\/rafalk-elblag.pl\/index.php?rest_route=%2Fwp%2Fv2%2Fmedia&parent=4364"}],"wp:term":[{"taxonomy":"category","embeddable":true,"href":"https:\/\/rafalk-elblag.pl\/index.php?rest_route=%2Fwp%2Fv2%2Fcategories&post=4364"},{"taxonomy":"post_tag","embeddable":true,"href":"https:\/\/rafalk-elblag.pl\/index.php?rest_route=%2Fwp%2Fv2%2Ftags&post=4364"}],"curies":[{"name":"wp","href":"https:\/\/api.w.org\/{rel}","templated":true}]}}