{"id":4357,"date":"2021-06-19T12:12:13","date_gmt":"2021-06-19T12:12:13","guid":{"rendered":"http:\/\/rafalk-elblag.pl\/?p=4357"},"modified":"2021-06-19T12:12:44","modified_gmt":"2021-06-19T12:12:44","slug":"biuletyn-20-06-2021-xii-niedziela-zwykla","status":"publish","type":"post","link":"https:\/\/rafalk-elblag.pl\/?p=4357","title":{"rendered":"Biuletyn 20.06.2021, XII Niedziela Zwyk\u0142a"},"content":{"rendered":"<p><img decoding=\"async\" src=\"http:\/\/rafalk-elblag.pl\/wp-content\/uploads\/2021\/06\/baner-200621.jpg\"><\/p>\n<h1>\u015aW. JAN CHRZCIEL<\/h1>\n<p><strong>24 czerwca obchodzi\u0107 b\u0119dziemy uroczysto\u015b\u0107 Narodzenia \u015bw. Jana Chrzciciela. Jest to wyj\u0105tkowy \u015bwi\u0119ty \u2013 jako jedyny cieszy si\u0119 przywilejem obchodzenia jego uroczysto\u015bci w dniu urodzin. Dodatkowo \u015bw. Jan wspominany jest w kalendarzu liturgicznym 29 sierpnia, kiedy to obchodzimy dzie\u0144 jego m\u0119cze\u0144skiej \u015bmierci.<\/strong><\/p>\n<p>Jak czytamy na kartach Nowego Testamentu, \u015bw. Jan Chrzciciel urodzi\u0142 si\u0119 p\u00f3\u0142 roku przed Jezusem w Judei, w mie\u015bcie Aim Karim le\u017c\u0105cym ok. 7 km od Jerozolimy. By\u0142 on synem \u017cydowskiego kap\u0142ana Zachariasza i El\u017cbiety, kt\u00f3ra by\u0142a krewn\u0105 Maryi (\u0141k 1,5-80). Jego narodzenie i szczeg\u00f3lne pos\u0142annictwo zwiastowa\u0142 Zachariaszowi archanio\u0142 Gabriel, podczas s\u0142u\u017cby, kt\u00f3r\u0105 kap\u0142an pe\u0142ni\u0142 w \u015bwi\u0105tyni (\u0141k 1,8-17). Niestety, Zachariasz wiedz\u0105c, \u017ce jego \u017cona jest bezp\u0142odna, nie uwierzy\u0142 archanio\u0142owi, wskutek czego utraci\u0142 mow\u0119. Dopiero przy obrzezaniu ch\u0142opca, kt\u00f3ry otrzyma\u0142 imi\u0119 zgodnie z poleceniem anio\u0142a, Zachariasz wy\u015bpiewa\u0142 kantyk, w kt\u00f3rym s\u0142awi wype\u0142nienie si\u0119 obietnic mesja\u0144skich i wita swojego syna jako proroka, kt\u00f3ry b\u0119dzie szed\u0142 przed Panem (\u0141k 1,68-79). Kantyk ten jest sta\u0142\u0105 cz\u0119\u015bci\u0105 codziennej porannej modlitwy Ko\u015bcio\u0142a \u2013 Jutrzni.<\/p>\n<p>Prawdopodobnie po \u015bmierci rodzic\u00f3w \u015bw. Jan rozpocz\u0105\u0142 ascetyczne \u017cycie na Pustyni Judzkiej. Kiedy sko\u0144czy\u0142 30 lat m\u00f3g\u0142 wed\u0142ug prawa wyst\u0119powa\u0107 publicznie i naucza\u0107, co czyni\u0142 w okolicach rzeki Jordan.<br \/>\nG\u0142\u00f3wnym celem jego misji sta\u0142o si\u0119 wzywanie ludzi do nawr\u00f3cenia oraz przygotowanie drogi do publicznej s\u0142u\u017cby Jezusa. Symbolem tego by\u0142 chrzest udzielany przez proroka w rzece Jordan.<\/p>\n<p>Wkr\u00f3tce dzia\u0142alno\u015b\u0107 \u015bw. Jana zosta\u0142a zauwa\u017cona przez starszyzn\u0119 ludu oraz samego Heroda II Antypasa. Nied\u0142ugo po chrzcie Jezusa twarde s\u0142owa \u015bw. Jana na temat niemoralnego ma\u0142\u017ce\u0144stwa tetrarchy Galilei sta\u0142y si\u0119 pretekstem, by wtr\u0105ci\u0107 go do wi\u0119zienia. W dniu urodzin Heroda, podczas uczty, na skutek spisku jego \u017cony Herodiady, Jan zosta\u0142 \u015bci\u0119ty mieczem. Wydarzy\u0142o si\u0119 to ok. 32 roku.<\/p>\n<p>Po tym wydarzeniu Jezus tak powiedzia\u0142 o \u015bw. Janie: \u201eCo\u015bcie wyszli ogl\u0105da\u0107 na pustyni? (\u2026) Proroka zobaczy\u0107? Tak, powiadam wam, nawet wi\u0119cej ni\u017c proroka. On jest tym, o kt\u00f3rym napisano: Oto ja posy\u0142am mego wys\u0142a\u0144ca przed Tob\u0105, aby Ci przygotowa\u0142 drog\u0119. Zaprawd\u0119 powiadam wam: Mi\u0119dzy narodzonymi z niewiast nie powsta\u0142 wi\u0119kszy od Jana Chrzciciela\u201d (Mt 11, 7-11; \u0141k 7, 24-27). Takiego \u015bwiadectwa z ust Chrystusa nie otrzyma\u0142 \u017caden inny cz\u0142owiek.<\/p>\n<p>\u015aw. Jan Chrzciciel by\u0142 pierwszym \u015bwi\u0119tym czczonym w ca\u0142ym Ko\u015bciele. Jemu (oraz \u015bw. Janowi Ewangeli\u015bcie) po\u015bwi\u0119cona jest bazylika rzymska \u015bw. Jana na Lateranie. Patronuje tak\u017ce wielu zakonom m.in. joannitom (Kawalerom Malta\u0144skim) oraz mnichom, dziewicom, pasterzom, kowalom, krawcom, ku\u015bnierzom, abstynentom, epileptykom, niezam\u0119\u017cnym matkom oraz skazanym na \u015bmier\u0107.<\/p>\n<p>W ikonografii \u015bw. Jan ukazywany jest jako dziecko, m\u0142odzieniec lub pustelnik, ubrany w sk\u00f3r\u0119 zwierz\u0119c\u0105 albo p\u0142aszcz z sier\u015bci wielb\u0142\u0105da. Jego atrybutami s\u0105: baranek na ramieniu, na ksi\u0119dze lub u st\u00f3p, baranek z kielichem, ch\u0142opiec bawi\u0105cy si\u0119 z barankiem, g\u0142owa na misie i krzy\u017c. W tradycji wschodniej, szczeg\u00f3lnie na ikonach, \u015bwi\u0119ty przedstawiany jest jako zwiastun ze skrzyd\u0142ami.<\/p>\n<p>&nbsp;<\/p>\n<p>&nbsp;<br \/>\n<img decoding=\"async\" src=\"http:\/\/rafalk-elblag.pl\/wp-content\/uploads\/2020\/04\/baner-ogloszenia-parafialne.jpg\"><\/p>\n<h1>Og\u0142oszenia parafialne 20.06.2021r<\/h1>\n<p><strong>1.<\/strong> Witamy w naszej parafii BISKUPA POMOCNICZEGO DIECEZJI ELBL\u0104SKIEJ ks. dra Wojciecha Skibickiego, kt\u00f3ry przeprowadza WIZYTACJ\u0118 KANONICZN\u0104, odbywaj\u0105c\u0105 si\u0119 co 5 lat. Otoczmy naszego Pasterza i Diecezj\u0119 modlitw\u0105.<\/p>\n<p><strong>2.<\/strong> Przez ca\u0142y czerwiec odprawiamy Nabo\u017ce\u0144stwa Eucharystyczne ku czci Naj\u015bwi\u0119tszego Serca Pana Jezusa. Do udzia\u0142u w nich zapraszamy doros\u0142ych, m\u0142odzie\u017c i dzieci codziennie o godz. 17:30.<\/p>\n<p><strong>3.<\/strong> W \u015brod\u0119 23 czerwca b\u0119dziemy obchodzi\u0107 DZIE\u0143 OJCA. Pami\u0119tajmy w modlitwie o naszych ojcach: pro\u015bmy dla \u017cywych o Bo\u017ce b\u0142ogos\u0142awie\u0144stwo i opiek\u0119 \u015bw. J\u00f3zefa patrona tego roku a dla zmar\u0142ych o \u0142ask\u0119 nieba.<\/p>\n<p><strong>4.<\/strong> R\u00f3wnie\u017c w \u015brod\u0119 \u2013 o godz. 19.00 ostatnie przedwakacyjne spotkanie Kr\u0119gu Biblijnego.<\/p>\n<p><strong>5.<\/strong> Uroczyste zako\u0144czenie ROKU SZKOLNEGO 2020\/2021: dla Szko\u0142y Podstawowej nr 11 w \u015brod\u0119 23 czerwca dla klas I, II, III i w czwartek 24 czerwca na Mszy \u015bw. o godz. 9:00. Zapraszamy dzieci, m\u0142odzie\u017c, nauczycieli i parafian do udzia\u0142u we wsp\u00f3lnej modlitwie, zako\u0144czonej b\u0142ogos\u0142awie\u0144stwem na wakacje. Zach\u0119camy dzieci i m\u0142odzie\u017c do skorzystania z sakramentu Spowiedzi \u015bwi\u0119tej w ci\u0105gu tygodnia i Komunii \u015bw., aby w ten spos\u00f3b podzi\u0119kowa\u0107 za wszystkie dobra otrzymane w roku szkolnym. Dzieciom i m\u0142odzie\u017cy \u017cyczymy udanych i bezpiecznych wakacji, polecaj\u0105c ich opiece Anio\u0142\u00f3w Str\u00f3\u017c\u00f3w. Szcz\u0119\u015b\u0107 Wam Bo\u017ce.<\/p>\n<p><strong>6.<\/strong> Wszystkich, kt\u00f3rzy w tym roku pragn\u0105 wybra\u0107 si\u0119 na XXIX Elbl\u0105sk\u0105 Pielgrzymk\u0119 Piesz\u0105 na Jasn\u0105 G\u00f3r\u0119 w dniach 28 lipca \u2013 11 sierpnia z grup\u0105 KATEDRA \u2013 P\u00d3\u0141NOC &#8211; ELBL\u0104G zapraszamy na stron\u0119: www.katedra.elblag.pl<\/p>\n<p><strong>7.<\/strong> UWAGA !!! W okresie czerwca, lipca i sierpnia nie b\u0119dzie Mszy \u015bw. o godz. 15:00. Wszystkich Czcicieli Mi\u0142osierdzia Bo\u017cego zapraszamy w tym czasie do ko\u015bcio\u0142a na wsp\u00f3ln\u0105 Koronk\u0119 do Mi\u0142osierdzia Bo\u017cego.<\/p>\n<p><strong>8.<\/strong> Wszystkim Jubilatom i Solenizantom tego tygodnia \u017cyczymy wszelkiego dobra w \u017cyciu i b\u0142ogos\u0142awie\u0144stwa Bo\u017cego.<\/p>\n<p><strong>9.<\/strong> Wsp\u00f3lnota szkolna Publicznego Liceum Og\u00f3lnokszta\u0142c\u0105cego Zakonu Pijar\u00f3w w Elbl\u0105gu zaprasza \u00f3smoklasist\u00f3w do pijarskiego liceum. To dobre i wyj\u0105tkowe miejsce. Szczeg\u00f3\u0142y na stronie www.elblag.pijarzy.pl Dane teleadresowe znajduj\u0105 si\u0119 na plakacie wywieszonym w gablocie.<\/p>\n<p>&nbsp;<\/p>\n<p><img decoding=\"async\" src=\"http:\/\/rafalk-elblag.pl\/wp-content\/uploads\/2020\/04\/baner-intencje-mszy.jpg\"><\/p>\n<h1>Intencje mszalne 20.06.2021r<\/h1>\n<p><strong>PONIEDZIA\u0141EK \/ 21 czerwca 2021r. \/ \u015aw. Alojzego Gonzagi<\/strong><br \/>\n8.00 \u2020 Stanis\u0142aw D\u0105browski (21 greg.)<br \/>\n8.00 O zdrowie i potrzebne \u0142aski dla Joanny, Tomasza, syna Nikodema oraz o opiek\u0119 MB dla ca\u0142ej rodziny<br \/>\n18.00 \u2020 Jacek Domaszewicz w 1 r. \u015bm. i Marek Domaszewicz<br \/>\n18.00 \u2020 Genowefa w rocz. \u015bmierci i zm. z rodz. Binkowskich<\/p>\n<p><strong>WTOREK \/ 22 czerwca 2021r.<\/strong><br \/>\n8.00 \u2020 Stanis\u0142aw D\u0105browski (22 greg.)<br \/>\n18.00 \u2020 Jan Krasowski i zm. z rodz.<br \/>\n18.00 \u2020 Dariusz Morzy<br \/>\n\u015aRODA \/ 23 czerwca 2021r.<br \/>\n8.00 \u2020 Stanis\u0142aw D\u0105browski (23 greg.)<br \/>\n18.00 \u2020 Karolina w 1 r. \u015bm. i zm. z rodz. Karman<br \/>\n18.00 \u2020 W\u0142adys\u0142aw Waszak w 9 r. \u015bm.<\/p>\n<p><strong>CZWARTEK \/ 24 czerwca 2021r. \/ Narodzenie \u015bw. Jana Chrzciciela<\/strong><br \/>\n8.00 \u2020 Stanis\u0142aw D\u0105browski (24 greg.)<br \/>\n8.00 \u2020 Janina Kuchta<br \/>\n18.00 \u2020 Stanis\u0142awa (k) w rocz. \u015bmierci i zm. z rodz. Adamowicz<br \/>\n18.00 \u2020 Stanis\u0142awa (k) Filar w 7 r. \u015bm.<\/p>\n<p><strong>PI\u0104TEK \/ 25 czerwca 2021r. \/ \u015bw. Doroty z M\u0105t\u00f3w<\/strong><br \/>\n8.00 \u2020 Zofia Rynkowska-Hipsz w 2 r. \u015bm.<br \/>\n8.00 \u2020 Stanis\u0142aw D\u0105browski (25 greg.)<br \/>\n18.00 Dzi\u0119k. w 56 urodziny ks. Arkadiusza Grabowskiego z pro\u015bb\u0105 o Bo\u017ce b\u0142og., opiek\u0119 MB i dary Ducha \u015awi\u0119tego w dalszej pos\u0142udze kap\u0142a\u0144skiej \u2013 int. od Margaretki<\/p>\n<p><strong>SOBOTA \/ 26 czerwca 2021r.<\/strong><br \/>\n8.00 \u2020 Stanis\u0142aw D\u0105browski (26 greg.)<br \/>\n8.00 \u2020 Wanda Czymbor w 30 dpp.<br \/>\n18.00 \u2020 Janina i Jan Zaleszczenko, Janina i Jan Walko<\/p>\n<p><strong>XIII Niedziela Zwyk\u0142a \/ 27 czerwca 2021 r.<\/strong><br \/>\n7.00 \u2020 Helena Kulma w 6 r. \u015bm.<br \/>\n7.00 \u2020 Stanis\u0142aw D\u0105browski (27 greg.)<br \/>\n9.00 \u2020 Rodzice: Jan i Janina Pastuszka, bracia Tadeusz i Zbigniew oraz Wojciech, Stafania, J\u00f3zef, Helena i Jadwiga<br \/>\n10.30 \u2020 Szczepan Jan Kaczmarek \u2013 int. od c\u00f3rki z okazji dnia Ojca<br \/>\n12.00 W intencji Parafian<br \/>\n18.00 \u2020 W\u0142adys\u0142awa (k) Stefanowicz w dniu ziemskich imienin<\/p>\n","protected":false},"excerpt":{"rendered":"<p>\u015aW. JAN CHRZCIEL 24 czerwca obchodzi\u0107 b\u0119dziemy uroczysto\u015b\u0107 Narodzenia \u015bw. Jana Chrzciciela. Jest to wyj\u0105tkowy \u015bwi\u0119ty \u2013 jako jedyny cieszy si\u0119 przywilejem obchodzenia jego uroczysto\u015bci w dniu urodzin. Dodatkowo \u015bw. Jan wspominany jest w kalendarzu liturgicznym 29 sierpnia, kiedy to obchodzimy dzie\u0144 jego m\u0119cze\u0144skiej \u015bmierci. Jak czytamy na kartach Nowego Testamentu, \u015bw. Jan Chrzciciel urodzi\u0142 [&hellip;]<\/p>\n","protected":false},"author":1,"featured_media":4358,"comment_status":"closed","ping_status":"closed","sticky":false,"template":"","format":"standard","meta":{"ngg_post_thumbnail":0,"footnotes":""},"categories":[11,8,4,3],"tags":[],"class_list":["post-4357","post","type-post","status-publish","format-standard","has-post-thumbnail","hentry","category-aktualnosci","category-blog","category-intencje","category-ogloszenia"],"_links":{"self":[{"href":"https:\/\/rafalk-elblag.pl\/index.php?rest_route=\/wp\/v2\/posts\/4357","targetHints":{"allow":["GET"]}}],"collection":[{"href":"https:\/\/rafalk-elblag.pl\/index.php?rest_route=\/wp\/v2\/posts"}],"about":[{"href":"https:\/\/rafalk-elblag.pl\/index.php?rest_route=\/wp\/v2\/types\/post"}],"author":[{"embeddable":true,"href":"https:\/\/rafalk-elblag.pl\/index.php?rest_route=\/wp\/v2\/users\/1"}],"replies":[{"embeddable":true,"href":"https:\/\/rafalk-elblag.pl\/index.php?rest_route=%2Fwp%2Fv2%2Fcomments&post=4357"}],"version-history":[{"count":2,"href":"https:\/\/rafalk-elblag.pl\/index.php?rest_route=\/wp\/v2\/posts\/4357\/revisions"}],"predecessor-version":[{"id":4362,"href":"https:\/\/rafalk-elblag.pl\/index.php?rest_route=\/wp\/v2\/posts\/4357\/revisions\/4362"}],"wp:featuredmedia":[{"embeddable":true,"href":"https:\/\/rafalk-elblag.pl\/index.php?rest_route=\/wp\/v2\/media\/4358"}],"wp:attachment":[{"href":"https:\/\/rafalk-elblag.pl\/index.php?rest_route=%2Fwp%2Fv2%2Fmedia&parent=4357"}],"wp:term":[{"taxonomy":"category","embeddable":true,"href":"https:\/\/rafalk-elblag.pl\/index.php?rest_route=%2Fwp%2Fv2%2Fcategories&post=4357"},{"taxonomy":"post_tag","embeddable":true,"href":"https:\/\/rafalk-elblag.pl\/index.php?rest_route=%2Fwp%2Fv2%2Ftags&post=4357"}],"curies":[{"name":"wp","href":"https:\/\/api.w.org\/{rel}","templated":true}]}}