{"id":4349,"date":"2021-06-13T20:11:00","date_gmt":"2021-06-13T20:11:00","guid":{"rendered":"http:\/\/rafalk-elblag.pl\/?p=4349"},"modified":"2021-06-14T20:21:09","modified_gmt":"2021-06-14T20:21:09","slug":"biuletyn-13-06-2021-xi-niedziela-zwykla","status":"publish","type":"post","link":"https:\/\/rafalk-elblag.pl\/?p=4349","title":{"rendered":"Biuletyn 13.06.2021, XI Niedziela Zwyk\u0142a"},"content":{"rendered":"<img decoding=\"async\" src=\"http:\/\/rafalk-elblag.pl\/wp-content\/uploads\/2021\/06\/baner-130621.jpg\">\nfot. elblag.gosc.pl\n<h1>B\u0104D\u0179 POZDROWIONY GO\u015aCIU NASZ\nWIZYTACJA PARAFIALNA<\/h1>\n<strong>Wszyscy znamy \u017cycie tocz\u0105ce si\u0119 w parafii. Ludzie przychodz\u0105, modl\u0105 si\u0119, pomagaj\u0105 w upi\u0119kszaniu \u015bwi\u0105tyni, po\u015bwi\u0119caj\u0105 sw\u00f3j czas, anga\u017cuj\u0105c si\u0119 w r\u00f3\u017cne prace, zbieraj\u0105 pieni\u0105dze, podejmuj\u0105 trud wsp\u00f3\u0142odpowiedzialno\u015bci za dobra Ko\u015bcio\u0142a, czasem narzekaj\u0105. S\u0105 cz\u0142onkami Rad Parafialnych, r\u00f3\u017cnych grup modlitewnych. W ten rytm codziennego \u017cycia co pi\u0119\u0107 lat wpisuje si\u0119 jedno s\u0142owo: wizytacja. Co si\u0119 wtedy dzieje? Poruszenie. Do parafii przyje\u017cd\u017ca biskup. G\u0142osi S\u0142owo Bo\u017ce, spotyka si\u0119 z wiernymi, ale te\u017c zapoznaje si\u0119 z kondycj\u0105 finansow\u0105 parafii, ze stanem \u015bwi\u0105tyni i wszystkich parafialnych d\u00f3br.<\/strong>\n\nDlatego jest to jedno z wa\u017cnych wydarze\u0144 ka\u017cdej wsp\u00f3lnoty parafialnej- przewidziana w prawie Ko\u015bcio\u0142a, wizytacja kanoniczna przeprowadzana przez biskupa ordynariusza diecezji lub przez jednego z biskup\u00f3w pomocniczych.\n\nWizytacj\u0119 kanoniczn\u0105, w naszej Parafii b\u0119dziemy prze\u017cywa\u0107 ju\u017c za tydzie\u0144 \u2013 w Niedziel\u0119 20 czerwca. Wizytacja Biskupa w diecezji jest czynno\u015bci\u0105 apostolsk\u0105. Biskup, jako nast\u0119pca aposto\u0142\u00f3w, odwiedza parafie, by spotka\u0107 si\u0119 z wiernymi i wsp\u00f3lnie prze\u017cywa\u0107 rado\u015b\u0107 chrze\u015bcija\u0144skiej wiary. Biskup przyje\u017cd\u017ca, by s\u0142ucha\u0107 o naszych rado\u015bciach i naszych troskach, by prosi\u0107 Boga o b\u0142ogos\u0142awie\u0144stwo dla nas i naszych rodzin.\n\nWizytacja Parafii jest to nie tyle czas sprawdzania i kontroli, ale jest to czas spotka\u0144 z wiernymi, czas umacniania ich wierno\u015bci z Chrystusem i Ko\u015bcio\u0142em. Wizytacja wskazuje te\u017c, \u017ce nasz Biskup jest fundamentem oraz znakiem jedno\u015bci Ko\u015bcio\u0142a elbl\u0105skiego. Biskup na wizytacj\u0119 przybywa zawsze jako gospodarz diecezji, by zapozna\u0107 si\u0119 z parafi\u0105. Biskup ocenia dzia\u0142ania ks. proboszcza i innych ksi\u0119\u017cy, oraz spotyka si\u0119 ze wszystkimi grupami i wsp\u00f3lnotami dzia\u0142aj\u0105cymi w parafii. Wizytacji podlegaj\u0105 wszystkie dziedziny \u017cycia religijnego, moralnego, apostolskiego i administracyjno-gospodarczego (stan i potrzeby Ko\u015bcio\u0142a parafialnego, plebanii, kancelarii parafialnej). Podczas wizytacji, Biskup poznaje charakterystyk\u0119 parafii i zapoznaje si\u0119 z wszystkimi formami duszpasterstwa wyst\u0119puj\u0105cymi w parafii.\n\nBiskup pragnie te\u017c pozna\u0107 wyst\u0119puj\u0105ce trudno\u015bci, jakie pojawiaj\u0105 si\u0119 w \u017cyciu parafii, pracy duszpasterskiej, ale r\u00f3wnie\u017c w \u017cyciu wiernych. \u201eWizytacja pasterska jest jakby dusz\u0105 biskupiego pos\u0142ugiwania i rozszerzeniem duchowej obecno\u015bci biskupa pomi\u0119dzy wiernymi. W\u0142a\u015bnie tak objawia si\u0119 ona w swojej prawdziwej istocie, czyli jako \u201eznak obecno\u015bci Pana Boga, kt\u00f3ry odwiedza sw\u00f3j lud, przynosz\u0105c mu pok\u00f3j\u201d.\n\nWizytacja to okazja, by odkry\u0107 warto\u015b\u0107 Parafii, jako naszej wielkiej rodziny, w kt\u00f3rej \u017cyjemy, modlimy si\u0119 wsp\u00f3lnie i wspieramy si\u0119 nawzajem. To, co nas \u0142\u0105czy: to wsp\u00f3lna wiara, Ewangelia Jezusowa, jeden Ko\u015bci\u00f3\u0142 i wsp\u00f3lne zasady moralne. Wizytacja to tak\u017ce wezwanie, aby si\u0119 cho\u0107 troch\u0119, na ile to mo\u017cliwe zaanga\u017cowa\u0107 w \u017cycie tej wsp\u00f3lnoty, kt\u00f3ra, przez nasze zamieszkanie tutaj jest moj\u0105 Parafi\u0105!\n\nSerdecznie zapraszamy wszystkich do udzia\u0142u w tym wa\u017cnym wydarzeniu, aby spotkanie z ks. Biskupem Wojciechem Skibickim oraz wsp\u00f3lna z Nim modlitwa przynios\u0142y obfite owoce w \u017cyciu ka\u017cdego z nas i ca\u0142ej wsp\u00f3lnoty parafialnej. Niech w naszym przygotowaniu nie zabraknie refleksji nad sob\u0105 i nad tajemnic\u0105 Ko\u015bcio\u0142a. Duchowe owoce wizytacji Biskupa zale\u017c\u0105 w du\u017cej mierze od modlitwy, jak\u0105 wsp\u00f3lnota podejmuje w tej intencji.\nLider\u00f3w Wsp\u00f3lnot Parafialnych zapraszamy na spotkanie\nz ks. Biskupem po Mszy \u015bw. o godz. 9.00 w salce na plebanii.\n\n&nbsp;\n\n&nbsp;\n<img decoding=\"async\" src=\"http:\/\/rafalk-elblag.pl\/wp-content\/uploads\/2020\/04\/baner-ogloszenia-parafialne.jpg\">\n<h1>Og\u0142oszenia parafialne 13.06.2021r<\/h1>\n<strong>1.<\/strong> Przez ca\u0142y czerwiec odprawiamy Nabo\u017ce\u0144stwa Eucharystyczne ku czci Naj\u015bwi\u0119tszego Serca Pana Jezusa. Do udzia\u0142u w nich zapraszamy doros\u0142ych, m\u0142odzie\u017c i dzieci codziennie o godz. 17:30.\n\n<strong>2.<\/strong> Wszystkich, kt\u00f3rzy w tym roku pragn\u0105 wybra\u0107 si\u0119 na XXIX Elbl\u0105sk\u0105 Pielgrzymk\u0119 Piesz\u0105 na Jasn\u0105 G\u00f3r\u0119 w dniach 28 lipca \u2013 11 sierpnia, zapraszamy na pierwsze spotkanie organizacyjne grupy KATEDRA \u2013 P\u00d3\u0141NOC \u2013 ELBL\u0104G dzisiaj o godz. 19:00 do parafii \u015bw. Miko\u0142aja w Elbl\u0105gu.\nWi\u0119cej informacji na stronie www.katedra.elblag.pl\n\n<strong>3<\/strong>. W \u015brod\u0119 16 dzie\u0144 miesi\u0105ca &#8211; dzie\u0144 modlitw za Bractwo Szkaplerzne, a tak\u017ce za osoby nosz\u0105ce Szkaplerz \u015awi\u0119ty. Zapraszamy wszystkich nale\u017c\u0105cych i pragn\u0105cych w\u0142\u0105czy\u0107 si\u0119 do tej wsp\u00f3lnoty na Msz\u0119 \u015bw. o godz. 18:00 z mo\u017cliwo\u015bci\u0105 przyj\u0119cia szkaplerza \u015bwi\u0119tego. Po Mszy \u015bw. spotkanie Rady Szkaplerznej na plebanii.\n\n<strong>4.<\/strong> Za tydzie\u0144 tj. 20 czerwca br. odb\u0119dzie si\u0119 WIZYTACJA KANONICZNA naszej parafii. Przeprowadzi j\u0105 BISKUP POMOCNICZY ks. dr Wojciech Skibicki. Wi\u0119cej o tym, czym jest wizytacja \u2013 w dzisiejszym biuletynie. W tym dniu m\u0142odzie\u017c naszej parafii na Mszy \u015bw. o godz. 18:00 przyjmie SAKRAMENT BIERZMOWANIA. Zwracamy si\u0119 z gor\u0105c\u0105 pro\u015bb\u0105 do rodzic\u00f3w o zainteresowanie i wsp\u00f3lne przygotowanie si\u0119 z dzie\u0107mi do tak wa\u017cnego wydarzenia w ich \u017cyciu jakim jest sakrament dojrza\u0142o\u015bci chrze\u015bcija\u0144skiej.\n\n<strong>5.<\/strong> Pr\u00f3by dla kandydat\u00f3w do SAKRAMENTU BIERZMOWANIA w tym tygodniu: wtorek i czwartek o godz. 19:00. Obecno\u015b\u0107 wszystkich obowi\u0105zkowa.\n\n<strong>6. UWAGA !!! W okresie czerwca, lipca i sierpnia nie b\u0119dzie Mszy \u015bw. o godz. 15:00. Wszystkich Czcicieli Mi\u0142osierdzia Bo\u017cego zapraszamy w tym czasie do ko\u015bcio\u0142a na wsp\u00f3ln\u0105 Koronk\u0119 do Mi\u0142osierdzia Bo\u017cego.<\/strong>\n\n<strong>7.<\/strong> Wszystkim Jubilatom i Solenizantom tego tygodnia \u017cyczymy wszelkiego dobra w \u017cyciu i b\u0142ogos\u0142awie\u0144stwa Bo\u017cego.\n\n<strong>8.<\/strong> Nasze Seminarium, ju\u017c po raz kolejny zaprasza m\u0142odzie\u017c m\u0119sk\u0105 ze szk\u00f3\u0142 ponadpodstawowych \u015brednich i student\u00f3w na REKOLEKCJE POWO\u0141ANIOWE pod has\u0142em \u201eOTO JA, POSLIJ MNIE\u201d w dniach 26-30 czerwca br., maj\u0105ce na celu pomoc w rozeznaniu \u017cyciowego powo\u0142ania. Wi\u0119cej informacji na stronie internetowej seminarium: wsdelblag.pl Zg\u0142oszenia na adres e-mail: kolopowolaniowe@gmail.com\n\n9. Pan powo\u0142a\u0142 do wieczno\u015bci:\n\n<strong>\u2020 \u015bp. Tomasza Demblera<\/strong> lat 39 z ul. Broniewskiego\n\n&nbsp;\n\n<img decoding=\"async\" src=\"http:\/\/rafalk-elblag.pl\/wp-content\/uploads\/2020\/04\/baner-intencje-mszy.jpg\">\n<h1>Intencje mszalne 13.06.2021r<\/h1>\n<strong>PONIEDZIA\u0141EK \/ 14 czerwca 2021r. \/ b\u0142. Micha\u0142a Kozala<\/strong>\n8.00 \u2020 Stanis\u0142aw D\u0105browski (14 greg.)\n8.00 \u2020 Janina w 40 r. \u015bm. oraz Leopold i Krzysztof\n18.00 \u2020 Maria Tonga w 13 r. \u015bm. i Jan\n18.00 \u2020 Genowefa Borowicz w 1 r. \u015bm., Henryk i Zygmunt\n\n<strong>WTOREK \/ 15 czerwca 2021r.<\/strong>\n8.00 \u2020 Dusze w czy\u015b\u0107cu cierpi\u0105ce\n8.00 \u2020 Stanis\u0142aw D\u0105browski (15 greg.)\n18.00 Rez.\n18.00 \u2020 Jolanta w dniu ziemskich imienin oraz zm. z rodz. Karman\n\n<strong>\u015aRODA \/ 16 czerwca 2021r.<\/strong>\n8.00 \u2020 Stanis\u0142aw D\u0105browski (16 greg.)\n18.00 W int. Bractwa Szkaplerznego i os\u00f3b, kt\u00f3re przyjm\u0105 szkaplerz\n18.00 O Bo\u017ce b\u0142og., wszelkie potrzebne \u0142aski dla Nikodema i jego rodziny, Agnieszki i ca\u0142ej rodziny zakonnej oraz Magdaleny i Macieja\n\n<strong>CZWARTEK \/ 17 czerwca 2021r. \/ \u015bw. Brata Alberta Chmielowskiego<\/strong>\n8.00 \u2020 Stanis\u0142aw D\u0105browski (17 greg.)\n18.00 \u2020 Stanis\u0142aw Ko\u0142ecki w 2 r. \u015bm.\n18.00 \u2020 Maria Tonga w 13 r. \u015bm. i Jan Tonga\n\n<strong>PI\u0104TEK \/ 18 czerwca 2021r.<\/strong>\n8.00 \u2020 Stanis\u0142aw D\u0105browski (18 greg.)\n8.00 \u2020 Halina w 6 miesi\u0105c po smierci\n18.00 W intencji Bogu wiadomej\n18.00 Dzi\u0119k. w 40 urodziny Damiana z pro\u015bb\u0105 o Bo\u017ce b\u0142og. i potrzebne \u0142aski\n\n<strong>SOBOTA \/ 19 czerwca 2021r<\/strong>.\n8.00 \u2020 Stanis\u0142aw D\u0105browski (19 greg.)\n18.00 \u2020 Genowefa i W\u0142adys\u0142aw Wojsznis\n18.00 \u2020 W\u0142odzimierz Otr\u0119bski w 30 dpp.\n\n<strong>XII Niedziela Zwyk\u0142a \/ 20 czerwca 2021 r.<\/strong>\n7.00 \u2020 Wac\u0142awa (k) i Leon \u017bbikowscy\n9.00 \u2020 Stanis\u0142aw D\u0105browski (20 greg.)\n9.00 \u2020 Zygfryd Dobrzeniecki w 6 r. \u015bm. i zm. z rodz. Dobrzenieckich\n10.30 \u2020 Janina, Leopold i Krzysztof B\u0105k\n12.00 W intencji Parafian\n18.00 O Bo\u017ce b\u0142og., opiek\u0119 MB i potrzebne \u0142aski dla ks. Jerzego\n\n<!-- \/wp:post-content -->","protected":false},"excerpt":{"rendered":"<p>fot. elblag.gosc.pl B\u0104D\u0179 POZDROWIONY GO\u015aCIU NASZ WIZYTACJA PARAFIALNA Wszyscy znamy \u017cycie tocz\u0105ce si\u0119 w parafii. Ludzie przychodz\u0105, modl\u0105 si\u0119, pomagaj\u0105 w upi\u0119kszaniu \u015bwi\u0105tyni, po\u015bwi\u0119caj\u0105 sw\u00f3j czas, anga\u017cuj\u0105c si\u0119 w r\u00f3\u017cne prace, zbieraj\u0105 pieni\u0105dze, podejmuj\u0105 trud wsp\u00f3\u0142odpowiedzialno\u015bci za dobra Ko\u015bcio\u0142a, czasem narzekaj\u0105. S\u0105 cz\u0142onkami Rad Parafialnych, r\u00f3\u017cnych grup modlitewnych. W ten rytm codziennego \u017cycia co pi\u0119\u0107 [&hellip;]<\/p>\n","protected":false},"author":1,"featured_media":4352,"comment_status":"closed","ping_status":"closed","sticky":false,"template":"","format":"standard","meta":{"ngg_post_thumbnail":0,"footnotes":""},"categories":[11,8,4,3],"tags":[],"class_list":["post-4349","post","type-post","status-publish","format-standard","has-post-thumbnail","hentry","category-aktualnosci","category-blog","category-intencje","category-ogloszenia"],"_links":{"self":[{"href":"https:\/\/rafalk-elblag.pl\/index.php?rest_route=\/wp\/v2\/posts\/4349","targetHints":{"allow":["GET"]}}],"collection":[{"href":"https:\/\/rafalk-elblag.pl\/index.php?rest_route=\/wp\/v2\/posts"}],"about":[{"href":"https:\/\/rafalk-elblag.pl\/index.php?rest_route=\/wp\/v2\/types\/post"}],"author":[{"embeddable":true,"href":"https:\/\/rafalk-elblag.pl\/index.php?rest_route=\/wp\/v2\/users\/1"}],"replies":[{"embeddable":true,"href":"https:\/\/rafalk-elblag.pl\/index.php?rest_route=%2Fwp%2Fv2%2Fcomments&post=4349"}],"version-history":[{"count":3,"href":"https:\/\/rafalk-elblag.pl\/index.php?rest_route=\/wp\/v2\/posts\/4349\/revisions"}],"predecessor-version":[{"id":4355,"href":"https:\/\/rafalk-elblag.pl\/index.php?rest_route=\/wp\/v2\/posts\/4349\/revisions\/4355"}],"wp:featuredmedia":[{"embeddable":true,"href":"https:\/\/rafalk-elblag.pl\/index.php?rest_route=\/wp\/v2\/media\/4352"}],"wp:attachment":[{"href":"https:\/\/rafalk-elblag.pl\/index.php?rest_route=%2Fwp%2Fv2%2Fmedia&parent=4349"}],"wp:term":[{"taxonomy":"category","embeddable":true,"href":"https:\/\/rafalk-elblag.pl\/index.php?rest_route=%2Fwp%2Fv2%2Fcategories&post=4349"},{"taxonomy":"post_tag","embeddable":true,"href":"https:\/\/rafalk-elblag.pl\/index.php?rest_route=%2Fwp%2Fv2%2Ftags&post=4349"}],"curies":[{"name":"wp","href":"https:\/\/api.w.org\/{rel}","templated":true}]}}