{"id":4342,"date":"2021-06-06T16:24:00","date_gmt":"2021-06-06T16:24:00","guid":{"rendered":"http:\/\/rafalk-elblag.pl\/?p=4342"},"modified":"2021-06-14T19:55:51","modified_gmt":"2021-06-14T19:55:51","slug":"biuletyn-30-05-2021-niedziela-zeslania-ducha-swietego-2","status":"publish","type":"post","link":"https:\/\/rafalk-elblag.pl\/?p=4342","title":{"rendered":"Biuletyn 06.06.2021, X Niedziela Zwyk\u0142a"},"content":{"rendered":"<img decoding=\"async\" src=\"http:\/\/rafalk-elblag.pl\/wp-content\/uploads\/2021\/06\/baner-060621.jpg\">\n<h1>DWA SERCA<\/h1>\n<strong>Czerwiec to miesi\u0105c po\u015bwi\u0119cony szczeg\u00f3lnej czci Naj\u015bwi\u0119tszego Serca Pana Jezusa. W czasie, gdy w naszych ko\u015bcio\u0142ach ka\u017cdego dnia odprawiane jest nabo\u017ce\u0144stwo czerwcowe z Litani\u0105 do Naj\u015bwi\u0119tszego Serca Jezusa, zastan\u00f3wmy si\u0119, dlaczego w naszych czasach tak wa\u017cne jest zawierzenie Sercu Bo\u017cemu? Dlaczego teraz Bo\u017ce Mi\u0142osierdzie tak pragnie kultu Serca Zbawiciela?<\/strong>\n\nNaj\u015bwi\u0119tsze Serce Pana Jezusa zacz\u0119\u0142o bi\u0107 i promieniowa\u0107 mi\u0142o\u015bci\u0105 ludzk\u0105 i Bosk\u0105 w chwili, gdy Maryja Dziewica powiedzia\u0142a do Archanio\u0142a Gabriela: \u201eNiech mi si\u0119 stanie wed\u0142ug s\u0142owa twego&#8221;. Wtedy te\u017c Niepokalane Serce Maryi sta\u0142o si\u0119 \u017cyw\u0105 \u015bwi\u0105tyni\u0105, w kt\u00f3rej nieustannie sk\u0142adana jest cze\u015b\u0107 Boskiemu Sercu. \u201eMaryja jest \u015bwi\u0105tyni\u0105 i miejscem odpoczynku Tr\u00f3jcy Przenaj\u015bwi\u0119tszej, gdzie B\u00f3g przebywa we wspania\u0142o\u015bci i chwale wi\u0119kszej ni\u017c w jakimkolwiek innym przybytku \u015bwiata, nie wy\u0142\u0105czaj\u0105c stolicy Jego wyniesionej ponad cherubin\u00f3w i serafin\u00f3w&#8221; &#8211; pisze \u015bw. Ludwik o Maryi.\n\nDlatego te\u017c Ona jako jedyna w pe\u0142ni pozna\u0142a tajemnic\u0119 mi\u0142o\u015bci Naj\u015bwi\u0119tszego Serca Jezusa i w doskona\u0142y spos\u00f3b by\u0142a z Nim zjednoczona we wszystkich Jego poruszeniach, w my\u015blach, uczuciach i bole\u015bciach. \u201eNazywamy J\u0105 Kr\u00f3low\u0105 Serca Jezusowego, poniewa\u017c Ona sta\u0142a si\u0119 szafark\u0105 zas\u0142ug i bogactw Serca Swego Syna&#8221;.\n\n\u015aw. Jan z Eudes (1601-1680) do tego stopnia podkre\u015bla\u0142 zwi\u0105zek, kt\u00f3ry \u0142\u0105czy kult Przenaj\u015bwi\u0119tszego Serca Jezusa i Niepokalanego Serca Maryi, \u017ce m\u00f3wi\u0142: \u201ePrzenaj\u015bwi\u0119tsze Serce Jezusa i Maryi&#8221;. Trzeba zwr\u00f3ci\u0107 uwag\u0119, \u017ce mamy tu liczb\u0119 pojedyncz\u0105, to jakby jedno serce, co uwypukla ten g\u0142\u0119boki zwi\u0105zek, jaki istnieje pomi\u0119dzy tymi kultami. Dwa Nieroz\u0142\u0105czne Serca, tak zjednoczone, \u017ce nie mo\u017cna rozwa\u017ca\u0107 ich z osobna.\n\nNie kocha naprawd\u0119 Przenaj\u015bwi\u0119tszego Serca Jezusa ten, kto nie kocha Niepokalanego Serca Maryi. Dlatego w\u0142a\u015bnie na rewersie powszechnie znanego Cudownego Medalika zosta\u0142y wyryte dwa serca: Jezusa i Maryi. Pierwsze opasane koron\u0105 cierniow\u0105, a drugie przeszyte szpad\u0105.\nWe wspania\u0142ej historii Ko\u015bcio\u0142a nie zabrak\u0142o \u015bwi\u0119tych, kt\u00f3rzy za Maryj\u0105 odznaczyli si\u0119 szczeg\u00f3lnym nabo\u017ce\u0144stwem do Boskiego Serca. W z\u0142otych wiekach chrze\u015bcija\u0144stwa nale\u017celi do nich: \u015bw. Bernard z Clairveaux, \u015bw. Piotr Damiani, \u015bw. Anzelm, \u015bw. Franciszek z Asy\u017cu, \u015bw. Ludgarda, \u015bw.\n\nAntoni z Padwy, \u015bw. Bonawetura, \u015bw. Katarzyna ze Sieny, b\u0142. Henryk Suzo, \u015bw. Mechtylda i b\u0142. Aniela z Foligno. Jednak ze wzgl\u0119du na szczeg\u00f3lne pos\u0142annictwo jakie zosta\u0142o dane przez Pana Jezusa w XVII wieku francuskiej zakonnicy, to w\u0142a\u015bnie \u015bw. Ma\u0142gorzata Maria Alacoque (1647-1690) nale\u017cy do najbardziej znanych czcicieli Naj\u015bwi\u0119tszego Serca Pana Jezusa. Przez ni\u0105 po raz pierwszy Pan Jezus zapragn\u0105\u0142 ukaza\u0107 \u015bwiatu Swoje Serce, zwracaj\u0105c si\u0119 do niej w klasztorze Nawiedzenia Naj\u015bwi\u0119tszej Maryi Panny w Paray-le-Monial, \u017c\u0105daj\u0105c publicznej czci i obiecuj\u0105c szczeg\u00f3lne \u0142aski.\n\n27 grudnia 1673 roku w trakcie pierwszego objawienia, jakie mia\u0142a \u015bw. Ma\u0142gorzata, Pan Jezus powiedzia\u0142 jej: \u201eMoje Boskie Serce tak p\u0142onie mi\u0142o\u015bci\u0105 ku ludziom, \u017ce nie mo\u017ce d\u0142u\u017cej utrzyma\u0107 tych p\u0142omieni gorej\u0105cych, zamkni\u0119tych w moim \u0142onie. Ono pragnie rozla\u0107 je za twoim po\u015brednictwem i wzbogaci\u0107 ludzi swymi Bo\u017cymi skarbami&#8230; W Nim znajd\u0105 wszystko, czegokolwiek b\u0119dzie im potrzeba dla uzdrowienia swych dusz z przepa\u015bci zguby&#8221;.\n\n<strong>Nie mo\u017cemy pozostawa\u0107 niewdzi\u0119czni i oboj\u0119tni, wobec tego najwy\u017cszego przejawu dobroci i mi\u0142o\u015bci. Musimy koniecznie zado\u015b\u0107uczyni\u0107 Przenaj\u015bwi\u0119tszemu Sercu, odpowiedzie\u0107 na Jego apel i rozpowszechni\u0107 Jego kult. Nasz akt wynagradzaj\u0105cy pozyska nam Mi\u0142osierdzie Bo\u017ce i rozliczne \u0142aski niezb\u0119dne do zbawienia ludzko\u015bci, tak dalekiej od Bo\u017cych Przykaza\u0144. \u201eZar\u00f3wno Ko\u015bci\u00f3\u0142, jak i spo\u0142ecze\u0144stwo nie maj\u0105 innej nadziei jak tylko t\u0119 pok\u0142adan\u0105 w Przenaj\u015bwi\u0119tszym Sercu Jezusa. To ono uleczy ca\u0142e z\u0142o. M\u00f3dlcie si\u0119 i rozpowszechniajcie wsz\u0119dzie kult Przenaj\u015bwi\u0119tszego Serca, ono b\u0119dzie zbawieniem dla \u015bwiata&#8221; &#8211; powiedzia\u0142 Papie\u017c b\u0142. Pius IX.<\/strong>\n\n&nbsp;\n\n&nbsp;\n<img decoding=\"async\" src=\"http:\/\/rafalk-elblag.pl\/wp-content\/uploads\/2020\/04\/baner-ogloszenia-parafialne.jpg\">\n<h1>Og\u0142oszenia parafialne 06.06.2021r<\/h1>\n<strong>1.<\/strong> Ofiary zbierane dzisiaj na tac\u0119 przeznaczone s\u0105 na inwestycje w naszej parafii. B\u00f3g zap\u0142a\u0107 za zrozumienie i sk\u0142adane ofiary.\n\n<strong>2.<\/strong> Dzisiaj przypada XXII rocznica wizyty Ojca \u015awi\u0119tego Jana Paw\u0142a II w Elbl\u0105gu. W tym dniu zapraszamy na ADORACJ\u0118 od godz. 15:00 zako\u0144czon\u0105 nabo\u017ce\u0144stwem czerwcowym. Niech nasza modlitwa b\u0119dzie wyrazem dzi\u0119kczynienia za szczeg\u00f3lne wyr\u00f3\u017cnienie ca\u0142ej diecezji elbl\u0105skiej, kt\u00f3r\u0105 u\u015bwi\u0119ci\u0142 \u015bw. Jan Pawe\u0142 II poprzez swoja obecno\u015b\u0107, nabo\u017ce\u0144stwo do Naj\u015bwi\u0119tszego Serca Pana Jezusa i b\u0142ogos\u0142awie\u0144stwo.\n\n<strong>3.<\/strong> W Oktawie Bo\u017cego Cia\u0142a zapraszamy wiernych do udzia\u0142u nabo\u017ce\u0144stwie czerwcowym po\u0142\u0105czonym z PROCESJ\u0104 EUCHARYSTYCZN\u0104 o godz. 17:30 i we Mszy \u015bw. Zapraszamy dzieci do sypania kwiat\u00f3w, a doros\u0142ych do przygotowania procesji. Udzia\u0142 w procesji jest wyrazem wiary w obecno\u015b\u0107 Jezusa Chrystusa w Naj\u015bwi\u0119tszym Sakramencie.\n\n<strong>4.<\/strong> W \u015brod\u0119 o godz. 18.45 zapraszamy na spotkanie Kr\u0119gu Biblijnego.\n\n<strong>5.<\/strong> W pi\u0105tek \u2013 11 czerwca br. w Uroczysto\u015b\u0107 Naj\u015bwi\u0119tszego Serca Pana Jezusa przewodnicz\u0105cy KEP, wraz z ca\u0142ym episkopatem dokona aktu po\u015bwiecenia narodu polskiego Naj\u015bwi\u0119tszemu Sercu Pana Jezusa. W \u0142\u0105czno\u015bci z tym wydarzeniem tego samego dnia po\u015bwi\u0119cenie to zostanie r\u00f3wnie\u017c dokonane w ka\u017cdej polskiej parafii. W 100. rocznic\u0119 tego wydarzenia zapraszam w tym dniu parafian na uroczyste nabo\u017ce\u0144stwo o godz. 17:30 i na Msz\u0119 \u015bw. o godz. 18:00. Po\u015bwiecenie to, b\u0119d\u0105c odpowiedzi\u0105 na niesko\u0144czon\u0105 mi\u0142o\u015b\u0107 Boga, kt\u00f3r\u0105 w pe\u0142ni objawia Jezus Chrystus, b\u0119dzie r\u00f3wnie\u017c publicznym zado\u015b\u0107uczynieniem Jezusowi za nasze grzechy, kt\u00f3rymi przez te lata ranili\u015bmy Jego Naj\u015bwi\u0119tsze Serce. Zapraszamy w tym wa\u017cnym dniu r\u00f3wnie\u017c wszystkie dzieci na Nabo\u017ce\u0144stwo czerwcowe o godz. 16:30.\n\n<strong>6.<\/strong> Spotkania dla kandydat\u00f3w do SAKRAMENTU BIERZMOWANIA w tym tygodniu we wtorek rok I (klasy VIII) a w \u015brod\u0119 i czwartek rok II o godz. 19:00. Obecno\u015b\u0107 wszystkich obowi\u0105zkowa.\n\n<strong>7.<\/strong> RUCH SWIAT\u0141O \u2013 \u017bYCIE diecezji elbl\u0105skiej zaprasza na OAZ\u0118 WAKACYJN\u0104. Terminy rekolekcji, koszt i gdzie znajdziemy na plakacie wywieszonym w gablocie. Zg\u0142oszenia pod adresem e-mail: elblag.oaza2017@gmail.com pod telefonem: 781 788 084.\n\n<strong>8.<\/strong> Parafia \u015bw. Brata Alberta w Elbl\u0105gu zaprasza na XIII Forum Rodziny, kt\u00f3re odb\u0119dzie si\u0119 w dniach od 7 do 9 czerwca, pod has\u0142em: \u201eMijaj\u0105 lata, zostaj\u0105 relacje\u201d Ka\u017cdego dnia o godz. 18:00 Eucharystia z homili\u0105 a po niej konferencja ks. Piotra Kieniewicza MIC \u2013 profesora KUL-u. Dok\u0142adne informacje na plakatach oraz na stronie internetowej parafii.\n\n<strong>9.<\/strong> Nasze Seminarium, ju\u017c po raz kolejny zaprasza m\u0142odzie\u017c m\u0119sk\u0105 ze szk\u00f3\u0142 ponadpodstawowych \u015brednich i student\u00f3w na REKOLEKCJE POWO\u0141ANIOWE pod has\u0142em \u201eOTO JA, POSLIJ MNIE\u201d w dniach 26-30 czerwca br., maj\u0105ce na celu pomoc w rozeznaniu \u017cyciowego powo\u0142ania. Wi\u0119cej informacji na stronie internetowej seminarium: wsdelblag.pl Zg\u0142oszenia na adres e-mail: kolopowolaniowe@gmail.com\n\n&nbsp;\n\n<img decoding=\"async\" src=\"http:\/\/rafalk-elblag.pl\/wp-content\/uploads\/2020\/04\/baner-intencje-mszy.jpg\">\n<h1>Intencje mszalne 06.06.2021r<\/h1>\n<strong>PONIEDZIA\u0141EK \/ 7 czerwca 2021r.<\/strong>\n8.00 \u2020 Stanis\u0142aw D\u0105browski (7 greg.)\n18.00 \u2020 Karolina W\u00f3jcik-Postu\u0142ka w 2 r. \u015bm.\n18.00 \u2020 Ignacy Rokowski w 4 miesi\u0105c po pogrzebie \u2013 int. od rodz. \u017by\u0142k\u00f3w\n\n<strong>WTOREK \/ 8 czerwca 2021r. \/ \u015bw. Jadwigi<\/strong>\n8.00 O wiar\u0119, nadziej\u0119 i mi\u0142o\u015b\u0107 dla Zbigniewa Jackiewicza, \u017cony Wiesi, dzieci i wnuk\u00f3w\n8.00 \u2020 Franciszek Rynkiewicz w 18 r. \u015bm.\n18.00 \u2020 W\u0142adys\u0142aw Wiadrowski w 2 r. \u015bm.\n18.00 \u2020 Stanis\u0142aw D\u0105browski (8 greg.)\n\n<strong>\u015aRODA \/ 9 czerwca 2021r. \/ \u015bw. Efrema<\/strong>\n8.00 \u2020 Stanis\u0142aw D\u0105browski (9 greg.)\n8.00 \u2020 Tadeusz Doro\u015b w 30 dpp. i J\u00f3zefa Doro\u015b w 6 miesi\u0105c po \u015bmierci\n18.00 \u2020 Zofia Reczek w 3 r. \u015bm.\n18.00 O wiar\u0119, nadziej\u0119 i mi\u0142o\u015b\u0107 dla Zbigniewa Jackiewicza, \u017cony Wiesi, dzieci i wnuk\u00f3w\n\n<strong>CZWARTEK \/ 10 czerwca 2021r.<\/strong>\n8.00 \u2020 J\u00f3zef Sejmicki z ok. ziemskich urodzin\n8.00 \u2020 El\u017cbieta \u017baczek w 30 dpp.\n18.00 \u2020 Stanis\u0142aw D\u0105browski (10 greg.)\n18.00 \u2020 Stefania (4 r.\u015bm.) i Franciszek (28 r.\u015bm.) Murawscy\n\n<strong>PI\u0104TEK \/ 11 czerwca 2021r. \/ Naj\u015bwi\u0119tszego Serca Pana Jezusa<\/strong>\n8.00 \u2020 Stanis\u0142aw D\u0105browski (11 greg.)\n18.00 \u2020 J\u00f3zef (40 r.\u015bm.) i Stefania Janiak i zm. rodzice i rodze\u0144stwo z obojga stron\n18.00 Rez.\n\n<strong>SOBOTA \/ 12 czerwca 2021r. \/ Niepokalanego Serca NMP<\/strong>\n8.00 \u2020 Stanis\u0142aw D\u0105browski (12 greg.)\n8.00 \u2020 Jan Jarzynka w 30 dpp.\n18.00 O wiar\u0119, nadziej\u0119 i mi\u0142o\u015b\u0107 dla Zbigniewa Jackiewicza, \u017cony Wiesi, dzieci i wnuk\u00f3w\n\n<strong>XI Niedziela Zwyk\u0142a \/ 13 czerwca 2021 r.<\/strong>\n7.00 \u2020 Lucjan Lasek w dniu ziemskich imienin i zm. z rodz. Lask\u00f3w i Ba\u0142dyg\u00f3w\n9.00 Rez.\n9.00 \u2020 Sylwia Kowalewska\n10.30 \u2020 rodzice: Jadwiga i Aleksander Urbanowscy, Antoni i Stafania Szwarc, ojczym J\u00f3zef Urbanowskiego\n12.00 W intencji Parafian\n18.00 \u2020 Stanis\u0142aw D\u0105browski (13 greg.)\n\n<!-- \/wp:post-content -->","protected":false},"excerpt":{"rendered":"<p>DWA SERCA Czerwiec to miesi\u0105c po\u015bwi\u0119cony szczeg\u00f3lnej czci Naj\u015bwi\u0119tszego Serca Pana Jezusa. W czasie, gdy w naszych ko\u015bcio\u0142ach ka\u017cdego dnia odprawiane jest nabo\u017ce\u0144stwo czerwcowe z Litani\u0105 do Naj\u015bwi\u0119tszego Serca Jezusa, zastan\u00f3wmy si\u0119, dlaczego w naszych czasach tak wa\u017cne jest zawierzenie Sercu Bo\u017cemu? Dlaczego teraz Bo\u017ce Mi\u0142osierdzie tak pragnie kultu Serca Zbawiciela? Naj\u015bwi\u0119tsze Serce Pana Jezusa [&hellip;]<\/p>\n","protected":false},"author":1,"featured_media":4344,"comment_status":"closed","ping_status":"closed","sticky":false,"template":"","format":"standard","meta":{"ngg_post_thumbnail":0,"footnotes":""},"categories":[11,8,4,3,1],"tags":[],"class_list":["post-4342","post","type-post","status-publish","format-standard","has-post-thumbnail","hentry","category-aktualnosci","category-blog","category-intencje","category-ogloszenia","category-uncategorized"],"_links":{"self":[{"href":"https:\/\/rafalk-elblag.pl\/index.php?rest_route=\/wp\/v2\/posts\/4342","targetHints":{"allow":["GET"]}}],"collection":[{"href":"https:\/\/rafalk-elblag.pl\/index.php?rest_route=\/wp\/v2\/posts"}],"about":[{"href":"https:\/\/rafalk-elblag.pl\/index.php?rest_route=\/wp\/v2\/types\/post"}],"author":[{"embeddable":true,"href":"https:\/\/rafalk-elblag.pl\/index.php?rest_route=\/wp\/v2\/users\/1"}],"replies":[{"embeddable":true,"href":"https:\/\/rafalk-elblag.pl\/index.php?rest_route=%2Fwp%2Fv2%2Fcomments&post=4342"}],"version-history":[{"count":2,"href":"https:\/\/rafalk-elblag.pl\/index.php?rest_route=\/wp\/v2\/posts\/4342\/revisions"}],"predecessor-version":[{"id":4347,"href":"https:\/\/rafalk-elblag.pl\/index.php?rest_route=\/wp\/v2\/posts\/4342\/revisions\/4347"}],"wp:featuredmedia":[{"embeddable":true,"href":"https:\/\/rafalk-elblag.pl\/index.php?rest_route=\/wp\/v2\/media\/4344"}],"wp:attachment":[{"href":"https:\/\/rafalk-elblag.pl\/index.php?rest_route=%2Fwp%2Fv2%2Fmedia&parent=4342"}],"wp:term":[{"taxonomy":"category","embeddable":true,"href":"https:\/\/rafalk-elblag.pl\/index.php?rest_route=%2Fwp%2Fv2%2Fcategories&post=4342"},{"taxonomy":"post_tag","embeddable":true,"href":"https:\/\/rafalk-elblag.pl\/index.php?rest_route=%2Fwp%2Fv2%2Ftags&post=4342"}],"curies":[{"name":"wp","href":"https:\/\/api.w.org\/{rel}","templated":true}]}}