{"id":4335,"date":"2021-05-30T09:08:03","date_gmt":"2021-05-30T09:08:03","guid":{"rendered":"http:\/\/rafalk-elblag.pl\/?p=4335"},"modified":"2021-06-14T19:56:42","modified_gmt":"2021-06-14T19:56:42","slug":"biuletyn-30-05-2021-niedziela-zeslania-ducha-swietego","status":"publish","type":"post","link":"https:\/\/rafalk-elblag.pl\/?p=4335","title":{"rendered":"Biuletyn 30.05.2021, Niedziela Naj\u015bwi\u0119tszej Tr\u00f3jcy"},"content":{"rendered":"<img decoding=\"async\" src=\"http:\/\/rafalk-elblag.pl\/wp-content\/uploads\/2021\/05\/baner-300521.jpg\">\n<h1>B\u00d3G W TRZECH OSOBACH<\/h1>\n<strong>Wiara w jednego Boga w trzech Osobach jest jednym z najbardziej specyficznych element\u00f3w chrze\u015bcija\u0144stwa. \u017badna inna religia tej tajemnicy nie podaje do wierzenia. Istnienie Tr\u00f3jcy \u015awi\u0119tej jest dogmatem naszej wiary. Samym ludzkim rozumem nie doszliby\u015bmy do tej prawdy. Objawi\u0142 nam to Jezus Chrystus. Jest wiele miejsc, na kt\u00f3rych Pan Jezus m\u00f3wi o swoim Ojcu jako odr\u0119bnej Osobie-Bogu. Mo\u017cna przytoczy\u0107 kilkadziesi\u0105t miejsc w Ewangeliach, gdzie jest mowa o Duchu \u015awi\u0119tym jako r\u00f3wnym Ojcu i Synowi i jako o odr\u0119bnej od nich Osobie.<\/strong>\n\nPrawda o tajemnicy Tr\u00f3jcy Przenaj\u015bwi\u0119tszej jest dla nas o tyle istotna, \u017ce przedstawia Pana Boga, jakim jest sam w sobie. Pan B\u00f3g jest jeden w swojej naturze, ale w trzech osobach. Osoby Boskie r\u00f3\u017cni\u0105 si\u0119 mi\u0119dzy sob\u0105 rzeczywi\u015bcie tak, \u017ce jedna osoba nie jest osob\u0105 drug\u0105. Nie r\u00f3\u017cni\u0105 si\u0119 jednak natur\u0105 ani te\u017c przymiotami, ani te\u017c dzia\u0142aniem, kt\u00f3re jest wsp\u00f3lne. Maj\u0105 wsp\u00f3ln\u0105 natur\u0119 Bo\u017c\u0105, wszystkie przymioty i dzia\u0142ania Bo\u017ce. Osoby r\u00f3\u017cni\u0105 si\u0119 mi\u0119dzy sob\u0105 jedynie pochodzeniem: B\u00f3g Ojciec nie pochodzi od nikogo, Syn Bo\u017cy pochodzi przez odwieczne i duchowe zrodzenie od Ojca, Duch \u015awi\u0119ty pochodzi przez wsp\u00f3lne tchnienie mi\u0142o\u015bci Ojca i Syna. Pierwsz\u0105 osob\u0119 wyr\u00f3\u017cnia ojcostwo, drug\u0105 osob\u0119 &#8211; synostwo, a trzeci\u0105 &#8211; pochodzenie od Ojca i Syna. Tyle zdo\u0142a\u0142a okre\u015bli\u0107 teologia katolicka na podstawie tekst\u00f3w Pisma \u015bwi\u0119tego i pism Ojc\u00f3w Ko\u015bcio\u0142a.\n\nPrawda o tajemnicy Tr\u00f3jcy Przenaj\u015bwi\u0119tszej jest dla nas o tyle istotna, \u017ce przedstawia Pana Boga, jakim jest sam w sobie. Pan B\u00f3g jest jeden w swojej naturze, ale w trzech osobach. Osoby Boskie r\u00f3\u017cni\u0105 si\u0119 mi\u0119dzy sob\u0105 rzeczywi\u015bcie tak, \u017ce jedna osoba nie jest osob\u0105 drug\u0105. Nie r\u00f3\u017cni\u0105 si\u0119 jednak natur\u0105 ani te\u017c przymiotami, ani te\u017c dzia\u0142aniem, kt\u00f3re jest wsp\u00f3lne. Maj\u0105 wsp\u00f3ln\u0105 natur\u0119 Bo\u017c\u0105, wszystkie przymioty i dzia\u0142ania Bo\u017ce.\n\n<a href=\"http:\/\/rafalk-elblag.pl\/wp-content\/uploads\/2021\/05\/trojca.png\"><img loading=\"lazy\" decoding=\"async\" class=\"alignleft size-full wp-image-4338\" src=\"http:\/\/rafalk-elblag.pl\/wp-content\/uploads\/2021\/05\/trojca.png\" alt=\"\" width=\"420\" height=\"315\" srcset=\"https:\/\/rafalk-elblag.pl\/wp-content\/uploads\/2021\/05\/trojca.png 420w, https:\/\/rafalk-elblag.pl\/wp-content\/uploads\/2021\/05\/trojca-300x225.png 300w\" sizes=\"auto, (max-width: 420px) 100vw, 420px\" \/><\/a>Osoby r\u00f3\u017cni\u0105 si\u0119 mi\u0119dzy sob\u0105 jedynie pochodzeniem: B\u00f3g Ojciec nie pochodzi od nikogo, Syn Bo\u017cy pochodzi przez odwieczne i duchowe zrodzenie od Ojca, Duch \u015awi\u0119ty pochodzi przez wsp\u00f3lne tchnienie mi\u0142o\u015bci Ojca i Syna. Pierwsz\u0105 osob\u0119 wyr\u00f3\u017cnia ojcostwo, drug\u0105 osob\u0119 &#8211; synostwo, a trzeci\u0105 &#8211; pochodzenie od Ojca i Syna. Tyle zdo\u0142a\u0142a okre\u015bli\u0107 teologia katolicka na podstawie tekst\u00f3w Pisma \u015bwi\u0119tego i pism Ojc\u00f3w Ko\u015bcio\u0142a.\n\nZ symbolik\u0105 Tr\u00f3jcy po raz pierwszy spotykamy si\u0119 w sztuce chrze\u015bcija\u0144skiej ju\u017c w wieku IV. Na sarkofagu, kt\u00f3ry mo\u017cna ogl\u0105da\u0107 w Muzeum Latera\u0144skim, Tr\u00f3jca Naj\u015bwi\u0119tsza jest przedstawiona w postaci trzech os\u00f3b ludzkich. W bazylice \u015bw. Paw\u0142a w Rzymie z V wieku spotykamy inny symbol: Boga Ojca jako osob\u0119 ludzk\u0105, Syna Bo\u017cego w postaci baranka i Ducha \u015awi\u0119tego w postaci go\u0142\u0105bka. Symbolem p\u00f3\u017aniejszym jest tr\u00f3jk\u0105t, kt\u00f3ry cz\u0119sto otaczano s\u0142o\u0144cem na wyra\u017cenie natury Boskiej. Bardzo dawnym symbolem Tr\u00f3jcy Przenaj\u015bwi\u0119tszej by\u0142 triangu\u0142, kt\u00f3ry diakon zapala\u0142 w Wielk\u0105 Sobot\u0119 w obrz\u0119dzie po\u015bwi\u0119cenia \u015bwiat\u0142a.\n\nS\u0105 to umieszczone na jednym dr\u0105\u017cku trzy \u015bwiece na trzech rozga\u0142\u0119zieniach. R\u00f3wnie\u017c staro\u017cytnym symbolem jest litera Y, kt\u00f3r\u0105 tworz\u0105 trzy r\u00f3wne ramiona. Symbolem bardziej skomplikowanym, ale bardziej wymownym s\u0105 trzy ko\u0142a w tr\u00f3jk\u0105cie, tak umieszczone, \u017ce wzajemnie si\u0119 wype\u0142niaj\u0105. Od wieku XII bardzo rozpowszechni\u0142 si\u0119 symbol: Boga Ojca w postaci starca, siedz\u0105cego na tronie, Syna Bo\u017cego, rozpi\u0119tego na krzy\u017cu, kt\u00f3ry jest oparty o kolana Boga Ojca i Ducha \u015awi\u0119tego w postaci go\u0142\u0119bicy.\n&nbsp;\n\n&nbsp;\n<img decoding=\"async\" src=\"http:\/\/rafalk-elblag.pl\/wp-content\/uploads\/2020\/04\/baner-ogloszenia-parafialne.jpg\">\n<h1>Og\u0142oszenia parafialne 30.05.2021r<\/h1>\n<strong>1.<\/strong> Wolontariusze Caritas zbieraj\u0105 dzi\u015b ofiary przed ko\u015bcio\u0142em dla najubo\u017cszych i potrzebuj\u0105cych z naszej parafii. Za okazan\u0105 pomoc dzi\u0119kujemy. Punkt Caritasu Parafialnego przy ul. Myliusa 1A czynny jest w czwartki od 16:00 do 17:00.\n\n<strong>2.<\/strong> Przed nami ostatnie dni maja &#8211; zapraszamy jeszcze dzi\u015b i jutro na nabo\u017ce\u0144stwo ku czci Naj\u015bwi\u0119tszej Maryi Panny, tzw. \u201eMAJOWE\u201d: o godz. 17:30.\n\n<strong>3.<\/strong> Przez ca\u0142y czerwiec b\u0119dzie odprawiane Nabo\u017ce\u0144stwo Eucharystyczne ku czci Naj\u015bwi\u0119tszego Serca Pana Jezusa. Do udzia\u0142u w nich zapraszamy doros\u0142ych i m\u0142odzie\u017c codziennie o godz. 17:30.\n\n<strong>4.<\/strong> We wtorek 1 czerwca tj. w DZIE\u0143 DZIECKA dzieci b\u0119d\u0105 mia\u0142y swoje nabo\u017ce\u0144stwo o godz. 16:30. Zako\u0144czymy je indywidualnym b\u0142ogos\u0142awie\u0144stwem oraz niespodziank\u0105. Gor\u0105co zapraszamy dzieci i rodzic\u00f3w.\n\n<strong>5.<\/strong> W czwartek (3 czerwca) przypada UROCZYSTO\u015a\u0106 NAJ\u015aWI\u0118TSZEGO CIA\u0141A\nI KRWI CHRYSTUSA tj. BO\u017bEGO CIA\u0141A. Msze \u015bw. odprawione b\u0119d\u0105 o godz. 7:00, 9:00, 10:30, 12:00 i 18:00. W tym roku z powodu pandemii nie wyruszy procesja do czterech o\u0142tarzy. Mimo to zach\u0119camy parafian do przyozdobienia okien swoich mieszka\u0144. PROCESJA EUCHARYSTYCZNA B\u0118DZIE PO MSZY \u015aW. O GODZ. 10:30 i 12:00 oraz o godz. 17:30 po\u0142\u0105czona z nabo\u017ce\u0144stwem czerwcowym.\n\n<strong>6.<\/strong> W Oktawie Bo\u017cego Cia\u0142a zapraszamy wiernych do udzia\u0142u nabo\u017ce\u0144stwie czerwcowym po\u0142\u0105czonym z PROCESJ\u0104 EUCHARYSTYCZN\u0104 o godz. 17:30 i we Mszy \u015bw. Zapraszamy dzieci do sypania kwiat\u00f3w, a doros\u0142ych do przygotowania procesji. Udzia\u0142 w procesji jest wyrazem wiary w obecno\u015b\u0107 Jezusa Chrystusa w Naj\u015bwi\u0119tszym Sakramencie.\n\n<strong>7.<\/strong> W tym tygodniu przypada pierwszy czwartek, pi\u0105tek i sobota miesi\u0105ca.\n<ul>\n \t<li>w pierwszy czwartek b\u0119dziemy modli\u0107 si\u0119 o \u015bwi\u0119to\u015b\u0107 dla kap\u0142an\u00f3w oraz o liczne i \u015bwi\u0119te powo\u0142ania kap\u0142a\u0144skie, zakonne i misyjne z naszej parafii. Zapraszamy od godz. 17:00 na ,,Godzin\u0119 \u015awi\u0119t\u0105\u201d czyli Adoracj\u0119 przed Naj\u015bwi\u0119tszym Sakramentem a po Niej na Msz\u0119 \u015bwi\u0119t\u0105 za kap\u0142an\u00f3w tutaj pos\u0142uguj\u0105cych.<\/li>\n \t<li>w pierwszy pi\u0105tek spowied\u017a dla wszystkich od 17:30 i Msza \u015awi\u0119t\u0105 Wotywna o NSPJ o godz.18:00. UWAGA!!! Kap\u0142ani udadz\u0105 si\u0119 do swoich chorych od godz. 9:30.<\/li>\n \t<li>w pierwsz\u0105 sobot\u0119 przed Msz\u0105 \u015bw. o godz. 17:00 nabo\u017ce\u0144stwo wynagradzaj\u0105ce Niepokalanemu Sercu Maryi za zniewagi grzesznik\u00f3w. Tego dnia zmiana tajemnic.<\/li>\n<\/ul>\n<strong>8.<\/strong> <strong>W niedziel\u0119 20 czerwca br. odb\u0119dzie si\u0119 WIZYTACJA KANONICZNA naszej parafii (odbywa si\u0119 co 5 lat). Przeprowadzi j\u0105 BISKUP POMOCNICZY ks. dr Wojciech Skibicki.<\/strong> Na ka\u017cdej Mszy \u015bw. ks. Biskup skieruje do nas s\u0142owo. Zach\u0119camy do modlitwy za naszego Pasterza i zapraszamy na spotkanie z Nim. W tym dniu m\u0142odzie\u017c naszej parafii na Mszy \u015bw. o godz. 18:00 przyjmie SAKRAMENT BIERZMOWANIA. Zwracamy si\u0119 z gor\u0105c\u0105 pro\u015bb\u0105 do rodzic\u00f3w o zainteresowanie i wsp\u00f3lne przygotowanie si\u0119 z dzie\u0107mi do tak wa\u017cnego wydarzenia w ich \u017cyciu jakim jest sakrament dojrza\u0142o\u015bci chrze\u015bcija\u0144skiej.\n\n<strong>9.<\/strong> <strong>RUCH SWIAT\u0141O \u2013 \u017bYCIE<\/strong> diecezji elbl\u0105skiej zaprasza na OAZ\u0118 WAKACYJN\u0104. Terminy rekolekcji, koszt i gdzie znajdziemy na plakacie wywieszonym w gablocie. Zg\u0142oszenia pod adresem e-mail: elblag.oaza2017@gmail.com pod telefonem: 781 788 084 przez formularz na <a href=\"http:\/\/www.elblag.oaza.pl\/\"><strong>http:\/\/www.elblag.oaza.pl\/<\/strong><\/a>\n\n<strong>10.<\/strong> Parafia \u015bw. Brata Alberta w Elbl\u0105gu zaprasza na XIII Forum Rodziny, kt\u00f3re odb\u0119dzie si\u0119 w dniach od 7 do 9 czerwca, pod has\u0142em: \u201eMijaj\u0105 lata, zostaj\u0105 relacje\u201d Ka\u017cdego dnia o godz. 18:00 Eucharystia z homili\u0105 a po niej konferencja ks. Piotra Kieniewicza MIC \u2013 profesora KUL-u. Dok\u0142adne informacje na plakatach oraz na stronie internetowej parafii.\n\n<strong>11.<\/strong> Za tydzie\u0144 pierwsza niedziela miesi\u0105ca ofiary zbierane na tac\u0119 przeznaczone s\u0105 na inwestycje w naszej parafii. B\u00f3g zap\u0142a\u0107 za zrozumienie i sk\u0142adane ofiary.\n\n<strong>12.<\/strong> Pan powo\u0142a\u0142 do wieczno\u015bci:\n<strong>\n\u2020 \u015bp. Tadeusza Gutowskiego<\/strong> lat 81 z ul. Brzechwy\n<strong>\u2020 \u015bp. Wand\u0119 Czymbor<\/strong> lat 84 z ul. Leszczy\u0144skiego\n\nWieczny odpoczynek racz im da\u0107 Panie! A \u015bwiat\u0142o\u015b\u0107 wiekuista niechaj im \u015bwieci.\n\n&nbsp;\n\n<img decoding=\"async\" src=\"http:\/\/rafalk-elblag.pl\/wp-content\/uploads\/2020\/04\/baner-intencje-mszy.jpg\">\n<h1>Intencje mszalne 30.05.2021r<\/h1>\n<strong>PONIEDZIA\u0141EK \/ 31 maja 2021r. \/ Nawiedzenie NMP<\/strong>\n8.00 O Bo\u017ce b\u0142og., i zdrowie dla Mateusza, Rados\u0142awa, Zuzi i Zofii\n18.00 \u2020 Halina Bugajska w 1 r. \u015bm. i zm. rodzice: Maria i Tadeusz Bugajscy\n18.00 \u2020 Stanis\u0142aw Kachnowicz w 28 r.\u015bm. i zm. z rodz. Bajson, Jasi\u0144skich i Kachnowicz\n\n<strong>WTOREK \/ 1 czerwca 2021r. \/ \u015bw. Justyna<\/strong>\n8.00 \u2020 Stanis\u0142aw D\u0105browski (1 greg.)\n18.00 \u2020 Genowefa Rze\u017anikiewicz w 3 r. \u015bm.\n18.00 \u2020 Czes\u0142awa (k) i Krystian W\u0105sowscy\n\n<strong>\u015aRODA \/ 2 czerwca 2021r. \/ \u015bw. Piotra i Marcelina<\/strong>\n8.00 \u2020 M\u0105\u017c \u2013 Adam Zieli\u0144ski i wszyscy zm. z jego rodziny\n18.00 \u2020 Stanis\u0142aw D\u0105browski (2 greg.)\n18.00 Dzi\u0119k. w 1 rocz. \u015bwi\u0119ce\u0144 kap\u0142a\u0144skich ks. Micha\u0142a Semeniuka z pro\u015bb\u0105 o Bo\u017ce b\u0142og., opiek\u0119 MB Szkaplerznej i dary Ducha \u015aw. \u2013 int. od Margaretki\n\n<strong>CZWARTEK \/ 3 czerwca 2021r. \/ Naj\u015bwi\u0119tszego Cia\u0142a i Krwi Chrystusa<\/strong>\n7.00 \u2020 Emilia i Wac\u0142aw Czeszejko-Sochaccy\n9.00 \u2020 Krystyna w 3 r.\u015bm., J\u00f3zef i Teresa Barto\u015b, Helena Cyrek i zm. dziadkowie z obojga stron\n10.30 W intencji Parafian\n12.00 \u2020 Stanis\u0142aw D\u0105browski (3 greg.)\n18.00 \u2020 Wanda Marchlewicz w 1 r.\u015bm. oraz Edmund Marchlewicz\n\n<strong>PI\u0104TEK \/ 4 czerwca 2021r.<\/strong>\n8.00 \u2020 Stanis\u0142aw D\u0105browski (4 greg.)\n8.00 Dzi\u0119k. za rok \u017cycia Paw\u0142a z pro\u015bb\u0105 o Bo\u017ce b\u0142og. i opiek\u0119 MB\n18.00 O Bo\u017ce b\u0142og. dla wsp\u00f3lnoty \u201ePrzemienienie\u201d\n18.00 W int. czcicieli NSPJ\n\n<strong>SOBOTA \/ 5 czerwca 2021r. \/ \u015bw. Bonifacego<\/strong>\n8.00 \u2020 Stanis\u0142aw D\u0105browski (5 greg.)\n18.00 O pok\u00f3j na \u015bwiecie oraz umocnienie wiary, m\u0105dro\u015b\u0107 i odpowiedzialno\u015b\u0107 dla narodu Polskiego \u2013 int. od I R\u00f3\u017cy Matki Pokoju\n\n<strong>X Niedziela Zwyk\u0142a \/ 6 czerwca 2021 r.<\/strong>\n7.00 Dziek. w 50 rocz. \u015blubu Janiny i Mariusza Widomskich z pro\u015bb\u0105 o Bo\u017ce b\u0142og. dla z\u0142otych Jubilat\u00f3w\n9.00 O do\u015bwiadczenie Bo\u017cej mi\u0142o\u015bci dla Karoliny i Sebastiana\n9.00 \u2020 Wojciech Juchnowicz (5 r.\u015bm.) Czes\u0142aw Juchnowicz i Jadwiga Rejnik\n10.30 \u2020 Jan Witkowski, zm. rodzice z obojga stron oraz Barbara i J\u00f3zef\n12.00 W intencji Parafian \/ ofiarodawc\u00f3w naszej \u015bwi\u0105tyni\n18.00 \u2020 Stanis\u0142aw D\u0105browski (6 greg.)\n\n<!-- \/wp:post-content -->","protected":false},"excerpt":{"rendered":"<p>B\u00d3G W TRZECH OSOBACH Wiara w jednego Boga w trzech Osobach jest jednym z najbardziej specyficznych element\u00f3w chrze\u015bcija\u0144stwa. \u017badna inna religia tej tajemnicy nie podaje do wierzenia. Istnienie Tr\u00f3jcy \u015awi\u0119tej jest dogmatem naszej wiary. Samym ludzkim rozumem nie doszliby\u015bmy do tej prawdy. Objawi\u0142 nam to Jezus Chrystus. Jest wiele miejsc, na kt\u00f3rych Pan Jezus m\u00f3wi [&hellip;]<\/p>\n","protected":false},"author":1,"featured_media":4337,"comment_status":"closed","ping_status":"closed","sticky":false,"template":"","format":"standard","meta":{"ngg_post_thumbnail":0,"footnotes":""},"categories":[11,8,4,3],"tags":[],"class_list":["post-4335","post","type-post","status-publish","format-standard","has-post-thumbnail","hentry","category-aktualnosci","category-blog","category-intencje","category-ogloszenia"],"_links":{"self":[{"href":"https:\/\/rafalk-elblag.pl\/index.php?rest_route=\/wp\/v2\/posts\/4335","targetHints":{"allow":["GET"]}}],"collection":[{"href":"https:\/\/rafalk-elblag.pl\/index.php?rest_route=\/wp\/v2\/posts"}],"about":[{"href":"https:\/\/rafalk-elblag.pl\/index.php?rest_route=\/wp\/v2\/types\/post"}],"author":[{"embeddable":true,"href":"https:\/\/rafalk-elblag.pl\/index.php?rest_route=\/wp\/v2\/users\/1"}],"replies":[{"embeddable":true,"href":"https:\/\/rafalk-elblag.pl\/index.php?rest_route=%2Fwp%2Fv2%2Fcomments&post=4335"}],"version-history":[{"count":3,"href":"https:\/\/rafalk-elblag.pl\/index.php?rest_route=\/wp\/v2\/posts\/4335\/revisions"}],"predecessor-version":[{"id":4348,"href":"https:\/\/rafalk-elblag.pl\/index.php?rest_route=\/wp\/v2\/posts\/4335\/revisions\/4348"}],"wp:featuredmedia":[{"embeddable":true,"href":"https:\/\/rafalk-elblag.pl\/index.php?rest_route=\/wp\/v2\/media\/4337"}],"wp:attachment":[{"href":"https:\/\/rafalk-elblag.pl\/index.php?rest_route=%2Fwp%2Fv2%2Fmedia&parent=4335"}],"wp:term":[{"taxonomy":"category","embeddable":true,"href":"https:\/\/rafalk-elblag.pl\/index.php?rest_route=%2Fwp%2Fv2%2Fcategories&post=4335"},{"taxonomy":"post_tag","embeddable":true,"href":"https:\/\/rafalk-elblag.pl\/index.php?rest_route=%2Fwp%2Fv2%2Ftags&post=4335"}],"curies":[{"name":"wp","href":"https:\/\/api.w.org\/{rel}","templated":true}]}}